{"id":171097,"date":"2022-07-09T20:22:36","date_gmt":"2022-07-09T23:22:36","guid":{"rendered":"https:\/\/experienciadevida.com.ar\/portalurbano\/?p=171097"},"modified":"2022-07-09T20:39:21","modified_gmt":"2022-07-09T23:39:21","slug":"nuestra-tarea-no-puede-desarrollarse-en-soledad","status":"publish","type":"post","link":"https:\/\/experienciadevida.com.ar\/portalurbano\/nuestra-tarea-no-puede-desarrollarse-en-soledad\/","title":{"rendered":"\u201cNuestra tarea no puede desarrollarse en soledad\u201d"},"content":{"rendered":"<p>\u201cNuestra tarea no puede desarrollarse en soledad\u201d, d\u00edas atr\u00e1s la Direcci\u00f3n de Pol\u00edticas de G\u00e9nero present\u00f3 el informe semestral de gesti\u00f3n al Honorable Concejo Deliberante.<\/p>\n<p>La dependencia, a cargo de la Lic. Mar\u00eda Florencia Caro, consta de diversas \u00e1reas de acci\u00f3n tendientes tanto al acompa\u00f1amiento integral de las mujeres y disidencias en situaci\u00f3n de violencia, como a la capacitaci\u00f3n, sensibilizaci\u00f3n y promoci\u00f3n mediante diferentes estrategias con enfoque de g\u00e9nero, diversidad y derechos humanos: \u201ctomando en consideraci\u00f3n el contexto y la historia de los grupos sociales sistem\u00e1ticamente vulnerados bajo el ordenamiento social del patriarcado, esta tarea la desarrollamos de manera transversal e interseccional\u201d, sostuvo la Directora del \u00e1rea.<\/p>\n<p>La gesti\u00f3n \u201ctiene como principios la articulaci\u00f3n y comunicaci\u00f3n permanente con las organizaciones de la sociedad civil, en especial con organizaciones feministas, que desarrollan diariamente un enorme trabajo territorial junto a las mujeres que atraviesan en sus trayectorias de vida situaciones de vulneraci\u00f3n de sus derechos por motivos de g\u00e9nero; y el abordaje interdisciplinario de todas las violencias por motivos de g\u00e9nero y no solamente de aquellas que se dan en el \u00e1mbito de la pareja\u201d, sostuvo Caro.<\/p>\n<p>La ampliaci\u00f3n de este enfoque implica, adem\u00e1s, el desaf\u00edo de fortalecer la interacci\u00f3n con otras dependencias, para realizar un trabajo en corresponsabilidad y construir en red con aquellos \u00e1mbitos que -desde sus propias especificidades- deben comprometer sus aportes para mejorar la calidad de vida de las personas que asisten al \u00e1rea.<\/p>\n<p>\u201cEl informe del semestre indica las l\u00edneas de acci\u00f3n que han tenido continuidad y las que hemos incorporado en nuestras \u00e1reas de trabajo. Hemos hecho especial hincapi\u00e9 en abordaje, servicio de guardia, territorio, diversidad, masculinidades y Ley Micaela\u201d, indic\u00f3 Florencia Caro.<\/p>\n<p>La Direcci\u00f3n de Pol\u00edticas de G\u00e9nero lleva adelante una tarea diaria partiendo de una firme convicci\u00f3n en relaci\u00f3n a las responsabilidades y obligaciones que tiene el Estado para con la ciudadan\u00eda y, en especial, con las mujeres y otras identidades sexo \u2013 gen\u00e9ricas, hist\u00f3ricamente vulneradas por un entramado social, cultural, econ\u00f3mico, institucional y pol\u00edtico.<\/p>\n<p>Caro analiz\u00f3 que \u201cdesarrollamos nuestra labor planificando estrategias colectivas, con la mirada puesta en las pol\u00edticas p\u00fablicas en un marco de pr\u00e1cticas situadas, con particularidades que deben ser consideradas atendiendo a las diferentes trayectorias de vida que han transitado las personas que requieren de nuestro acompa\u00f1amiento; con el inquebrantable compromiso para garantizar el acceso igualitario a una ciudadan\u00eda real y al cumplimiento efectivo de los derechos humanos de las mujeres y diversidades\u201d.<\/p>\n<p>En este sentido destac\u00f3 que \u201centendemos que nuestra tarea no puede desarrollarse en soledad, sino que requiere de una articulaci\u00f3n constante con otras \u00e1reas de los diferentes niveles del Estado, as\u00ed como con las organizaciones sociales, para tender l\u00edneas de acci\u00f3n sostenibles, desde la amorosidad y el compromiso permanente\u201d.<\/p>\n<p>\u201cNuestro equipo de profesionales tiene alta formaci\u00f3n en la materia adem\u00e1s de un compromiso militante enmarcado en los feminismos, que nos compromete a diagramar cada acci\u00f3n sin perder de vista la interseccionalidad, la integralidad de los abordajes, el enfoque de derechos y la perspectiva de diversidad, as\u00ed como el constante desaf\u00edo de buscar soluciones creativas a una problem\u00e1tica que nos atraviesa desde hace siglos en todas las capas sociales. Nuestro horizonte es claro: generar las condiciones para una vida libre de violencias y de pr\u00e1cticas discriminatorias basadas en la identidad sexual y de g\u00e9nero\u201d, concluy\u00f3.<\/p>\n<p>&nbsp;<\/p>\n","protected":false},"excerpt":{"rendered":"<p>\u201cNuestra tarea no puede desarrollarse en soledad\u201d, d\u00edas atr\u00e1s la Direcci\u00f3n de Pol\u00edticas de G\u00e9nero&#8230;<\/p>\n","protected":false},"author":1,"featured_media":171101,"comment_status":"closed","ping_status":"closed","sticky":false,"template":"","format":"standard","meta":{"content-type":""},"categories":[27,64],"tags":[],"nelio_content":{"isAutoShareEnabled":false,"autoShareEndMode":"default","automationSources":{"useContentSentences":true,"useSocialTemplates":true,"useCustomSentences":false,"customSentences":[]},"followers":[1],"suggestedReferences":[],"includedReferences":[],"efiUrl":"","efiAlt":"","highlights":[]},"yoast_head":"<!-- This site is optimized with the Yoast SEO plugin v20.7 - https:\/\/yoast.com\/wordpress\/plugins\/seo\/ -->\n<title>&quot;Nuestra tarea no puede desarrollarse en soledad&quot;<\/title>\n<meta name=\"description\" content=\"\u201cNuestra tarea no puede desarrollarse en soledad\u201d, d\u00edas atr\u00e1s la Direcci\u00f3n de Pol\u00edticas de G\u00e9nero present\u00f3 el informe semestral de gesti\u00f3n\" \/>\n<meta name=\"robots\" content=\"index, follow, max-snippet:-1, max-image-preview:large, max-video-preview:-1\" \/>\n<link rel=\"canonical\" href=\"https:\/\/experienciadevida.com.ar\/portalurbano\/nuestra-tarea-no-puede-desarrollarse-en-soledad\/\" \/>\n<meta property=\"og:locale\" content=\"es_ES\" \/>\n<meta property=\"og:type\" content=\"article\" \/>\n<meta property=\"og:title\" content=\"&quot;Nuestra tarea no puede desarrollarse en soledad&quot;\" \/>\n<meta property=\"og:description\" content=\"\u201cNuestra tarea no puede desarrollarse en soledad\u201d, d\u00edas atr\u00e1s la Direcci\u00f3n de Pol\u00edticas de G\u00e9nero present\u00f3 el informe semestral de gesti\u00f3n\" \/>\n<meta property=\"og:url\" content=\"https:\/\/experienciadevida.com.ar\/portalurbano\/nuestra-tarea-no-puede-desarrollarse-en-soledad\/\" \/>\n<meta property=\"article:publisher\" content=\"https:\/\/www.facebook.com\/Portal-Urbano-171542830093757\/\" \/>\n<meta property=\"article:published_time\" content=\"2022-07-09T23:22:36+00:00\" \/>\n<meta property=\"article:modified_time\" content=\"2022-07-09T23:39:21+00:00\" \/>\n<meta property=\"og:image\" content=\"https:\/\/experienciadevida.com.ar\/portalurbano\/wp-content\/uploads\/2022\/07\/Nuestra-tarea-no-puede.jpg\" \/>\n\t<meta property=\"og:image:width\" content=\"1024\" \/>\n\t<meta property=\"og:image:height\" content=\"1024\" \/>\n\t<meta property=\"og:image:type\" content=\"image\/jpeg\" \/>\n<meta name=\"author\" content=\"admpu17wp\" \/>\n<meta name=\"twitter:card\" content=\"summary_large_image\" \/>\n<meta name=\"twitter:creator\" content=\"@portalurbanook\" \/>\n<meta name=\"twitter:site\" content=\"@portalurbanook\" \/>\n<meta name=\"twitter:label1\" content=\"Escrito por\" \/>\n\t<meta name=\"twitter:data1\" content=\"admpu17wp\" \/>\n\t<meta name=\"twitter:label2\" content=\"Tiempo de lectura\" \/>\n\t<meta name=\"twitter:data2\" content=\"3 minutos\" \/>\n<script type=\"application\/ld+json\" class=\"yoast-schema-graph\">{\"@context\":\"https:\/\/schema.org\",\"@graph\":[{\"@type\":\"Article\",\"@id\":\"https:\/\/experienciadevida.com.ar\/portalurbano\/nuestra-tarea-no-puede-desarrollarse-en-soledad\/#article\",\"isPartOf\":{\"@id\":\"https:\/\/experienciadevida.com.ar\/portalurbano\/nuestra-tarea-no-puede-desarrollarse-en-soledad\/\"},\"author\":{\"name\":\"admpu17wp\",\"@id\":\"https:\/\/experienciadevida.com.ar\/portalurbano\/#\/schema\/person\/02dd326b1c4b056e9cc972486934a3a7\"},\"headline\":\"\u201cNuestra tarea no puede desarrollarse en soledad\u201d\",\"datePublished\":\"2022-07-09T23:22:36+00:00\",\"dateModified\":\"2022-07-09T23:39:21+00:00\",\"mainEntityOfPage\":{\"@id\":\"https:\/\/experienciadevida.com.ar\/portalurbano\/nuestra-tarea-no-puede-desarrollarse-en-soledad\/\"},\"wordCount\":607,\"publisher\":{\"@id\":\"https:\/\/experienciadevida.com.ar\/portalurbano\/#organization\"},\"articleSection\":[\"Ciudad\",\"Destacadas 2\"],\"inLanguage\":\"es\"},{\"@type\":\"WebPage\",\"@id\":\"https:\/\/experienciadevida.com.ar\/portalurbano\/nuestra-tarea-no-puede-desarrollarse-en-soledad\/\",\"url\":\"https:\/\/experienciadevida.com.ar\/portalurbano\/nuestra-tarea-no-puede-desarrollarse-en-soledad\/\",\"name\":\"\\\"Nuestra tarea no puede desarrollarse en soledad\\\"\",\"isPartOf\":{\"@id\":\"https:\/\/experienciadevida.com.ar\/portalurbano\/#website\"},\"datePublished\":\"2022-07-09T23:22:36+00:00\",\"dateModified\":\"2022-07-09T23:39:21+00:00\",\"description\":\"\u201cNuestra tarea no puede desarrollarse en soledad\u201d, d\u00edas atr\u00e1s la Direcci\u00f3n de Pol\u00edticas de G\u00e9nero present\u00f3 el informe semestral de gesti\u00f3n\",\"breadcrumb\":{\"@id\":\"https:\/\/experienciadevida.com.ar\/portalurbano\/nuestra-tarea-no-puede-desarrollarse-en-soledad\/#breadcrumb\"},\"inLanguage\":\"es\",\"potentialAction\":[{\"@type\":\"ReadAction\",\"target\":[\"https:\/\/experienciadevida.com.ar\/portalurbano\/nuestra-tarea-no-puede-desarrollarse-en-soledad\/\"]}]},{\"@type\":\"BreadcrumbList\",\"@id\":\"https:\/\/experienciadevida.com.ar\/portalurbano\/nuestra-tarea-no-puede-desarrollarse-en-soledad\/#breadcrumb\",\"itemListElement\":[{\"@type\":\"ListItem\",\"position\":1,\"name\":\"Portada\",\"item\":\"https:\/\/experienciadevida.com.ar\/portalurbano\/\"},{\"@type\":\"ListItem\",\"position\":2,\"name\":\"\u201cNuestra tarea no puede desarrollarse en soledad\u201d\"}]},{\"@type\":\"WebSite\",\"@id\":\"https:\/\/experienciadevida.com.ar\/portalurbano\/#website\",\"url\":\"https:\/\/experienciadevida.com.ar\/portalurbano\/\",\"name\":\"\",\"description\":\"\",\"publisher\":{\"@id\":\"https:\/\/experienciadevida.com.ar\/portalurbano\/#organization\"},\"potentialAction\":[{\"@type\":\"SearchAction\",\"target\":{\"@type\":\"EntryPoint\",\"urlTemplate\":\"https:\/\/experienciadevida.com.ar\/portalurbano\/?s={search_term_string}\"},\"query-input\":\"required name=search_term_string\"}],\"inLanguage\":\"es\"},{\"@type\":\"Organization\",\"@id\":\"https:\/\/experienciadevida.com.ar\/portalurbano\/#organization\",\"name\":\"Portal Urbano\",\"url\":\"https:\/\/experienciadevida.com.ar\/portalurbano\/\",\"logo\":{\"@type\":\"ImageObject\",\"inLanguage\":\"es\",\"@id\":\"https:\/\/experienciadevida.com.ar\/portalurbano\/#\/schema\/logo\/image\/\",\"url\":\"https:\/\/experienciadevida.com.ar\/portalurbano\/wp-content\/uploads\/2019\/09\/Logo-Original.png\",\"contentUrl\":\"https:\/\/experienciadevida.com.ar\/portalurbano\/wp-content\/uploads\/2019\/09\/Logo-Original.png\",\"width\":2236,\"height\":1216,\"caption\":\"Portal Urbano\"},\"image\":{\"@id\":\"https:\/\/experienciadevida.com.ar\/portalurbano\/#\/schema\/logo\/image\/\"},\"sameAs\":[\"https:\/\/www.facebook.com\/Portal-Urbano-171542830093757\/\",\"https:\/\/twitter.com\/portalurbanook\",\"https:\/\/www.instagram.com\/_portalurbano\/\",\"https:\/\/www.youtube.com\/channel\/UCXhagIfszH8KxFiOok79zbA?view_as=subscriber\"]},{\"@type\":\"Person\",\"@id\":\"https:\/\/experienciadevida.com.ar\/portalurbano\/#\/schema\/person\/02dd326b1c4b056e9cc972486934a3a7\",\"name\":\"admpu17wp\",\"image\":{\"@type\":\"ImageObject\",\"inLanguage\":\"es\",\"@id\":\"https:\/\/experienciadevida.com.ar\/portalurbano\/#\/schema\/person\/image\/\",\"url\":\"https:\/\/secure.gravatar.com\/avatar\/830d4c57adaae6630765e449a6908047?s=96&d=mm&r=g\",\"contentUrl\":\"https:\/\/secure.gravatar.com\/avatar\/830d4c57adaae6630765e449a6908047?s=96&d=mm&r=g\",\"caption\":\"admpu17wp\"}}]}<\/script>\n<!-- \/ Yoast SEO plugin. -->","yoast_head_json":{"title":"\"Nuestra tarea no puede desarrollarse en soledad\"","description":"\u201cNuestra tarea no puede desarrollarse en soledad\u201d, d\u00edas atr\u00e1s la Direcci\u00f3n de Pol\u00edticas de G\u00e9nero present\u00f3 el informe semestral de gesti\u00f3n","robots":{"index":"index","follow":"follow","max-snippet":"max-snippet:-1","max-image-preview":"max-image-preview:large","max-video-preview":"max-video-preview:-1"},"canonical":"https:\/\/experienciadevida.com.ar\/portalurbano\/nuestra-tarea-no-puede-desarrollarse-en-soledad\/","og_locale":"es_ES","og_type":"article","og_title":"\"Nuestra tarea no puede desarrollarse en soledad\"","og_description":"\u201cNuestra tarea no puede desarrollarse en soledad\u201d, d\u00edas atr\u00e1s la Direcci\u00f3n de Pol\u00edticas de G\u00e9nero present\u00f3 el informe semestral de gesti\u00f3n","og_url":"https:\/\/experienciadevida.com.ar\/portalurbano\/nuestra-tarea-no-puede-desarrollarse-en-soledad\/","article_publisher":"https:\/\/www.facebook.com\/Portal-Urbano-171542830093757\/","article_published_time":"2022-07-09T23:22:36+00:00","article_modified_time":"2022-07-09T23:39:21+00:00","og_image":[{"width":1024,"height":1024,"url":"https:\/\/experienciadevida.com.ar\/portalurbano\/wp-content\/uploads\/2022\/07\/Nuestra-tarea-no-puede.jpg","type":"image\/jpeg"}],"author":"admpu17wp","twitter_card":"summary_large_image","twitter_creator":"@portalurbanook","twitter_site":"@portalurbanook","twitter_misc":{"Escrito por":"admpu17wp","Tiempo de lectura":"3 minutos"},"schema":{"@context":"https:\/\/schema.org","@graph":[{"@type":"Article","@id":"https:\/\/experienciadevida.com.ar\/portalurbano\/nuestra-tarea-no-puede-desarrollarse-en-soledad\/#article","isPartOf":{"@id":"https:\/\/experienciadevida.com.ar\/portalurbano\/nuestra-tarea-no-puede-desarrollarse-en-soledad\/"},"author":{"name":"admpu17wp","@id":"https:\/\/experienciadevida.com.ar\/portalurbano\/#\/schema\/person\/02dd326b1c4b056e9cc972486934a3a7"},"headline":"\u201cNuestra tarea no puede desarrollarse en soledad\u201d","datePublished":"2022-07-09T23:22:36+00:00","dateModified":"2022-07-09T23:39:21+00:00","mainEntityOfPage":{"@id":"https:\/\/experienciadevida.com.ar\/portalurbano\/nuestra-tarea-no-puede-desarrollarse-en-soledad\/"},"wordCount":607,"publisher":{"@id":"https:\/\/experienciadevida.com.ar\/portalurbano\/#organization"},"articleSection":["Ciudad","Destacadas 2"],"inLanguage":"es"},{"@type":"WebPage","@id":"https:\/\/experienciadevida.com.ar\/portalurbano\/nuestra-tarea-no-puede-desarrollarse-en-soledad\/","url":"https:\/\/experienciadevida.com.ar\/portalurbano\/nuestra-tarea-no-puede-desarrollarse-en-soledad\/","name":"\"Nuestra tarea no puede desarrollarse en soledad\"","isPartOf":{"@id":"https:\/\/experienciadevida.com.ar\/portalurbano\/#website"},"datePublished":"2022-07-09T23:22:36+00:00","dateModified":"2022-07-09T23:39:21+00:00","description":"\u201cNuestra tarea no puede desarrollarse en soledad\u201d, d\u00edas atr\u00e1s la Direcci\u00f3n de Pol\u00edticas de G\u00e9nero present\u00f3 el informe semestral de gesti\u00f3n","breadcrumb":{"@id":"https:\/\/experienciadevida.com.ar\/portalurbano\/nuestra-tarea-no-puede-desarrollarse-en-soledad\/#breadcrumb"},"inLanguage":"es","potentialAction":[{"@type":"ReadAction","target":["https:\/\/experienciadevida.com.ar\/portalurbano\/nuestra-tarea-no-puede-desarrollarse-en-soledad\/"]}]},{"@type":"BreadcrumbList","@id":"https:\/\/experienciadevida.com.ar\/portalurbano\/nuestra-tarea-no-puede-desarrollarse-en-soledad\/#breadcrumb","itemListElement":[{"@type":"ListItem","position":1,"name":"Portada","item":"https:\/\/experienciadevida.com.ar\/portalurbano\/"},{"@type":"ListItem","position":2,"name":"\u201cNuestra tarea no puede desarrollarse en soledad\u201d"}]},{"@type":"WebSite","@id":"https:\/\/experienciadevida.com.ar\/portalurbano\/#website","url":"https:\/\/experienciadevida.com.ar\/portalurbano\/","name":"","description":"","publisher":{"@id":"https:\/\/experienciadevida.com.ar\/portalurbano\/#organization"},"potentialAction":[{"@type":"SearchAction","target":{"@type":"EntryPoint","urlTemplate":"https:\/\/experienciadevida.com.ar\/portalurbano\/?s={search_term_string}"},"query-input":"required name=search_term_string"}],"inLanguage":"es"},{"@type":"Organization","@id":"https:\/\/experienciadevida.com.ar\/portalurbano\/#organization","name":"Portal Urbano","url":"https:\/\/experienciadevida.com.ar\/portalurbano\/","logo":{"@type":"ImageObject","inLanguage":"es","@id":"https:\/\/experienciadevida.com.ar\/portalurbano\/#\/schema\/logo\/image\/","url":"https:\/\/experienciadevida.com.ar\/portalurbano\/wp-content\/uploads\/2019\/09\/Logo-Original.png","contentUrl":"https:\/\/experienciadevida.com.ar\/portalurbano\/wp-content\/uploads\/2019\/09\/Logo-Original.png","width":2236,"height":1216,"caption":"Portal Urbano"},"image":{"@id":"https:\/\/experienciadevida.com.ar\/portalurbano\/#\/schema\/logo\/image\/"},"sameAs":["https:\/\/www.facebook.com\/Portal-Urbano-171542830093757\/","https:\/\/twitter.com\/portalurbanook","https:\/\/www.instagram.com\/_portalurbano\/","https:\/\/www.youtube.com\/channel\/UCXhagIfszH8KxFiOok79zbA?view_as=subscriber"]},{"@type":"Person","@id":"https:\/\/experienciadevida.com.ar\/portalurbano\/#\/schema\/person\/02dd326b1c4b056e9cc972486934a3a7","name":"admpu17wp","image":{"@type":"ImageObject","inLanguage":"es","@id":"https:\/\/experienciadevida.com.ar\/portalurbano\/#\/schema\/person\/image\/","url":"https:\/\/secure.gravatar.com\/avatar\/830d4c57adaae6630765e449a6908047?s=96&d=mm&r=g","contentUrl":"https:\/\/secure.gravatar.com\/avatar\/830d4c57adaae6630765e449a6908047?s=96&d=mm&r=g","caption":"admpu17wp"}}]}},"featured_image_urls":{"full":["https:\/\/experienciadevida.com.ar\/portalurbano\/wp-content\/uploads\/2022\/07\/Nuestra-tarea-no-puede.jpg",1024,1024,false],"thumbnail":["https:\/\/experienciadevida.com.ar\/portalurbano\/wp-content\/uploads\/2022\/07\/Nuestra-tarea-no-puede-150x150.jpg",150,150,true],"medium":["https:\/\/experienciadevida.com.ar\/portalurbano\/wp-content\/uploads\/2022\/07\/Nuestra-tarea-no-puede-300x300.jpg",300,300,true],"medium_large":["https:\/\/experienciadevida.com.ar\/portalurbano\/wp-content\/uploads\/2022\/07\/Nuestra-tarea-no-puede-768x768.jpg",640,640,true],"large":["https:\/\/experienciadevida.com.ar\/portalurbano\/wp-content\/uploads\/2022\/07\/Nuestra-tarea-no-puede-1024x1024.jpg",640,640,true],"ug_big":["https:\/\/experienciadevida.com.ar\/portalurbano\/wp-content\/uploads\/2022\/07\/Nuestra-tarea-no-puede-768x768.jpg",768,768,true],"1536x1536":["https:\/\/experienciadevida.com.ar\/portalurbano\/wp-content\/uploads\/2022\/07\/Nuestra-tarea-no-puede.jpg",1024,1024,false],"2048x2048":["https:\/\/experienciadevida.com.ar\/portalurbano\/wp-content\/uploads\/2022\/07\/Nuestra-tarea-no-puede.jpg",1024,1024,false],"newsever-slider-full":["https:\/\/experienciadevida.com.ar\/portalurbano\/wp-content\/uploads\/2022\/07\/Nuestra-tarea-no-puede.jpg",845,845,false],"newsever-featured":["https:\/\/experienciadevida.com.ar\/portalurbano\/wp-content\/uploads\/2022\/07\/Nuestra-tarea-no-puede.jpg",1024,1024,false],"newsever-medium":["https:\/\/experienciadevida.com.ar\/portalurbano\/wp-content\/uploads\/2022\/07\/Nuestra-tarea-no-puede.jpg",475,475,false],"web-stories-poster-portrait":["https:\/\/experienciadevida.com.ar\/portalurbano\/wp-content\/uploads\/2022\/07\/Nuestra-tarea-no-puede.jpg",640,640,false],"web-stories-publisher-logo":["https:\/\/experienciadevida.com.ar\/portalurbano\/wp-content\/uploads\/2022\/07\/Nuestra-tarea-no-puede.jpg",96,96,false],"web-stories-thumbnail":["https:\/\/experienciadevida.com.ar\/portalurbano\/wp-content\/uploads\/2022\/07\/Nuestra-tarea-no-puede.jpg",150,150,false]},"author_info":{"display_name":"admpu17wp","author_link":"https:\/\/experienciadevida.com.ar\/portalurbano\/author\/admpu17wp\/"},"category_info":"<a href=\"https:\/\/experienciadevida.com.ar\/portalurbano\/category\/ciudad\/\" rel=\"category tag\">Ciudad<\/a> <a href=\"https:\/\/experienciadevida.com.ar\/portalurbano\/category\/destacadas-2\/\" rel=\"category tag\">Destacadas 2<\/a>","tag_info":"Destacadas 2","comment_count":"0","amp_enabled":true,"_links":{"self":[{"href":"https:\/\/experienciadevida.com.ar\/portalurbano\/wp-json\/wp\/v2\/posts\/171097"}],"collection":[{"href":"https:\/\/experienciadevida.com.ar\/portalurbano\/wp-json\/wp\/v2\/posts"}],"about":[{"href":"https:\/\/experienciadevida.com.ar\/portalurbano\/wp-json\/wp\/v2\/types\/post"}],"author":[{"embeddable":true,"href":"https:\/\/experienciadevida.com.ar\/portalurbano\/wp-json\/wp\/v2\/users\/1"}],"replies":[{"embeddable":true,"href":"https:\/\/experienciadevida.com.ar\/portalurbano\/wp-json\/wp\/v2\/comments?post=171097"}],"version-history":[{"count":1,"href":"https:\/\/experienciadevida.com.ar\/portalurbano\/wp-json\/wp\/v2\/posts\/171097\/revisions"}],"predecessor-version":[{"id":171099,"href":"https:\/\/experienciadevida.com.ar\/portalurbano\/wp-json\/wp\/v2\/posts\/171097\/revisions\/171099"}],"wp:featuredmedia":[{"embeddable":true,"href":"https:\/\/experienciadevida.com.ar\/portalurbano\/wp-json\/wp\/v2\/media\/171101"}],"wp:attachment":[{"href":"https:\/\/experienciadevida.com.ar\/portalurbano\/wp-json\/wp\/v2\/media?parent=171097"}],"wp:term":[{"taxonomy":"category","embeddable":true,"href":"https:\/\/experienciadevida.com.ar\/portalurbano\/wp-json\/wp\/v2\/categories?post=171097"},{"taxonomy":"post_tag","embeddable":true,"href":"https:\/\/experienciadevida.com.ar\/portalurbano\/wp-json\/wp\/v2\/tags?post=171097"}],"curies":[{"name":"wp","href":"https:\/\/api.w.org\/{rel}","templated":true}]}}