{"id":171089,"date":"2022-07-09T12:55:38","date_gmt":"2022-07-09T15:55:38","guid":{"rendered":"https:\/\/experienciadevida.com.ar\/portalurbano\/?p=171089"},"modified":"2022-07-09T12:56:06","modified_gmt":"2022-07-09T15:56:06","slug":"emotivo-acto-por-el-20-aniversario-del-centro-de-estudios-universitarios-de-coopelectric-y-colacion-de-grado","status":"publish","type":"post","link":"https:\/\/experienciadevida.com.ar\/portalurbano\/emotivo-acto-por-el-20-aniversario-del-centro-de-estudios-universitarios-de-coopelectric-y-colacion-de-grado\/","title":{"rendered":"Emotivo acto por el 20\u00b0 Aniversario del Centro de Estudios Universitarios de Coopelectric y Colaci\u00f3n de Grado"},"content":{"rendered":"<p>Emotivo acto por el 20\u00b0 Aniversario del Centro de Estudios Universitarios de Coopelectric y Colaci\u00f3n de Grado, ante un gran marco de p\u00fablico, este viernes se llev\u00f3 a cabo el acto que conmemor\u00f3 el 20\u00b0 Aniversario del Centro de Estudios Universitarios de Coopelectric (CEU) y su Colaci\u00f3n de Grado. Tuvo lugar en el Sal\u00f3n del Club Atl\u00e9tico Pueblo Nuevo, donde estuvieron presentes el titular del Consejo de Administraci\u00f3n de Coopelectric Cruz Arouxet, el vicepresidente Ignacio Aramburu, el secretario Alberto Miotti, el prosecretario Oscar Angeletti, el tesorero Carlos D\u00edaz, el protesorero Jorge Rodr\u00edguez Setzes, los vocales Jos\u00e9 Mor\u00e1n y Mar\u00eda Celia Alem, el s\u00edndico Horacio Balbiani, el presidente de la Asamblea Ignacio Pagano, el vicepresidente Jose Luis Veyrand, la coordinadora del CEU Mar\u00eda Guadalupe Santana.<\/p>\n<p><a href=\"https:\/\/experienciadevida.com.ar\/portalurbano\/emotivo-acto-por-el-20-aniversario-del-centro-de-estudios-universitarios-de-coopelectric-y-colacion-de-grado\/emotivo-2\/\" rel=\"attachment wp-att-171091\"><img decoding=\"async\" class=\"alignnone size-large wp-image-171091\" src=\"https:\/\/experienciadevida.com.ar\/portalurbano\/wp-content\/uploads\/2022\/07\/Emotivo-1024x682.jpeg\" alt=\"Emotivo \" width=\"900\" height=\"599\" srcset=\"https:\/\/experienciadevida.com.ar\/portalurbano\/wp-content\/uploads\/2022\/07\/Emotivo-1024x682.jpeg 1024w, https:\/\/experienciadevida.com.ar\/portalurbano\/wp-content\/uploads\/2022\/07\/Emotivo-300x200.jpeg 300w, https:\/\/experienciadevida.com.ar\/portalurbano\/wp-content\/uploads\/2022\/07\/Emotivo-768x512.jpeg 768w, https:\/\/experienciadevida.com.ar\/portalurbano\/wp-content\/uploads\/2022\/07\/Emotivo.jpeg 1280w\" sizes=\"(max-width: 900px) 100vw, 900px\" \/><\/a><\/p>\n<p>Participaron tambi\u00e9n, integrantes del Cuerpo de Delegados de Coopelectric, funcionarios municipales, entidades intermedias de la ciudad, integrantes del Honorable Concejo Deliberante, el Cr. Mario Cura quien presidi\u00f3 el Consejo de Administraci\u00f3n de Coopelectric en el a\u00f1o 2002 promoviendo la incorporaci\u00f3n del Servicio Educativo en la Cooperativa, autoridades de instituciones educativas terciarias y universitarias de Olavarr\u00eda, representantes de la Comisi\u00f3n Directiva de la Asociaci\u00f3n del Personal Jer\u00e1rquico del Agua y la Energ\u00eda (APJAE), directivos de empresas locales que colaboran con el Banco de Becas del CEU, estudiantes, graduados y familias.<\/p>\n<p>El discurso inicial estuvo a cargo de la coordinadora del Centro de Estudios, Mar\u00eda Guadalupe Santana quien recorri\u00f3 datos hist\u00f3ricos y luego se refiri\u00f3 al presente de la instituci\u00f3n \u201ccontamos con una propuesta educativa<br \/>\nde primer nivel, con un total de 400 estudiantes que conf\u00edan en nosotros y nos elijen para concretar su formaci\u00f3n acad\u00e9mica y profesional\u201d.<\/p>\n<p>Emotivo acto por el 20\u00b0 Aniversario del Centro de Estudios Universitarios de Coopelectric y Colaci\u00f3n de Grado, destac\u00f3 los beneficios de la educaci\u00f3n virtual, \u201clas personas interesadas en formarse y capacitarse pueden realizar una carrera de grado, tecnicatura, posgrados, cursos o finalizar sus estudios secundarios desde el lugar en<br \/>\ndonde se encuentren\u201d. Finalmente, mencion\u00f3 el impulso que la educaci\u00f3n virtual cobr\u00f3 en el marco de la pandemia, \u201cla modalidad virtual ha crecido de forma acelerada en los dos \u00faltimos a\u00f1os y frente a ello, las instituciones educativas que integran el CEU contin\u00faan trabajando en ampliar su propuesta acad\u00e9mica y en mejorar permanentemente las herramientas tecnol\u00f3gicas que permiten un acceso pr\u00e1ctico y din\u00e1mico a las plataformas de<br \/>\nestudio\u201d.<\/p>\n<p>Luego se proyectaron las palabras de adhesi\u00f3n del titular de la Red de Educaci\u00f3n Digital \u201cAldea Educativa\u201d Roberto Iglesias, quien se dirigi\u00f3 a los egresados se\u00f1alando los desaf\u00edos y oportunidades del futuro.<\/p>\n<p><a href=\"https:\/\/experienciadevida.com.ar\/portalurbano\/emotivo-acto-por-el-20-aniversario-del-centro-de-estudios-universitarios-de-coopelectric-y-colacion-de-grado\/acto-5\/\" rel=\"attachment wp-att-171092\"><img decoding=\"async\" class=\"alignnone size-large wp-image-171092\" src=\"https:\/\/experienciadevida.com.ar\/portalurbano\/wp-content\/uploads\/2022\/07\/acto-1024x682.jpeg\" alt=\"acto \" width=\"900\" height=\"599\" srcset=\"https:\/\/experienciadevida.com.ar\/portalurbano\/wp-content\/uploads\/2022\/07\/acto-1024x682.jpeg 1024w, https:\/\/experienciadevida.com.ar\/portalurbano\/wp-content\/uploads\/2022\/07\/acto-300x200.jpeg 300w, https:\/\/experienciadevida.com.ar\/portalurbano\/wp-content\/uploads\/2022\/07\/acto-768x512.jpeg 768w, https:\/\/experienciadevida.com.ar\/portalurbano\/wp-content\/uploads\/2022\/07\/acto.jpeg 1280w\" sizes=\"(max-width: 900px) 100vw, 900px\" \/><\/a><\/p>\n<p>En tanto, el presidente del Consejo de Administraci\u00f3n Cruz Arouxet subray\u00f3 la labor y gesti\u00f3n de Mario Cura y de todas las personas que integraron el Consejo de Administraci\u00f3n de Coopelectric en el a\u00f1o 2002. \u201cEn plena crisis<br \/>\nde Argentina, realmente fueron visionarios. No s\u00f3lo fueron innovadores porque pusieron al servicio de la educaci\u00f3n los desarrollos tecnol\u00f3gicos de la \u00e9poca, sino que pensaron a corto, mediano y largo plazo\u201d.<\/p>\n<p>\u201c20 a\u00f1os despu\u00e9s nos encontramos celebrando un nuevo aniversario, con cambios sociales, tecnol\u00f3gicos y culturales. Con un mundo del trabajo que nos demanda personas cada vez m\u00e1s formadas y calificadas para enfrentar el<br \/>\npresente y los desaf\u00edos venideros\u201d se\u00f1al\u00f3.<\/p>\n<p>Finalmente sostuvo \u201creivindicamos y fortalecemos el compromiso de promover el valor de la educaci\u00f3n y la formaci\u00f3n de profesionales \u00edntegros; conceptos imprescindibles para el desarrollo y el crecimiento socioecon\u00f3mico de nuestro pa\u00eds\u201d.<\/p>\n<p>Emotivo acto por el 20\u00b0 Aniversario del Centro de Estudios Universitarios de Coopelectric y Colaci\u00f3n de Grado, el camino recorrido, la historia de desarrollo y consolidaci\u00f3n del Centro de Estudio se vio plasmada en una proyecci\u00f3n audiovisual realizada a trav\u00e9s de un trabajo conjunto con la productora de contenidos audiovisuales de la Facultad de Ciencias Sociales de la UNICEN, FACSO Producciones.<\/p>\n<p>Desde del Consejo de Administraci\u00f3n se hizo entrega de un reconocimiento a Claudia Rigo por su trabajo de coordinaci\u00f3n en el Centro de Estudios Universitarios desde su fundaci\u00f3n hasta el a\u00f1o 2018, cuando comenz\u00f3 su<br \/>\nlicencia gremial.<\/p>\n<p>Posteriormente, en nombre de la Comisi\u00f3n Directiva Central de la Asociaci\u00f3n del Personal Jer\u00e1rquico del Agua y la Energ\u00eda, la subsecretaria de Previsi\u00f3n y Acci\u00f3n Social Claudia Rigo y el secretario General de la seccional Centro<br \/>\nSudeste Aldo Dirazar, entregaron una placa conmemorativa al CEU por su 20\u00b0 Aniversario.<\/p>\n<p>Los discursos protocolares finalizaron con el testimonio del egresado de la Licenciatura en Higiene y Seguridad en el Trabajo Adri\u00e1n Guevara, quien con gran emotividad recorri\u00f3 su trayectoria educativa, destac\u00f3 el acompa\u00f1amiento<br \/>\ndel CEU e inst\u00f3 a los egresados a continuar form\u00e1ndose.<\/p>\n<p>Finalmente, se procedi\u00f3 a la entrega de diplomas de los egresados presentes y a la menci\u00f3n de los egresados que por razones laborales no pudieron asistir. Ellos son:<\/p>\n<p>UNIVERSIDAD FASTA:<\/p>\n<p>Licenciatura en Seguridad e Higiene en el Trabajo: Aguilar D\u00e9bora Mail\u00e9n, Guevara Adri\u00e1n, Lopreite, Franco, Patronelli Laura Macarena, Quiroga Alejandro, Ramos Cristian Miguel, Rodas Conrado, S\u00e1nchez Walter Pedro, Serra<br \/>\nSim\u00f3n, Arias Nicolas, Astudillo Rodrigo Martin, Gonz\u00e1lez Ortelli Ezequiel, Graff Gabriel Hern\u00e1n, Hurtado Beatriz Elizabeth, Laborde Carlos Emiliano, Patern\u00f3 Anabella, Temporiti Wagner Mariano Nicol\u00e1s.<\/p>\n<p>Tecnicatura en Seguridad e Higiene en el Trabajo: Farra Roc\u00edo Bel\u00e9n.<\/p>\n<p>Martillero y Corredor P\u00fablico: Bah\u00eda Cajel Cintia Ruth, Gayozo Sergio Iv\u00e1n, Giorgi, Sandra Cecilia, Heffner Chamorro Franco David, Pucheu Mar\u00eda Eugenia, Alonso Facundo I\u00f1aki, Alsina Miguel Ezequiel, Attadia Girado Julia, Favazzo Leonie, Gallina Emilio, Iriarte Estefan\u00eda.<\/p>\n<p>Licenciatura en Marketing: Gurruchaga, Lucas Alberto.<\/p>\n<p>Licenciatura en Educaci\u00f3n F\u00edsica: O` Higgins, Sebasti\u00e1n Sergio, Borra Migliavaca Franco.<\/p>\n<p>Licenciatura en Seguridad Ciudadana: Donad\u00edo Emanuel Santiago.<\/p>\n<p>T\u00e9c. en Administraci\u00f3n de Pymes: P\u00e9rez Nahuel.<\/p>\n<p>UNIVERSIDAD DE BELGRANO<\/p>\n<p>Tecnicatura Universitaria en Hoteler\u00eda y Turismo: Salazar Scaravilli Mara, Nanni Maria Jos\u00e9.<\/p>\n<p>Tecnicatura en Comercio Internacional: Caciatori Mario C\u00e9sar.<\/p>\n<p>Tecnicatura en Producci\u00f3n Agropecuaria: Lester Ezequiel.<\/p>\n<p>Licenciatura en Log\u00edstica: Marconi Maximiliano Dante y Pavone Nicol\u00e1s.<\/p>\n<p>INSTITUTO SUPERIOR INGENIERO VIRASORO<\/p>\n<p>Tec. Superior en Inform\u00e1tica Administrativa: Di Prinzio Bruno Luis.<\/p>\n<p>Tec. Superior en Administraci\u00f3n y Gesti\u00f3n de Recursos Humanos: Fini Camila Soledad.<\/p>\n<p>Tec. Superior en Marketing Digital: Haffner Alejandra Luj\u00e1n.<\/p>\n<p>Tec. Superior en Administraci\u00f3n de Empresas: Nogal Rosana Miriam, Vidal Micaela Marisol.<\/p>\n<p>Bachillerato en Econom\u00eda y Administraci\u00f3n: Fritz Gonz\u00e1lez Camila Zoe, Garc\u00eda Julio N\u00e9stor, Kriger Juan Pablo, Freites Nahuel.<\/p>\n<p>Tecnicatura Superior en An\u00e1lisis de Sistemas: Martin Luc\u00eda.<\/p>\n<p>Cursos de Administraci\u00f3n de Empresas y de Recursos Humanos: Huallpa Fornes Alexis.<\/p>\n<p>Curso Superior en Recursos Humanos: Barrios Gabriel de los \u00c1ngeles.<\/p>\n<p>INSTITUTO IFES<\/p>\n<p>Auxiliar de Farmacia: Guille Francisco, Leguizam\u00f3n Micaela, De Olivera Karen Alexia<\/p>\n<p>Acompa\u00f1ante Terap\u00e9utico: D\u00edaz Carla Lucrecia, G\u00f3mez Lucrecia Soledad, Navarro Sasha Mait\u00e9n, P\u00e9rez Lisa Mariel.<\/p>\n<p>Curso Asistente en Recursos Humanos: Ihitz Julio Maximiliano.<\/p>\n<p><a href=\"https:\/\/experienciadevida.com.ar\/portalurbano\/emotivo-acto-por-el-20-aniversario-del-centro-de-estudios-universitarios-de-coopelectric-y-colacion-de-grado\/por\/\" rel=\"attachment wp-att-171093\"><img decoding=\"async\" class=\"alignnone size-large wp-image-171093\" src=\"https:\/\/experienciadevida.com.ar\/portalurbano\/wp-content\/uploads\/2022\/07\/por-1024x682.jpeg\" alt=\"por \" width=\"900\" height=\"599\" srcset=\"https:\/\/experienciadevida.com.ar\/portalurbano\/wp-content\/uploads\/2022\/07\/por-1024x682.jpeg 1024w, https:\/\/experienciadevida.com.ar\/portalurbano\/wp-content\/uploads\/2022\/07\/por-300x200.jpeg 300w, https:\/\/experienciadevida.com.ar\/portalurbano\/wp-content\/uploads\/2022\/07\/por-768x512.jpeg 768w, https:\/\/experienciadevida.com.ar\/portalurbano\/wp-content\/uploads\/2022\/07\/por.jpeg 1280w\" sizes=\"(max-width: 900px) 100vw, 900px\" \/><\/a><\/p>\n<p><a href=\"https:\/\/experienciadevida.com.ar\/portalurbano\/emotivo-acto-por-el-20-aniversario-del-centro-de-estudios-universitarios-de-coopelectric-y-colacion-de-grado\/el-30\/\" rel=\"attachment wp-att-171094\"><img decoding=\"async\" class=\"alignnone size-large wp-image-171094\" src=\"https:\/\/experienciadevida.com.ar\/portalurbano\/wp-content\/uploads\/2022\/07\/el-1024x682.jpeg\" alt=\"el\" width=\"900\" height=\"599\" srcset=\"https:\/\/experienciadevida.com.ar\/portalurbano\/wp-content\/uploads\/2022\/07\/el-1024x682.jpeg 1024w, https:\/\/experienciadevida.com.ar\/portalurbano\/wp-content\/uploads\/2022\/07\/el-300x200.jpeg 300w, https:\/\/experienciadevida.com.ar\/portalurbano\/wp-content\/uploads\/2022\/07\/el-768x512.jpeg 768w, https:\/\/experienciadevida.com.ar\/portalurbano\/wp-content\/uploads\/2022\/07\/el.jpeg 1280w\" sizes=\"(max-width: 900px) 100vw, 900px\" \/><\/a><\/p>\n","protected":false},"excerpt":{"rendered":"<p>Emotivo acto por el 20\u00b0 Aniversario del Centro de Estudios Universitarios de Coopelectric y Colaci\u00f3n&#8230;<\/p>\n","protected":false},"author":1,"featured_media":171090,"comment_status":"closed","ping_status":"closed","sticky":false,"template":"","format":"standard","meta":{"content-type":""},"categories":[27],"tags":[],"nelio_content":{"isAutoShareEnabled":false,"autoShareEndMode":"default","automationSources":{"useContentSentences":true,"useSocialTemplates":true,"useCustomSentences":false,"customSentences":[]},"followers":[1],"suggestedReferences":[],"includedReferences":[],"efiUrl":"","efiAlt":"","highlights":[]},"yoast_head":"<!-- This site is optimized with the Yoast SEO plugin v20.7 - https:\/\/yoast.com\/wordpress\/plugins\/seo\/ -->\n<title>Emotivo acto por el 20\u00b0 aniversario del centro de estudios de Coopelectric<\/title>\n<meta name=\"description\" content=\"Emotivo acto por el 20\u00b0 Aniversario del Centro de Estudios Universitarios de Coopelectric y Colaci\u00f3n de Grado, ante un gran marco de p\u00fablico,\" \/>\n<meta name=\"robots\" content=\"index, follow, max-snippet:-1, max-image-preview:large, max-video-preview:-1\" \/>\n<link rel=\"canonical\" href=\"https:\/\/experienciadevida.com.ar\/portalurbano\/emotivo-acto-por-el-20-aniversario-del-centro-de-estudios-universitarios-de-coopelectric-y-colacion-de-grado\/\" \/>\n<meta property=\"og:locale\" content=\"es_ES\" \/>\n<meta property=\"og:type\" content=\"article\" \/>\n<meta property=\"og:title\" content=\"Emotivo acto por el 20\u00b0 aniversario del centro de estudios de Coopelectric\" \/>\n<meta property=\"og:description\" content=\"Emotivo acto por el 20\u00b0 Aniversario del Centro de Estudios Universitarios de Coopelectric y Colaci\u00f3n de Grado, ante un gran marco de p\u00fablico,\" \/>\n<meta property=\"og:url\" content=\"https:\/\/experienciadevida.com.ar\/portalurbano\/emotivo-acto-por-el-20-aniversario-del-centro-de-estudios-universitarios-de-coopelectric-y-colacion-de-grado\/\" \/>\n<meta property=\"article:publisher\" content=\"https:\/\/www.facebook.com\/Portal-Urbano-171542830093757\/\" \/>\n<meta property=\"article:published_time\" content=\"2022-07-09T15:55:38+00:00\" \/>\n<meta property=\"article:modified_time\" content=\"2022-07-09T15:56:06+00:00\" \/>\n<meta property=\"og:image\" content=\"https:\/\/experienciadevida.com.ar\/portalurbano\/wp-content\/uploads\/2022\/07\/Emotivo-acto-por-el.jpeg\" \/>\n\t<meta property=\"og:image:width\" content=\"1280\" \/>\n\t<meta property=\"og:image:height\" content=\"853\" \/>\n\t<meta property=\"og:image:type\" content=\"image\/jpeg\" \/>\n<meta name=\"author\" content=\"admpu17wp\" \/>\n<meta name=\"twitter:card\" content=\"summary_large_image\" \/>\n<meta name=\"twitter:creator\" content=\"@portalurbanook\" \/>\n<meta name=\"twitter:site\" content=\"@portalurbanook\" \/>\n<meta name=\"twitter:label1\" content=\"Escrito por\" \/>\n\t<meta name=\"twitter:data1\" content=\"admpu17wp\" \/>\n\t<meta name=\"twitter:label2\" content=\"Tiempo de lectura\" \/>\n\t<meta name=\"twitter:data2\" content=\"6 minutos\" \/>\n<script type=\"application\/ld+json\" class=\"yoast-schema-graph\">{\"@context\":\"https:\/\/schema.org\",\"@graph\":[{\"@type\":\"Article\",\"@id\":\"https:\/\/experienciadevida.com.ar\/portalurbano\/emotivo-acto-por-el-20-aniversario-del-centro-de-estudios-universitarios-de-coopelectric-y-colacion-de-grado\/#article\",\"isPartOf\":{\"@id\":\"https:\/\/experienciadevida.com.ar\/portalurbano\/emotivo-acto-por-el-20-aniversario-del-centro-de-estudios-universitarios-de-coopelectric-y-colacion-de-grado\/\"},\"author\":{\"name\":\"admpu17wp\",\"@id\":\"https:\/\/experienciadevida.com.ar\/portalurbano\/#\/schema\/person\/02dd326b1c4b056e9cc972486934a3a7\"},\"headline\":\"Emotivo acto por el 20\u00b0 Aniversario del Centro de Estudios Universitarios de Coopelectric y Colaci\u00f3n de Grado\",\"datePublished\":\"2022-07-09T15:55:38+00:00\",\"dateModified\":\"2022-07-09T15:56:06+00:00\",\"mainEntityOfPage\":{\"@id\":\"https:\/\/experienciadevida.com.ar\/portalurbano\/emotivo-acto-por-el-20-aniversario-del-centro-de-estudios-universitarios-de-coopelectric-y-colacion-de-grado\/\"},\"wordCount\":1203,\"publisher\":{\"@id\":\"https:\/\/experienciadevida.com.ar\/portalurbano\/#organization\"},\"articleSection\":[\"Ciudad\"],\"inLanguage\":\"es\"},{\"@type\":\"WebPage\",\"@id\":\"https:\/\/experienciadevida.com.ar\/portalurbano\/emotivo-acto-por-el-20-aniversario-del-centro-de-estudios-universitarios-de-coopelectric-y-colacion-de-grado\/\",\"url\":\"https:\/\/experienciadevida.com.ar\/portalurbano\/emotivo-acto-por-el-20-aniversario-del-centro-de-estudios-universitarios-de-coopelectric-y-colacion-de-grado\/\",\"name\":\"Emotivo acto por el 20\u00b0 aniversario del centro de estudios de Coopelectric\",\"isPartOf\":{\"@id\":\"https:\/\/experienciadevida.com.ar\/portalurbano\/#website\"},\"datePublished\":\"2022-07-09T15:55:38+00:00\",\"dateModified\":\"2022-07-09T15:56:06+00:00\",\"description\":\"Emotivo acto por el 20\u00b0 Aniversario del Centro de Estudios Universitarios de Coopelectric y Colaci\u00f3n de Grado, ante un gran marco de p\u00fablico,\",\"breadcrumb\":{\"@id\":\"https:\/\/experienciadevida.com.ar\/portalurbano\/emotivo-acto-por-el-20-aniversario-del-centro-de-estudios-universitarios-de-coopelectric-y-colacion-de-grado\/#breadcrumb\"},\"inLanguage\":\"es\",\"potentialAction\":[{\"@type\":\"ReadAction\",\"target\":[\"https:\/\/experienciadevida.com.ar\/portalurbano\/emotivo-acto-por-el-20-aniversario-del-centro-de-estudios-universitarios-de-coopelectric-y-colacion-de-grado\/\"]}]},{\"@type\":\"BreadcrumbList\",\"@id\":\"https:\/\/experienciadevida.com.ar\/portalurbano\/emotivo-acto-por-el-20-aniversario-del-centro-de-estudios-universitarios-de-coopelectric-y-colacion-de-grado\/#breadcrumb\",\"itemListElement\":[{\"@type\":\"ListItem\",\"position\":1,\"name\":\"Portada\",\"item\":\"https:\/\/experienciadevida.com.ar\/portalurbano\/\"},{\"@type\":\"ListItem\",\"position\":2,\"name\":\"Emotivo acto por el 20\u00b0 Aniversario del Centro de Estudios Universitarios de Coopelectric y Colaci\u00f3n de Grado\"}]},{\"@type\":\"WebSite\",\"@id\":\"https:\/\/experienciadevida.com.ar\/portalurbano\/#website\",\"url\":\"https:\/\/experienciadevida.com.ar\/portalurbano\/\",\"name\":\"\",\"description\":\"\",\"publisher\":{\"@id\":\"https:\/\/experienciadevida.com.ar\/portalurbano\/#organization\"},\"potentialAction\":[{\"@type\":\"SearchAction\",\"target\":{\"@type\":\"EntryPoint\",\"urlTemplate\":\"https:\/\/experienciadevida.com.ar\/portalurbano\/?s={search_term_string}\"},\"query-input\":\"required name=search_term_string\"}],\"inLanguage\":\"es\"},{\"@type\":\"Organization\",\"@id\":\"https:\/\/experienciadevida.com.ar\/portalurbano\/#organization\",\"name\":\"Portal Urbano\",\"url\":\"https:\/\/experienciadevida.com.ar\/portalurbano\/\",\"logo\":{\"@type\":\"ImageObject\",\"inLanguage\":\"es\",\"@id\":\"https:\/\/experienciadevida.com.ar\/portalurbano\/#\/schema\/logo\/image\/\",\"url\":\"https:\/\/experienciadevida.com.ar\/portalurbano\/wp-content\/uploads\/2019\/09\/Logo-Original.png\",\"contentUrl\":\"https:\/\/experienciadevida.com.ar\/portalurbano\/wp-content\/uploads\/2019\/09\/Logo-Original.png\",\"width\":2236,\"height\":1216,\"caption\":\"Portal Urbano\"},\"image\":{\"@id\":\"https:\/\/experienciadevida.com.ar\/portalurbano\/#\/schema\/logo\/image\/\"},\"sameAs\":[\"https:\/\/www.facebook.com\/Portal-Urbano-171542830093757\/\",\"https:\/\/twitter.com\/portalurbanook\",\"https:\/\/www.instagram.com\/_portalurbano\/\",\"https:\/\/www.youtube.com\/channel\/UCXhagIfszH8KxFiOok79zbA?view_as=subscriber\"]},{\"@type\":\"Person\",\"@id\":\"https:\/\/experienciadevida.com.ar\/portalurbano\/#\/schema\/person\/02dd326b1c4b056e9cc972486934a3a7\",\"name\":\"admpu17wp\",\"image\":{\"@type\":\"ImageObject\",\"inLanguage\":\"es\",\"@id\":\"https:\/\/experienciadevida.com.ar\/portalurbano\/#\/schema\/person\/image\/\",\"url\":\"https:\/\/secure.gravatar.com\/avatar\/830d4c57adaae6630765e449a6908047?s=96&d=mm&r=g\",\"contentUrl\":\"https:\/\/secure.gravatar.com\/avatar\/830d4c57adaae6630765e449a6908047?s=96&d=mm&r=g\",\"caption\":\"admpu17wp\"}}]}<\/script>\n<!-- \/ Yoast SEO plugin. -->","yoast_head_json":{"title":"Emotivo acto por el 20\u00b0 aniversario del centro de estudios de Coopelectric","description":"Emotivo acto por el 20\u00b0 Aniversario del Centro de Estudios Universitarios de Coopelectric y Colaci\u00f3n de Grado, ante un gran marco de p\u00fablico,","robots":{"index":"index","follow":"follow","max-snippet":"max-snippet:-1","max-image-preview":"max-image-preview:large","max-video-preview":"max-video-preview:-1"},"canonical":"https:\/\/experienciadevida.com.ar\/portalurbano\/emotivo-acto-por-el-20-aniversario-del-centro-de-estudios-universitarios-de-coopelectric-y-colacion-de-grado\/","og_locale":"es_ES","og_type":"article","og_title":"Emotivo acto por el 20\u00b0 aniversario del centro de estudios de Coopelectric","og_description":"Emotivo acto por el 20\u00b0 Aniversario del Centro de Estudios Universitarios de Coopelectric y Colaci\u00f3n de Grado, ante un gran marco de p\u00fablico,","og_url":"https:\/\/experienciadevida.com.ar\/portalurbano\/emotivo-acto-por-el-20-aniversario-del-centro-de-estudios-universitarios-de-coopelectric-y-colacion-de-grado\/","article_publisher":"https:\/\/www.facebook.com\/Portal-Urbano-171542830093757\/","article_published_time":"2022-07-09T15:55:38+00:00","article_modified_time":"2022-07-09T15:56:06+00:00","og_image":[{"width":1280,"height":853,"url":"https:\/\/experienciadevida.com.ar\/portalurbano\/wp-content\/uploads\/2022\/07\/Emotivo-acto-por-el.jpeg","type":"image\/jpeg"}],"author":"admpu17wp","twitter_card":"summary_large_image","twitter_creator":"@portalurbanook","twitter_site":"@portalurbanook","twitter_misc":{"Escrito por":"admpu17wp","Tiempo de lectura":"6 minutos"},"schema":{"@context":"https:\/\/schema.org","@graph":[{"@type":"Article","@id":"https:\/\/experienciadevida.com.ar\/portalurbano\/emotivo-acto-por-el-20-aniversario-del-centro-de-estudios-universitarios-de-coopelectric-y-colacion-de-grado\/#article","isPartOf":{"@id":"https:\/\/experienciadevida.com.ar\/portalurbano\/emotivo-acto-por-el-20-aniversario-del-centro-de-estudios-universitarios-de-coopelectric-y-colacion-de-grado\/"},"author":{"name":"admpu17wp","@id":"https:\/\/experienciadevida.com.ar\/portalurbano\/#\/schema\/person\/02dd326b1c4b056e9cc972486934a3a7"},"headline":"Emotivo acto por el 20\u00b0 Aniversario del Centro de Estudios Universitarios de Coopelectric y Colaci\u00f3n de Grado","datePublished":"2022-07-09T15:55:38+00:00","dateModified":"2022-07-09T15:56:06+00:00","mainEntityOfPage":{"@id":"https:\/\/experienciadevida.com.ar\/portalurbano\/emotivo-acto-por-el-20-aniversario-del-centro-de-estudios-universitarios-de-coopelectric-y-colacion-de-grado\/"},"wordCount":1203,"publisher":{"@id":"https:\/\/experienciadevida.com.ar\/portalurbano\/#organization"},"articleSection":["Ciudad"],"inLanguage":"es"},{"@type":"WebPage","@id":"https:\/\/experienciadevida.com.ar\/portalurbano\/emotivo-acto-por-el-20-aniversario-del-centro-de-estudios-universitarios-de-coopelectric-y-colacion-de-grado\/","url":"https:\/\/experienciadevida.com.ar\/portalurbano\/emotivo-acto-por-el-20-aniversario-del-centro-de-estudios-universitarios-de-coopelectric-y-colacion-de-grado\/","name":"Emotivo acto por el 20\u00b0 aniversario del centro de estudios de Coopelectric","isPartOf":{"@id":"https:\/\/experienciadevida.com.ar\/portalurbano\/#website"},"datePublished":"2022-07-09T15:55:38+00:00","dateModified":"2022-07-09T15:56:06+00:00","description":"Emotivo acto por el 20\u00b0 Aniversario del Centro de Estudios Universitarios de Coopelectric y Colaci\u00f3n de Grado, ante un gran marco de p\u00fablico,","breadcrumb":{"@id":"https:\/\/experienciadevida.com.ar\/portalurbano\/emotivo-acto-por-el-20-aniversario-del-centro-de-estudios-universitarios-de-coopelectric-y-colacion-de-grado\/#breadcrumb"},"inLanguage":"es","potentialAction":[{"@type":"ReadAction","target":["https:\/\/experienciadevida.com.ar\/portalurbano\/emotivo-acto-por-el-20-aniversario-del-centro-de-estudios-universitarios-de-coopelectric-y-colacion-de-grado\/"]}]},{"@type":"BreadcrumbList","@id":"https:\/\/experienciadevida.com.ar\/portalurbano\/emotivo-acto-por-el-20-aniversario-del-centro-de-estudios-universitarios-de-coopelectric-y-colacion-de-grado\/#breadcrumb","itemListElement":[{"@type":"ListItem","position":1,"name":"Portada","item":"https:\/\/experienciadevida.com.ar\/portalurbano\/"},{"@type":"ListItem","position":2,"name":"Emotivo acto por el 20\u00b0 Aniversario del Centro de Estudios Universitarios de Coopelectric y Colaci\u00f3n de Grado"}]},{"@type":"WebSite","@id":"https:\/\/experienciadevida.com.ar\/portalurbano\/#website","url":"https:\/\/experienciadevida.com.ar\/portalurbano\/","name":"","description":"","publisher":{"@id":"https:\/\/experienciadevida.com.ar\/portalurbano\/#organization"},"potentialAction":[{"@type":"SearchAction","target":{"@type":"EntryPoint","urlTemplate":"https:\/\/experienciadevida.com.ar\/portalurbano\/?s={search_term_string}"},"query-input":"required name=search_term_string"}],"inLanguage":"es"},{"@type":"Organization","@id":"https:\/\/experienciadevida.com.ar\/portalurbano\/#organization","name":"Portal Urbano","url":"https:\/\/experienciadevida.com.ar\/portalurbano\/","logo":{"@type":"ImageObject","inLanguage":"es","@id":"https:\/\/experienciadevida.com.ar\/portalurbano\/#\/schema\/logo\/image\/","url":"https:\/\/experienciadevida.com.ar\/portalurbano\/wp-content\/uploads\/2019\/09\/Logo-Original.png","contentUrl":"https:\/\/experienciadevida.com.ar\/portalurbano\/wp-content\/uploads\/2019\/09\/Logo-Original.png","width":2236,"height":1216,"caption":"Portal Urbano"},"image":{"@id":"https:\/\/experienciadevida.com.ar\/portalurbano\/#\/schema\/logo\/image\/"},"sameAs":["https:\/\/www.facebook.com\/Portal-Urbano-171542830093757\/","https:\/\/twitter.com\/portalurbanook","https:\/\/www.instagram.com\/_portalurbano\/","https:\/\/www.youtube.com\/channel\/UCXhagIfszH8KxFiOok79zbA?view_as=subscriber"]},{"@type":"Person","@id":"https:\/\/experienciadevida.com.ar\/portalurbano\/#\/schema\/person\/02dd326b1c4b056e9cc972486934a3a7","name":"admpu17wp","image":{"@type":"ImageObject","inLanguage":"es","@id":"https:\/\/experienciadevida.com.ar\/portalurbano\/#\/schema\/person\/image\/","url":"https:\/\/secure.gravatar.com\/avatar\/830d4c57adaae6630765e449a6908047?s=96&d=mm&r=g","contentUrl":"https:\/\/secure.gravatar.com\/avatar\/830d4c57adaae6630765e449a6908047?s=96&d=mm&r=g","caption":"admpu17wp"}}]}},"featured_image_urls":{"full":["https:\/\/experienciadevida.com.ar\/portalurbano\/wp-content\/uploads\/2022\/07\/Emotivo-acto-por-el.jpeg",1280,853,false],"thumbnail":["https:\/\/experienciadevida.com.ar\/portalurbano\/wp-content\/uploads\/2022\/07\/Emotivo-acto-por-el-150x150.jpeg",150,150,true],"medium":["https:\/\/experienciadevida.com.ar\/portalurbano\/wp-content\/uploads\/2022\/07\/Emotivo-acto-por-el-300x200.jpeg",300,200,true],"medium_large":["https:\/\/experienciadevida.com.ar\/portalurbano\/wp-content\/uploads\/2022\/07\/Emotivo-acto-por-el-768x512.jpeg",640,427,true],"large":["https:\/\/experienciadevida.com.ar\/portalurbano\/wp-content\/uploads\/2022\/07\/Emotivo-acto-por-el-1024x682.jpeg",640,426,true],"ug_big":["https:\/\/experienciadevida.com.ar\/portalurbano\/wp-content\/uploads\/2022\/07\/Emotivo-acto-por-el-768x512.jpeg",768,512,true],"1536x1536":["https:\/\/experienciadevida.com.ar\/portalurbano\/wp-content\/uploads\/2022\/07\/Emotivo-acto-por-el.jpeg",1280,853,false],"2048x2048":["https:\/\/experienciadevida.com.ar\/portalurbano\/wp-content\/uploads\/2022\/07\/Emotivo-acto-por-el.jpeg",1280,853,false],"newsever-slider-full":["https:\/\/experienciadevida.com.ar\/portalurbano\/wp-content\/uploads\/2022\/07\/Emotivo-acto-por-el.jpeg",1268,845,false],"newsever-featured":["https:\/\/experienciadevida.com.ar\/portalurbano\/wp-content\/uploads\/2022\/07\/Emotivo-acto-por-el.jpeg",1024,682,false],"newsever-medium":["https:\/\/experienciadevida.com.ar\/portalurbano\/wp-content\/uploads\/2022\/07\/Emotivo-acto-por-el.jpeg",713,475,false],"web-stories-poster-portrait":["https:\/\/experienciadevida.com.ar\/portalurbano\/wp-content\/uploads\/2022\/07\/Emotivo-acto-por-el.jpeg",640,427,false],"web-stories-publisher-logo":["https:\/\/experienciadevida.com.ar\/portalurbano\/wp-content\/uploads\/2022\/07\/Emotivo-acto-por-el.jpeg",96,64,false],"web-stories-thumbnail":["https:\/\/experienciadevida.com.ar\/portalurbano\/wp-content\/uploads\/2022\/07\/Emotivo-acto-por-el.jpeg",150,100,false]},"author_info":{"display_name":"admpu17wp","author_link":"https:\/\/experienciadevida.com.ar\/portalurbano\/author\/admpu17wp\/"},"category_info":"<a href=\"https:\/\/experienciadevida.com.ar\/portalurbano\/category\/ciudad\/\" rel=\"category tag\">Ciudad<\/a>","tag_info":"Ciudad","comment_count":"0","amp_enabled":true,"_links":{"self":[{"href":"https:\/\/experienciadevida.com.ar\/portalurbano\/wp-json\/wp\/v2\/posts\/171089"}],"collection":[{"href":"https:\/\/experienciadevida.com.ar\/portalurbano\/wp-json\/wp\/v2\/posts"}],"about":[{"href":"https:\/\/experienciadevida.com.ar\/portalurbano\/wp-json\/wp\/v2\/types\/post"}],"author":[{"embeddable":true,"href":"https:\/\/experienciadevida.com.ar\/portalurbano\/wp-json\/wp\/v2\/users\/1"}],"replies":[{"embeddable":true,"href":"https:\/\/experienciadevida.com.ar\/portalurbano\/wp-json\/wp\/v2\/comments?post=171089"}],"version-history":[{"count":2,"href":"https:\/\/experienciadevida.com.ar\/portalurbano\/wp-json\/wp\/v2\/posts\/171089\/revisions"}],"predecessor-version":[{"id":171096,"href":"https:\/\/experienciadevida.com.ar\/portalurbano\/wp-json\/wp\/v2\/posts\/171089\/revisions\/171096"}],"wp:featuredmedia":[{"embeddable":true,"href":"https:\/\/experienciadevida.com.ar\/portalurbano\/wp-json\/wp\/v2\/media\/171090"}],"wp:attachment":[{"href":"https:\/\/experienciadevida.com.ar\/portalurbano\/wp-json\/wp\/v2\/media?parent=171089"}],"wp:term":[{"taxonomy":"category","embeddable":true,"href":"https:\/\/experienciadevida.com.ar\/portalurbano\/wp-json\/wp\/v2\/categories?post=171089"},{"taxonomy":"post_tag","embeddable":true,"href":"https:\/\/experienciadevida.com.ar\/portalurbano\/wp-json\/wp\/v2\/tags?post=171089"}],"curies":[{"name":"wp","href":"https:\/\/api.w.org\/{rel}","templated":true}]}}