{"id":171068,"date":"2022-07-09T12:37:45","date_gmt":"2022-07-09T15:37:45","guid":{"rendered":"https:\/\/experienciadevida.com.ar\/portalurbano\/?p=171068"},"modified":"2022-07-09T12:43:11","modified_gmt":"2022-07-09T15:43:11","slug":"mas-de-70-instituciones-participaron-del-desfile-del-9-de-julio","status":"publish","type":"post","link":"https:\/\/experienciadevida.com.ar\/portalurbano\/mas-de-70-instituciones-participaron-del-desfile-del-9-de-julio\/","title":{"rendered":"M\u00e1s de 70 instituciones participaron del desfile del 9 de julio"},"content":{"rendered":"<p>M\u00e1s de 70 instituciones participaron del desfile del 9 de julio, el desfile por el 9 de Julio convoc\u00f3 a m\u00e1s de 70 instituciones del Partido de Olavarr\u00eda que hicieron su paso por calle Vicente L\u00f3pez, en el centro de la ciudad.<\/p>\n<p><a href=\"https:\/\/experienciadevida.com.ar\/portalurbano\/mas-de-70-instituciones-participaron-del-desfile-del-9-de-julio\/mas-4\/\" rel=\"attachment wp-att-171071\"><img decoding=\"async\" class=\"alignnone size-large wp-image-171071\" src=\"https:\/\/experienciadevida.com.ar\/portalurbano\/wp-content\/uploads\/2022\/07\/Mas-1024x684.jpg\" alt=\"M\u00e1s \" width=\"900\" height=\"601\" srcset=\"https:\/\/experienciadevida.com.ar\/portalurbano\/wp-content\/uploads\/2022\/07\/Mas-1024x684.jpg 1024w, https:\/\/experienciadevida.com.ar\/portalurbano\/wp-content\/uploads\/2022\/07\/Mas-300x201.jpg 300w, https:\/\/experienciadevida.com.ar\/portalurbano\/wp-content\/uploads\/2022\/07\/Mas-768x513.jpg 768w, https:\/\/experienciadevida.com.ar\/portalurbano\/wp-content\/uploads\/2022\/07\/Mas-1536x1027.jpg 1536w, https:\/\/experienciadevida.com.ar\/portalurbano\/wp-content\/uploads\/2022\/07\/Mas-2048x1369.jpg 2048w\" sizes=\"(max-width: 900px) 100vw, 900px\" \/><\/a><\/p>\n<p>Encabezado por el intendente Ezequiel <a href=\"https:\/\/www.instagram.com\/galliezequiel\/\">Galli<\/a>, el evento comenz\u00f3 con la entonaci\u00f3n de las estrofas del Himno Nacional Argentino, interpretado por profesores del ensamble protocolar de la Escuela Municipal de M\u00fasica \u201cHermanos Rossi\u201d y la cantante Karina Bettiga.<\/p>\n<p>Seguidamente se refirieron a la fecha con palabras alusivas el director del Instituto Superior de Formaci\u00f3n Docente N\u00ba47 Gabriel Coronel y la docente Nelly Vicente.<\/p>\n<p>Luego, el Ballet Folkl\u00f3rico Municipal deleit\u00f3 a los presentes con una pieza de peric\u00f3n.<\/p>\n<p>El dispositivo de desfile comenz\u00f3 con la Agrupaci\u00f3n Veteranos de Guerra \u00ab2 de Abril\u00bb, seguidos por la emblem\u00e1tica Galera.<\/p>\n<p>Seguidamente hicieron su paso: Escuela de Danza \u00abLa Tradici\u00f3n\u00bb, Taller de folklore \u00abUnidos por la Danza\u00bb, Taller de folklore \u00abAyun Purrun\u00bb, Jard\u00edn de Infantes N\u00b0 901, Jard\u00edn de Infantes N\u00b0 908, Jard\u00edn de Infantes N\u00b0 913, I.D.E.O. (Instituto de Ense\u00f1anza Oral), Escuela Especial N\u00b0 502, Taller Protegido de Producci\u00f3n \u00abCrecer Juntos\u00bb, Instituto de Educaci\u00f3n Especial \u00abHellen Keller\u00bb, Talleres Protegidos Olavarr\u00eda, CE.A.T. (Centro de Atenci\u00f3n Temprana N\u00b01), EP N\u00b0 1, EP N\u00b0 4, EP N\u00b0 8, EP N\u00b0 12, EP N\u00b0 16, EP N\u00b0 32, EP N\u00ba49, EP N\u00b0 52, EP N\u00b0 56, EP N\u00b0 65, EP N\u00b0 76, EP N\u00b0 77, EP N\u00b0 79, EP N\u00b0 81, EES N\u00b0 1, EES N\u00b0 6, EES N\u00b0 8, EES N\u00b0 10, EES N\u00b0 20, EES N\u00b0 22, EEST N\u00b01 (T\u00e9cnica 1), EEST N\u00b0 2 (T\u00e9cnica 2), Colegio Monse\u00f1or Caneva, Escuela Cristiana Evang\u00e9lica, Colegio Nuestra Se\u00f1ora de F\u00e1tima, Colegio Privado Libertas, Colegio San Antonio de Padua, CENS 452, EEE N\u00b0 3 (Escuela de Educaci\u00f3n Est\u00e9tica), Ce.P.E.A.C. N\u00b0 1 (Centro Prod. Art\u00edstitco E. Cultural), Centro de Educaci\u00f3n F\u00edsica N\u00b0 44, ISFD N\u00b0 47, Centro de Formaci\u00f3n Profesional N\u00b0 401, Iglesia Cuadrangular \u00abNueva Vida\u00bb, Comunidad Gu\u00eda N\u00b0 89 \u00abNuestra Se\u00f1ora de F\u00e1tima\u00bb, OlaRosa, Colectividad Eslovena \u00abKamen\u00bb, Sociedad Espa\u00f1ola, Sociedad Libanesa de socorros Mutuos, Sociedad Portuguesa, Colectividad Vasca, Asociaci\u00f3n Cultural Dante Alighieri, Agencia Consular de Italia, Colectividad Alemanes del Volga, Club Atl\u00e9tico Estudiantes, Grupo Bajaj Olavarr\u00eda, Autos Cl\u00e1sicos Olavarr\u00eda, Filial del Fiat 600 Club, A.M.C.O. Autom\u00f3vil Moto Club Olavarr\u00eda, Divisi\u00f3n Unidad Operativa Polic\u00eda Federal Olavarr\u00eda, Bomberos Voluntarios Olavarr\u00eda, Veteranos Naciones Unidas, Soldados Continentales por Malvinas Olavarr\u00eda, Regimiento, Escuadr\u00f3n, Rinc\u00f3n Gaucho, Gauchos Peregrinos San Cayetano, La Seguidora, Agrupaci\u00f3n Peregrinos Parroquia San Jos\u00e9 e Hipismo del Club Atl\u00e9tico Estudiantes.<\/p>\n<p><a href=\"https:\/\/experienciadevida.com.ar\/portalurbano\/mas-de-70-instituciones-participaron-del-desfile-del-9-de-julio\/de-30\/\" rel=\"attachment wp-att-171072\"><img decoding=\"async\" class=\"alignnone size-large wp-image-171072\" src=\"https:\/\/experienciadevida.com.ar\/portalurbano\/wp-content\/uploads\/2022\/07\/de-1024x684.jpg\" alt=\"de \" width=\"900\" height=\"601\" srcset=\"https:\/\/experienciadevida.com.ar\/portalurbano\/wp-content\/uploads\/2022\/07\/de-1024x684.jpg 1024w, https:\/\/experienciadevida.com.ar\/portalurbano\/wp-content\/uploads\/2022\/07\/de-300x201.jpg 300w, https:\/\/experienciadevida.com.ar\/portalurbano\/wp-content\/uploads\/2022\/07\/de-768x513.jpg 768w, https:\/\/experienciadevida.com.ar\/portalurbano\/wp-content\/uploads\/2022\/07\/de-1536x1027.jpg 1536w, https:\/\/experienciadevida.com.ar\/portalurbano\/wp-content\/uploads\/2022\/07\/de-2048x1369.jpg 2048w\" sizes=\"(max-width: 900px) 100vw, 900px\" \/><\/a><\/p>\n<p><a href=\"https:\/\/experienciadevida.com.ar\/portalurbano\/mas-de-70-instituciones-participaron-del-desfile-del-9-de-julio\/instituciones-2\/\" rel=\"attachment wp-att-171074\"><img decoding=\"async\" class=\"alignnone size-large wp-image-171074\" src=\"https:\/\/experienciadevida.com.ar\/portalurbano\/wp-content\/uploads\/2022\/07\/instituciones-1024x684.jpg\" alt=\"instituciones \" width=\"900\" height=\"601\" srcset=\"https:\/\/experienciadevida.com.ar\/portalurbano\/wp-content\/uploads\/2022\/07\/instituciones-1024x684.jpg 1024w, https:\/\/experienciadevida.com.ar\/portalurbano\/wp-content\/uploads\/2022\/07\/instituciones-300x201.jpg 300w, https:\/\/experienciadevida.com.ar\/portalurbano\/wp-content\/uploads\/2022\/07\/instituciones-768x513.jpg 768w, https:\/\/experienciadevida.com.ar\/portalurbano\/wp-content\/uploads\/2022\/07\/instituciones-1536x1027.jpg 1536w, https:\/\/experienciadevida.com.ar\/portalurbano\/wp-content\/uploads\/2022\/07\/instituciones-2048x1369.jpg 2048w\" sizes=\"(max-width: 900px) 100vw, 900px\" \/><\/a><\/p>\n<p><a href=\"https:\/\/experienciadevida.com.ar\/portalurbano\/mas-de-70-instituciones-participaron-del-desfile-del-9-de-julio\/acto-9-de-julio-desfile-6-scaled\/\" rel=\"attachment wp-att-171075\"><img decoding=\"async\" class=\"alignnone size-large wp-image-171075\" src=\"https:\/\/experienciadevida.com.ar\/portalurbano\/wp-content\/uploads\/2022\/07\/Acto-9-de-Julio-Desfile-6-scaled-1-1024x684.jpg\" alt=\"\" width=\"900\" height=\"601\" srcset=\"https:\/\/experienciadevida.com.ar\/portalurbano\/wp-content\/uploads\/2022\/07\/Acto-9-de-Julio-Desfile-6-scaled-1-1024x684.jpg 1024w, https:\/\/experienciadevida.com.ar\/portalurbano\/wp-content\/uploads\/2022\/07\/Acto-9-de-Julio-Desfile-6-scaled-1-300x201.jpg 300w, https:\/\/experienciadevida.com.ar\/portalurbano\/wp-content\/uploads\/2022\/07\/Acto-9-de-Julio-Desfile-6-scaled-1-768x513.jpg 768w, https:\/\/experienciadevida.com.ar\/portalurbano\/wp-content\/uploads\/2022\/07\/Acto-9-de-Julio-Desfile-6-scaled-1-1536x1027.jpg 1536w, https:\/\/experienciadevida.com.ar\/portalurbano\/wp-content\/uploads\/2022\/07\/Acto-9-de-Julio-Desfile-6-scaled-1-2048x1369.jpg 2048w\" sizes=\"(max-width: 900px) 100vw, 900px\" \/><\/a><\/p>\n<p><a href=\"https:\/\/experienciadevida.com.ar\/portalurbano\/mas-de-70-instituciones-participaron-del-desfile-del-9-de-julio\/acto-9-de-julio-desfile-7-scaled\/\" rel=\"attachment wp-att-171076\"><img decoding=\"async\" class=\"alignnone size-large wp-image-171076\" src=\"https:\/\/experienciadevida.com.ar\/portalurbano\/wp-content\/uploads\/2022\/07\/Acto-9-de-Julio-Desfile-7-scaled-1-1024x684.jpg\" alt=\"\" width=\"900\" height=\"601\" srcset=\"https:\/\/experienciadevida.com.ar\/portalurbano\/wp-content\/uploads\/2022\/07\/Acto-9-de-Julio-Desfile-7-scaled-1-1024x684.jpg 1024w, https:\/\/experienciadevida.com.ar\/portalurbano\/wp-content\/uploads\/2022\/07\/Acto-9-de-Julio-Desfile-7-scaled-1-300x201.jpg 300w, https:\/\/experienciadevida.com.ar\/portalurbano\/wp-content\/uploads\/2022\/07\/Acto-9-de-Julio-Desfile-7-scaled-1-768x513.jpg 768w, https:\/\/experienciadevida.com.ar\/portalurbano\/wp-content\/uploads\/2022\/07\/Acto-9-de-Julio-Desfile-7-scaled-1-1536x1027.jpg 1536w, https:\/\/experienciadevida.com.ar\/portalurbano\/wp-content\/uploads\/2022\/07\/Acto-9-de-Julio-Desfile-7-scaled-1-2048x1369.jpg 2048w\" sizes=\"(max-width: 900px) 100vw, 900px\" \/><\/a><\/p>\n<p><a href=\"https:\/\/experienciadevida.com.ar\/portalurbano\/mas-de-70-instituciones-participaron-del-desfile-del-9-de-julio\/acto-9-de-julio-desfile-8-scaled\/\" rel=\"attachment wp-att-171077\"><img decoding=\"async\" class=\"alignnone size-large wp-image-171077\" src=\"https:\/\/experienciadevida.com.ar\/portalurbano\/wp-content\/uploads\/2022\/07\/Acto-9-de-Julio-Desfile-8-scaled-1-1024x684.jpg\" alt=\"\" width=\"900\" height=\"601\" srcset=\"https:\/\/experienciadevida.com.ar\/portalurbano\/wp-content\/uploads\/2022\/07\/Acto-9-de-Julio-Desfile-8-scaled-1-1024x684.jpg 1024w, https:\/\/experienciadevida.com.ar\/portalurbano\/wp-content\/uploads\/2022\/07\/Acto-9-de-Julio-Desfile-8-scaled-1-300x201.jpg 300w, https:\/\/experienciadevida.com.ar\/portalurbano\/wp-content\/uploads\/2022\/07\/Acto-9-de-Julio-Desfile-8-scaled-1-768x513.jpg 768w, https:\/\/experienciadevida.com.ar\/portalurbano\/wp-content\/uploads\/2022\/07\/Acto-9-de-Julio-Desfile-8-scaled-1-1536x1027.jpg 1536w, https:\/\/experienciadevida.com.ar\/portalurbano\/wp-content\/uploads\/2022\/07\/Acto-9-de-Julio-Desfile-8-scaled-1-2048x1369.jpg 2048w\" sizes=\"(max-width: 900px) 100vw, 900px\" \/><\/a><\/p>\n<p><a href=\"https:\/\/experienciadevida.com.ar\/portalurbano\/mas-de-70-instituciones-participaron-del-desfile-del-9-de-julio\/acto-9-de-julio-desfile-9-scaled\/\" rel=\"attachment wp-att-171078\"><img decoding=\"async\" class=\"alignnone size-large wp-image-171078\" src=\"https:\/\/experienciadevida.com.ar\/portalurbano\/wp-content\/uploads\/2022\/07\/Acto-9-de-Julio-Desfile-9-scaled-1-1024x684.jpg\" alt=\"\" width=\"900\" height=\"601\" srcset=\"https:\/\/experienciadevida.com.ar\/portalurbano\/wp-content\/uploads\/2022\/07\/Acto-9-de-Julio-Desfile-9-scaled-1-1024x684.jpg 1024w, https:\/\/experienciadevida.com.ar\/portalurbano\/wp-content\/uploads\/2022\/07\/Acto-9-de-Julio-Desfile-9-scaled-1-300x201.jpg 300w, https:\/\/experienciadevida.com.ar\/portalurbano\/wp-content\/uploads\/2022\/07\/Acto-9-de-Julio-Desfile-9-scaled-1-768x513.jpg 768w, https:\/\/experienciadevida.com.ar\/portalurbano\/wp-content\/uploads\/2022\/07\/Acto-9-de-Julio-Desfile-9-scaled-1-1536x1027.jpg 1536w, https:\/\/experienciadevida.com.ar\/portalurbano\/wp-content\/uploads\/2022\/07\/Acto-9-de-Julio-Desfile-9-scaled-1-2048x1369.jpg 2048w\" sizes=\"(max-width: 900px) 100vw, 900px\" \/><\/a><\/p>\n<p><a href=\"https:\/\/experienciadevida.com.ar\/portalurbano\/mas-de-70-instituciones-participaron-del-desfile-del-9-de-julio\/acto-9-de-julio-desfile-10-scaled\/\" rel=\"attachment wp-att-171079\"><img decoding=\"async\" class=\"alignnone size-large wp-image-171079\" src=\"https:\/\/experienciadevida.com.ar\/portalurbano\/wp-content\/uploads\/2022\/07\/Acto-9-de-Julio-Desfile-10-scaled-1-1024x684.jpg\" alt=\"\" width=\"900\" height=\"601\" srcset=\"https:\/\/experienciadevida.com.ar\/portalurbano\/wp-content\/uploads\/2022\/07\/Acto-9-de-Julio-Desfile-10-scaled-1-1024x684.jpg 1024w, https:\/\/experienciadevida.com.ar\/portalurbano\/wp-content\/uploads\/2022\/07\/Acto-9-de-Julio-Desfile-10-scaled-1-300x201.jpg 300w, https:\/\/experienciadevida.com.ar\/portalurbano\/wp-content\/uploads\/2022\/07\/Acto-9-de-Julio-Desfile-10-scaled-1-768x513.jpg 768w, https:\/\/experienciadevida.com.ar\/portalurbano\/wp-content\/uploads\/2022\/07\/Acto-9-de-Julio-Desfile-10-scaled-1-1536x1027.jpg 1536w, https:\/\/experienciadevida.com.ar\/portalurbano\/wp-content\/uploads\/2022\/07\/Acto-9-de-Julio-Desfile-10-scaled-1-2048x1369.jpg 2048w\" sizes=\"(max-width: 900px) 100vw, 900px\" \/><\/a><\/p>\n<p><a href=\"https:\/\/experienciadevida.com.ar\/portalurbano\/mas-de-70-instituciones-participaron-del-desfile-del-9-de-julio\/acto-9-de-julio-desfile-12-scaled\/\" rel=\"attachment wp-att-171080\"><img decoding=\"async\" class=\"alignnone size-large wp-image-171080\" src=\"https:\/\/experienciadevida.com.ar\/portalurbano\/wp-content\/uploads\/2022\/07\/Acto-9-de-Julio-Desfile-12-scaled-1-1024x684.jpg\" alt=\"\" width=\"900\" height=\"601\" srcset=\"https:\/\/experienciadevida.com.ar\/portalurbano\/wp-content\/uploads\/2022\/07\/Acto-9-de-Julio-Desfile-12-scaled-1-1024x684.jpg 1024w, https:\/\/experienciadevida.com.ar\/portalurbano\/wp-content\/uploads\/2022\/07\/Acto-9-de-Julio-Desfile-12-scaled-1-300x201.jpg 300w, https:\/\/experienciadevida.com.ar\/portalurbano\/wp-content\/uploads\/2022\/07\/Acto-9-de-Julio-Desfile-12-scaled-1-768x513.jpg 768w, https:\/\/experienciadevida.com.ar\/portalurbano\/wp-content\/uploads\/2022\/07\/Acto-9-de-Julio-Desfile-12-scaled-1-1536x1027.jpg 1536w, https:\/\/experienciadevida.com.ar\/portalurbano\/wp-content\/uploads\/2022\/07\/Acto-9-de-Julio-Desfile-12-scaled-1-2048x1369.jpg 2048w\" sizes=\"(max-width: 900px) 100vw, 900px\" \/><\/a><\/p>\n<p><a href=\"https:\/\/experienciadevida.com.ar\/portalurbano\/mas-de-70-instituciones-participaron-del-desfile-del-9-de-julio\/acto-9-de-julio-desfile-11-scaled\/\" rel=\"attachment wp-att-171081\"><img decoding=\"async\" class=\"alignnone size-large wp-image-171081\" src=\"https:\/\/experienciadevida.com.ar\/portalurbano\/wp-content\/uploads\/2022\/07\/Acto-9-de-Julio-Desfile-11-scaled-1-1024x684.jpg\" alt=\"\" width=\"900\" height=\"601\" srcset=\"https:\/\/experienciadevida.com.ar\/portalurbano\/wp-content\/uploads\/2022\/07\/Acto-9-de-Julio-Desfile-11-scaled-1-1024x684.jpg 1024w, https:\/\/experienciadevida.com.ar\/portalurbano\/wp-content\/uploads\/2022\/07\/Acto-9-de-Julio-Desfile-11-scaled-1-300x201.jpg 300w, https:\/\/experienciadevida.com.ar\/portalurbano\/wp-content\/uploads\/2022\/07\/Acto-9-de-Julio-Desfile-11-scaled-1-768x513.jpg 768w, https:\/\/experienciadevida.com.ar\/portalurbano\/wp-content\/uploads\/2022\/07\/Acto-9-de-Julio-Desfile-11-scaled-1-1536x1027.jpg 1536w, https:\/\/experienciadevida.com.ar\/portalurbano\/wp-content\/uploads\/2022\/07\/Acto-9-de-Julio-Desfile-11-scaled-1-2048x1369.jpg 2048w\" sizes=\"(max-width: 900px) 100vw, 900px\" \/><\/a><\/p>\n","protected":false},"excerpt":{"rendered":"<p>M\u00e1s de 70 instituciones participaron del desfile del 9 de julio, el desfile por el&#8230;<\/p>\n","protected":false},"author":1,"featured_media":171069,"comment_status":"closed","ping_status":"closed","sticky":false,"template":"","format":"standard","meta":{"content-type":""},"categories":[27,51],"tags":[],"nelio_content":{"isAutoShareEnabled":false,"autoShareEndMode":"default","automationSources":{"useContentSentences":true,"useSocialTemplates":true,"useCustomSentences":false,"customSentences":[]},"followers":[1],"suggestedReferences":[],"includedReferences":["https:\/\/www.instagram.com\/galliezequiel\/"],"efiUrl":"","efiAlt":"","highlights":[]},"yoast_head":"<!-- This site is optimized with the Yoast SEO plugin v20.7 - https:\/\/yoast.com\/wordpress\/plugins\/seo\/ -->\n<title>M\u00e1s de 70 instituciones participaron del desfile del 9 de julio<\/title>\n<meta name=\"description\" content=\"M\u00e1s de 70 instituciones participaron del desfile del 9 de julio, el desfile por el 9 de Julio convoc\u00f3 a m\u00e1s de 70 instituciones del Instituto\" \/>\n<meta name=\"robots\" content=\"index, follow, max-snippet:-1, max-image-preview:large, max-video-preview:-1\" \/>\n<link rel=\"canonical\" href=\"https:\/\/experienciadevida.com.ar\/portalurbano\/mas-de-70-instituciones-participaron-del-desfile-del-9-de-julio\/\" \/>\n<meta property=\"og:locale\" content=\"es_ES\" \/>\n<meta property=\"og:type\" content=\"article\" \/>\n<meta property=\"og:title\" content=\"M\u00e1s de 70 instituciones participaron del desfile del 9 de julio\" \/>\n<meta property=\"og:description\" content=\"M\u00e1s de 70 instituciones participaron del desfile del 9 de julio, el desfile por el 9 de Julio convoc\u00f3 a m\u00e1s de 70 instituciones del Instituto\" \/>\n<meta property=\"og:url\" content=\"https:\/\/experienciadevida.com.ar\/portalurbano\/mas-de-70-instituciones-participaron-del-desfile-del-9-de-julio\/\" \/>\n<meta property=\"article:publisher\" content=\"https:\/\/www.facebook.com\/Portal-Urbano-171542830093757\/\" \/>\n<meta property=\"article:published_time\" content=\"2022-07-09T15:37:45+00:00\" \/>\n<meta property=\"article:modified_time\" content=\"2022-07-09T15:43:11+00:00\" \/>\n<meta property=\"og:image\" content=\"https:\/\/experienciadevida.com.ar\/portalurbano\/wp-content\/uploads\/2022\/07\/Mas-de-70-instituciones.jpg\" \/>\n\t<meta property=\"og:image:width\" content=\"2560\" \/>\n\t<meta property=\"og:image:height\" content=\"1711\" \/>\n\t<meta property=\"og:image:type\" content=\"image\/jpeg\" \/>\n<meta name=\"author\" content=\"admpu17wp\" \/>\n<meta name=\"twitter:card\" content=\"summary_large_image\" \/>\n<meta name=\"twitter:creator\" content=\"@portalurbanook\" \/>\n<meta name=\"twitter:site\" content=\"@portalurbanook\" \/>\n<meta name=\"twitter:label1\" content=\"Escrito por\" \/>\n\t<meta name=\"twitter:data1\" content=\"admpu17wp\" \/>\n\t<meta name=\"twitter:label2\" content=\"Tiempo de lectura\" \/>\n\t<meta name=\"twitter:data2\" content=\"4 minutos\" \/>\n<script type=\"application\/ld+json\" class=\"yoast-schema-graph\">{\"@context\":\"https:\/\/schema.org\",\"@graph\":[{\"@type\":\"Article\",\"@id\":\"https:\/\/experienciadevida.com.ar\/portalurbano\/mas-de-70-instituciones-participaron-del-desfile-del-9-de-julio\/#article\",\"isPartOf\":{\"@id\":\"https:\/\/experienciadevida.com.ar\/portalurbano\/mas-de-70-instituciones-participaron-del-desfile-del-9-de-julio\/\"},\"author\":{\"name\":\"admpu17wp\",\"@id\":\"https:\/\/experienciadevida.com.ar\/portalurbano\/#\/schema\/person\/02dd326b1c4b056e9cc972486934a3a7\"},\"headline\":\"M\u00e1s de 70 instituciones participaron del desfile del 9 de julio\",\"datePublished\":\"2022-07-09T15:37:45+00:00\",\"dateModified\":\"2022-07-09T15:43:11+00:00\",\"mainEntityOfPage\":{\"@id\":\"https:\/\/experienciadevida.com.ar\/portalurbano\/mas-de-70-instituciones-participaron-del-desfile-del-9-de-julio\/\"},\"wordCount\":454,\"publisher\":{\"@id\":\"https:\/\/experienciadevida.com.ar\/portalurbano\/#organization\"},\"articleSection\":[\"Ciudad\",\"Destacadas\"],\"inLanguage\":\"es\"},{\"@type\":\"WebPage\",\"@id\":\"https:\/\/experienciadevida.com.ar\/portalurbano\/mas-de-70-instituciones-participaron-del-desfile-del-9-de-julio\/\",\"url\":\"https:\/\/experienciadevida.com.ar\/portalurbano\/mas-de-70-instituciones-participaron-del-desfile-del-9-de-julio\/\",\"name\":\"M\u00e1s de 70 instituciones participaron del desfile del 9 de julio\",\"isPartOf\":{\"@id\":\"https:\/\/experienciadevida.com.ar\/portalurbano\/#website\"},\"datePublished\":\"2022-07-09T15:37:45+00:00\",\"dateModified\":\"2022-07-09T15:43:11+00:00\",\"description\":\"M\u00e1s de 70 instituciones participaron del desfile del 9 de julio, el desfile por el 9 de Julio convoc\u00f3 a m\u00e1s de 70 instituciones del Instituto\",\"breadcrumb\":{\"@id\":\"https:\/\/experienciadevida.com.ar\/portalurbano\/mas-de-70-instituciones-participaron-del-desfile-del-9-de-julio\/#breadcrumb\"},\"inLanguage\":\"es\",\"potentialAction\":[{\"@type\":\"ReadAction\",\"target\":[\"https:\/\/experienciadevida.com.ar\/portalurbano\/mas-de-70-instituciones-participaron-del-desfile-del-9-de-julio\/\"]}]},{\"@type\":\"BreadcrumbList\",\"@id\":\"https:\/\/experienciadevida.com.ar\/portalurbano\/mas-de-70-instituciones-participaron-del-desfile-del-9-de-julio\/#breadcrumb\",\"itemListElement\":[{\"@type\":\"ListItem\",\"position\":1,\"name\":\"Portada\",\"item\":\"https:\/\/experienciadevida.com.ar\/portalurbano\/\"},{\"@type\":\"ListItem\",\"position\":2,\"name\":\"M\u00e1s de 70 instituciones participaron del desfile del 9 de julio\"}]},{\"@type\":\"WebSite\",\"@id\":\"https:\/\/experienciadevida.com.ar\/portalurbano\/#website\",\"url\":\"https:\/\/experienciadevida.com.ar\/portalurbano\/\",\"name\":\"\",\"description\":\"\",\"publisher\":{\"@id\":\"https:\/\/experienciadevida.com.ar\/portalurbano\/#organization\"},\"potentialAction\":[{\"@type\":\"SearchAction\",\"target\":{\"@type\":\"EntryPoint\",\"urlTemplate\":\"https:\/\/experienciadevida.com.ar\/portalurbano\/?s={search_term_string}\"},\"query-input\":\"required name=search_term_string\"}],\"inLanguage\":\"es\"},{\"@type\":\"Organization\",\"@id\":\"https:\/\/experienciadevida.com.ar\/portalurbano\/#organization\",\"name\":\"Portal Urbano\",\"url\":\"https:\/\/experienciadevida.com.ar\/portalurbano\/\",\"logo\":{\"@type\":\"ImageObject\",\"inLanguage\":\"es\",\"@id\":\"https:\/\/experienciadevida.com.ar\/portalurbano\/#\/schema\/logo\/image\/\",\"url\":\"https:\/\/experienciadevida.com.ar\/portalurbano\/wp-content\/uploads\/2019\/09\/Logo-Original.png\",\"contentUrl\":\"https:\/\/experienciadevida.com.ar\/portalurbano\/wp-content\/uploads\/2019\/09\/Logo-Original.png\",\"width\":2236,\"height\":1216,\"caption\":\"Portal Urbano\"},\"image\":{\"@id\":\"https:\/\/experienciadevida.com.ar\/portalurbano\/#\/schema\/logo\/image\/\"},\"sameAs\":[\"https:\/\/www.facebook.com\/Portal-Urbano-171542830093757\/\",\"https:\/\/twitter.com\/portalurbanook\",\"https:\/\/www.instagram.com\/_portalurbano\/\",\"https:\/\/www.youtube.com\/channel\/UCXhagIfszH8KxFiOok79zbA?view_as=subscriber\"]},{\"@type\":\"Person\",\"@id\":\"https:\/\/experienciadevida.com.ar\/portalurbano\/#\/schema\/person\/02dd326b1c4b056e9cc972486934a3a7\",\"name\":\"admpu17wp\",\"image\":{\"@type\":\"ImageObject\",\"inLanguage\":\"es\",\"@id\":\"https:\/\/experienciadevida.com.ar\/portalurbano\/#\/schema\/person\/image\/\",\"url\":\"https:\/\/secure.gravatar.com\/avatar\/830d4c57adaae6630765e449a6908047?s=96&d=mm&r=g\",\"contentUrl\":\"https:\/\/secure.gravatar.com\/avatar\/830d4c57adaae6630765e449a6908047?s=96&d=mm&r=g\",\"caption\":\"admpu17wp\"}}]}<\/script>\n<!-- \/ Yoast SEO plugin. -->","yoast_head_json":{"title":"M\u00e1s de 70 instituciones participaron del desfile del 9 de julio","description":"M\u00e1s de 70 instituciones participaron del desfile del 9 de julio, el desfile por el 9 de Julio convoc\u00f3 a m\u00e1s de 70 instituciones del Instituto","robots":{"index":"index","follow":"follow","max-snippet":"max-snippet:-1","max-image-preview":"max-image-preview:large","max-video-preview":"max-video-preview:-1"},"canonical":"https:\/\/experienciadevida.com.ar\/portalurbano\/mas-de-70-instituciones-participaron-del-desfile-del-9-de-julio\/","og_locale":"es_ES","og_type":"article","og_title":"M\u00e1s de 70 instituciones participaron del desfile del 9 de julio","og_description":"M\u00e1s de 70 instituciones participaron del desfile del 9 de julio, el desfile por el 9 de Julio convoc\u00f3 a m\u00e1s de 70 instituciones del Instituto","og_url":"https:\/\/experienciadevida.com.ar\/portalurbano\/mas-de-70-instituciones-participaron-del-desfile-del-9-de-julio\/","article_publisher":"https:\/\/www.facebook.com\/Portal-Urbano-171542830093757\/","article_published_time":"2022-07-09T15:37:45+00:00","article_modified_time":"2022-07-09T15:43:11+00:00","og_image":[{"width":2560,"height":1711,"url":"https:\/\/experienciadevida.com.ar\/portalurbano\/wp-content\/uploads\/2022\/07\/Mas-de-70-instituciones.jpg","type":"image\/jpeg"}],"author":"admpu17wp","twitter_card":"summary_large_image","twitter_creator":"@portalurbanook","twitter_site":"@portalurbanook","twitter_misc":{"Escrito por":"admpu17wp","Tiempo de lectura":"4 minutos"},"schema":{"@context":"https:\/\/schema.org","@graph":[{"@type":"Article","@id":"https:\/\/experienciadevida.com.ar\/portalurbano\/mas-de-70-instituciones-participaron-del-desfile-del-9-de-julio\/#article","isPartOf":{"@id":"https:\/\/experienciadevida.com.ar\/portalurbano\/mas-de-70-instituciones-participaron-del-desfile-del-9-de-julio\/"},"author":{"name":"admpu17wp","@id":"https:\/\/experienciadevida.com.ar\/portalurbano\/#\/schema\/person\/02dd326b1c4b056e9cc972486934a3a7"},"headline":"M\u00e1s de 70 instituciones participaron del desfile del 9 de julio","datePublished":"2022-07-09T15:37:45+00:00","dateModified":"2022-07-09T15:43:11+00:00","mainEntityOfPage":{"@id":"https:\/\/experienciadevida.com.ar\/portalurbano\/mas-de-70-instituciones-participaron-del-desfile-del-9-de-julio\/"},"wordCount":454,"publisher":{"@id":"https:\/\/experienciadevida.com.ar\/portalurbano\/#organization"},"articleSection":["Ciudad","Destacadas"],"inLanguage":"es"},{"@type":"WebPage","@id":"https:\/\/experienciadevida.com.ar\/portalurbano\/mas-de-70-instituciones-participaron-del-desfile-del-9-de-julio\/","url":"https:\/\/experienciadevida.com.ar\/portalurbano\/mas-de-70-instituciones-participaron-del-desfile-del-9-de-julio\/","name":"M\u00e1s de 70 instituciones participaron del desfile del 9 de julio","isPartOf":{"@id":"https:\/\/experienciadevida.com.ar\/portalurbano\/#website"},"datePublished":"2022-07-09T15:37:45+00:00","dateModified":"2022-07-09T15:43:11+00:00","description":"M\u00e1s de 70 instituciones participaron del desfile del 9 de julio, el desfile por el 9 de Julio convoc\u00f3 a m\u00e1s de 70 instituciones del Instituto","breadcrumb":{"@id":"https:\/\/experienciadevida.com.ar\/portalurbano\/mas-de-70-instituciones-participaron-del-desfile-del-9-de-julio\/#breadcrumb"},"inLanguage":"es","potentialAction":[{"@type":"ReadAction","target":["https:\/\/experienciadevida.com.ar\/portalurbano\/mas-de-70-instituciones-participaron-del-desfile-del-9-de-julio\/"]}]},{"@type":"BreadcrumbList","@id":"https:\/\/experienciadevida.com.ar\/portalurbano\/mas-de-70-instituciones-participaron-del-desfile-del-9-de-julio\/#breadcrumb","itemListElement":[{"@type":"ListItem","position":1,"name":"Portada","item":"https:\/\/experienciadevida.com.ar\/portalurbano\/"},{"@type":"ListItem","position":2,"name":"M\u00e1s de 70 instituciones participaron del desfile del 9 de julio"}]},{"@type":"WebSite","@id":"https:\/\/experienciadevida.com.ar\/portalurbano\/#website","url":"https:\/\/experienciadevida.com.ar\/portalurbano\/","name":"","description":"","publisher":{"@id":"https:\/\/experienciadevida.com.ar\/portalurbano\/#organization"},"potentialAction":[{"@type":"SearchAction","target":{"@type":"EntryPoint","urlTemplate":"https:\/\/experienciadevida.com.ar\/portalurbano\/?s={search_term_string}"},"query-input":"required name=search_term_string"}],"inLanguage":"es"},{"@type":"Organization","@id":"https:\/\/experienciadevida.com.ar\/portalurbano\/#organization","name":"Portal Urbano","url":"https:\/\/experienciadevida.com.ar\/portalurbano\/","logo":{"@type":"ImageObject","inLanguage":"es","@id":"https:\/\/experienciadevida.com.ar\/portalurbano\/#\/schema\/logo\/image\/","url":"https:\/\/experienciadevida.com.ar\/portalurbano\/wp-content\/uploads\/2019\/09\/Logo-Original.png","contentUrl":"https:\/\/experienciadevida.com.ar\/portalurbano\/wp-content\/uploads\/2019\/09\/Logo-Original.png","width":2236,"height":1216,"caption":"Portal Urbano"},"image":{"@id":"https:\/\/experienciadevida.com.ar\/portalurbano\/#\/schema\/logo\/image\/"},"sameAs":["https:\/\/www.facebook.com\/Portal-Urbano-171542830093757\/","https:\/\/twitter.com\/portalurbanook","https:\/\/www.instagram.com\/_portalurbano\/","https:\/\/www.youtube.com\/channel\/UCXhagIfszH8KxFiOok79zbA?view_as=subscriber"]},{"@type":"Person","@id":"https:\/\/experienciadevida.com.ar\/portalurbano\/#\/schema\/person\/02dd326b1c4b056e9cc972486934a3a7","name":"admpu17wp","image":{"@type":"ImageObject","inLanguage":"es","@id":"https:\/\/experienciadevida.com.ar\/portalurbano\/#\/schema\/person\/image\/","url":"https:\/\/secure.gravatar.com\/avatar\/830d4c57adaae6630765e449a6908047?s=96&d=mm&r=g","contentUrl":"https:\/\/secure.gravatar.com\/avatar\/830d4c57adaae6630765e449a6908047?s=96&d=mm&r=g","caption":"admpu17wp"}}]}},"featured_image_urls":{"full":["https:\/\/experienciadevida.com.ar\/portalurbano\/wp-content\/uploads\/2022\/07\/Mas-de-70-instituciones.jpg",2560,1711,false],"thumbnail":["https:\/\/experienciadevida.com.ar\/portalurbano\/wp-content\/uploads\/2022\/07\/Mas-de-70-instituciones-150x150.jpg",150,150,true],"medium":["https:\/\/experienciadevida.com.ar\/portalurbano\/wp-content\/uploads\/2022\/07\/Mas-de-70-instituciones-300x201.jpg",300,201,true],"medium_large":["https:\/\/experienciadevida.com.ar\/portalurbano\/wp-content\/uploads\/2022\/07\/Mas-de-70-instituciones-768x513.jpg",640,428,true],"large":["https:\/\/experienciadevida.com.ar\/portalurbano\/wp-content\/uploads\/2022\/07\/Mas-de-70-instituciones-1024x684.jpg",640,428,true],"ug_big":["https:\/\/experienciadevida.com.ar\/portalurbano\/wp-content\/uploads\/2022\/07\/Mas-de-70-instituciones-768x513.jpg",768,513,true],"1536x1536":["https:\/\/experienciadevida.com.ar\/portalurbano\/wp-content\/uploads\/2022\/07\/Mas-de-70-instituciones-1536x1027.jpg",1536,1027,true],"2048x2048":["https:\/\/experienciadevida.com.ar\/portalurbano\/wp-content\/uploads\/2022\/07\/Mas-de-70-instituciones-2048x1369.jpg",2048,1369,true],"newsever-slider-full":["https:\/\/experienciadevida.com.ar\/portalurbano\/wp-content\/uploads\/2022\/07\/Mas-de-70-instituciones.jpg",1264,845,false],"newsever-featured":["https:\/\/experienciadevida.com.ar\/portalurbano\/wp-content\/uploads\/2022\/07\/Mas-de-70-instituciones.jpg",1024,684,false],"newsever-medium":["https:\/\/experienciadevida.com.ar\/portalurbano\/wp-content\/uploads\/2022\/07\/Mas-de-70-instituciones.jpg",711,475,false],"web-stories-poster-portrait":["https:\/\/experienciadevida.com.ar\/portalurbano\/wp-content\/uploads\/2022\/07\/Mas-de-70-instituciones.jpg",640,428,false],"web-stories-publisher-logo":["https:\/\/experienciadevida.com.ar\/portalurbano\/wp-content\/uploads\/2022\/07\/Mas-de-70-instituciones.jpg",96,64,false],"web-stories-thumbnail":["https:\/\/experienciadevida.com.ar\/portalurbano\/wp-content\/uploads\/2022\/07\/Mas-de-70-instituciones.jpg",150,100,false]},"author_info":{"display_name":"admpu17wp","author_link":"https:\/\/experienciadevida.com.ar\/portalurbano\/author\/admpu17wp\/"},"category_info":"<a href=\"https:\/\/experienciadevida.com.ar\/portalurbano\/category\/ciudad\/\" rel=\"category tag\">Ciudad<\/a> <a href=\"https:\/\/experienciadevida.com.ar\/portalurbano\/category\/destacadas\/\" rel=\"category tag\">Destacadas<\/a>","tag_info":"Destacadas","comment_count":"0","amp_enabled":true,"_links":{"self":[{"href":"https:\/\/experienciadevida.com.ar\/portalurbano\/wp-json\/wp\/v2\/posts\/171068"}],"collection":[{"href":"https:\/\/experienciadevida.com.ar\/portalurbano\/wp-json\/wp\/v2\/posts"}],"about":[{"href":"https:\/\/experienciadevida.com.ar\/portalurbano\/wp-json\/wp\/v2\/types\/post"}],"author":[{"embeddable":true,"href":"https:\/\/experienciadevida.com.ar\/portalurbano\/wp-json\/wp\/v2\/users\/1"}],"replies":[{"embeddable":true,"href":"https:\/\/experienciadevida.com.ar\/portalurbano\/wp-json\/wp\/v2\/comments?post=171068"}],"version-history":[{"count":3,"href":"https:\/\/experienciadevida.com.ar\/portalurbano\/wp-json\/wp\/v2\/posts\/171068\/revisions"}],"predecessor-version":[{"id":171082,"href":"https:\/\/experienciadevida.com.ar\/portalurbano\/wp-json\/wp\/v2\/posts\/171068\/revisions\/171082"}],"wp:featuredmedia":[{"embeddable":true,"href":"https:\/\/experienciadevida.com.ar\/portalurbano\/wp-json\/wp\/v2\/media\/171069"}],"wp:attachment":[{"href":"https:\/\/experienciadevida.com.ar\/portalurbano\/wp-json\/wp\/v2\/media?parent=171068"}],"wp:term":[{"taxonomy":"category","embeddable":true,"href":"https:\/\/experienciadevida.com.ar\/portalurbano\/wp-json\/wp\/v2\/categories?post=171068"},{"taxonomy":"post_tag","embeddable":true,"href":"https:\/\/experienciadevida.com.ar\/portalurbano\/wp-json\/wp\/v2\/tags?post=171068"}],"curies":[{"name":"wp","href":"https:\/\/api.w.org\/{rel}","templated":true}]}}