{"id":171034,"date":"2022-07-08T17:09:40","date_gmt":"2022-07-08T20:09:40","guid":{"rendered":"https:\/\/experienciadevida.com.ar\/portalurbano\/?p=171034"},"modified":"2022-07-08T17:10:23","modified_gmt":"2022-07-08T20:10:23","slug":"seminario-de-actualizacion-investigacion-en-comunicacion-publica-de-la-ciencia","status":"publish","type":"post","link":"https:\/\/experienciadevida.com.ar\/portalurbano\/seminario-de-actualizacion-investigacion-en-comunicacion-publica-de-la-ciencia\/","title":{"rendered":"Seminario de actualizaci\u00f3n \u201cInvestigaci\u00f3n en Comunicaci\u00f3n P\u00fablica de la Ciencia\u201d"},"content":{"rendered":"<p>Seminario de actualizaci\u00f3n \u201cInvestigaci\u00f3n en Comunicaci\u00f3n P\u00fablica de la Ciencia\u201d, en el marco de la Diplomatura Universitaria Superior en Comunicaci\u00f3n P\u00fablica de la Ciencia de la <a href=\"https:\/\/www.facebook.com\/facultadcienciassociales.unicen\">Facultad de Ciencias Sociales<\/a>, en agosto se dictar\u00e1 el seminario \u201cInvestigaci\u00f3n en Comunicaci\u00f3n P\u00fablica de la Ciencia\u201d. Se cursar\u00e1 a distancia, a trav\u00e9s del campus virtual de la FACSO.<\/p>\n<p>El mismo estar\u00e1 a cargo de la Dra. Carina Cortassa, Doctora en Ciencia y Cultura (Universidad Aut\u00f3noma de Madrid), M\u00e1ster en Ciencia, Tecnolog\u00eda y Sociedad (Universidad de Salamanca), investigadora del Centro de Estudios sobre Ciencia, Desarrollo y Educaci\u00f3n Superior (REDES), Unidad Asociada al CONICET y profesora de la Universidad Nacional de Entre R\u00edos.<\/p>\n<p>Los contenidos de este seminario est\u00e1n orientados a introducir en la pr\u00e1ctica de la investigaci\u00f3n acad\u00e9mica en el campo de la comunicaci\u00f3n p\u00fablica como parte de los estudios sociales de la ciencia y la tecnolog\u00eda (estudios CTS).<\/p>\n<p>El seminario de actualizaci\u00f3n se dictar\u00e1 entre el 1 de agosto y el 2 de septiembre de 2022. La propuesta est\u00e1 orientada a estudiantes que cuenten con titulaci\u00f3n de nivel superior y tendr\u00e1 una duraci\u00f3n 30 horas reloj, distribuidas durante las cinco semanas de duraci\u00f3n. La propuesta se dictar\u00e1 con modalidad virtual y clases asincr\u00f3nicas.<\/p>\n<p>El taller es organizado por la Facultad de Ciencias Sociales y cuenta con el auspicio del Centro Cient\u00edfico Tecnol\u00f3gico CONICET\u2013TANDIL (CCT CONICET\u2013TANDIL).<\/p>\n<p>La inscripci\u00f3n estar\u00e1 abierta hasta el viernes 29 de julio de 2022. Los\/as interesados\/as deber\u00e1n completar la ficha de inscripci\u00f3n disponible aqu\u00ed y enviarla por correo electr\u00f3nico a la Secretar\u00eda de Investigaci\u00f3n y Postgrado de la FACSO: diplomatura.cpc@soc.unicen.edu.ar, acompa\u00f1ada de copia escaneada del DNI y del t\u00edtulo de nivel superior.<\/p>\n<p>El costo del taller para argentinas\/os es de $9500 y para estudiantes extranjeras\/os tiene un costo de 70 d\u00f3lares.<\/p>\n","protected":false},"excerpt":{"rendered":"<p>Seminario de actualizaci\u00f3n \u201cInvestigaci\u00f3n en Comunicaci\u00f3n P\u00fablica de la Ciencia\u201d, en el marco de la&#8230;<\/p>\n","protected":false},"author":1,"featured_media":171035,"comment_status":"closed","ping_status":"closed","sticky":false,"template":"","format":"standard","meta":{"content-type":""},"categories":[31],"tags":[],"nelio_content":{"isAutoShareEnabled":false,"autoShareEndMode":"default","automationSources":{"useContentSentences":true,"useSocialTemplates":true,"useCustomSentences":false,"customSentences":[]},"followers":[1],"suggestedReferences":[],"includedReferences":[],"efiUrl":"","efiAlt":"","highlights":[]},"yoast_head":"<!-- This site is optimized with the Yoast SEO plugin v20.7 - https:\/\/yoast.com\/wordpress\/plugins\/seo\/ -->\n<title>Seminario de actualizaci\u00f3n &quot;investigaci\u00f3n en comunicaci\u00f3n p\u00fablica&quot;<\/title>\n<meta name=\"description\" content=\"Seminario de actualizaci\u00f3n \u201cInvestigaci\u00f3n en Comunicaci\u00f3n P\u00fablica de la Ciencia\u201d, en el marco de la Diplomatura Universitaria\" \/>\n<meta name=\"robots\" content=\"index, follow, max-snippet:-1, max-image-preview:large, max-video-preview:-1\" \/>\n<link rel=\"canonical\" href=\"https:\/\/experienciadevida.com.ar\/portalurbano\/seminario-de-actualizacion-investigacion-en-comunicacion-publica-de-la-ciencia\/\" \/>\n<meta property=\"og:locale\" content=\"es_ES\" \/>\n<meta property=\"og:type\" content=\"article\" \/>\n<meta property=\"og:title\" content=\"Seminario de actualizaci\u00f3n &quot;investigaci\u00f3n en comunicaci\u00f3n p\u00fablica&quot;\" \/>\n<meta property=\"og:description\" content=\"Seminario de actualizaci\u00f3n \u201cInvestigaci\u00f3n en Comunicaci\u00f3n P\u00fablica de la Ciencia\u201d, en el marco de la Diplomatura Universitaria\" \/>\n<meta property=\"og:url\" content=\"https:\/\/experienciadevida.com.ar\/portalurbano\/seminario-de-actualizacion-investigacion-en-comunicacion-publica-de-la-ciencia\/\" \/>\n<meta property=\"article:publisher\" content=\"https:\/\/www.facebook.com\/Portal-Urbano-171542830093757\/\" \/>\n<meta property=\"article:published_time\" content=\"2022-07-08T20:09:40+00:00\" \/>\n<meta property=\"article:modified_time\" content=\"2022-07-08T20:10:23+00:00\" \/>\n<meta property=\"og:image\" content=\"https:\/\/experienciadevida.com.ar\/portalurbano\/wp-content\/uploads\/2022\/07\/Seminario-de-actualizacion.jpg\" \/>\n\t<meta property=\"og:image:width\" content=\"1028\" \/>\n\t<meta property=\"og:image:height\" content=\"1028\" \/>\n\t<meta property=\"og:image:type\" content=\"image\/jpeg\" \/>\n<meta name=\"author\" content=\"admpu17wp\" \/>\n<meta name=\"twitter:card\" content=\"summary_large_image\" \/>\n<meta name=\"twitter:creator\" content=\"@portalurbanook\" \/>\n<meta name=\"twitter:site\" content=\"@portalurbanook\" \/>\n<meta name=\"twitter:label1\" content=\"Escrito por\" \/>\n\t<meta name=\"twitter:data1\" content=\"admpu17wp\" \/>\n\t<meta name=\"twitter:label2\" content=\"Tiempo de lectura\" \/>\n\t<meta name=\"twitter:data2\" content=\"2 minutos\" \/>\n<script type=\"application\/ld+json\" class=\"yoast-schema-graph\">{\"@context\":\"https:\/\/schema.org\",\"@graph\":[{\"@type\":\"Article\",\"@id\":\"https:\/\/experienciadevida.com.ar\/portalurbano\/seminario-de-actualizacion-investigacion-en-comunicacion-publica-de-la-ciencia\/#article\",\"isPartOf\":{\"@id\":\"https:\/\/experienciadevida.com.ar\/portalurbano\/seminario-de-actualizacion-investigacion-en-comunicacion-publica-de-la-ciencia\/\"},\"author\":{\"name\":\"admpu17wp\",\"@id\":\"https:\/\/experienciadevida.com.ar\/portalurbano\/#\/schema\/person\/02dd326b1c4b056e9cc972486934a3a7\"},\"headline\":\"Seminario de actualizaci\u00f3n \u201cInvestigaci\u00f3n en Comunicaci\u00f3n P\u00fablica de la Ciencia\u201d\",\"datePublished\":\"2022-07-08T20:09:40+00:00\",\"dateModified\":\"2022-07-08T20:10:23+00:00\",\"mainEntityOfPage\":{\"@id\":\"https:\/\/experienciadevida.com.ar\/portalurbano\/seminario-de-actualizacion-investigacion-en-comunicacion-publica-de-la-ciencia\/\"},\"wordCount\":346,\"publisher\":{\"@id\":\"https:\/\/experienciadevida.com.ar\/portalurbano\/#organization\"},\"articleSection\":[\"Educaci\u00f3n\"],\"inLanguage\":\"es\"},{\"@type\":\"WebPage\",\"@id\":\"https:\/\/experienciadevida.com.ar\/portalurbano\/seminario-de-actualizacion-investigacion-en-comunicacion-publica-de-la-ciencia\/\",\"url\":\"https:\/\/experienciadevida.com.ar\/portalurbano\/seminario-de-actualizacion-investigacion-en-comunicacion-publica-de-la-ciencia\/\",\"name\":\"Seminario de actualizaci\u00f3n \\\"investigaci\u00f3n en comunicaci\u00f3n p\u00fablica\\\"\",\"isPartOf\":{\"@id\":\"https:\/\/experienciadevida.com.ar\/portalurbano\/#website\"},\"datePublished\":\"2022-07-08T20:09:40+00:00\",\"dateModified\":\"2022-07-08T20:10:23+00:00\",\"description\":\"Seminario de actualizaci\u00f3n \u201cInvestigaci\u00f3n en Comunicaci\u00f3n P\u00fablica de la Ciencia\u201d, en el marco de la Diplomatura Universitaria\",\"breadcrumb\":{\"@id\":\"https:\/\/experienciadevida.com.ar\/portalurbano\/seminario-de-actualizacion-investigacion-en-comunicacion-publica-de-la-ciencia\/#breadcrumb\"},\"inLanguage\":\"es\",\"potentialAction\":[{\"@type\":\"ReadAction\",\"target\":[\"https:\/\/experienciadevida.com.ar\/portalurbano\/seminario-de-actualizacion-investigacion-en-comunicacion-publica-de-la-ciencia\/\"]}]},{\"@type\":\"BreadcrumbList\",\"@id\":\"https:\/\/experienciadevida.com.ar\/portalurbano\/seminario-de-actualizacion-investigacion-en-comunicacion-publica-de-la-ciencia\/#breadcrumb\",\"itemListElement\":[{\"@type\":\"ListItem\",\"position\":1,\"name\":\"Portada\",\"item\":\"https:\/\/experienciadevida.com.ar\/portalurbano\/\"},{\"@type\":\"ListItem\",\"position\":2,\"name\":\"Seminario de actualizaci\u00f3n \u201cInvestigaci\u00f3n en Comunicaci\u00f3n P\u00fablica de la Ciencia\u201d\"}]},{\"@type\":\"WebSite\",\"@id\":\"https:\/\/experienciadevida.com.ar\/portalurbano\/#website\",\"url\":\"https:\/\/experienciadevida.com.ar\/portalurbano\/\",\"name\":\"\",\"description\":\"\",\"publisher\":{\"@id\":\"https:\/\/experienciadevida.com.ar\/portalurbano\/#organization\"},\"potentialAction\":[{\"@type\":\"SearchAction\",\"target\":{\"@type\":\"EntryPoint\",\"urlTemplate\":\"https:\/\/experienciadevida.com.ar\/portalurbano\/?s={search_term_string}\"},\"query-input\":\"required name=search_term_string\"}],\"inLanguage\":\"es\"},{\"@type\":\"Organization\",\"@id\":\"https:\/\/experienciadevida.com.ar\/portalurbano\/#organization\",\"name\":\"Portal Urbano\",\"url\":\"https:\/\/experienciadevida.com.ar\/portalurbano\/\",\"logo\":{\"@type\":\"ImageObject\",\"inLanguage\":\"es\",\"@id\":\"https:\/\/experienciadevida.com.ar\/portalurbano\/#\/schema\/logo\/image\/\",\"url\":\"https:\/\/experienciadevida.com.ar\/portalurbano\/wp-content\/uploads\/2019\/09\/Logo-Original.png\",\"contentUrl\":\"https:\/\/experienciadevida.com.ar\/portalurbano\/wp-content\/uploads\/2019\/09\/Logo-Original.png\",\"width\":2236,\"height\":1216,\"caption\":\"Portal Urbano\"},\"image\":{\"@id\":\"https:\/\/experienciadevida.com.ar\/portalurbano\/#\/schema\/logo\/image\/\"},\"sameAs\":[\"https:\/\/www.facebook.com\/Portal-Urbano-171542830093757\/\",\"https:\/\/twitter.com\/portalurbanook\",\"https:\/\/www.instagram.com\/_portalurbano\/\",\"https:\/\/www.youtube.com\/channel\/UCXhagIfszH8KxFiOok79zbA?view_as=subscriber\"]},{\"@type\":\"Person\",\"@id\":\"https:\/\/experienciadevida.com.ar\/portalurbano\/#\/schema\/person\/02dd326b1c4b056e9cc972486934a3a7\",\"name\":\"admpu17wp\",\"image\":{\"@type\":\"ImageObject\",\"inLanguage\":\"es\",\"@id\":\"https:\/\/experienciadevida.com.ar\/portalurbano\/#\/schema\/person\/image\/\",\"url\":\"https:\/\/secure.gravatar.com\/avatar\/830d4c57adaae6630765e449a6908047?s=96&d=mm&r=g\",\"contentUrl\":\"https:\/\/secure.gravatar.com\/avatar\/830d4c57adaae6630765e449a6908047?s=96&d=mm&r=g\",\"caption\":\"admpu17wp\"}}]}<\/script>\n<!-- \/ Yoast SEO plugin. -->","yoast_head_json":{"title":"Seminario de actualizaci\u00f3n \"investigaci\u00f3n en comunicaci\u00f3n p\u00fablica\"","description":"Seminario de actualizaci\u00f3n \u201cInvestigaci\u00f3n en Comunicaci\u00f3n P\u00fablica de la Ciencia\u201d, en el marco de la Diplomatura Universitaria","robots":{"index":"index","follow":"follow","max-snippet":"max-snippet:-1","max-image-preview":"max-image-preview:large","max-video-preview":"max-video-preview:-1"},"canonical":"https:\/\/experienciadevida.com.ar\/portalurbano\/seminario-de-actualizacion-investigacion-en-comunicacion-publica-de-la-ciencia\/","og_locale":"es_ES","og_type":"article","og_title":"Seminario de actualizaci\u00f3n \"investigaci\u00f3n en comunicaci\u00f3n p\u00fablica\"","og_description":"Seminario de actualizaci\u00f3n \u201cInvestigaci\u00f3n en Comunicaci\u00f3n P\u00fablica de la Ciencia\u201d, en el marco de la Diplomatura Universitaria","og_url":"https:\/\/experienciadevida.com.ar\/portalurbano\/seminario-de-actualizacion-investigacion-en-comunicacion-publica-de-la-ciencia\/","article_publisher":"https:\/\/www.facebook.com\/Portal-Urbano-171542830093757\/","article_published_time":"2022-07-08T20:09:40+00:00","article_modified_time":"2022-07-08T20:10:23+00:00","og_image":[{"width":1028,"height":1028,"url":"https:\/\/experienciadevida.com.ar\/portalurbano\/wp-content\/uploads\/2022\/07\/Seminario-de-actualizacion.jpg","type":"image\/jpeg"}],"author":"admpu17wp","twitter_card":"summary_large_image","twitter_creator":"@portalurbanook","twitter_site":"@portalurbanook","twitter_misc":{"Escrito por":"admpu17wp","Tiempo de lectura":"2 minutos"},"schema":{"@context":"https:\/\/schema.org","@graph":[{"@type":"Article","@id":"https:\/\/experienciadevida.com.ar\/portalurbano\/seminario-de-actualizacion-investigacion-en-comunicacion-publica-de-la-ciencia\/#article","isPartOf":{"@id":"https:\/\/experienciadevida.com.ar\/portalurbano\/seminario-de-actualizacion-investigacion-en-comunicacion-publica-de-la-ciencia\/"},"author":{"name":"admpu17wp","@id":"https:\/\/experienciadevida.com.ar\/portalurbano\/#\/schema\/person\/02dd326b1c4b056e9cc972486934a3a7"},"headline":"Seminario de actualizaci\u00f3n \u201cInvestigaci\u00f3n en Comunicaci\u00f3n P\u00fablica de la Ciencia\u201d","datePublished":"2022-07-08T20:09:40+00:00","dateModified":"2022-07-08T20:10:23+00:00","mainEntityOfPage":{"@id":"https:\/\/experienciadevida.com.ar\/portalurbano\/seminario-de-actualizacion-investigacion-en-comunicacion-publica-de-la-ciencia\/"},"wordCount":346,"publisher":{"@id":"https:\/\/experienciadevida.com.ar\/portalurbano\/#organization"},"articleSection":["Educaci\u00f3n"],"inLanguage":"es"},{"@type":"WebPage","@id":"https:\/\/experienciadevida.com.ar\/portalurbano\/seminario-de-actualizacion-investigacion-en-comunicacion-publica-de-la-ciencia\/","url":"https:\/\/experienciadevida.com.ar\/portalurbano\/seminario-de-actualizacion-investigacion-en-comunicacion-publica-de-la-ciencia\/","name":"Seminario de actualizaci\u00f3n \"investigaci\u00f3n en comunicaci\u00f3n p\u00fablica\"","isPartOf":{"@id":"https:\/\/experienciadevida.com.ar\/portalurbano\/#website"},"datePublished":"2022-07-08T20:09:40+00:00","dateModified":"2022-07-08T20:10:23+00:00","description":"Seminario de actualizaci\u00f3n \u201cInvestigaci\u00f3n en Comunicaci\u00f3n P\u00fablica de la Ciencia\u201d, en el marco de la Diplomatura Universitaria","breadcrumb":{"@id":"https:\/\/experienciadevida.com.ar\/portalurbano\/seminario-de-actualizacion-investigacion-en-comunicacion-publica-de-la-ciencia\/#breadcrumb"},"inLanguage":"es","potentialAction":[{"@type":"ReadAction","target":["https:\/\/experienciadevida.com.ar\/portalurbano\/seminario-de-actualizacion-investigacion-en-comunicacion-publica-de-la-ciencia\/"]}]},{"@type":"BreadcrumbList","@id":"https:\/\/experienciadevida.com.ar\/portalurbano\/seminario-de-actualizacion-investigacion-en-comunicacion-publica-de-la-ciencia\/#breadcrumb","itemListElement":[{"@type":"ListItem","position":1,"name":"Portada","item":"https:\/\/experienciadevida.com.ar\/portalurbano\/"},{"@type":"ListItem","position":2,"name":"Seminario de actualizaci\u00f3n \u201cInvestigaci\u00f3n en Comunicaci\u00f3n P\u00fablica de la Ciencia\u201d"}]},{"@type":"WebSite","@id":"https:\/\/experienciadevida.com.ar\/portalurbano\/#website","url":"https:\/\/experienciadevida.com.ar\/portalurbano\/","name":"","description":"","publisher":{"@id":"https:\/\/experienciadevida.com.ar\/portalurbano\/#organization"},"potentialAction":[{"@type":"SearchAction","target":{"@type":"EntryPoint","urlTemplate":"https:\/\/experienciadevida.com.ar\/portalurbano\/?s={search_term_string}"},"query-input":"required name=search_term_string"}],"inLanguage":"es"},{"@type":"Organization","@id":"https:\/\/experienciadevida.com.ar\/portalurbano\/#organization","name":"Portal Urbano","url":"https:\/\/experienciadevida.com.ar\/portalurbano\/","logo":{"@type":"ImageObject","inLanguage":"es","@id":"https:\/\/experienciadevida.com.ar\/portalurbano\/#\/schema\/logo\/image\/","url":"https:\/\/experienciadevida.com.ar\/portalurbano\/wp-content\/uploads\/2019\/09\/Logo-Original.png","contentUrl":"https:\/\/experienciadevida.com.ar\/portalurbano\/wp-content\/uploads\/2019\/09\/Logo-Original.png","width":2236,"height":1216,"caption":"Portal Urbano"},"image":{"@id":"https:\/\/experienciadevida.com.ar\/portalurbano\/#\/schema\/logo\/image\/"},"sameAs":["https:\/\/www.facebook.com\/Portal-Urbano-171542830093757\/","https:\/\/twitter.com\/portalurbanook","https:\/\/www.instagram.com\/_portalurbano\/","https:\/\/www.youtube.com\/channel\/UCXhagIfszH8KxFiOok79zbA?view_as=subscriber"]},{"@type":"Person","@id":"https:\/\/experienciadevida.com.ar\/portalurbano\/#\/schema\/person\/02dd326b1c4b056e9cc972486934a3a7","name":"admpu17wp","image":{"@type":"ImageObject","inLanguage":"es","@id":"https:\/\/experienciadevida.com.ar\/portalurbano\/#\/schema\/person\/image\/","url":"https:\/\/secure.gravatar.com\/avatar\/830d4c57adaae6630765e449a6908047?s=96&d=mm&r=g","contentUrl":"https:\/\/secure.gravatar.com\/avatar\/830d4c57adaae6630765e449a6908047?s=96&d=mm&r=g","caption":"admpu17wp"}}]}},"featured_image_urls":{"full":["https:\/\/experienciadevida.com.ar\/portalurbano\/wp-content\/uploads\/2022\/07\/Seminario-de-actualizacion.jpg",1028,1028,false],"thumbnail":["https:\/\/experienciadevida.com.ar\/portalurbano\/wp-content\/uploads\/2022\/07\/Seminario-de-actualizacion-150x150.jpg",150,150,true],"medium":["https:\/\/experienciadevida.com.ar\/portalurbano\/wp-content\/uploads\/2022\/07\/Seminario-de-actualizacion-300x300.jpg",300,300,true],"medium_large":["https:\/\/experienciadevida.com.ar\/portalurbano\/wp-content\/uploads\/2022\/07\/Seminario-de-actualizacion-768x768.jpg",640,640,true],"large":["https:\/\/experienciadevida.com.ar\/portalurbano\/wp-content\/uploads\/2022\/07\/Seminario-de-actualizacion-1024x1024.jpg",640,640,true],"ug_big":["https:\/\/experienciadevida.com.ar\/portalurbano\/wp-content\/uploads\/2022\/07\/Seminario-de-actualizacion-768x768.jpg",768,768,true],"1536x1536":["https:\/\/experienciadevida.com.ar\/portalurbano\/wp-content\/uploads\/2022\/07\/Seminario-de-actualizacion.jpg",1028,1028,false],"2048x2048":["https:\/\/experienciadevida.com.ar\/portalurbano\/wp-content\/uploads\/2022\/07\/Seminario-de-actualizacion.jpg",1028,1028,false],"newsever-slider-full":["https:\/\/experienciadevida.com.ar\/portalurbano\/wp-content\/uploads\/2022\/07\/Seminario-de-actualizacion.jpg",845,845,false],"newsever-featured":["https:\/\/experienciadevida.com.ar\/portalurbano\/wp-content\/uploads\/2022\/07\/Seminario-de-actualizacion.jpg",1024,1024,false],"newsever-medium":["https:\/\/experienciadevida.com.ar\/portalurbano\/wp-content\/uploads\/2022\/07\/Seminario-de-actualizacion.jpg",475,475,false],"web-stories-poster-portrait":["https:\/\/experienciadevida.com.ar\/portalurbano\/wp-content\/uploads\/2022\/07\/Seminario-de-actualizacion.jpg",640,640,false],"web-stories-publisher-logo":["https:\/\/experienciadevida.com.ar\/portalurbano\/wp-content\/uploads\/2022\/07\/Seminario-de-actualizacion.jpg",96,96,false],"web-stories-thumbnail":["https:\/\/experienciadevida.com.ar\/portalurbano\/wp-content\/uploads\/2022\/07\/Seminario-de-actualizacion.jpg",150,150,false]},"author_info":{"display_name":"admpu17wp","author_link":"https:\/\/experienciadevida.com.ar\/portalurbano\/author\/admpu17wp\/"},"category_info":"<a href=\"https:\/\/experienciadevida.com.ar\/portalurbano\/category\/ciudad\/educacion\/\" rel=\"category tag\">Educaci\u00f3n<\/a>","tag_info":"Educaci\u00f3n","comment_count":"0","amp_enabled":true,"_links":{"self":[{"href":"https:\/\/experienciadevida.com.ar\/portalurbano\/wp-json\/wp\/v2\/posts\/171034"}],"collection":[{"href":"https:\/\/experienciadevida.com.ar\/portalurbano\/wp-json\/wp\/v2\/posts"}],"about":[{"href":"https:\/\/experienciadevida.com.ar\/portalurbano\/wp-json\/wp\/v2\/types\/post"}],"author":[{"embeddable":true,"href":"https:\/\/experienciadevida.com.ar\/portalurbano\/wp-json\/wp\/v2\/users\/1"}],"replies":[{"embeddable":true,"href":"https:\/\/experienciadevida.com.ar\/portalurbano\/wp-json\/wp\/v2\/comments?post=171034"}],"version-history":[{"count":1,"href":"https:\/\/experienciadevida.com.ar\/portalurbano\/wp-json\/wp\/v2\/posts\/171034\/revisions"}],"predecessor-version":[{"id":171036,"href":"https:\/\/experienciadevida.com.ar\/portalurbano\/wp-json\/wp\/v2\/posts\/171034\/revisions\/171036"}],"wp:featuredmedia":[{"embeddable":true,"href":"https:\/\/experienciadevida.com.ar\/portalurbano\/wp-json\/wp\/v2\/media\/171035"}],"wp:attachment":[{"href":"https:\/\/experienciadevida.com.ar\/portalurbano\/wp-json\/wp\/v2\/media?parent=171034"}],"wp:term":[{"taxonomy":"category","embeddable":true,"href":"https:\/\/experienciadevida.com.ar\/portalurbano\/wp-json\/wp\/v2\/categories?post=171034"},{"taxonomy":"post_tag","embeddable":true,"href":"https:\/\/experienciadevida.com.ar\/portalurbano\/wp-json\/wp\/v2\/tags?post=171034"}],"curies":[{"name":"wp","href":"https:\/\/api.w.org\/{rel}","templated":true}]}}