{"id":171020,"date":"2022-07-08T15:58:05","date_gmt":"2022-07-08T18:58:05","guid":{"rendered":"https:\/\/experienciadevida.com.ar\/portalurbano\/?p=171020"},"modified":"2022-07-08T15:59:15","modified_gmt":"2022-07-08T18:59:15","slug":"visita-de-autoridades-del-programa-integral-de-asistencia-y-tratamiento-para-jovenes-y-adultos-a-la-unidad-2","status":"publish","type":"post","link":"https:\/\/experienciadevida.com.ar\/portalurbano\/visita-de-autoridades-del-programa-integral-de-asistencia-y-tratamiento-para-jovenes-y-adultos-a-la-unidad-2\/","title":{"rendered":"Visita de autoridades del Programa Integral de Asistencia y tratamiento  para J\u00f3venes y Adultos a la Unidad 2"},"content":{"rendered":"<p>Visita de autoridades del Programa Integral de Asistencia y tratamiento para J\u00f3venes y Adultos a la Unidad 2, el equipo del programa Integral de Asistencia y Tratamiento para J\u00f3venes y Adultos (PIATJA) trabaja desde hace un a\u00f1o con detenidos alojados en la Unidad Penitenciaria N\u00ba 2 de Sierra Chica con el objetivo de acompa\u00f1arlos<br \/>\nen el proceso de una efectiva reinserci\u00f3n social. D\u00edas atr\u00e1s recibieron a los referentes institucionales del mismo, su director Jorge Ruiz, junto al Jefe del Departamento T\u00e9cnico Mauricio Martino y Natalia Scorza que es la Coordinadora de \u00c1rea Cultura y Educaci\u00f3n.<\/p>\n<p><a href=\"https:\/\/experienciadevida.com.ar\/portalurbano\/visita-de-autoridades-del-programa-integral-de-asistencia-y-tratamiento-para-jovenes-y-adultos-a-la-unidad-2\/visita-2\/\" rel=\"attachment wp-att-171022\"><img decoding=\"async\" class=\"alignnone size-large wp-image-171022\" src=\"https:\/\/experienciadevida.com.ar\/portalurbano\/wp-content\/uploads\/2022\/07\/Visita-1024x768.jpg\" alt=\"Visita \" width=\"900\" height=\"675\" srcset=\"https:\/\/experienciadevida.com.ar\/portalurbano\/wp-content\/uploads\/2022\/07\/Visita-1024x768.jpg 1024w, https:\/\/experienciadevida.com.ar\/portalurbano\/wp-content\/uploads\/2022\/07\/Visita-300x225.jpg 300w, https:\/\/experienciadevida.com.ar\/portalurbano\/wp-content\/uploads\/2022\/07\/Visita-768x576.jpg 768w, https:\/\/experienciadevida.com.ar\/portalurbano\/wp-content\/uploads\/2022\/07\/Visita.jpg 1280w\" sizes=\"(max-width: 900px) 100vw, 900px\" \/><\/a><\/p>\n<p>En la visita que tuvo la finalidad de compartir experiencias y conocer a los internos j\u00f3venes adultos estuvieron acompa\u00f1ados por el Subdirector de Asistencia y Tratamiento Juan Echeverr\u00eda, la Subdirectora de Administraci\u00f3n<br \/>\nGuadalupe D\u00edaz, el Jefe de Vigilancia y Tratamiento Mauro Pafumi.<\/p>\n<p>El equipo PIATJA en la Unidad N\u00b02 est\u00e1 integrado por Jes\u00fas Rivero que es el coordinador de seguridad, Julieta Videla que es la psic\u00f3loga y coordinadora t\u00e9cnica, Daniel Penovi es profesor de educaci\u00f3n f\u00edsica y Gast\u00f3n Tolosa,<br \/>\npsicopedagogo.<\/p>\n<p>El fin de este programa es la incorporaci\u00f3n de normativas convivenciales en cuanto al compromiso con las actividades que se les ofrece a los j\u00f3venes adultos en contextos de encierro, entre ellas: educaci\u00f3n, deporte y capacitaci\u00f3n laboral. Tambi\u00e9n se busca la autogesti\u00f3n que implica vivir con responsabilidad y se los vincula con otras instituciones que los puedan acompa\u00f1ar en su vida en libertad.<\/p>\n<p>\u201cEsta es una de las ultimas Unidades que se sum\u00f3 al Programa por resoluci\u00f3n como anexo del programa de j\u00f3venes adultos, en el centro de la provincia de Buenos Aires no hab\u00eda unidades destinadas al alojamiento de j\u00f3venes adultos<br \/>\npara poder aplicar este programa. Algo para destacar es que es un grupo de trabajo que funciona coordinadamente, que supo poner en funcionamiento un programa Tratamental. El escalaf\u00f3n profesional y el escalaf\u00f3n general<br \/>\ntrabajan interdisciplinariamente en funci\u00f3n de llevar adelante los objetivos propuestos, lo cual es para destacar, no es f\u00e1cil poner en marcha un programa con una poblaci\u00f3n tan especifica como la joven adulta. Estamos conformes con su funcionamiento\u201d, destac\u00f3 Natalia Scorza.<\/p>\n<p>Actualmente, en la Unidad 2 son 29 los j\u00f3venes adultos que participan en las distintas actividades, entre ellas el taller Deconstruyendo Masculinidades, f\u00fatbol, tejo, tenis y b\u00e1squet. Adem\u00e1s 23 de ellos completan sus estudios en la escuela primaria, 4 en la Secundaria cursan, 1 contin\u00faa sus estudios en el anexo del ISFT N\u00ba 130 y otro estudiante asiste al aula universitaria de la UNICEN. Por otra parte, 13 detenidos se interesan por oficios como electricidad, carpinter\u00eda, aparado de calzado, mantenimiento de edificios y operador de PC a trav\u00e9s del Centro de Formaci\u00f3n Profesional N\u00ba 402.<\/p>\n<p>Visita de autoridades del Programa Integral de Asistencia y tratamiento para J\u00f3venes y Adultos a la Unidad 2, en la actualidad 4 internos se encuentran cursando el curso de Entrenador de B\u00e1squet. Jorge Ruiz destac\u00f3 que \u201cnuestro desaf\u00edo fue implementar el programa de j\u00f3venes debido a la cantidad que son y nos sorprendi\u00f3 positivamente la predisposici\u00f3n de las autoridades para generar este espacio tratamental. Vamos dise\u00f1ando una forma de trabajo que se adapta a esta modalidad ambulatoria, para que puedan continuar en el programa en caso de traslado de un penal a otro, por eso el seguimiento de cada uno de los internos por parte de los agentes que integran el PIATJA en cada una de las dependencias penitenciarias es fundamental y se viene haciendo de forma efectiva\u201d. Esta vez nos acercamos hasta ac\u00e1 para conocerlos y saber sobre sus intereses, su curiosidad con respecto al programa y sus motivaciones. Son 11 las unidades de j\u00f3venes y tres son las que tienen este tipo de modalidad entre las que se encuentra la Unidad N\u00b02. As\u00ed buscamos potenciar las posibilidades de mucho de ustedes\u201d.<\/p>\n<p>Para finalizar mencion\u00f3 que \u201csabemos que la situaci\u00f3n que atraviesan es transitoria, por eso nos abocamos a buscar alternativas, para que puedan salir a la calle con las herramientas que les brinda el programa desde la<br \/>\ncontenci\u00f3n y nexo con otras instituciones educativas y de oficios que trabajan en el penal\u201d, cerr\u00f3 Ruiz.<\/p>\n<p>Fuente y Fotos: Servicio Penitenciario Bonaerense<\/p>\n","protected":false},"excerpt":{"rendered":"<p>Visita de autoridades del Programa Integral de Asistencia y tratamiento para J\u00f3venes y Adultos a&#8230;<\/p>\n","protected":false},"author":1,"featured_media":171021,"comment_status":"closed","ping_status":"closed","sticky":false,"template":"","format":"standard","meta":{"content-type":""},"categories":[27],"tags":[],"nelio_content":{"isAutoShareEnabled":false,"autoShareEndMode":"default","automationSources":{"useContentSentences":true,"useSocialTemplates":true,"useCustomSentences":false,"customSentences":[]},"followers":[1],"suggestedReferences":[],"includedReferences":[],"efiUrl":"","efiAlt":"","highlights":[]},"yoast_head":"<!-- This site is optimized with the Yoast SEO plugin v20.7 - https:\/\/yoast.com\/wordpress\/plugins\/seo\/ -->\n<title>Visita de autoridades del programa integral de asistencia y tratamiento<\/title>\n<meta name=\"description\" content=\"Visita de autoridades del Programa Integral de Asistencia y tratamiento para J\u00f3venes y Adultos a la Unidad 2, el equipo del programa\" \/>\n<meta name=\"robots\" content=\"index, follow, max-snippet:-1, max-image-preview:large, max-video-preview:-1\" \/>\n<link rel=\"canonical\" href=\"https:\/\/experienciadevida.com.ar\/portalurbano\/visita-de-autoridades-del-programa-integral-de-asistencia-y-tratamiento-para-jovenes-y-adultos-a-la-unidad-2\/\" \/>\n<meta property=\"og:locale\" content=\"es_ES\" \/>\n<meta property=\"og:type\" content=\"article\" \/>\n<meta property=\"og:title\" content=\"Visita de autoridades del programa integral de asistencia y tratamiento\" \/>\n<meta property=\"og:description\" content=\"Visita de autoridades del Programa Integral de Asistencia y tratamiento para J\u00f3venes y Adultos a la Unidad 2, el equipo del programa\" \/>\n<meta property=\"og:url\" content=\"https:\/\/experienciadevida.com.ar\/portalurbano\/visita-de-autoridades-del-programa-integral-de-asistencia-y-tratamiento-para-jovenes-y-adultos-a-la-unidad-2\/\" \/>\n<meta property=\"article:publisher\" content=\"https:\/\/www.facebook.com\/Portal-Urbano-171542830093757\/\" \/>\n<meta property=\"article:published_time\" content=\"2022-07-08T18:58:05+00:00\" \/>\n<meta property=\"article:modified_time\" content=\"2022-07-08T18:59:15+00:00\" \/>\n<meta property=\"og:image\" content=\"https:\/\/experienciadevida.com.ar\/portalurbano\/wp-content\/uploads\/2022\/07\/Visita-de-autoridades-del.jpg\" \/>\n\t<meta property=\"og:image:width\" content=\"1280\" \/>\n\t<meta property=\"og:image:height\" content=\"790\" \/>\n\t<meta property=\"og:image:type\" content=\"image\/jpeg\" \/>\n<meta name=\"author\" content=\"admpu17wp\" \/>\n<meta name=\"twitter:card\" content=\"summary_large_image\" \/>\n<meta name=\"twitter:creator\" content=\"@portalurbanook\" \/>\n<meta name=\"twitter:site\" content=\"@portalurbanook\" \/>\n<meta name=\"twitter:label1\" content=\"Escrito por\" \/>\n\t<meta name=\"twitter:data1\" content=\"admpu17wp\" \/>\n\t<meta name=\"twitter:label2\" content=\"Tiempo de lectura\" \/>\n\t<meta name=\"twitter:data2\" content=\"4 minutos\" \/>\n<script type=\"application\/ld+json\" class=\"yoast-schema-graph\">{\"@context\":\"https:\/\/schema.org\",\"@graph\":[{\"@type\":\"Article\",\"@id\":\"https:\/\/experienciadevida.com.ar\/portalurbano\/visita-de-autoridades-del-programa-integral-de-asistencia-y-tratamiento-para-jovenes-y-adultos-a-la-unidad-2\/#article\",\"isPartOf\":{\"@id\":\"https:\/\/experienciadevida.com.ar\/portalurbano\/visita-de-autoridades-del-programa-integral-de-asistencia-y-tratamiento-para-jovenes-y-adultos-a-la-unidad-2\/\"},\"author\":{\"name\":\"admpu17wp\",\"@id\":\"https:\/\/experienciadevida.com.ar\/portalurbano\/#\/schema\/person\/02dd326b1c4b056e9cc972486934a3a7\"},\"headline\":\"Visita de autoridades del Programa Integral de Asistencia y tratamiento para J\u00f3venes y Adultos a la Unidad 2\",\"datePublished\":\"2022-07-08T18:58:05+00:00\",\"dateModified\":\"2022-07-08T18:59:15+00:00\",\"mainEntityOfPage\":{\"@id\":\"https:\/\/experienciadevida.com.ar\/portalurbano\/visita-de-autoridades-del-programa-integral-de-asistencia-y-tratamiento-para-jovenes-y-adultos-a-la-unidad-2\/\"},\"wordCount\":745,\"publisher\":{\"@id\":\"https:\/\/experienciadevida.com.ar\/portalurbano\/#organization\"},\"articleSection\":[\"Ciudad\"],\"inLanguage\":\"es\"},{\"@type\":\"WebPage\",\"@id\":\"https:\/\/experienciadevida.com.ar\/portalurbano\/visita-de-autoridades-del-programa-integral-de-asistencia-y-tratamiento-para-jovenes-y-adultos-a-la-unidad-2\/\",\"url\":\"https:\/\/experienciadevida.com.ar\/portalurbano\/visita-de-autoridades-del-programa-integral-de-asistencia-y-tratamiento-para-jovenes-y-adultos-a-la-unidad-2\/\",\"name\":\"Visita de autoridades del programa integral de asistencia y tratamiento\",\"isPartOf\":{\"@id\":\"https:\/\/experienciadevida.com.ar\/portalurbano\/#website\"},\"datePublished\":\"2022-07-08T18:58:05+00:00\",\"dateModified\":\"2022-07-08T18:59:15+00:00\",\"description\":\"Visita de autoridades del Programa Integral de Asistencia y tratamiento para J\u00f3venes y Adultos a la Unidad 2, el equipo del programa\",\"breadcrumb\":{\"@id\":\"https:\/\/experienciadevida.com.ar\/portalurbano\/visita-de-autoridades-del-programa-integral-de-asistencia-y-tratamiento-para-jovenes-y-adultos-a-la-unidad-2\/#breadcrumb\"},\"inLanguage\":\"es\",\"potentialAction\":[{\"@type\":\"ReadAction\",\"target\":[\"https:\/\/experienciadevida.com.ar\/portalurbano\/visita-de-autoridades-del-programa-integral-de-asistencia-y-tratamiento-para-jovenes-y-adultos-a-la-unidad-2\/\"]}]},{\"@type\":\"BreadcrumbList\",\"@id\":\"https:\/\/experienciadevida.com.ar\/portalurbano\/visita-de-autoridades-del-programa-integral-de-asistencia-y-tratamiento-para-jovenes-y-adultos-a-la-unidad-2\/#breadcrumb\",\"itemListElement\":[{\"@type\":\"ListItem\",\"position\":1,\"name\":\"Portada\",\"item\":\"https:\/\/experienciadevida.com.ar\/portalurbano\/\"},{\"@type\":\"ListItem\",\"position\":2,\"name\":\"Visita de autoridades del Programa Integral de Asistencia y tratamiento para J\u00f3venes y Adultos a la Unidad 2\"}]},{\"@type\":\"WebSite\",\"@id\":\"https:\/\/experienciadevida.com.ar\/portalurbano\/#website\",\"url\":\"https:\/\/experienciadevida.com.ar\/portalurbano\/\",\"name\":\"\",\"description\":\"\",\"publisher\":{\"@id\":\"https:\/\/experienciadevida.com.ar\/portalurbano\/#organization\"},\"potentialAction\":[{\"@type\":\"SearchAction\",\"target\":{\"@type\":\"EntryPoint\",\"urlTemplate\":\"https:\/\/experienciadevida.com.ar\/portalurbano\/?s={search_term_string}\"},\"query-input\":\"required name=search_term_string\"}],\"inLanguage\":\"es\"},{\"@type\":\"Organization\",\"@id\":\"https:\/\/experienciadevida.com.ar\/portalurbano\/#organization\",\"name\":\"Portal Urbano\",\"url\":\"https:\/\/experienciadevida.com.ar\/portalurbano\/\",\"logo\":{\"@type\":\"ImageObject\",\"inLanguage\":\"es\",\"@id\":\"https:\/\/experienciadevida.com.ar\/portalurbano\/#\/schema\/logo\/image\/\",\"url\":\"https:\/\/experienciadevida.com.ar\/portalurbano\/wp-content\/uploads\/2019\/09\/Logo-Original.png\",\"contentUrl\":\"https:\/\/experienciadevida.com.ar\/portalurbano\/wp-content\/uploads\/2019\/09\/Logo-Original.png\",\"width\":2236,\"height\":1216,\"caption\":\"Portal Urbano\"},\"image\":{\"@id\":\"https:\/\/experienciadevida.com.ar\/portalurbano\/#\/schema\/logo\/image\/\"},\"sameAs\":[\"https:\/\/www.facebook.com\/Portal-Urbano-171542830093757\/\",\"https:\/\/twitter.com\/portalurbanook\",\"https:\/\/www.instagram.com\/_portalurbano\/\",\"https:\/\/www.youtube.com\/channel\/UCXhagIfszH8KxFiOok79zbA?view_as=subscriber\"]},{\"@type\":\"Person\",\"@id\":\"https:\/\/experienciadevida.com.ar\/portalurbano\/#\/schema\/person\/02dd326b1c4b056e9cc972486934a3a7\",\"name\":\"admpu17wp\",\"image\":{\"@type\":\"ImageObject\",\"inLanguage\":\"es\",\"@id\":\"https:\/\/experienciadevida.com.ar\/portalurbano\/#\/schema\/person\/image\/\",\"url\":\"https:\/\/secure.gravatar.com\/avatar\/830d4c57adaae6630765e449a6908047?s=96&d=mm&r=g\",\"contentUrl\":\"https:\/\/secure.gravatar.com\/avatar\/830d4c57adaae6630765e449a6908047?s=96&d=mm&r=g\",\"caption\":\"admpu17wp\"}}]}<\/script>\n<!-- \/ Yoast SEO plugin. -->","yoast_head_json":{"title":"Visita de autoridades del programa integral de asistencia y tratamiento","description":"Visita de autoridades del Programa Integral de Asistencia y tratamiento para J\u00f3venes y Adultos a la Unidad 2, el equipo del programa","robots":{"index":"index","follow":"follow","max-snippet":"max-snippet:-1","max-image-preview":"max-image-preview:large","max-video-preview":"max-video-preview:-1"},"canonical":"https:\/\/experienciadevida.com.ar\/portalurbano\/visita-de-autoridades-del-programa-integral-de-asistencia-y-tratamiento-para-jovenes-y-adultos-a-la-unidad-2\/","og_locale":"es_ES","og_type":"article","og_title":"Visita de autoridades del programa integral de asistencia y tratamiento","og_description":"Visita de autoridades del Programa Integral de Asistencia y tratamiento para J\u00f3venes y Adultos a la Unidad 2, el equipo del programa","og_url":"https:\/\/experienciadevida.com.ar\/portalurbano\/visita-de-autoridades-del-programa-integral-de-asistencia-y-tratamiento-para-jovenes-y-adultos-a-la-unidad-2\/","article_publisher":"https:\/\/www.facebook.com\/Portal-Urbano-171542830093757\/","article_published_time":"2022-07-08T18:58:05+00:00","article_modified_time":"2022-07-08T18:59:15+00:00","og_image":[{"width":1280,"height":790,"url":"https:\/\/experienciadevida.com.ar\/portalurbano\/wp-content\/uploads\/2022\/07\/Visita-de-autoridades-del.jpg","type":"image\/jpeg"}],"author":"admpu17wp","twitter_card":"summary_large_image","twitter_creator":"@portalurbanook","twitter_site":"@portalurbanook","twitter_misc":{"Escrito por":"admpu17wp","Tiempo de lectura":"4 minutos"},"schema":{"@context":"https:\/\/schema.org","@graph":[{"@type":"Article","@id":"https:\/\/experienciadevida.com.ar\/portalurbano\/visita-de-autoridades-del-programa-integral-de-asistencia-y-tratamiento-para-jovenes-y-adultos-a-la-unidad-2\/#article","isPartOf":{"@id":"https:\/\/experienciadevida.com.ar\/portalurbano\/visita-de-autoridades-del-programa-integral-de-asistencia-y-tratamiento-para-jovenes-y-adultos-a-la-unidad-2\/"},"author":{"name":"admpu17wp","@id":"https:\/\/experienciadevida.com.ar\/portalurbano\/#\/schema\/person\/02dd326b1c4b056e9cc972486934a3a7"},"headline":"Visita de autoridades del Programa Integral de Asistencia y tratamiento para J\u00f3venes y Adultos a la Unidad 2","datePublished":"2022-07-08T18:58:05+00:00","dateModified":"2022-07-08T18:59:15+00:00","mainEntityOfPage":{"@id":"https:\/\/experienciadevida.com.ar\/portalurbano\/visita-de-autoridades-del-programa-integral-de-asistencia-y-tratamiento-para-jovenes-y-adultos-a-la-unidad-2\/"},"wordCount":745,"publisher":{"@id":"https:\/\/experienciadevida.com.ar\/portalurbano\/#organization"},"articleSection":["Ciudad"],"inLanguage":"es"},{"@type":"WebPage","@id":"https:\/\/experienciadevida.com.ar\/portalurbano\/visita-de-autoridades-del-programa-integral-de-asistencia-y-tratamiento-para-jovenes-y-adultos-a-la-unidad-2\/","url":"https:\/\/experienciadevida.com.ar\/portalurbano\/visita-de-autoridades-del-programa-integral-de-asistencia-y-tratamiento-para-jovenes-y-adultos-a-la-unidad-2\/","name":"Visita de autoridades del programa integral de asistencia y tratamiento","isPartOf":{"@id":"https:\/\/experienciadevida.com.ar\/portalurbano\/#website"},"datePublished":"2022-07-08T18:58:05+00:00","dateModified":"2022-07-08T18:59:15+00:00","description":"Visita de autoridades del Programa Integral de Asistencia y tratamiento para J\u00f3venes y Adultos a la Unidad 2, el equipo del programa","breadcrumb":{"@id":"https:\/\/experienciadevida.com.ar\/portalurbano\/visita-de-autoridades-del-programa-integral-de-asistencia-y-tratamiento-para-jovenes-y-adultos-a-la-unidad-2\/#breadcrumb"},"inLanguage":"es","potentialAction":[{"@type":"ReadAction","target":["https:\/\/experienciadevida.com.ar\/portalurbano\/visita-de-autoridades-del-programa-integral-de-asistencia-y-tratamiento-para-jovenes-y-adultos-a-la-unidad-2\/"]}]},{"@type":"BreadcrumbList","@id":"https:\/\/experienciadevida.com.ar\/portalurbano\/visita-de-autoridades-del-programa-integral-de-asistencia-y-tratamiento-para-jovenes-y-adultos-a-la-unidad-2\/#breadcrumb","itemListElement":[{"@type":"ListItem","position":1,"name":"Portada","item":"https:\/\/experienciadevida.com.ar\/portalurbano\/"},{"@type":"ListItem","position":2,"name":"Visita de autoridades del Programa Integral de Asistencia y tratamiento para J\u00f3venes y Adultos a la Unidad 2"}]},{"@type":"WebSite","@id":"https:\/\/experienciadevida.com.ar\/portalurbano\/#website","url":"https:\/\/experienciadevida.com.ar\/portalurbano\/","name":"","description":"","publisher":{"@id":"https:\/\/experienciadevida.com.ar\/portalurbano\/#organization"},"potentialAction":[{"@type":"SearchAction","target":{"@type":"EntryPoint","urlTemplate":"https:\/\/experienciadevida.com.ar\/portalurbano\/?s={search_term_string}"},"query-input":"required name=search_term_string"}],"inLanguage":"es"},{"@type":"Organization","@id":"https:\/\/experienciadevida.com.ar\/portalurbano\/#organization","name":"Portal Urbano","url":"https:\/\/experienciadevida.com.ar\/portalurbano\/","logo":{"@type":"ImageObject","inLanguage":"es","@id":"https:\/\/experienciadevida.com.ar\/portalurbano\/#\/schema\/logo\/image\/","url":"https:\/\/experienciadevida.com.ar\/portalurbano\/wp-content\/uploads\/2019\/09\/Logo-Original.png","contentUrl":"https:\/\/experienciadevida.com.ar\/portalurbano\/wp-content\/uploads\/2019\/09\/Logo-Original.png","width":2236,"height":1216,"caption":"Portal Urbano"},"image":{"@id":"https:\/\/experienciadevida.com.ar\/portalurbano\/#\/schema\/logo\/image\/"},"sameAs":["https:\/\/www.facebook.com\/Portal-Urbano-171542830093757\/","https:\/\/twitter.com\/portalurbanook","https:\/\/www.instagram.com\/_portalurbano\/","https:\/\/www.youtube.com\/channel\/UCXhagIfszH8KxFiOok79zbA?view_as=subscriber"]},{"@type":"Person","@id":"https:\/\/experienciadevida.com.ar\/portalurbano\/#\/schema\/person\/02dd326b1c4b056e9cc972486934a3a7","name":"admpu17wp","image":{"@type":"ImageObject","inLanguage":"es","@id":"https:\/\/experienciadevida.com.ar\/portalurbano\/#\/schema\/person\/image\/","url":"https:\/\/secure.gravatar.com\/avatar\/830d4c57adaae6630765e449a6908047?s=96&d=mm&r=g","contentUrl":"https:\/\/secure.gravatar.com\/avatar\/830d4c57adaae6630765e449a6908047?s=96&d=mm&r=g","caption":"admpu17wp"}}]}},"featured_image_urls":{"full":["https:\/\/experienciadevida.com.ar\/portalurbano\/wp-content\/uploads\/2022\/07\/Visita-de-autoridades-del.jpg",1280,790,false],"thumbnail":["https:\/\/experienciadevida.com.ar\/portalurbano\/wp-content\/uploads\/2022\/07\/Visita-de-autoridades-del-150x150.jpg",150,150,true],"medium":["https:\/\/experienciadevida.com.ar\/portalurbano\/wp-content\/uploads\/2022\/07\/Visita-de-autoridades-del-300x185.jpg",300,185,true],"medium_large":["https:\/\/experienciadevida.com.ar\/portalurbano\/wp-content\/uploads\/2022\/07\/Visita-de-autoridades-del-768x474.jpg",640,395,true],"large":["https:\/\/experienciadevida.com.ar\/portalurbano\/wp-content\/uploads\/2022\/07\/Visita-de-autoridades-del-1024x632.jpg",640,395,true],"ug_big":["https:\/\/experienciadevida.com.ar\/portalurbano\/wp-content\/uploads\/2022\/07\/Visita-de-autoridades-del-768x474.jpg",768,474,true],"1536x1536":["https:\/\/experienciadevida.com.ar\/portalurbano\/wp-content\/uploads\/2022\/07\/Visita-de-autoridades-del.jpg",1280,790,false],"2048x2048":["https:\/\/experienciadevida.com.ar\/portalurbano\/wp-content\/uploads\/2022\/07\/Visita-de-autoridades-del.jpg",1280,790,false],"newsever-slider-full":["https:\/\/experienciadevida.com.ar\/portalurbano\/wp-content\/uploads\/2022\/07\/Visita-de-autoridades-del.jpg",1280,790,false],"newsever-featured":["https:\/\/experienciadevida.com.ar\/portalurbano\/wp-content\/uploads\/2022\/07\/Visita-de-autoridades-del.jpg",1024,632,false],"newsever-medium":["https:\/\/experienciadevida.com.ar\/portalurbano\/wp-content\/uploads\/2022\/07\/Visita-de-autoridades-del.jpg",720,444,false],"web-stories-poster-portrait":["https:\/\/experienciadevida.com.ar\/portalurbano\/wp-content\/uploads\/2022\/07\/Visita-de-autoridades-del.jpg",640,395,false],"web-stories-publisher-logo":["https:\/\/experienciadevida.com.ar\/portalurbano\/wp-content\/uploads\/2022\/07\/Visita-de-autoridades-del.jpg",96,59,false],"web-stories-thumbnail":["https:\/\/experienciadevida.com.ar\/portalurbano\/wp-content\/uploads\/2022\/07\/Visita-de-autoridades-del.jpg",150,93,false]},"author_info":{"display_name":"admpu17wp","author_link":"https:\/\/experienciadevida.com.ar\/portalurbano\/author\/admpu17wp\/"},"category_info":"<a href=\"https:\/\/experienciadevida.com.ar\/portalurbano\/category\/ciudad\/\" rel=\"category tag\">Ciudad<\/a>","tag_info":"Ciudad","comment_count":"0","amp_enabled":true,"_links":{"self":[{"href":"https:\/\/experienciadevida.com.ar\/portalurbano\/wp-json\/wp\/v2\/posts\/171020"}],"collection":[{"href":"https:\/\/experienciadevida.com.ar\/portalurbano\/wp-json\/wp\/v2\/posts"}],"about":[{"href":"https:\/\/experienciadevida.com.ar\/portalurbano\/wp-json\/wp\/v2\/types\/post"}],"author":[{"embeddable":true,"href":"https:\/\/experienciadevida.com.ar\/portalurbano\/wp-json\/wp\/v2\/users\/1"}],"replies":[{"embeddable":true,"href":"https:\/\/experienciadevida.com.ar\/portalurbano\/wp-json\/wp\/v2\/comments?post=171020"}],"version-history":[{"count":2,"href":"https:\/\/experienciadevida.com.ar\/portalurbano\/wp-json\/wp\/v2\/posts\/171020\/revisions"}],"predecessor-version":[{"id":171024,"href":"https:\/\/experienciadevida.com.ar\/portalurbano\/wp-json\/wp\/v2\/posts\/171020\/revisions\/171024"}],"wp:featuredmedia":[{"embeddable":true,"href":"https:\/\/experienciadevida.com.ar\/portalurbano\/wp-json\/wp\/v2\/media\/171021"}],"wp:attachment":[{"href":"https:\/\/experienciadevida.com.ar\/portalurbano\/wp-json\/wp\/v2\/media?parent=171020"}],"wp:term":[{"taxonomy":"category","embeddable":true,"href":"https:\/\/experienciadevida.com.ar\/portalurbano\/wp-json\/wp\/v2\/categories?post=171020"},{"taxonomy":"post_tag","embeddable":true,"href":"https:\/\/experienciadevida.com.ar\/portalurbano\/wp-json\/wp\/v2\/tags?post=171020"}],"curies":[{"name":"wp","href":"https:\/\/api.w.org\/{rel}","templated":true}]}}