{"id":171016,"date":"2022-07-08T14:12:10","date_gmt":"2022-07-08T17:12:10","guid":{"rendered":"https:\/\/experienciadevida.com.ar\/portalurbano\/?p=171016"},"modified":"2022-07-08T14:12:43","modified_gmt":"2022-07-08T17:12:43","slug":"vicedecana-de-la-facso-expuso-en-un-congreso-en-republica-checa","status":"publish","type":"post","link":"https:\/\/experienciadevida.com.ar\/portalurbano\/vicedecana-de-la-facso-expuso-en-un-congreso-en-republica-checa\/","title":{"rendered":"Vicedecana de la FACSO expuso en un Congreso en Rep\u00fablica Checa"},"content":{"rendered":"<p>Vicedecana de la FACSO expuso en un Congreso en Rep\u00fablica Checa, la Dra. Mar\u00eda Luz Endere, vicedecana de la <a href=\"https:\/\/www.facebook.com\/facultadcienciassociales.unicen\">Facultad de Ciencias Sociales,<\/a> estuvo presente en el Noveno Congreso Mundial de Arqueolog\u00eda, que se realiz\u00f3 en Praga, Rep\u00fablica Checa.<\/p>\n<p>La Dra. Endere particip\u00f3 de la sesi\u00f3n: Repatriaci\u00f3n, restituci\u00f3n y reenterramiento desde una perspectiva sudamericana, en la que present\u00f3 la ponencia \u201cReclamos de restituci\u00f3n. Debate acad\u00e9mico y cambios de pol\u00edticas en Argentina\u201d.<\/p>\n<p>El Congreso Mundial de Arqueolog\u00eda (WAC por su sigla en ingl\u00e9s) es una organizaci\u00f3n sin fines de lucro que busca promover el inter\u00e9s por el pasado en todos los pa\u00edses, fomentar el desarrollo de historias regionales y fomentar la interacci\u00f3n acad\u00e9mica internacional. Sus objetivos se basan en la necesidad de hacer que los estudios arqueol\u00f3gicos sean relevantes para la comunidad en general.<\/p>\n<p>El prop\u00f3sito del Congreso internacional es promover el intercambio de resultados de investigaciones arqueol\u00f3gicas; capacitaci\u00f3n profesional y educaci\u00f3n p\u00fablica para naciones, grupos y comunidades desfavorecidas; el empoderamiento y el apoyo de los grupos ind\u00edgenas y los pueblos de las Primeras Naciones; y la conservaci\u00f3n de sitios arqueol\u00f3gicos.<\/p>\n<p>Asimismo, en los pr\u00f3ximos d\u00edas la Dra. Endere participar\u00e1 en el curso de verano \u201cDimensi\u00f3n internacional del patrimonio cultural: oportunidades para la gesti\u00f3n\u201d, que se celebrar\u00e1 en San Lorenzo de El Escorial, Espa\u00f1a, organizado por la Fundaci\u00f3n Complutense de Madrid.<\/p>\n<p>Este curso busca abordar el patrimonio desde una perspectiva integral y transversal a los grandes retos de la contemporaneidad a escala mundial, tales como: el cambio clim\u00e1tico, la migraci\u00f3n, cat\u00e1strofes naturales, guerras, ruralidad, vida urbana, g\u00e9nero, inclusi\u00f3n social, turismo, derechos humanos, desarrollo sostenible o la b\u00fasqueda de nuevos modelos de gobernanza.<\/p>\n","protected":false},"excerpt":{"rendered":"<p>Vicedecana de la FACSO expuso en un Congreso en Rep\u00fablica Checa, la Dra. Mar\u00eda Luz&#8230;<\/p>\n","protected":false},"author":1,"featured_media":171017,"comment_status":"closed","ping_status":"closed","sticky":false,"template":"","format":"standard","meta":{"content-type":""},"categories":[31],"tags":[],"nelio_content":{"isAutoShareEnabled":false,"autoShareEndMode":"default","automationSources":{"useContentSentences":true,"useSocialTemplates":true,"useCustomSentences":false,"customSentences":[]},"followers":[1],"suggestedReferences":[],"includedReferences":[],"efiUrl":"","efiAlt":"","highlights":[]},"yoast_head":"<!-- This site is optimized with the Yoast SEO plugin v20.7 - https:\/\/yoast.com\/wordpress\/plugins\/seo\/ -->\n<title>Vicedecana de la FACSO expuso en un congreso en Rep\u00fablica Checa<\/title>\n<meta name=\"description\" content=\"Vicedecana de la FACSO expuso en un Congreso en Rep\u00fablica Checa, la Dra. Mar\u00eda Luz Endere, vicedecana de la Facultad de Ciencias Sociales\" \/>\n<meta name=\"robots\" content=\"index, follow, max-snippet:-1, max-image-preview:large, max-video-preview:-1\" \/>\n<link rel=\"canonical\" href=\"https:\/\/experienciadevida.com.ar\/portalurbano\/vicedecana-de-la-facso-expuso-en-un-congreso-en-republica-checa\/\" \/>\n<meta property=\"og:locale\" content=\"es_ES\" \/>\n<meta property=\"og:type\" content=\"article\" \/>\n<meta property=\"og:title\" content=\"Vicedecana de la FACSO expuso en un congreso en Rep\u00fablica Checa\" \/>\n<meta property=\"og:description\" content=\"Vicedecana de la FACSO expuso en un Congreso en Rep\u00fablica Checa, la Dra. Mar\u00eda Luz Endere, vicedecana de la Facultad de Ciencias Sociales\" \/>\n<meta property=\"og:url\" content=\"https:\/\/experienciadevida.com.ar\/portalurbano\/vicedecana-de-la-facso-expuso-en-un-congreso-en-republica-checa\/\" \/>\n<meta property=\"article:publisher\" content=\"https:\/\/www.facebook.com\/Portal-Urbano-171542830093757\/\" \/>\n<meta property=\"article:published_time\" content=\"2022-07-08T17:12:10+00:00\" \/>\n<meta property=\"article:modified_time\" content=\"2022-07-08T17:12:43+00:00\" \/>\n<meta property=\"og:image\" content=\"https:\/\/experienciadevida.com.ar\/portalurbano\/wp-content\/uploads\/2022\/07\/Vicedecana-de-la-FACSO.jpeg\" \/>\n\t<meta property=\"og:image:width\" content=\"1024\" \/>\n\t<meta property=\"og:image:height\" content=\"660\" \/>\n\t<meta property=\"og:image:type\" content=\"image\/jpeg\" \/>\n<meta name=\"author\" content=\"admpu17wp\" \/>\n<meta name=\"twitter:card\" content=\"summary_large_image\" \/>\n<meta name=\"twitter:creator\" content=\"@portalurbanook\" \/>\n<meta name=\"twitter:site\" content=\"@portalurbanook\" \/>\n<meta name=\"twitter:label1\" content=\"Escrito por\" \/>\n\t<meta name=\"twitter:data1\" content=\"admpu17wp\" \/>\n\t<meta name=\"twitter:label2\" content=\"Tiempo de lectura\" \/>\n\t<meta name=\"twitter:data2\" content=\"2 minutos\" \/>\n<script type=\"application\/ld+json\" class=\"yoast-schema-graph\">{\"@context\":\"https:\/\/schema.org\",\"@graph\":[{\"@type\":\"Article\",\"@id\":\"https:\/\/experienciadevida.com.ar\/portalurbano\/vicedecana-de-la-facso-expuso-en-un-congreso-en-republica-checa\/#article\",\"isPartOf\":{\"@id\":\"https:\/\/experienciadevida.com.ar\/portalurbano\/vicedecana-de-la-facso-expuso-en-un-congreso-en-republica-checa\/\"},\"author\":{\"name\":\"admpu17wp\",\"@id\":\"https:\/\/experienciadevida.com.ar\/portalurbano\/#\/schema\/person\/02dd326b1c4b056e9cc972486934a3a7\"},\"headline\":\"Vicedecana de la FACSO expuso en un Congreso en Rep\u00fablica Checa\",\"datePublished\":\"2022-07-08T17:12:10+00:00\",\"dateModified\":\"2022-07-08T17:12:43+00:00\",\"mainEntityOfPage\":{\"@id\":\"https:\/\/experienciadevida.com.ar\/portalurbano\/vicedecana-de-la-facso-expuso-en-un-congreso-en-republica-checa\/\"},\"wordCount\":321,\"publisher\":{\"@id\":\"https:\/\/experienciadevida.com.ar\/portalurbano\/#organization\"},\"articleSection\":[\"Educaci\u00f3n\"],\"inLanguage\":\"es\"},{\"@type\":\"WebPage\",\"@id\":\"https:\/\/experienciadevida.com.ar\/portalurbano\/vicedecana-de-la-facso-expuso-en-un-congreso-en-republica-checa\/\",\"url\":\"https:\/\/experienciadevida.com.ar\/portalurbano\/vicedecana-de-la-facso-expuso-en-un-congreso-en-republica-checa\/\",\"name\":\"Vicedecana de la FACSO expuso en un congreso en Rep\u00fablica Checa\",\"isPartOf\":{\"@id\":\"https:\/\/experienciadevida.com.ar\/portalurbano\/#website\"},\"datePublished\":\"2022-07-08T17:12:10+00:00\",\"dateModified\":\"2022-07-08T17:12:43+00:00\",\"description\":\"Vicedecana de la FACSO expuso en un Congreso en Rep\u00fablica Checa, la Dra. Mar\u00eda Luz Endere, vicedecana de la Facultad de Ciencias Sociales\",\"breadcrumb\":{\"@id\":\"https:\/\/experienciadevida.com.ar\/portalurbano\/vicedecana-de-la-facso-expuso-en-un-congreso-en-republica-checa\/#breadcrumb\"},\"inLanguage\":\"es\",\"potentialAction\":[{\"@type\":\"ReadAction\",\"target\":[\"https:\/\/experienciadevida.com.ar\/portalurbano\/vicedecana-de-la-facso-expuso-en-un-congreso-en-republica-checa\/\"]}]},{\"@type\":\"BreadcrumbList\",\"@id\":\"https:\/\/experienciadevida.com.ar\/portalurbano\/vicedecana-de-la-facso-expuso-en-un-congreso-en-republica-checa\/#breadcrumb\",\"itemListElement\":[{\"@type\":\"ListItem\",\"position\":1,\"name\":\"Portada\",\"item\":\"https:\/\/experienciadevida.com.ar\/portalurbano\/\"},{\"@type\":\"ListItem\",\"position\":2,\"name\":\"Vicedecana de la FACSO expuso en un Congreso en Rep\u00fablica Checa\"}]},{\"@type\":\"WebSite\",\"@id\":\"https:\/\/experienciadevida.com.ar\/portalurbano\/#website\",\"url\":\"https:\/\/experienciadevida.com.ar\/portalurbano\/\",\"name\":\"\",\"description\":\"\",\"publisher\":{\"@id\":\"https:\/\/experienciadevida.com.ar\/portalurbano\/#organization\"},\"potentialAction\":[{\"@type\":\"SearchAction\",\"target\":{\"@type\":\"EntryPoint\",\"urlTemplate\":\"https:\/\/experienciadevida.com.ar\/portalurbano\/?s={search_term_string}\"},\"query-input\":\"required name=search_term_string\"}],\"inLanguage\":\"es\"},{\"@type\":\"Organization\",\"@id\":\"https:\/\/experienciadevida.com.ar\/portalurbano\/#organization\",\"name\":\"Portal Urbano\",\"url\":\"https:\/\/experienciadevida.com.ar\/portalurbano\/\",\"logo\":{\"@type\":\"ImageObject\",\"inLanguage\":\"es\",\"@id\":\"https:\/\/experienciadevida.com.ar\/portalurbano\/#\/schema\/logo\/image\/\",\"url\":\"https:\/\/experienciadevida.com.ar\/portalurbano\/wp-content\/uploads\/2019\/09\/Logo-Original.png\",\"contentUrl\":\"https:\/\/experienciadevida.com.ar\/portalurbano\/wp-content\/uploads\/2019\/09\/Logo-Original.png\",\"width\":2236,\"height\":1216,\"caption\":\"Portal Urbano\"},\"image\":{\"@id\":\"https:\/\/experienciadevida.com.ar\/portalurbano\/#\/schema\/logo\/image\/\"},\"sameAs\":[\"https:\/\/www.facebook.com\/Portal-Urbano-171542830093757\/\",\"https:\/\/twitter.com\/portalurbanook\",\"https:\/\/www.instagram.com\/_portalurbano\/\",\"https:\/\/www.youtube.com\/channel\/UCXhagIfszH8KxFiOok79zbA?view_as=subscriber\"]},{\"@type\":\"Person\",\"@id\":\"https:\/\/experienciadevida.com.ar\/portalurbano\/#\/schema\/person\/02dd326b1c4b056e9cc972486934a3a7\",\"name\":\"admpu17wp\",\"image\":{\"@type\":\"ImageObject\",\"inLanguage\":\"es\",\"@id\":\"https:\/\/experienciadevida.com.ar\/portalurbano\/#\/schema\/person\/image\/\",\"url\":\"https:\/\/secure.gravatar.com\/avatar\/830d4c57adaae6630765e449a6908047?s=96&d=mm&r=g\",\"contentUrl\":\"https:\/\/secure.gravatar.com\/avatar\/830d4c57adaae6630765e449a6908047?s=96&d=mm&r=g\",\"caption\":\"admpu17wp\"}}]}<\/script>\n<!-- \/ Yoast SEO plugin. -->","yoast_head_json":{"title":"Vicedecana de la FACSO expuso en un congreso en Rep\u00fablica Checa","description":"Vicedecana de la FACSO expuso en un Congreso en Rep\u00fablica Checa, la Dra. Mar\u00eda Luz Endere, vicedecana de la Facultad de Ciencias Sociales","robots":{"index":"index","follow":"follow","max-snippet":"max-snippet:-1","max-image-preview":"max-image-preview:large","max-video-preview":"max-video-preview:-1"},"canonical":"https:\/\/experienciadevida.com.ar\/portalurbano\/vicedecana-de-la-facso-expuso-en-un-congreso-en-republica-checa\/","og_locale":"es_ES","og_type":"article","og_title":"Vicedecana de la FACSO expuso en un congreso en Rep\u00fablica Checa","og_description":"Vicedecana de la FACSO expuso en un Congreso en Rep\u00fablica Checa, la Dra. Mar\u00eda Luz Endere, vicedecana de la Facultad de Ciencias Sociales","og_url":"https:\/\/experienciadevida.com.ar\/portalurbano\/vicedecana-de-la-facso-expuso-en-un-congreso-en-republica-checa\/","article_publisher":"https:\/\/www.facebook.com\/Portal-Urbano-171542830093757\/","article_published_time":"2022-07-08T17:12:10+00:00","article_modified_time":"2022-07-08T17:12:43+00:00","og_image":[{"width":1024,"height":660,"url":"https:\/\/experienciadevida.com.ar\/portalurbano\/wp-content\/uploads\/2022\/07\/Vicedecana-de-la-FACSO.jpeg","type":"image\/jpeg"}],"author":"admpu17wp","twitter_card":"summary_large_image","twitter_creator":"@portalurbanook","twitter_site":"@portalurbanook","twitter_misc":{"Escrito por":"admpu17wp","Tiempo de lectura":"2 minutos"},"schema":{"@context":"https:\/\/schema.org","@graph":[{"@type":"Article","@id":"https:\/\/experienciadevida.com.ar\/portalurbano\/vicedecana-de-la-facso-expuso-en-un-congreso-en-republica-checa\/#article","isPartOf":{"@id":"https:\/\/experienciadevida.com.ar\/portalurbano\/vicedecana-de-la-facso-expuso-en-un-congreso-en-republica-checa\/"},"author":{"name":"admpu17wp","@id":"https:\/\/experienciadevida.com.ar\/portalurbano\/#\/schema\/person\/02dd326b1c4b056e9cc972486934a3a7"},"headline":"Vicedecana de la FACSO expuso en un Congreso en Rep\u00fablica Checa","datePublished":"2022-07-08T17:12:10+00:00","dateModified":"2022-07-08T17:12:43+00:00","mainEntityOfPage":{"@id":"https:\/\/experienciadevida.com.ar\/portalurbano\/vicedecana-de-la-facso-expuso-en-un-congreso-en-republica-checa\/"},"wordCount":321,"publisher":{"@id":"https:\/\/experienciadevida.com.ar\/portalurbano\/#organization"},"articleSection":["Educaci\u00f3n"],"inLanguage":"es"},{"@type":"WebPage","@id":"https:\/\/experienciadevida.com.ar\/portalurbano\/vicedecana-de-la-facso-expuso-en-un-congreso-en-republica-checa\/","url":"https:\/\/experienciadevida.com.ar\/portalurbano\/vicedecana-de-la-facso-expuso-en-un-congreso-en-republica-checa\/","name":"Vicedecana de la FACSO expuso en un congreso en Rep\u00fablica Checa","isPartOf":{"@id":"https:\/\/experienciadevida.com.ar\/portalurbano\/#website"},"datePublished":"2022-07-08T17:12:10+00:00","dateModified":"2022-07-08T17:12:43+00:00","description":"Vicedecana de la FACSO expuso en un Congreso en Rep\u00fablica Checa, la Dra. Mar\u00eda Luz Endere, vicedecana de la Facultad de Ciencias Sociales","breadcrumb":{"@id":"https:\/\/experienciadevida.com.ar\/portalurbano\/vicedecana-de-la-facso-expuso-en-un-congreso-en-republica-checa\/#breadcrumb"},"inLanguage":"es","potentialAction":[{"@type":"ReadAction","target":["https:\/\/experienciadevida.com.ar\/portalurbano\/vicedecana-de-la-facso-expuso-en-un-congreso-en-republica-checa\/"]}]},{"@type":"BreadcrumbList","@id":"https:\/\/experienciadevida.com.ar\/portalurbano\/vicedecana-de-la-facso-expuso-en-un-congreso-en-republica-checa\/#breadcrumb","itemListElement":[{"@type":"ListItem","position":1,"name":"Portada","item":"https:\/\/experienciadevida.com.ar\/portalurbano\/"},{"@type":"ListItem","position":2,"name":"Vicedecana de la FACSO expuso en un Congreso en Rep\u00fablica Checa"}]},{"@type":"WebSite","@id":"https:\/\/experienciadevida.com.ar\/portalurbano\/#website","url":"https:\/\/experienciadevida.com.ar\/portalurbano\/","name":"","description":"","publisher":{"@id":"https:\/\/experienciadevida.com.ar\/portalurbano\/#organization"},"potentialAction":[{"@type":"SearchAction","target":{"@type":"EntryPoint","urlTemplate":"https:\/\/experienciadevida.com.ar\/portalurbano\/?s={search_term_string}"},"query-input":"required name=search_term_string"}],"inLanguage":"es"},{"@type":"Organization","@id":"https:\/\/experienciadevida.com.ar\/portalurbano\/#organization","name":"Portal Urbano","url":"https:\/\/experienciadevida.com.ar\/portalurbano\/","logo":{"@type":"ImageObject","inLanguage":"es","@id":"https:\/\/experienciadevida.com.ar\/portalurbano\/#\/schema\/logo\/image\/","url":"https:\/\/experienciadevida.com.ar\/portalurbano\/wp-content\/uploads\/2019\/09\/Logo-Original.png","contentUrl":"https:\/\/experienciadevida.com.ar\/portalurbano\/wp-content\/uploads\/2019\/09\/Logo-Original.png","width":2236,"height":1216,"caption":"Portal Urbano"},"image":{"@id":"https:\/\/experienciadevida.com.ar\/portalurbano\/#\/schema\/logo\/image\/"},"sameAs":["https:\/\/www.facebook.com\/Portal-Urbano-171542830093757\/","https:\/\/twitter.com\/portalurbanook","https:\/\/www.instagram.com\/_portalurbano\/","https:\/\/www.youtube.com\/channel\/UCXhagIfszH8KxFiOok79zbA?view_as=subscriber"]},{"@type":"Person","@id":"https:\/\/experienciadevida.com.ar\/portalurbano\/#\/schema\/person\/02dd326b1c4b056e9cc972486934a3a7","name":"admpu17wp","image":{"@type":"ImageObject","inLanguage":"es","@id":"https:\/\/experienciadevida.com.ar\/portalurbano\/#\/schema\/person\/image\/","url":"https:\/\/secure.gravatar.com\/avatar\/830d4c57adaae6630765e449a6908047?s=96&d=mm&r=g","contentUrl":"https:\/\/secure.gravatar.com\/avatar\/830d4c57adaae6630765e449a6908047?s=96&d=mm&r=g","caption":"admpu17wp"}}]}},"featured_image_urls":{"full":["https:\/\/experienciadevida.com.ar\/portalurbano\/wp-content\/uploads\/2022\/07\/Vicedecana-de-la-FACSO.jpeg",1024,660,false],"thumbnail":["https:\/\/experienciadevida.com.ar\/portalurbano\/wp-content\/uploads\/2022\/07\/Vicedecana-de-la-FACSO-150x150.jpeg",150,150,true],"medium":["https:\/\/experienciadevida.com.ar\/portalurbano\/wp-content\/uploads\/2022\/07\/Vicedecana-de-la-FACSO-300x193.jpeg",300,193,true],"medium_large":["https:\/\/experienciadevida.com.ar\/portalurbano\/wp-content\/uploads\/2022\/07\/Vicedecana-de-la-FACSO-768x495.jpeg",640,413,true],"large":["https:\/\/experienciadevida.com.ar\/portalurbano\/wp-content\/uploads\/2022\/07\/Vicedecana-de-la-FACSO.jpeg",640,413,false],"ug_big":["https:\/\/experienciadevida.com.ar\/portalurbano\/wp-content\/uploads\/2022\/07\/Vicedecana-de-la-FACSO-768x495.jpeg",768,495,true],"1536x1536":["https:\/\/experienciadevida.com.ar\/portalurbano\/wp-content\/uploads\/2022\/07\/Vicedecana-de-la-FACSO.jpeg",1024,660,false],"2048x2048":["https:\/\/experienciadevida.com.ar\/portalurbano\/wp-content\/uploads\/2022\/07\/Vicedecana-de-la-FACSO.jpeg",1024,660,false],"newsever-slider-full":["https:\/\/experienciadevida.com.ar\/portalurbano\/wp-content\/uploads\/2022\/07\/Vicedecana-de-la-FACSO.jpeg",1024,660,false],"newsever-featured":["https:\/\/experienciadevida.com.ar\/portalurbano\/wp-content\/uploads\/2022\/07\/Vicedecana-de-la-FACSO.jpeg",1024,660,false],"newsever-medium":["https:\/\/experienciadevida.com.ar\/portalurbano\/wp-content\/uploads\/2022\/07\/Vicedecana-de-la-FACSO.jpeg",720,464,false],"web-stories-poster-portrait":["https:\/\/experienciadevida.com.ar\/portalurbano\/wp-content\/uploads\/2022\/07\/Vicedecana-de-la-FACSO.jpeg",640,413,false],"web-stories-publisher-logo":["https:\/\/experienciadevida.com.ar\/portalurbano\/wp-content\/uploads\/2022\/07\/Vicedecana-de-la-FACSO.jpeg",96,62,false],"web-stories-thumbnail":["https:\/\/experienciadevida.com.ar\/portalurbano\/wp-content\/uploads\/2022\/07\/Vicedecana-de-la-FACSO.jpeg",150,97,false]},"author_info":{"display_name":"admpu17wp","author_link":"https:\/\/experienciadevida.com.ar\/portalurbano\/author\/admpu17wp\/"},"category_info":"<a href=\"https:\/\/experienciadevida.com.ar\/portalurbano\/category\/ciudad\/educacion\/\" rel=\"category tag\">Educaci\u00f3n<\/a>","tag_info":"Educaci\u00f3n","comment_count":"0","amp_enabled":true,"_links":{"self":[{"href":"https:\/\/experienciadevida.com.ar\/portalurbano\/wp-json\/wp\/v2\/posts\/171016"}],"collection":[{"href":"https:\/\/experienciadevida.com.ar\/portalurbano\/wp-json\/wp\/v2\/posts"}],"about":[{"href":"https:\/\/experienciadevida.com.ar\/portalurbano\/wp-json\/wp\/v2\/types\/post"}],"author":[{"embeddable":true,"href":"https:\/\/experienciadevida.com.ar\/portalurbano\/wp-json\/wp\/v2\/users\/1"}],"replies":[{"embeddable":true,"href":"https:\/\/experienciadevida.com.ar\/portalurbano\/wp-json\/wp\/v2\/comments?post=171016"}],"version-history":[{"count":1,"href":"https:\/\/experienciadevida.com.ar\/portalurbano\/wp-json\/wp\/v2\/posts\/171016\/revisions"}],"predecessor-version":[{"id":171018,"href":"https:\/\/experienciadevida.com.ar\/portalurbano\/wp-json\/wp\/v2\/posts\/171016\/revisions\/171018"}],"wp:featuredmedia":[{"embeddable":true,"href":"https:\/\/experienciadevida.com.ar\/portalurbano\/wp-json\/wp\/v2\/media\/171017"}],"wp:attachment":[{"href":"https:\/\/experienciadevida.com.ar\/portalurbano\/wp-json\/wp\/v2\/media?parent=171016"}],"wp:term":[{"taxonomy":"category","embeddable":true,"href":"https:\/\/experienciadevida.com.ar\/portalurbano\/wp-json\/wp\/v2\/categories?post=171016"},{"taxonomy":"post_tag","embeddable":true,"href":"https:\/\/experienciadevida.com.ar\/portalurbano\/wp-json\/wp\/v2\/tags?post=171016"}],"curies":[{"name":"wp","href":"https:\/\/api.w.org\/{rel}","templated":true}]}}