{"id":171011,"date":"2022-07-08T14:02:45","date_gmt":"2022-07-08T17:02:45","guid":{"rendered":"https:\/\/experienciadevida.com.ar\/portalurbano\/?p=171011"},"modified":"2022-07-08T14:07:07","modified_gmt":"2022-07-08T17:07:07","slug":"se-elevo-a-la-justicia-y-al-poder-ejecutivo-municipal-el-dictamen-de-la-comision-especial-que-investigo-la-presunta-venta-irregular-de-terrenos","status":"publish","type":"post","link":"https:\/\/experienciadevida.com.ar\/portalurbano\/se-elevo-a-la-justicia-y-al-poder-ejecutivo-municipal-el-dictamen-de-la-comision-especial-que-investigo-la-presunta-venta-irregular-de-terrenos\/","title":{"rendered":"Se elev\u00f3 a la Justicia y al Poder Ejecutivo Municipal el dictamen de la Comisi\u00f3n Especial que investig\u00f3 la presunta venta irregular de terrenos"},"content":{"rendered":"<p>Se elev\u00f3 a la Justicia y al Poder Ejecutivo Municipal el dictamen de la Comisi\u00f3n Especial que investig\u00f3 la presunta venta irregular de terrenos.<\/p>\n<p>Con la firma de la presidente Cecilia Krivochen y la secretaria legislativa del Honorable Concejo Deliberante Margarita Arregui, de acuerdo al Art. 8 del Decreto N\u00b0 002, se elev\u00f3 a la UFI N\u00b0 4 de Olavarr\u00eda a cargo de la doctora Paula Serrano el dictamen de la Comisi\u00f3n Especial que investig\u00f3 la presunta venta irregular de terrenos en el Partido Olavarr\u00eda.<\/p>\n<p>Asimismo, y a pedido de la Comisi\u00f3n Especial, se remiti\u00f3 copia de actuaciones al Departamento Ejecutivo Municipal.<\/p>\n<p>Se hace saber adem\u00e1s que en la Secretar\u00eda Legislativa del HCD quedaron a resguardo la totalidad de la documentaci\u00f3n obrante en el Expte. 004\/22. Los mismos se encuentran a disposici\u00f3n de cualquier organismo que lo requiera.<\/p>\n<p>Se recuerda lo establecido en el Art. N\u00b0 6 del Decreto 002\/22: \u201cLa Comisi\u00f3n funcionar\u00e1 bajo la reserva de las actuaciones, debiendo los concejales, funcionarios y empleados del Honorable Concejo Deliberante conservar fuera del desempe\u00f1o de sus funciones el secreto de las mismas. Se resuelve mantener en resguardo de la Secretar\u00eda de este cuerpo (\u2026) por un plazo m\u00ednimo de 24 meses\u201d.<\/p>\n<p>La Comisi\u00f3n Especial estuvo presidida por la concejal del Frente de Todos, Mercedes <a href=\"https:\/\/www.instagram.com\/landivar_mercedes\/\">Landivar<\/a> e integrada por Celeste <a href=\"https:\/\/www.instagram.com\/arouxetceleste\/\">Arouxet<\/a> (Ahora Olavarr\u00eda), Gast\u00f3n <a href=\"https:\/\/www.instagram.com\/gastonsarachu\/\">Sarachu<\/a> (Foro Olavarr\u00eda-Frente Renovador en el Frente de Todos), Sebasti\u00e1n <a href=\"https:\/\/www.instagram.com\/sebastianmatrella\/\">Matrella<\/a> (UCR-Juntos) y Maite Salerno (Juntos).<\/p>\n<p>Foto: archivo<\/p>\n","protected":false},"excerpt":{"rendered":"<p>Se elev\u00f3 a la Justicia y al Poder Ejecutivo Municipal el dictamen de la Comisi\u00f3n&#8230;<\/p>\n","protected":false},"author":1,"featured_media":167229,"comment_status":"closed","ping_status":"closed","sticky":false,"template":"","format":"standard","meta":{"content-type":""},"categories":[27],"tags":[],"nelio_content":{"isAutoShareEnabled":false,"autoShareEndMode":"default","automationSources":{"useContentSentences":true,"useSocialTemplates":true,"useCustomSentences":false,"customSentences":[]},"followers":[1],"suggestedReferences":[],"includedReferences":["https:\/\/www.instagram.com\/landivar_mercedes\/","https:\/\/www.instagram.com\/arouxetceleste\/","https:\/\/www.instagram.com\/gastonsarachu\/"],"efiUrl":"","efiAlt":"","highlights":[]},"yoast_head":"<!-- This site is optimized with the Yoast SEO plugin v20.7 - https:\/\/yoast.com\/wordpress\/plugins\/seo\/ -->\n<title>Se elev\u00f3 a la justicia y al poder ejecutivo el dictamen de la comisi\u00f3n<\/title>\n<meta name=\"description\" content=\"Se elev\u00f3 a la Justicia y al Poder Ejecutivo Municipal el dictamen de la Comisi\u00f3n Especial que investig\u00f3 la presunta venta irregular\" \/>\n<meta name=\"robots\" content=\"index, follow, max-snippet:-1, max-image-preview:large, max-video-preview:-1\" \/>\n<link rel=\"canonical\" href=\"https:\/\/experienciadevida.com.ar\/portalurbano\/se-elevo-a-la-justicia-y-al-poder-ejecutivo-municipal-el-dictamen-de-la-comision-especial-que-investigo-la-presunta-venta-irregular-de-terrenos\/\" \/>\n<meta property=\"og:locale\" content=\"es_ES\" \/>\n<meta property=\"og:type\" content=\"article\" \/>\n<meta property=\"og:title\" content=\"Se elev\u00f3 a la justicia y al poder ejecutivo el dictamen de la comisi\u00f3n\" \/>\n<meta property=\"og:description\" content=\"Se elev\u00f3 a la Justicia y al Poder Ejecutivo Municipal el dictamen de la Comisi\u00f3n Especial que investig\u00f3 la presunta venta irregular\" \/>\n<meta property=\"og:url\" content=\"https:\/\/experienciadevida.com.ar\/portalurbano\/se-elevo-a-la-justicia-y-al-poder-ejecutivo-municipal-el-dictamen-de-la-comision-especial-que-investigo-la-presunta-venta-irregular-de-terrenos\/\" \/>\n<meta property=\"article:publisher\" content=\"https:\/\/www.facebook.com\/Portal-Urbano-171542830093757\/\" \/>\n<meta property=\"article:published_time\" content=\"2022-07-08T17:02:45+00:00\" \/>\n<meta property=\"article:modified_time\" content=\"2022-07-08T17:07:07+00:00\" \/>\n<meta property=\"og:image\" content=\"https:\/\/experienciadevida.com.ar\/portalurbano\/wp-content\/uploads\/2022\/05\/Informe-sobre-venta-ilegal.jpg\" \/>\n\t<meta property=\"og:image:width\" content=\"1451\" \/>\n\t<meta property=\"og:image:height\" content=\"905\" \/>\n\t<meta property=\"og:image:type\" content=\"image\/jpeg\" \/>\n<meta name=\"author\" content=\"admpu17wp\" \/>\n<meta name=\"twitter:card\" content=\"summary_large_image\" \/>\n<meta name=\"twitter:creator\" content=\"@portalurbanook\" \/>\n<meta name=\"twitter:site\" content=\"@portalurbanook\" \/>\n<meta name=\"twitter:label1\" content=\"Escrito por\" \/>\n\t<meta name=\"twitter:data1\" content=\"admpu17wp\" \/>\n\t<meta name=\"twitter:label2\" content=\"Tiempo de lectura\" \/>\n\t<meta name=\"twitter:data2\" content=\"2 minutos\" \/>\n<script type=\"application\/ld+json\" class=\"yoast-schema-graph\">{\"@context\":\"https:\/\/schema.org\",\"@graph\":[{\"@type\":\"Article\",\"@id\":\"https:\/\/experienciadevida.com.ar\/portalurbano\/se-elevo-a-la-justicia-y-al-poder-ejecutivo-municipal-el-dictamen-de-la-comision-especial-que-investigo-la-presunta-venta-irregular-de-terrenos\/#article\",\"isPartOf\":{\"@id\":\"https:\/\/experienciadevida.com.ar\/portalurbano\/se-elevo-a-la-justicia-y-al-poder-ejecutivo-municipal-el-dictamen-de-la-comision-especial-que-investigo-la-presunta-venta-irregular-de-terrenos\/\"},\"author\":{\"name\":\"admpu17wp\",\"@id\":\"https:\/\/experienciadevida.com.ar\/portalurbano\/#\/schema\/person\/02dd326b1c4b056e9cc972486934a3a7\"},\"headline\":\"Se elev\u00f3 a la Justicia y al Poder Ejecutivo Municipal el dictamen de la Comisi\u00f3n Especial que investig\u00f3 la presunta venta irregular de terrenos\",\"datePublished\":\"2022-07-08T17:02:45+00:00\",\"dateModified\":\"2022-07-08T17:07:07+00:00\",\"mainEntityOfPage\":{\"@id\":\"https:\/\/experienciadevida.com.ar\/portalurbano\/se-elevo-a-la-justicia-y-al-poder-ejecutivo-municipal-el-dictamen-de-la-comision-especial-que-investigo-la-presunta-venta-irregular-de-terrenos\/\"},\"wordCount\":275,\"publisher\":{\"@id\":\"https:\/\/experienciadevida.com.ar\/portalurbano\/#organization\"},\"articleSection\":[\"Ciudad\"],\"inLanguage\":\"es\"},{\"@type\":\"WebPage\",\"@id\":\"https:\/\/experienciadevida.com.ar\/portalurbano\/se-elevo-a-la-justicia-y-al-poder-ejecutivo-municipal-el-dictamen-de-la-comision-especial-que-investigo-la-presunta-venta-irregular-de-terrenos\/\",\"url\":\"https:\/\/experienciadevida.com.ar\/portalurbano\/se-elevo-a-la-justicia-y-al-poder-ejecutivo-municipal-el-dictamen-de-la-comision-especial-que-investigo-la-presunta-venta-irregular-de-terrenos\/\",\"name\":\"Se elev\u00f3 a la justicia y al poder ejecutivo el dictamen de la comisi\u00f3n\",\"isPartOf\":{\"@id\":\"https:\/\/experienciadevida.com.ar\/portalurbano\/#website\"},\"datePublished\":\"2022-07-08T17:02:45+00:00\",\"dateModified\":\"2022-07-08T17:07:07+00:00\",\"description\":\"Se elev\u00f3 a la Justicia y al Poder Ejecutivo Municipal el dictamen de la Comisi\u00f3n Especial que investig\u00f3 la presunta venta irregular\",\"breadcrumb\":{\"@id\":\"https:\/\/experienciadevida.com.ar\/portalurbano\/se-elevo-a-la-justicia-y-al-poder-ejecutivo-municipal-el-dictamen-de-la-comision-especial-que-investigo-la-presunta-venta-irregular-de-terrenos\/#breadcrumb\"},\"inLanguage\":\"es\",\"potentialAction\":[{\"@type\":\"ReadAction\",\"target\":[\"https:\/\/experienciadevida.com.ar\/portalurbano\/se-elevo-a-la-justicia-y-al-poder-ejecutivo-municipal-el-dictamen-de-la-comision-especial-que-investigo-la-presunta-venta-irregular-de-terrenos\/\"]}]},{\"@type\":\"BreadcrumbList\",\"@id\":\"https:\/\/experienciadevida.com.ar\/portalurbano\/se-elevo-a-la-justicia-y-al-poder-ejecutivo-municipal-el-dictamen-de-la-comision-especial-que-investigo-la-presunta-venta-irregular-de-terrenos\/#breadcrumb\",\"itemListElement\":[{\"@type\":\"ListItem\",\"position\":1,\"name\":\"Portada\",\"item\":\"https:\/\/experienciadevida.com.ar\/portalurbano\/\"},{\"@type\":\"ListItem\",\"position\":2,\"name\":\"Se elev\u00f3 a la Justicia y al Poder Ejecutivo Municipal el dictamen de la Comisi\u00f3n Especial que investig\u00f3 la presunta venta irregular de terrenos\"}]},{\"@type\":\"WebSite\",\"@id\":\"https:\/\/experienciadevida.com.ar\/portalurbano\/#website\",\"url\":\"https:\/\/experienciadevida.com.ar\/portalurbano\/\",\"name\":\"\",\"description\":\"\",\"publisher\":{\"@id\":\"https:\/\/experienciadevida.com.ar\/portalurbano\/#organization\"},\"potentialAction\":[{\"@type\":\"SearchAction\",\"target\":{\"@type\":\"EntryPoint\",\"urlTemplate\":\"https:\/\/experienciadevida.com.ar\/portalurbano\/?s={search_term_string}\"},\"query-input\":\"required name=search_term_string\"}],\"inLanguage\":\"es\"},{\"@type\":\"Organization\",\"@id\":\"https:\/\/experienciadevida.com.ar\/portalurbano\/#organization\",\"name\":\"Portal Urbano\",\"url\":\"https:\/\/experienciadevida.com.ar\/portalurbano\/\",\"logo\":{\"@type\":\"ImageObject\",\"inLanguage\":\"es\",\"@id\":\"https:\/\/experienciadevida.com.ar\/portalurbano\/#\/schema\/logo\/image\/\",\"url\":\"https:\/\/experienciadevida.com.ar\/portalurbano\/wp-content\/uploads\/2019\/09\/Logo-Original.png\",\"contentUrl\":\"https:\/\/experienciadevida.com.ar\/portalurbano\/wp-content\/uploads\/2019\/09\/Logo-Original.png\",\"width\":2236,\"height\":1216,\"caption\":\"Portal Urbano\"},\"image\":{\"@id\":\"https:\/\/experienciadevida.com.ar\/portalurbano\/#\/schema\/logo\/image\/\"},\"sameAs\":[\"https:\/\/www.facebook.com\/Portal-Urbano-171542830093757\/\",\"https:\/\/twitter.com\/portalurbanook\",\"https:\/\/www.instagram.com\/_portalurbano\/\",\"https:\/\/www.youtube.com\/channel\/UCXhagIfszH8KxFiOok79zbA?view_as=subscriber\"]},{\"@type\":\"Person\",\"@id\":\"https:\/\/experienciadevida.com.ar\/portalurbano\/#\/schema\/person\/02dd326b1c4b056e9cc972486934a3a7\",\"name\":\"admpu17wp\",\"image\":{\"@type\":\"ImageObject\",\"inLanguage\":\"es\",\"@id\":\"https:\/\/experienciadevida.com.ar\/portalurbano\/#\/schema\/person\/image\/\",\"url\":\"https:\/\/secure.gravatar.com\/avatar\/830d4c57adaae6630765e449a6908047?s=96&d=mm&r=g\",\"contentUrl\":\"https:\/\/secure.gravatar.com\/avatar\/830d4c57adaae6630765e449a6908047?s=96&d=mm&r=g\",\"caption\":\"admpu17wp\"}}]}<\/script>\n<!-- \/ Yoast SEO plugin. -->","yoast_head_json":{"title":"Se elev\u00f3 a la justicia y al poder ejecutivo el dictamen de la comisi\u00f3n","description":"Se elev\u00f3 a la Justicia y al Poder Ejecutivo Municipal el dictamen de la Comisi\u00f3n Especial que investig\u00f3 la presunta venta irregular","robots":{"index":"index","follow":"follow","max-snippet":"max-snippet:-1","max-image-preview":"max-image-preview:large","max-video-preview":"max-video-preview:-1"},"canonical":"https:\/\/experienciadevida.com.ar\/portalurbano\/se-elevo-a-la-justicia-y-al-poder-ejecutivo-municipal-el-dictamen-de-la-comision-especial-que-investigo-la-presunta-venta-irregular-de-terrenos\/","og_locale":"es_ES","og_type":"article","og_title":"Se elev\u00f3 a la justicia y al poder ejecutivo el dictamen de la comisi\u00f3n","og_description":"Se elev\u00f3 a la Justicia y al Poder Ejecutivo Municipal el dictamen de la Comisi\u00f3n Especial que investig\u00f3 la presunta venta irregular","og_url":"https:\/\/experienciadevida.com.ar\/portalurbano\/se-elevo-a-la-justicia-y-al-poder-ejecutivo-municipal-el-dictamen-de-la-comision-especial-que-investigo-la-presunta-venta-irregular-de-terrenos\/","article_publisher":"https:\/\/www.facebook.com\/Portal-Urbano-171542830093757\/","article_published_time":"2022-07-08T17:02:45+00:00","article_modified_time":"2022-07-08T17:07:07+00:00","og_image":[{"width":1451,"height":905,"url":"https:\/\/experienciadevida.com.ar\/portalurbano\/wp-content\/uploads\/2022\/05\/Informe-sobre-venta-ilegal.jpg","type":"image\/jpeg"}],"author":"admpu17wp","twitter_card":"summary_large_image","twitter_creator":"@portalurbanook","twitter_site":"@portalurbanook","twitter_misc":{"Escrito por":"admpu17wp","Tiempo de lectura":"2 minutos"},"schema":{"@context":"https:\/\/schema.org","@graph":[{"@type":"Article","@id":"https:\/\/experienciadevida.com.ar\/portalurbano\/se-elevo-a-la-justicia-y-al-poder-ejecutivo-municipal-el-dictamen-de-la-comision-especial-que-investigo-la-presunta-venta-irregular-de-terrenos\/#article","isPartOf":{"@id":"https:\/\/experienciadevida.com.ar\/portalurbano\/se-elevo-a-la-justicia-y-al-poder-ejecutivo-municipal-el-dictamen-de-la-comision-especial-que-investigo-la-presunta-venta-irregular-de-terrenos\/"},"author":{"name":"admpu17wp","@id":"https:\/\/experienciadevida.com.ar\/portalurbano\/#\/schema\/person\/02dd326b1c4b056e9cc972486934a3a7"},"headline":"Se elev\u00f3 a la Justicia y al Poder Ejecutivo Municipal el dictamen de la Comisi\u00f3n Especial que investig\u00f3 la presunta venta irregular de terrenos","datePublished":"2022-07-08T17:02:45+00:00","dateModified":"2022-07-08T17:07:07+00:00","mainEntityOfPage":{"@id":"https:\/\/experienciadevida.com.ar\/portalurbano\/se-elevo-a-la-justicia-y-al-poder-ejecutivo-municipal-el-dictamen-de-la-comision-especial-que-investigo-la-presunta-venta-irregular-de-terrenos\/"},"wordCount":275,"publisher":{"@id":"https:\/\/experienciadevida.com.ar\/portalurbano\/#organization"},"articleSection":["Ciudad"],"inLanguage":"es"},{"@type":"WebPage","@id":"https:\/\/experienciadevida.com.ar\/portalurbano\/se-elevo-a-la-justicia-y-al-poder-ejecutivo-municipal-el-dictamen-de-la-comision-especial-que-investigo-la-presunta-venta-irregular-de-terrenos\/","url":"https:\/\/experienciadevida.com.ar\/portalurbano\/se-elevo-a-la-justicia-y-al-poder-ejecutivo-municipal-el-dictamen-de-la-comision-especial-que-investigo-la-presunta-venta-irregular-de-terrenos\/","name":"Se elev\u00f3 a la justicia y al poder ejecutivo el dictamen de la comisi\u00f3n","isPartOf":{"@id":"https:\/\/experienciadevida.com.ar\/portalurbano\/#website"},"datePublished":"2022-07-08T17:02:45+00:00","dateModified":"2022-07-08T17:07:07+00:00","description":"Se elev\u00f3 a la Justicia y al Poder Ejecutivo Municipal el dictamen de la Comisi\u00f3n Especial que investig\u00f3 la presunta venta irregular","breadcrumb":{"@id":"https:\/\/experienciadevida.com.ar\/portalurbano\/se-elevo-a-la-justicia-y-al-poder-ejecutivo-municipal-el-dictamen-de-la-comision-especial-que-investigo-la-presunta-venta-irregular-de-terrenos\/#breadcrumb"},"inLanguage":"es","potentialAction":[{"@type":"ReadAction","target":["https:\/\/experienciadevida.com.ar\/portalurbano\/se-elevo-a-la-justicia-y-al-poder-ejecutivo-municipal-el-dictamen-de-la-comision-especial-que-investigo-la-presunta-venta-irregular-de-terrenos\/"]}]},{"@type":"BreadcrumbList","@id":"https:\/\/experienciadevida.com.ar\/portalurbano\/se-elevo-a-la-justicia-y-al-poder-ejecutivo-municipal-el-dictamen-de-la-comision-especial-que-investigo-la-presunta-venta-irregular-de-terrenos\/#breadcrumb","itemListElement":[{"@type":"ListItem","position":1,"name":"Portada","item":"https:\/\/experienciadevida.com.ar\/portalurbano\/"},{"@type":"ListItem","position":2,"name":"Se elev\u00f3 a la Justicia y al Poder Ejecutivo Municipal el dictamen de la Comisi\u00f3n Especial que investig\u00f3 la presunta venta irregular de terrenos"}]},{"@type":"WebSite","@id":"https:\/\/experienciadevida.com.ar\/portalurbano\/#website","url":"https:\/\/experienciadevida.com.ar\/portalurbano\/","name":"","description":"","publisher":{"@id":"https:\/\/experienciadevida.com.ar\/portalurbano\/#organization"},"potentialAction":[{"@type":"SearchAction","target":{"@type":"EntryPoint","urlTemplate":"https:\/\/experienciadevida.com.ar\/portalurbano\/?s={search_term_string}"},"query-input":"required name=search_term_string"}],"inLanguage":"es"},{"@type":"Organization","@id":"https:\/\/experienciadevida.com.ar\/portalurbano\/#organization","name":"Portal Urbano","url":"https:\/\/experienciadevida.com.ar\/portalurbano\/","logo":{"@type":"ImageObject","inLanguage":"es","@id":"https:\/\/experienciadevida.com.ar\/portalurbano\/#\/schema\/logo\/image\/","url":"https:\/\/experienciadevida.com.ar\/portalurbano\/wp-content\/uploads\/2019\/09\/Logo-Original.png","contentUrl":"https:\/\/experienciadevida.com.ar\/portalurbano\/wp-content\/uploads\/2019\/09\/Logo-Original.png","width":2236,"height":1216,"caption":"Portal Urbano"},"image":{"@id":"https:\/\/experienciadevida.com.ar\/portalurbano\/#\/schema\/logo\/image\/"},"sameAs":["https:\/\/www.facebook.com\/Portal-Urbano-171542830093757\/","https:\/\/twitter.com\/portalurbanook","https:\/\/www.instagram.com\/_portalurbano\/","https:\/\/www.youtube.com\/channel\/UCXhagIfszH8KxFiOok79zbA?view_as=subscriber"]},{"@type":"Person","@id":"https:\/\/experienciadevida.com.ar\/portalurbano\/#\/schema\/person\/02dd326b1c4b056e9cc972486934a3a7","name":"admpu17wp","image":{"@type":"ImageObject","inLanguage":"es","@id":"https:\/\/experienciadevida.com.ar\/portalurbano\/#\/schema\/person\/image\/","url":"https:\/\/secure.gravatar.com\/avatar\/830d4c57adaae6630765e449a6908047?s=96&d=mm&r=g","contentUrl":"https:\/\/secure.gravatar.com\/avatar\/830d4c57adaae6630765e449a6908047?s=96&d=mm&r=g","caption":"admpu17wp"}}]}},"featured_image_urls":{"full":["https:\/\/experienciadevida.com.ar\/portalurbano\/wp-content\/uploads\/2022\/05\/Informe-sobre-venta-ilegal.jpg",1451,905,false],"thumbnail":["https:\/\/experienciadevida.com.ar\/portalurbano\/wp-content\/uploads\/2022\/05\/Informe-sobre-venta-ilegal-150x150.jpg",150,150,true],"medium":["https:\/\/experienciadevida.com.ar\/portalurbano\/wp-content\/uploads\/2022\/05\/Informe-sobre-venta-ilegal-300x187.jpg",300,187,true],"medium_large":["https:\/\/experienciadevida.com.ar\/portalurbano\/wp-content\/uploads\/2022\/05\/Informe-sobre-venta-ilegal-768x479.jpg",640,399,true],"large":["https:\/\/experienciadevida.com.ar\/portalurbano\/wp-content\/uploads\/2022\/05\/Informe-sobre-venta-ilegal-1024x639.jpg",640,399,true],"ug_big":["https:\/\/experienciadevida.com.ar\/portalurbano\/wp-content\/uploads\/2022\/05\/Informe-sobre-venta-ilegal-768x479.jpg",768,479,true],"1536x1536":["https:\/\/experienciadevida.com.ar\/portalurbano\/wp-content\/uploads\/2022\/05\/Informe-sobre-venta-ilegal.jpg",1451,905,false],"2048x2048":["https:\/\/experienciadevida.com.ar\/portalurbano\/wp-content\/uploads\/2022\/05\/Informe-sobre-venta-ilegal.jpg",1451,905,false],"newsever-slider-full":["https:\/\/experienciadevida.com.ar\/portalurbano\/wp-content\/uploads\/2022\/05\/Informe-sobre-venta-ilegal.jpg",1280,798,false],"newsever-featured":["https:\/\/experienciadevida.com.ar\/portalurbano\/wp-content\/uploads\/2022\/05\/Informe-sobre-venta-ilegal.jpg",1024,639,false],"newsever-medium":["https:\/\/experienciadevida.com.ar\/portalurbano\/wp-content\/uploads\/2022\/05\/Informe-sobre-venta-ilegal.jpg",720,449,false],"web-stories-poster-portrait":["https:\/\/experienciadevida.com.ar\/portalurbano\/wp-content\/uploads\/2022\/05\/Informe-sobre-venta-ilegal.jpg",640,399,false],"web-stories-publisher-logo":["https:\/\/experienciadevida.com.ar\/portalurbano\/wp-content\/uploads\/2022\/05\/Informe-sobre-venta-ilegal.jpg",96,60,false],"web-stories-thumbnail":["https:\/\/experienciadevida.com.ar\/portalurbano\/wp-content\/uploads\/2022\/05\/Informe-sobre-venta-ilegal.jpg",150,94,false]},"author_info":{"display_name":"admpu17wp","author_link":"https:\/\/experienciadevida.com.ar\/portalurbano\/author\/admpu17wp\/"},"category_info":"<a href=\"https:\/\/experienciadevida.com.ar\/portalurbano\/category\/ciudad\/\" rel=\"category tag\">Ciudad<\/a>","tag_info":"Ciudad","comment_count":"0","amp_enabled":true,"_links":{"self":[{"href":"https:\/\/experienciadevida.com.ar\/portalurbano\/wp-json\/wp\/v2\/posts\/171011"}],"collection":[{"href":"https:\/\/experienciadevida.com.ar\/portalurbano\/wp-json\/wp\/v2\/posts"}],"about":[{"href":"https:\/\/experienciadevida.com.ar\/portalurbano\/wp-json\/wp\/v2\/types\/post"}],"author":[{"embeddable":true,"href":"https:\/\/experienciadevida.com.ar\/portalurbano\/wp-json\/wp\/v2\/users\/1"}],"replies":[{"embeddable":true,"href":"https:\/\/experienciadevida.com.ar\/portalurbano\/wp-json\/wp\/v2\/comments?post=171011"}],"version-history":[{"count":3,"href":"https:\/\/experienciadevida.com.ar\/portalurbano\/wp-json\/wp\/v2\/posts\/171011\/revisions"}],"predecessor-version":[{"id":171014,"href":"https:\/\/experienciadevida.com.ar\/portalurbano\/wp-json\/wp\/v2\/posts\/171011\/revisions\/171014"}],"wp:featuredmedia":[{"embeddable":true,"href":"https:\/\/experienciadevida.com.ar\/portalurbano\/wp-json\/wp\/v2\/media\/167229"}],"wp:attachment":[{"href":"https:\/\/experienciadevida.com.ar\/portalurbano\/wp-json\/wp\/v2\/media?parent=171011"}],"wp:term":[{"taxonomy":"category","embeddable":true,"href":"https:\/\/experienciadevida.com.ar\/portalurbano\/wp-json\/wp\/v2\/categories?post=171011"},{"taxonomy":"post_tag","embeddable":true,"href":"https:\/\/experienciadevida.com.ar\/portalurbano\/wp-json\/wp\/v2\/tags?post=171011"}],"curies":[{"name":"wp","href":"https:\/\/api.w.org\/{rel}","templated":true}]}}