{"id":170996,"date":"2022-07-08T13:52:55","date_gmt":"2022-07-08T16:52:55","guid":{"rendered":"https:\/\/experienciadevida.com.ar\/portalurbano\/?p=170996"},"modified":"2022-07-08T13:55:43","modified_gmt":"2022-07-08T16:55:43","slug":"ezequiel-galli-inauguro-el-nuevo-vacunatorio-del-hospital-municipal","status":"publish","type":"post","link":"https:\/\/experienciadevida.com.ar\/portalurbano\/ezequiel-galli-inauguro-el-nuevo-vacunatorio-del-hospital-municipal\/","title":{"rendered":"Ezequiel Galli inaugur\u00f3 el nuevo vacunatorio del Hospital Municipal"},"content":{"rendered":"<p>Ezequiel <a href=\"https:\/\/www.facebook.com\/galliezequiel\">Galli<\/a> inaugur\u00f3 el nuevo vacunatorio del Hospital Municipal, la vacunaci\u00f3n es una de las intervenciones que mayor beneficio otorgan a la salud p\u00fablica, protegiendo no s\u00f3lo al paciente inmunizado, sino que tambi\u00e9n permite cuidar a los que los rodean.<\/p>\n<p><a href=\"https:\/\/experienciadevida.com.ar\/portalurbano\/ezequiel-galli-inauguro-el-nuevo-vacunatorio-del-hospital-municipal\/ezequiel-8\/\" rel=\"attachment wp-att-170999\"><img decoding=\"async\" class=\"alignnone size-large wp-image-170999\" src=\"https:\/\/experienciadevida.com.ar\/portalurbano\/wp-content\/uploads\/2022\/07\/Ezequiel-1024x684.jpg\" alt=\"Ezequiel \" width=\"900\" height=\"601\" srcset=\"https:\/\/experienciadevida.com.ar\/portalurbano\/wp-content\/uploads\/2022\/07\/Ezequiel-1024x684.jpg 1024w, https:\/\/experienciadevida.com.ar\/portalurbano\/wp-content\/uploads\/2022\/07\/Ezequiel-300x201.jpg 300w, https:\/\/experienciadevida.com.ar\/portalurbano\/wp-content\/uploads\/2022\/07\/Ezequiel-768x513.jpg 768w, https:\/\/experienciadevida.com.ar\/portalurbano\/wp-content\/uploads\/2022\/07\/Ezequiel-1536x1027.jpg 1536w, https:\/\/experienciadevida.com.ar\/portalurbano\/wp-content\/uploads\/2022\/07\/Ezequiel-2048x1369.jpg 2048w\" sizes=\"(max-width: 900px) 100vw, 900px\" \/><\/a><\/p>\n<p>El Municipio del Partido de Olavarr\u00eda cuenta con un gran n\u00famero de postas de vacunaci\u00f3n, incluyendo 24 Centros de Atenci\u00f3n Primaria de la Salud, Hospital de Sierras Bayas, Hospital de Hinojo, Hospital de Espigas y Centro de Inmunizaciones \u201cBanco de Leche\u201d.<\/p>\n<p>Con excepci\u00f3n del Banco de Leche, la mayor\u00eda de los centros tiene una ubicaci\u00f3n perif\u00e9rica, por lo que resultaba necesario fortalecer el vacunatorio del Hospital Municipal \u201cDr. H\u00e9ctor M. Cura\u201d.<\/p>\n<p>De all\u00ed surgi\u00f3 el proyecto de ampliaci\u00f3n y modernizaci\u00f3n de un nuevo sector de vacunaci\u00f3n, accesible a toda la poblaci\u00f3n adulta y pedi\u00e1trica, que cuenta con dos salas de vacunaci\u00f3n, sala de espera, ingreso independiente, mobiliario nuevo e instalaciones adecuadas.<\/p>\n<p>Este nuevo espacio fue inaugurado este viernes por la ma\u00f1ana, en el marco de un acto encabezado por el intendente Ezequiel Galli, el secretario de Salud Germ\u00e1n Caputo, la directora del Hospital Municipal Silvina Guanuco y la directora de Epidemiolog\u00eda e Inmunizaciones Mar\u00eda del Carmen Weis, junto a dem\u00e1s funcionarios del gabinete municipal.<\/p>\n<p>Participaron asimismo profesionales y referentes de distintas \u00e1reas: Roxana Della Maggiora, Mariana Diamanti, Romina Casella y personal del Servicio de Pediatr\u00eda.<\/p>\n<p><a href=\"https:\/\/experienciadevida.com.ar\/portalurbano\/ezequiel-galli-inauguro-el-nuevo-vacunatorio-del-hospital-municipal\/galli-10\/\" rel=\"attachment wp-att-171000\"><img decoding=\"async\" class=\"alignnone size-large wp-image-171000\" src=\"https:\/\/experienciadevida.com.ar\/portalurbano\/wp-content\/uploads\/2022\/07\/Galli-1024x684.jpg\" alt=\"Galli\" width=\"900\" height=\"601\" srcset=\"https:\/\/experienciadevida.com.ar\/portalurbano\/wp-content\/uploads\/2022\/07\/Galli-1024x684.jpg 1024w, https:\/\/experienciadevida.com.ar\/portalurbano\/wp-content\/uploads\/2022\/07\/Galli-300x201.jpg 300w, https:\/\/experienciadevida.com.ar\/portalurbano\/wp-content\/uploads\/2022\/07\/Galli-768x513.jpg 768w, https:\/\/experienciadevida.com.ar\/portalurbano\/wp-content\/uploads\/2022\/07\/Galli-1536x1027.jpg 1536w, https:\/\/experienciadevida.com.ar\/portalurbano\/wp-content\/uploads\/2022\/07\/Galli-2048x1369.jpg 2048w\" sizes=\"(max-width: 900px) 100vw, 900px\" \/><\/a><\/p>\n<p>El nuevo vacunatorio funciona de lunes a jueves de 8 a 14:30 horas y viernes de 8 a 14 horas en instalaciones del SUM de Pediatr\u00eda que fue remodelado, con una inversi\u00f3n de $800.000.<\/p>\n<p>La remodelaci\u00f3n comprendi\u00f3 la construcci\u00f3n de nuevos boxes con durlock, la adquisici\u00f3n de mobiliario para el sector de recepci\u00f3n, la incorporaci\u00f3n de camillas de vacunaci\u00f3n y el reacondicionamiento de la sala de estar.<\/p>\n<p>El corte de cintas para dejar formalmente inaugurado el espacio, estuvo a cargo de intendente Ezequiel Galli, el secretario de Salud Germ\u00e1n Caputo, la directora del Hospital Municipal Silvina Guanuco y la directora de Epidemiolog\u00eda e Inmunizaciones Mar\u00eda del Carmen Weis.<\/p>\n<p>\u201cEl nuevo vacunatorio, si bien est\u00e1 dentro del \u00e1rea de Pediatr\u00eda, es para toda la poblaci\u00f3n, embarazadas, chiquitos y adultos. Tambi\u00e9n va a cubrir un \u00e1rea dentro de este sector donde no hab\u00eda otro puesto de vacunaci\u00f3n\u201d, destac\u00f3 la directora de Epidemiolog\u00eda e Inmunizaciones Dra. Mar\u00eda del Carmen Weis.<\/p>\n<p>La Dra. Weis inst\u00f3 a actualizar el plan de vacunaci\u00f3n y a seguir cuid\u00e1ndonos entre todos. \u201cLos esperamos e invitamos a toda la comunidad a acercarse a este puesto de vacunaci\u00f3n para completar esquemas, si tienen dudas o para acercarse y vacunarse\u201d, concluy\u00f3.<\/p>\n<p>Antes de realizar la recorrida por las nuevas instalaciones, se hizo entrega de tres camionetas 0 km para uso general del Hospital, traslados de baja complejidad y Direcci\u00f3n de Bromatolog\u00eda. En dicha oportunidad, el intendente Ezequiel Galli hizo entrega de las llaves de los nuevos veh\u00edculos al secretario de Salud Germ\u00e1n Caputo.<\/p>\n<p><a href=\"https:\/\/experienciadevida.com.ar\/portalurbano\/ezequiel-galli-inauguro-el-nuevo-vacunatorio-del-hospital-municipal\/inauguro-4\/\" rel=\"attachment wp-att-171002\"><img decoding=\"async\" class=\"alignnone size-large wp-image-171002\" src=\"https:\/\/experienciadevida.com.ar\/portalurbano\/wp-content\/uploads\/2022\/07\/inauguro-1024x684.jpg\" alt=\"inaugur\u00f3 \" width=\"900\" height=\"601\" srcset=\"https:\/\/experienciadevida.com.ar\/portalurbano\/wp-content\/uploads\/2022\/07\/inauguro-1024x684.jpg 1024w, https:\/\/experienciadevida.com.ar\/portalurbano\/wp-content\/uploads\/2022\/07\/inauguro-300x201.jpg 300w, https:\/\/experienciadevida.com.ar\/portalurbano\/wp-content\/uploads\/2022\/07\/inauguro-768x513.jpg 768w, https:\/\/experienciadevida.com.ar\/portalurbano\/wp-content\/uploads\/2022\/07\/inauguro-1536x1027.jpg 1536w, https:\/\/experienciadevida.com.ar\/portalurbano\/wp-content\/uploads\/2022\/07\/inauguro-2048x1369.jpg 2048w\" sizes=\"(max-width: 900px) 100vw, 900px\" \/><\/a><\/p>\n","protected":false},"excerpt":{"rendered":"<p>Ezequiel Galli inaugur\u00f3 el nuevo vacunatorio del Hospital Municipal, la vacunaci\u00f3n es una de las&#8230;<\/p>\n","protected":false},"author":1,"featured_media":170997,"comment_status":"closed","ping_status":"closed","sticky":false,"template":"","format":"standard","meta":{"content-type":""},"categories":[51,45],"tags":[],"nelio_content":{"isAutoShareEnabled":false,"autoShareEndMode":"default","automationSources":{"useContentSentences":true,"useSocialTemplates":true,"useCustomSentences":false,"customSentences":[]},"followers":[1],"suggestedReferences":[],"includedReferences":[],"efiUrl":"","efiAlt":"","highlights":[]},"yoast_head":"<!-- This site is optimized with the Yoast SEO plugin v20.7 - https:\/\/yoast.com\/wordpress\/plugins\/seo\/ -->\n<title>Ezequiel Galli inaugur\u00f3 el nuevo vacunatorio del Hospital Municipal<\/title>\n<meta name=\"description\" content=\"Ezequiel Galli inaugur\u00f3 el nuevo vacunatorio del Hospital Municipal, la vacunaci\u00f3n es una de las intervenciones que mayor beneficio\" \/>\n<meta name=\"robots\" content=\"index, follow, max-snippet:-1, max-image-preview:large, max-video-preview:-1\" \/>\n<link rel=\"canonical\" href=\"https:\/\/experienciadevida.com.ar\/portalurbano\/ezequiel-galli-inauguro-el-nuevo-vacunatorio-del-hospital-municipal\/\" \/>\n<meta property=\"og:locale\" content=\"es_ES\" \/>\n<meta property=\"og:type\" content=\"article\" \/>\n<meta property=\"og:title\" content=\"Ezequiel Galli inaugur\u00f3 el nuevo vacunatorio del Hospital Municipal\" \/>\n<meta property=\"og:description\" content=\"Ezequiel Galli inaugur\u00f3 el nuevo vacunatorio del Hospital Municipal, la vacunaci\u00f3n es una de las intervenciones que mayor beneficio\" \/>\n<meta property=\"og:url\" content=\"https:\/\/experienciadevida.com.ar\/portalurbano\/ezequiel-galli-inauguro-el-nuevo-vacunatorio-del-hospital-municipal\/\" \/>\n<meta property=\"article:publisher\" content=\"https:\/\/www.facebook.com\/Portal-Urbano-171542830093757\/\" \/>\n<meta property=\"article:published_time\" content=\"2022-07-08T16:52:55+00:00\" \/>\n<meta property=\"article:modified_time\" content=\"2022-07-08T16:55:43+00:00\" \/>\n<meta property=\"og:image\" content=\"https:\/\/experienciadevida.com.ar\/portalurbano\/wp-content\/uploads\/2022\/07\/Ezequiel-Galli-inauguro-el.jpg\" \/>\n\t<meta property=\"og:image:width\" content=\"2560\" \/>\n\t<meta property=\"og:image:height\" content=\"1711\" \/>\n\t<meta property=\"og:image:type\" content=\"image\/jpeg\" \/>\n<meta name=\"author\" content=\"admpu17wp\" \/>\n<meta name=\"twitter:card\" content=\"summary_large_image\" \/>\n<meta name=\"twitter:creator\" content=\"@portalurbanook\" \/>\n<meta name=\"twitter:site\" content=\"@portalurbanook\" \/>\n<meta name=\"twitter:label1\" content=\"Escrito por\" \/>\n\t<meta name=\"twitter:data1\" content=\"admpu17wp\" \/>\n\t<meta name=\"twitter:label2\" content=\"Tiempo de lectura\" \/>\n\t<meta name=\"twitter:data2\" content=\"3 minutos\" \/>\n<script type=\"application\/ld+json\" class=\"yoast-schema-graph\">{\"@context\":\"https:\/\/schema.org\",\"@graph\":[{\"@type\":\"Article\",\"@id\":\"https:\/\/experienciadevida.com.ar\/portalurbano\/ezequiel-galli-inauguro-el-nuevo-vacunatorio-del-hospital-municipal\/#article\",\"isPartOf\":{\"@id\":\"https:\/\/experienciadevida.com.ar\/portalurbano\/ezequiel-galli-inauguro-el-nuevo-vacunatorio-del-hospital-municipal\/\"},\"author\":{\"name\":\"admpu17wp\",\"@id\":\"https:\/\/experienciadevida.com.ar\/portalurbano\/#\/schema\/person\/02dd326b1c4b056e9cc972486934a3a7\"},\"headline\":\"Ezequiel Galli inaugur\u00f3 el nuevo vacunatorio del Hospital Municipal\",\"datePublished\":\"2022-07-08T16:52:55+00:00\",\"dateModified\":\"2022-07-08T16:55:43+00:00\",\"mainEntityOfPage\":{\"@id\":\"https:\/\/experienciadevida.com.ar\/portalurbano\/ezequiel-galli-inauguro-el-nuevo-vacunatorio-del-hospital-municipal\/\"},\"wordCount\":529,\"publisher\":{\"@id\":\"https:\/\/experienciadevida.com.ar\/portalurbano\/#organization\"},\"articleSection\":[\"Destacadas\",\"Salud\"],\"inLanguage\":\"es\"},{\"@type\":\"WebPage\",\"@id\":\"https:\/\/experienciadevida.com.ar\/portalurbano\/ezequiel-galli-inauguro-el-nuevo-vacunatorio-del-hospital-municipal\/\",\"url\":\"https:\/\/experienciadevida.com.ar\/portalurbano\/ezequiel-galli-inauguro-el-nuevo-vacunatorio-del-hospital-municipal\/\",\"name\":\"Ezequiel Galli inaugur\u00f3 el nuevo vacunatorio del Hospital Municipal\",\"isPartOf\":{\"@id\":\"https:\/\/experienciadevida.com.ar\/portalurbano\/#website\"},\"datePublished\":\"2022-07-08T16:52:55+00:00\",\"dateModified\":\"2022-07-08T16:55:43+00:00\",\"description\":\"Ezequiel Galli inaugur\u00f3 el nuevo vacunatorio del Hospital Municipal, la vacunaci\u00f3n es una de las intervenciones que mayor beneficio\",\"breadcrumb\":{\"@id\":\"https:\/\/experienciadevida.com.ar\/portalurbano\/ezequiel-galli-inauguro-el-nuevo-vacunatorio-del-hospital-municipal\/#breadcrumb\"},\"inLanguage\":\"es\",\"potentialAction\":[{\"@type\":\"ReadAction\",\"target\":[\"https:\/\/experienciadevida.com.ar\/portalurbano\/ezequiel-galli-inauguro-el-nuevo-vacunatorio-del-hospital-municipal\/\"]}]},{\"@type\":\"BreadcrumbList\",\"@id\":\"https:\/\/experienciadevida.com.ar\/portalurbano\/ezequiel-galli-inauguro-el-nuevo-vacunatorio-del-hospital-municipal\/#breadcrumb\",\"itemListElement\":[{\"@type\":\"ListItem\",\"position\":1,\"name\":\"Portada\",\"item\":\"https:\/\/experienciadevida.com.ar\/portalurbano\/\"},{\"@type\":\"ListItem\",\"position\":2,\"name\":\"Ezequiel Galli inaugur\u00f3 el nuevo vacunatorio del Hospital Municipal\"}]},{\"@type\":\"WebSite\",\"@id\":\"https:\/\/experienciadevida.com.ar\/portalurbano\/#website\",\"url\":\"https:\/\/experienciadevida.com.ar\/portalurbano\/\",\"name\":\"\",\"description\":\"\",\"publisher\":{\"@id\":\"https:\/\/experienciadevida.com.ar\/portalurbano\/#organization\"},\"potentialAction\":[{\"@type\":\"SearchAction\",\"target\":{\"@type\":\"EntryPoint\",\"urlTemplate\":\"https:\/\/experienciadevida.com.ar\/portalurbano\/?s={search_term_string}\"},\"query-input\":\"required name=search_term_string\"}],\"inLanguage\":\"es\"},{\"@type\":\"Organization\",\"@id\":\"https:\/\/experienciadevida.com.ar\/portalurbano\/#organization\",\"name\":\"Portal Urbano\",\"url\":\"https:\/\/experienciadevida.com.ar\/portalurbano\/\",\"logo\":{\"@type\":\"ImageObject\",\"inLanguage\":\"es\",\"@id\":\"https:\/\/experienciadevida.com.ar\/portalurbano\/#\/schema\/logo\/image\/\",\"url\":\"https:\/\/experienciadevida.com.ar\/portalurbano\/wp-content\/uploads\/2019\/09\/Logo-Original.png\",\"contentUrl\":\"https:\/\/experienciadevida.com.ar\/portalurbano\/wp-content\/uploads\/2019\/09\/Logo-Original.png\",\"width\":2236,\"height\":1216,\"caption\":\"Portal Urbano\"},\"image\":{\"@id\":\"https:\/\/experienciadevida.com.ar\/portalurbano\/#\/schema\/logo\/image\/\"},\"sameAs\":[\"https:\/\/www.facebook.com\/Portal-Urbano-171542830093757\/\",\"https:\/\/twitter.com\/portalurbanook\",\"https:\/\/www.instagram.com\/_portalurbano\/\",\"https:\/\/www.youtube.com\/channel\/UCXhagIfszH8KxFiOok79zbA?view_as=subscriber\"]},{\"@type\":\"Person\",\"@id\":\"https:\/\/experienciadevida.com.ar\/portalurbano\/#\/schema\/person\/02dd326b1c4b056e9cc972486934a3a7\",\"name\":\"admpu17wp\",\"image\":{\"@type\":\"ImageObject\",\"inLanguage\":\"es\",\"@id\":\"https:\/\/experienciadevida.com.ar\/portalurbano\/#\/schema\/person\/image\/\",\"url\":\"https:\/\/secure.gravatar.com\/avatar\/830d4c57adaae6630765e449a6908047?s=96&d=mm&r=g\",\"contentUrl\":\"https:\/\/secure.gravatar.com\/avatar\/830d4c57adaae6630765e449a6908047?s=96&d=mm&r=g\",\"caption\":\"admpu17wp\"}}]}<\/script>\n<!-- \/ Yoast SEO plugin. -->","yoast_head_json":{"title":"Ezequiel Galli inaugur\u00f3 el nuevo vacunatorio del Hospital Municipal","description":"Ezequiel Galli inaugur\u00f3 el nuevo vacunatorio del Hospital Municipal, la vacunaci\u00f3n es una de las intervenciones que mayor beneficio","robots":{"index":"index","follow":"follow","max-snippet":"max-snippet:-1","max-image-preview":"max-image-preview:large","max-video-preview":"max-video-preview:-1"},"canonical":"https:\/\/experienciadevida.com.ar\/portalurbano\/ezequiel-galli-inauguro-el-nuevo-vacunatorio-del-hospital-municipal\/","og_locale":"es_ES","og_type":"article","og_title":"Ezequiel Galli inaugur\u00f3 el nuevo vacunatorio del Hospital Municipal","og_description":"Ezequiel Galli inaugur\u00f3 el nuevo vacunatorio del Hospital Municipal, la vacunaci\u00f3n es una de las intervenciones que mayor beneficio","og_url":"https:\/\/experienciadevida.com.ar\/portalurbano\/ezequiel-galli-inauguro-el-nuevo-vacunatorio-del-hospital-municipal\/","article_publisher":"https:\/\/www.facebook.com\/Portal-Urbano-171542830093757\/","article_published_time":"2022-07-08T16:52:55+00:00","article_modified_time":"2022-07-08T16:55:43+00:00","og_image":[{"width":2560,"height":1711,"url":"https:\/\/experienciadevida.com.ar\/portalurbano\/wp-content\/uploads\/2022\/07\/Ezequiel-Galli-inauguro-el.jpg","type":"image\/jpeg"}],"author":"admpu17wp","twitter_card":"summary_large_image","twitter_creator":"@portalurbanook","twitter_site":"@portalurbanook","twitter_misc":{"Escrito por":"admpu17wp","Tiempo de lectura":"3 minutos"},"schema":{"@context":"https:\/\/schema.org","@graph":[{"@type":"Article","@id":"https:\/\/experienciadevida.com.ar\/portalurbano\/ezequiel-galli-inauguro-el-nuevo-vacunatorio-del-hospital-municipal\/#article","isPartOf":{"@id":"https:\/\/experienciadevida.com.ar\/portalurbano\/ezequiel-galli-inauguro-el-nuevo-vacunatorio-del-hospital-municipal\/"},"author":{"name":"admpu17wp","@id":"https:\/\/experienciadevida.com.ar\/portalurbano\/#\/schema\/person\/02dd326b1c4b056e9cc972486934a3a7"},"headline":"Ezequiel Galli inaugur\u00f3 el nuevo vacunatorio del Hospital Municipal","datePublished":"2022-07-08T16:52:55+00:00","dateModified":"2022-07-08T16:55:43+00:00","mainEntityOfPage":{"@id":"https:\/\/experienciadevida.com.ar\/portalurbano\/ezequiel-galli-inauguro-el-nuevo-vacunatorio-del-hospital-municipal\/"},"wordCount":529,"publisher":{"@id":"https:\/\/experienciadevida.com.ar\/portalurbano\/#organization"},"articleSection":["Destacadas","Salud"],"inLanguage":"es"},{"@type":"WebPage","@id":"https:\/\/experienciadevida.com.ar\/portalurbano\/ezequiel-galli-inauguro-el-nuevo-vacunatorio-del-hospital-municipal\/","url":"https:\/\/experienciadevida.com.ar\/portalurbano\/ezequiel-galli-inauguro-el-nuevo-vacunatorio-del-hospital-municipal\/","name":"Ezequiel Galli inaugur\u00f3 el nuevo vacunatorio del Hospital Municipal","isPartOf":{"@id":"https:\/\/experienciadevida.com.ar\/portalurbano\/#website"},"datePublished":"2022-07-08T16:52:55+00:00","dateModified":"2022-07-08T16:55:43+00:00","description":"Ezequiel Galli inaugur\u00f3 el nuevo vacunatorio del Hospital Municipal, la vacunaci\u00f3n es una de las intervenciones que mayor beneficio","breadcrumb":{"@id":"https:\/\/experienciadevida.com.ar\/portalurbano\/ezequiel-galli-inauguro-el-nuevo-vacunatorio-del-hospital-municipal\/#breadcrumb"},"inLanguage":"es","potentialAction":[{"@type":"ReadAction","target":["https:\/\/experienciadevida.com.ar\/portalurbano\/ezequiel-galli-inauguro-el-nuevo-vacunatorio-del-hospital-municipal\/"]}]},{"@type":"BreadcrumbList","@id":"https:\/\/experienciadevida.com.ar\/portalurbano\/ezequiel-galli-inauguro-el-nuevo-vacunatorio-del-hospital-municipal\/#breadcrumb","itemListElement":[{"@type":"ListItem","position":1,"name":"Portada","item":"https:\/\/experienciadevida.com.ar\/portalurbano\/"},{"@type":"ListItem","position":2,"name":"Ezequiel Galli inaugur\u00f3 el nuevo vacunatorio del Hospital Municipal"}]},{"@type":"WebSite","@id":"https:\/\/experienciadevida.com.ar\/portalurbano\/#website","url":"https:\/\/experienciadevida.com.ar\/portalurbano\/","name":"","description":"","publisher":{"@id":"https:\/\/experienciadevida.com.ar\/portalurbano\/#organization"},"potentialAction":[{"@type":"SearchAction","target":{"@type":"EntryPoint","urlTemplate":"https:\/\/experienciadevida.com.ar\/portalurbano\/?s={search_term_string}"},"query-input":"required name=search_term_string"}],"inLanguage":"es"},{"@type":"Organization","@id":"https:\/\/experienciadevida.com.ar\/portalurbano\/#organization","name":"Portal Urbano","url":"https:\/\/experienciadevida.com.ar\/portalurbano\/","logo":{"@type":"ImageObject","inLanguage":"es","@id":"https:\/\/experienciadevida.com.ar\/portalurbano\/#\/schema\/logo\/image\/","url":"https:\/\/experienciadevida.com.ar\/portalurbano\/wp-content\/uploads\/2019\/09\/Logo-Original.png","contentUrl":"https:\/\/experienciadevida.com.ar\/portalurbano\/wp-content\/uploads\/2019\/09\/Logo-Original.png","width":2236,"height":1216,"caption":"Portal Urbano"},"image":{"@id":"https:\/\/experienciadevida.com.ar\/portalurbano\/#\/schema\/logo\/image\/"},"sameAs":["https:\/\/www.facebook.com\/Portal-Urbano-171542830093757\/","https:\/\/twitter.com\/portalurbanook","https:\/\/www.instagram.com\/_portalurbano\/","https:\/\/www.youtube.com\/channel\/UCXhagIfszH8KxFiOok79zbA?view_as=subscriber"]},{"@type":"Person","@id":"https:\/\/experienciadevida.com.ar\/portalurbano\/#\/schema\/person\/02dd326b1c4b056e9cc972486934a3a7","name":"admpu17wp","image":{"@type":"ImageObject","inLanguage":"es","@id":"https:\/\/experienciadevida.com.ar\/portalurbano\/#\/schema\/person\/image\/","url":"https:\/\/secure.gravatar.com\/avatar\/830d4c57adaae6630765e449a6908047?s=96&d=mm&r=g","contentUrl":"https:\/\/secure.gravatar.com\/avatar\/830d4c57adaae6630765e449a6908047?s=96&d=mm&r=g","caption":"admpu17wp"}}]}},"featured_image_urls":{"full":["https:\/\/experienciadevida.com.ar\/portalurbano\/wp-content\/uploads\/2022\/07\/Ezequiel-Galli-inauguro-el.jpg",2560,1711,false],"thumbnail":["https:\/\/experienciadevida.com.ar\/portalurbano\/wp-content\/uploads\/2022\/07\/Ezequiel-Galli-inauguro-el-150x150.jpg",150,150,true],"medium":["https:\/\/experienciadevida.com.ar\/portalurbano\/wp-content\/uploads\/2022\/07\/Ezequiel-Galli-inauguro-el-300x201.jpg",300,201,true],"medium_large":["https:\/\/experienciadevida.com.ar\/portalurbano\/wp-content\/uploads\/2022\/07\/Ezequiel-Galli-inauguro-el-768x513.jpg",640,428,true],"large":["https:\/\/experienciadevida.com.ar\/portalurbano\/wp-content\/uploads\/2022\/07\/Ezequiel-Galli-inauguro-el-1024x684.jpg",640,428,true],"ug_big":["https:\/\/experienciadevida.com.ar\/portalurbano\/wp-content\/uploads\/2022\/07\/Ezequiel-Galli-inauguro-el-768x513.jpg",768,513,true],"1536x1536":["https:\/\/experienciadevida.com.ar\/portalurbano\/wp-content\/uploads\/2022\/07\/Ezequiel-Galli-inauguro-el-1536x1027.jpg",1536,1027,true],"2048x2048":["https:\/\/experienciadevida.com.ar\/portalurbano\/wp-content\/uploads\/2022\/07\/Ezequiel-Galli-inauguro-el-2048x1369.jpg",2048,1369,true],"newsever-slider-full":["https:\/\/experienciadevida.com.ar\/portalurbano\/wp-content\/uploads\/2022\/07\/Ezequiel-Galli-inauguro-el.jpg",1264,845,false],"newsever-featured":["https:\/\/experienciadevida.com.ar\/portalurbano\/wp-content\/uploads\/2022\/07\/Ezequiel-Galli-inauguro-el.jpg",1024,684,false],"newsever-medium":["https:\/\/experienciadevida.com.ar\/portalurbano\/wp-content\/uploads\/2022\/07\/Ezequiel-Galli-inauguro-el.jpg",711,475,false],"web-stories-poster-portrait":["https:\/\/experienciadevida.com.ar\/portalurbano\/wp-content\/uploads\/2022\/07\/Ezequiel-Galli-inauguro-el.jpg",640,428,false],"web-stories-publisher-logo":["https:\/\/experienciadevida.com.ar\/portalurbano\/wp-content\/uploads\/2022\/07\/Ezequiel-Galli-inauguro-el.jpg",96,64,false],"web-stories-thumbnail":["https:\/\/experienciadevida.com.ar\/portalurbano\/wp-content\/uploads\/2022\/07\/Ezequiel-Galli-inauguro-el.jpg",150,100,false]},"author_info":{"display_name":"admpu17wp","author_link":"https:\/\/experienciadevida.com.ar\/portalurbano\/author\/admpu17wp\/"},"category_info":"<a href=\"https:\/\/experienciadevida.com.ar\/portalurbano\/category\/destacadas\/\" rel=\"category tag\">Destacadas<\/a> <a href=\"https:\/\/experienciadevida.com.ar\/portalurbano\/category\/ciudad\/salud\/\" rel=\"category tag\">Salud<\/a>","tag_info":"Salud","comment_count":"0","amp_enabled":true,"_links":{"self":[{"href":"https:\/\/experienciadevida.com.ar\/portalurbano\/wp-json\/wp\/v2\/posts\/170996"}],"collection":[{"href":"https:\/\/experienciadevida.com.ar\/portalurbano\/wp-json\/wp\/v2\/posts"}],"about":[{"href":"https:\/\/experienciadevida.com.ar\/portalurbano\/wp-json\/wp\/v2\/types\/post"}],"author":[{"embeddable":true,"href":"https:\/\/experienciadevida.com.ar\/portalurbano\/wp-json\/wp\/v2\/users\/1"}],"replies":[{"embeddable":true,"href":"https:\/\/experienciadevida.com.ar\/portalurbano\/wp-json\/wp\/v2\/comments?post=170996"}],"version-history":[{"count":3,"href":"https:\/\/experienciadevida.com.ar\/portalurbano\/wp-json\/wp\/v2\/posts\/170996\/revisions"}],"predecessor-version":[{"id":171001,"href":"https:\/\/experienciadevida.com.ar\/portalurbano\/wp-json\/wp\/v2\/posts\/170996\/revisions\/171001"}],"wp:featuredmedia":[{"embeddable":true,"href":"https:\/\/experienciadevida.com.ar\/portalurbano\/wp-json\/wp\/v2\/media\/170997"}],"wp:attachment":[{"href":"https:\/\/experienciadevida.com.ar\/portalurbano\/wp-json\/wp\/v2\/media?parent=170996"}],"wp:term":[{"taxonomy":"category","embeddable":true,"href":"https:\/\/experienciadevida.com.ar\/portalurbano\/wp-json\/wp\/v2\/categories?post=170996"},{"taxonomy":"post_tag","embeddable":true,"href":"https:\/\/experienciadevida.com.ar\/portalurbano\/wp-json\/wp\/v2\/tags?post=170996"}],"curies":[{"name":"wp","href":"https:\/\/api.w.org\/{rel}","templated":true}]}}