{"id":170978,"date":"2022-07-08T10:49:00","date_gmt":"2022-07-08T13:49:00","guid":{"rendered":"https:\/\/experienciadevida.com.ar\/portalurbano\/?p=170978"},"modified":"2022-07-08T10:50:08","modified_gmt":"2022-07-08T13:50:08","slug":"fue-presentado-el-mapa-nacional-de-la-discriminacion-en-olavarria","status":"publish","type":"post","link":"https:\/\/experienciadevida.com.ar\/portalurbano\/fue-presentado-el-mapa-nacional-de-la-discriminacion-en-olavarria\/","title":{"rendered":"Fue presentado el Mapa Nacional de la Discriminaci\u00f3n en Olavarr\u00eda"},"content":{"rendered":"<p>Fue presentado el Mapa Nacional de la Discriminaci\u00f3n en Olavarr\u00eda, ante un importante marco de p\u00fablico, autoridades de la <a href=\"https:\/\/www.facebook.com\/facultadcienciassociales.unicen\">Facultad de Ciencias Sociales<\/a> e INADI y representantes del Programa Permanente de Estudios de la Mujer (FACSO) presentaron el relevamiento realizado a nivel regional y los resultados de la tercera edici\u00f3n del Mapa Nacional de la Discriminaci\u00f3n.<\/p>\n<p>El informe del Instituto Nacional contra la Discriminaci\u00f3n, la Xenofobia y el Racismo (INADI) fue presentado en el Centro Cultural Universitario de Olavarr\u00eda por el Secretario de Extensi\u00f3n de la FACSO, Lic. Nicol\u00e1s Casado; el Subdelegado Regional de INADI, Norberto Almeida; y en representaci\u00f3n de PPEM, Tec. Griselda Astudillo y Lic. Suyai Compagnon. Estuvieron presentes autoridades de FACSO, encabezadas por la decana, Lic. Gabriela Gamberini, y de otras unidades acad\u00e9micas de UNICEN; estudiantes de sexto a\u00f1o del Colegio Estrada, censistas que participaron del relevamiento realizado a nivel regional en el a\u00f1o 2018 y p\u00fablico en general.<\/p>\n<p>El Mapa Nacional de la Discriminaci\u00f3n es un relevamiento que realiza peri\u00f3dicamente el INADI con el objetivo de producir conocimiento sobre las formas en que se expresa la discriminaci\u00f3n en Argentina; para lo que articula con universidades y facultades del pa\u00eds. En el caso de la UNICEN, el la tercer edici\u00f3n particip\u00f3 a trav\u00e9s de la Secretar\u00eda de Extensi\u00f3n de Rectorado y la conformaci\u00f3n de un equipo de la Facultad de Ciencias Sociales y PPEM-FACSO.<\/p>\n<p>De manera inicial, el Lic. Casado resalt\u00f3 la importancia de que \u201cla Facultad de Ciencias Sociales y la Universidad Nacional del Centro hayan podido formar parte de una experiencia que fue sumamente enriquecedora, en un proceso en el que aprendimos mucho\u201d. Adem\u00e1s, destac\u00f3 el rol que cumpli\u00f3 el equipo del Programa Permanente de Estudios de la Mujer, la labor de quienes se sumaron para realizar los relevamientos en las ciudades de la regi\u00f3n y el trabajo coordinado con INADI.<\/p>\n<p>Posteriormente, Norberto Almeida dio detalles de una serie de datos que se desprenden de la tercera edici\u00f3n del Mapa Nacional de la Discriminaci\u00f3n en relaci\u00f3n a sus ediciones previas. \u201cEste Mapa nos permite generar pol\u00edticas p\u00fablicas sobre las situaciones que se detectan y adem\u00e1s conocer la situaci\u00f3n de la discriminaci\u00f3n en todo el pa\u00eds\u201d, refiri\u00f3 el referente de INADI. Adem\u00e1s, analiz\u00f3 las estad\u00edsticas que se desprenden de las denuncias realizadas a trav\u00e9s de la L\u00ednea 168.<\/p>\n<p>Relevamiento regional<\/p>\n<p>A su turno, Griselda Astudillo y Suyai Compagnon detallaron de qu\u00e9 forma se realiz\u00f3 el relevamiento de 800 encuestas en las localidades de Azul, Bah\u00eda Blanca, Mar del Plata, Necochea, Olavarr\u00eda, Tandil y Tres Arroyos, en el que participaron 32 encuestadores\/as. El equipo de PPEM que particip\u00f3 del trabajo de campo estuvo integrado adem\u00e1s por Celeste B\u00f3rmida, Yanina B\u00f3rmida, Melina Escobedo, Carolina Planes y Silvana Valente.<\/p>\n<p>Las integrantes de PPEM explicaron que el an\u00e1lisis que se realiz\u00f3 en las 7 localidades designadas fue realizado con perspectiva de g\u00e9nero. Luego de describir la metodolog\u00eda del relevamiento, analizaron los datos desprendidos de las 800 encuestas realizadas y compararon los resultados con las estad\u00edsticas a nivel nacional.<\/p>\n<p>As\u00ed, destacaron que mientras que a nivel nacional el 28% de las personas refiere no haber experimentado nunca una situaci\u00f3n de discriminaci\u00f3n, a nivel regional este porcentaje sube a un 53%.<\/p>\n<p>Adem\u00e1s, tanto a nivel nacional como a regional se detect\u00f3 que el primer \u00e1mbito en el que mayor discriminaci\u00f3n se sufre ha sido en el educativo. A nivel nacional es seguido por el \u00e1mbito laboral y la v\u00eda p\u00fablica; mientras que en la regi\u00f3n se mantiene este mismo orden para las mujeres, mientras que para los varones se invierte.<\/p>\n<p>En cuanto a los tipos de discriminaci\u00f3n, mientras que a nivel nacional la categor\u00eda racismo estructural (40%) ocupa el primer lugar seguido de corporalidades diversas (38%), a nivel regional se invierte el orden (45,2% y 40,9%).<\/p>\n<p>Por \u00faltimo, describieron que en el informe presentado en el a\u00f1o 2019 al INADI se hicieron una serie de sugerencias de cara al pr\u00f3ximo relevamiento, como darle continuidad a las preguntas vinculadas a la situaci\u00f3n de g\u00e9nero e incorporar t\u00e9cnicas metodol\u00f3gicas de car\u00e1cter cualitativo con la que se enriquezca el an\u00e1lisis. M\u00e1s detalles del informe presentado.<\/p>\n<p>Al cierre del encuentro, se entregaron los certificados a quienes participaron del relevamiento realizado en el a\u00f1o 2018.<\/p>\n","protected":false},"excerpt":{"rendered":"<p>Fue presentado el Mapa Nacional de la Discriminaci\u00f3n en Olavarr\u00eda, ante un importante marco de&#8230;<\/p>\n","protected":false},"author":1,"featured_media":170979,"comment_status":"closed","ping_status":"closed","sticky":false,"template":"","format":"standard","meta":{"content-type":""},"categories":[27],"tags":[],"nelio_content":{"isAutoShareEnabled":false,"autoShareEndMode":"default","automationSources":{"useContentSentences":true,"useSocialTemplates":true,"useCustomSentences":false,"customSentences":[]},"followers":[1],"suggestedReferences":[],"includedReferences":[],"efiUrl":"","efiAlt":"","highlights":[]},"yoast_head":"<!-- This site is optimized with the Yoast SEO plugin v20.7 - https:\/\/yoast.com\/wordpress\/plugins\/seo\/ -->\n<title>Fue presentado el mapa nacional de la discriminaci\u00f3n en Olavarr\u00eda<\/title>\n<meta name=\"description\" content=\"Fue presentado el Mapa Nacional de la Discriminaci\u00f3n en Olavarr\u00eda, ante un importante marco de p\u00fablico, autoridades participaron del mismo\" \/>\n<meta name=\"robots\" content=\"index, follow, max-snippet:-1, max-image-preview:large, max-video-preview:-1\" \/>\n<link rel=\"canonical\" href=\"https:\/\/experienciadevida.com.ar\/portalurbano\/fue-presentado-el-mapa-nacional-de-la-discriminacion-en-olavarria\/\" \/>\n<meta property=\"og:locale\" content=\"es_ES\" \/>\n<meta property=\"og:type\" content=\"article\" \/>\n<meta property=\"og:title\" content=\"Fue presentado el mapa nacional de la discriminaci\u00f3n en Olavarr\u00eda\" \/>\n<meta property=\"og:description\" content=\"Fue presentado el Mapa Nacional de la Discriminaci\u00f3n en Olavarr\u00eda, ante un importante marco de p\u00fablico, autoridades participaron del mismo\" \/>\n<meta property=\"og:url\" content=\"https:\/\/experienciadevida.com.ar\/portalurbano\/fue-presentado-el-mapa-nacional-de-la-discriminacion-en-olavarria\/\" \/>\n<meta property=\"article:publisher\" content=\"https:\/\/www.facebook.com\/Portal-Urbano-171542830093757\/\" \/>\n<meta property=\"article:published_time\" content=\"2022-07-08T13:49:00+00:00\" \/>\n<meta property=\"article:modified_time\" content=\"2022-07-08T13:50:08+00:00\" \/>\n<meta property=\"og:image\" content=\"https:\/\/experienciadevida.com.ar\/portalurbano\/wp-content\/uploads\/2022\/07\/Fue-presentado-el-Mapa.jpeg\" \/>\n\t<meta property=\"og:image:width\" content=\"1280\" \/>\n\t<meta property=\"og:image:height\" content=\"854\" \/>\n\t<meta property=\"og:image:type\" content=\"image\/jpeg\" \/>\n<meta name=\"author\" content=\"admpu17wp\" \/>\n<meta name=\"twitter:card\" content=\"summary_large_image\" \/>\n<meta name=\"twitter:creator\" content=\"@portalurbanook\" \/>\n<meta name=\"twitter:site\" content=\"@portalurbanook\" \/>\n<meta name=\"twitter:label1\" content=\"Escrito por\" \/>\n\t<meta name=\"twitter:data1\" content=\"admpu17wp\" \/>\n\t<meta name=\"twitter:label2\" content=\"Tiempo de lectura\" \/>\n\t<meta name=\"twitter:data2\" content=\"4 minutos\" \/>\n<script type=\"application\/ld+json\" class=\"yoast-schema-graph\">{\"@context\":\"https:\/\/schema.org\",\"@graph\":[{\"@type\":\"Article\",\"@id\":\"https:\/\/experienciadevida.com.ar\/portalurbano\/fue-presentado-el-mapa-nacional-de-la-discriminacion-en-olavarria\/#article\",\"isPartOf\":{\"@id\":\"https:\/\/experienciadevida.com.ar\/portalurbano\/fue-presentado-el-mapa-nacional-de-la-discriminacion-en-olavarria\/\"},\"author\":{\"name\":\"admpu17wp\",\"@id\":\"https:\/\/experienciadevida.com.ar\/portalurbano\/#\/schema\/person\/02dd326b1c4b056e9cc972486934a3a7\"},\"headline\":\"Fue presentado el Mapa Nacional de la Discriminaci\u00f3n en Olavarr\u00eda\",\"datePublished\":\"2022-07-08T13:49:00+00:00\",\"dateModified\":\"2022-07-08T13:50:08+00:00\",\"mainEntityOfPage\":{\"@id\":\"https:\/\/experienciadevida.com.ar\/portalurbano\/fue-presentado-el-mapa-nacional-de-la-discriminacion-en-olavarria\/\"},\"wordCount\":763,\"publisher\":{\"@id\":\"https:\/\/experienciadevida.com.ar\/portalurbano\/#organization\"},\"articleSection\":[\"Ciudad\"],\"inLanguage\":\"es\"},{\"@type\":\"WebPage\",\"@id\":\"https:\/\/experienciadevida.com.ar\/portalurbano\/fue-presentado-el-mapa-nacional-de-la-discriminacion-en-olavarria\/\",\"url\":\"https:\/\/experienciadevida.com.ar\/portalurbano\/fue-presentado-el-mapa-nacional-de-la-discriminacion-en-olavarria\/\",\"name\":\"Fue presentado el mapa nacional de la discriminaci\u00f3n en Olavarr\u00eda\",\"isPartOf\":{\"@id\":\"https:\/\/experienciadevida.com.ar\/portalurbano\/#website\"},\"datePublished\":\"2022-07-08T13:49:00+00:00\",\"dateModified\":\"2022-07-08T13:50:08+00:00\",\"description\":\"Fue presentado el Mapa Nacional de la Discriminaci\u00f3n en Olavarr\u00eda, ante un importante marco de p\u00fablico, autoridades participaron del mismo\",\"breadcrumb\":{\"@id\":\"https:\/\/experienciadevida.com.ar\/portalurbano\/fue-presentado-el-mapa-nacional-de-la-discriminacion-en-olavarria\/#breadcrumb\"},\"inLanguage\":\"es\",\"potentialAction\":[{\"@type\":\"ReadAction\",\"target\":[\"https:\/\/experienciadevida.com.ar\/portalurbano\/fue-presentado-el-mapa-nacional-de-la-discriminacion-en-olavarria\/\"]}]},{\"@type\":\"BreadcrumbList\",\"@id\":\"https:\/\/experienciadevida.com.ar\/portalurbano\/fue-presentado-el-mapa-nacional-de-la-discriminacion-en-olavarria\/#breadcrumb\",\"itemListElement\":[{\"@type\":\"ListItem\",\"position\":1,\"name\":\"Portada\",\"item\":\"https:\/\/experienciadevida.com.ar\/portalurbano\/\"},{\"@type\":\"ListItem\",\"position\":2,\"name\":\"Fue presentado el Mapa Nacional de la Discriminaci\u00f3n en Olavarr\u00eda\"}]},{\"@type\":\"WebSite\",\"@id\":\"https:\/\/experienciadevida.com.ar\/portalurbano\/#website\",\"url\":\"https:\/\/experienciadevida.com.ar\/portalurbano\/\",\"name\":\"\",\"description\":\"\",\"publisher\":{\"@id\":\"https:\/\/experienciadevida.com.ar\/portalurbano\/#organization\"},\"potentialAction\":[{\"@type\":\"SearchAction\",\"target\":{\"@type\":\"EntryPoint\",\"urlTemplate\":\"https:\/\/experienciadevida.com.ar\/portalurbano\/?s={search_term_string}\"},\"query-input\":\"required name=search_term_string\"}],\"inLanguage\":\"es\"},{\"@type\":\"Organization\",\"@id\":\"https:\/\/experienciadevida.com.ar\/portalurbano\/#organization\",\"name\":\"Portal Urbano\",\"url\":\"https:\/\/experienciadevida.com.ar\/portalurbano\/\",\"logo\":{\"@type\":\"ImageObject\",\"inLanguage\":\"es\",\"@id\":\"https:\/\/experienciadevida.com.ar\/portalurbano\/#\/schema\/logo\/image\/\",\"url\":\"https:\/\/experienciadevida.com.ar\/portalurbano\/wp-content\/uploads\/2019\/09\/Logo-Original.png\",\"contentUrl\":\"https:\/\/experienciadevida.com.ar\/portalurbano\/wp-content\/uploads\/2019\/09\/Logo-Original.png\",\"width\":2236,\"height\":1216,\"caption\":\"Portal Urbano\"},\"image\":{\"@id\":\"https:\/\/experienciadevida.com.ar\/portalurbano\/#\/schema\/logo\/image\/\"},\"sameAs\":[\"https:\/\/www.facebook.com\/Portal-Urbano-171542830093757\/\",\"https:\/\/twitter.com\/portalurbanook\",\"https:\/\/www.instagram.com\/_portalurbano\/\",\"https:\/\/www.youtube.com\/channel\/UCXhagIfszH8KxFiOok79zbA?view_as=subscriber\"]},{\"@type\":\"Person\",\"@id\":\"https:\/\/experienciadevida.com.ar\/portalurbano\/#\/schema\/person\/02dd326b1c4b056e9cc972486934a3a7\",\"name\":\"admpu17wp\",\"image\":{\"@type\":\"ImageObject\",\"inLanguage\":\"es\",\"@id\":\"https:\/\/experienciadevida.com.ar\/portalurbano\/#\/schema\/person\/image\/\",\"url\":\"https:\/\/secure.gravatar.com\/avatar\/830d4c57adaae6630765e449a6908047?s=96&d=mm&r=g\",\"contentUrl\":\"https:\/\/secure.gravatar.com\/avatar\/830d4c57adaae6630765e449a6908047?s=96&d=mm&r=g\",\"caption\":\"admpu17wp\"}}]}<\/script>\n<!-- \/ Yoast SEO plugin. -->","yoast_head_json":{"title":"Fue presentado el mapa nacional de la discriminaci\u00f3n en Olavarr\u00eda","description":"Fue presentado el Mapa Nacional de la Discriminaci\u00f3n en Olavarr\u00eda, ante un importante marco de p\u00fablico, autoridades participaron del mismo","robots":{"index":"index","follow":"follow","max-snippet":"max-snippet:-1","max-image-preview":"max-image-preview:large","max-video-preview":"max-video-preview:-1"},"canonical":"https:\/\/experienciadevida.com.ar\/portalurbano\/fue-presentado-el-mapa-nacional-de-la-discriminacion-en-olavarria\/","og_locale":"es_ES","og_type":"article","og_title":"Fue presentado el mapa nacional de la discriminaci\u00f3n en Olavarr\u00eda","og_description":"Fue presentado el Mapa Nacional de la Discriminaci\u00f3n en Olavarr\u00eda, ante un importante marco de p\u00fablico, autoridades participaron del mismo","og_url":"https:\/\/experienciadevida.com.ar\/portalurbano\/fue-presentado-el-mapa-nacional-de-la-discriminacion-en-olavarria\/","article_publisher":"https:\/\/www.facebook.com\/Portal-Urbano-171542830093757\/","article_published_time":"2022-07-08T13:49:00+00:00","article_modified_time":"2022-07-08T13:50:08+00:00","og_image":[{"width":1280,"height":854,"url":"https:\/\/experienciadevida.com.ar\/portalurbano\/wp-content\/uploads\/2022\/07\/Fue-presentado-el-Mapa.jpeg","type":"image\/jpeg"}],"author":"admpu17wp","twitter_card":"summary_large_image","twitter_creator":"@portalurbanook","twitter_site":"@portalurbanook","twitter_misc":{"Escrito por":"admpu17wp","Tiempo de lectura":"4 minutos"},"schema":{"@context":"https:\/\/schema.org","@graph":[{"@type":"Article","@id":"https:\/\/experienciadevida.com.ar\/portalurbano\/fue-presentado-el-mapa-nacional-de-la-discriminacion-en-olavarria\/#article","isPartOf":{"@id":"https:\/\/experienciadevida.com.ar\/portalurbano\/fue-presentado-el-mapa-nacional-de-la-discriminacion-en-olavarria\/"},"author":{"name":"admpu17wp","@id":"https:\/\/experienciadevida.com.ar\/portalurbano\/#\/schema\/person\/02dd326b1c4b056e9cc972486934a3a7"},"headline":"Fue presentado el Mapa Nacional de la Discriminaci\u00f3n en Olavarr\u00eda","datePublished":"2022-07-08T13:49:00+00:00","dateModified":"2022-07-08T13:50:08+00:00","mainEntityOfPage":{"@id":"https:\/\/experienciadevida.com.ar\/portalurbano\/fue-presentado-el-mapa-nacional-de-la-discriminacion-en-olavarria\/"},"wordCount":763,"publisher":{"@id":"https:\/\/experienciadevida.com.ar\/portalurbano\/#organization"},"articleSection":["Ciudad"],"inLanguage":"es"},{"@type":"WebPage","@id":"https:\/\/experienciadevida.com.ar\/portalurbano\/fue-presentado-el-mapa-nacional-de-la-discriminacion-en-olavarria\/","url":"https:\/\/experienciadevida.com.ar\/portalurbano\/fue-presentado-el-mapa-nacional-de-la-discriminacion-en-olavarria\/","name":"Fue presentado el mapa nacional de la discriminaci\u00f3n en Olavarr\u00eda","isPartOf":{"@id":"https:\/\/experienciadevida.com.ar\/portalurbano\/#website"},"datePublished":"2022-07-08T13:49:00+00:00","dateModified":"2022-07-08T13:50:08+00:00","description":"Fue presentado el Mapa Nacional de la Discriminaci\u00f3n en Olavarr\u00eda, ante un importante marco de p\u00fablico, autoridades participaron del mismo","breadcrumb":{"@id":"https:\/\/experienciadevida.com.ar\/portalurbano\/fue-presentado-el-mapa-nacional-de-la-discriminacion-en-olavarria\/#breadcrumb"},"inLanguage":"es","potentialAction":[{"@type":"ReadAction","target":["https:\/\/experienciadevida.com.ar\/portalurbano\/fue-presentado-el-mapa-nacional-de-la-discriminacion-en-olavarria\/"]}]},{"@type":"BreadcrumbList","@id":"https:\/\/experienciadevida.com.ar\/portalurbano\/fue-presentado-el-mapa-nacional-de-la-discriminacion-en-olavarria\/#breadcrumb","itemListElement":[{"@type":"ListItem","position":1,"name":"Portada","item":"https:\/\/experienciadevida.com.ar\/portalurbano\/"},{"@type":"ListItem","position":2,"name":"Fue presentado el Mapa Nacional de la Discriminaci\u00f3n en Olavarr\u00eda"}]},{"@type":"WebSite","@id":"https:\/\/experienciadevida.com.ar\/portalurbano\/#website","url":"https:\/\/experienciadevida.com.ar\/portalurbano\/","name":"","description":"","publisher":{"@id":"https:\/\/experienciadevida.com.ar\/portalurbano\/#organization"},"potentialAction":[{"@type":"SearchAction","target":{"@type":"EntryPoint","urlTemplate":"https:\/\/experienciadevida.com.ar\/portalurbano\/?s={search_term_string}"},"query-input":"required name=search_term_string"}],"inLanguage":"es"},{"@type":"Organization","@id":"https:\/\/experienciadevida.com.ar\/portalurbano\/#organization","name":"Portal Urbano","url":"https:\/\/experienciadevida.com.ar\/portalurbano\/","logo":{"@type":"ImageObject","inLanguage":"es","@id":"https:\/\/experienciadevida.com.ar\/portalurbano\/#\/schema\/logo\/image\/","url":"https:\/\/experienciadevida.com.ar\/portalurbano\/wp-content\/uploads\/2019\/09\/Logo-Original.png","contentUrl":"https:\/\/experienciadevida.com.ar\/portalurbano\/wp-content\/uploads\/2019\/09\/Logo-Original.png","width":2236,"height":1216,"caption":"Portal Urbano"},"image":{"@id":"https:\/\/experienciadevida.com.ar\/portalurbano\/#\/schema\/logo\/image\/"},"sameAs":["https:\/\/www.facebook.com\/Portal-Urbano-171542830093757\/","https:\/\/twitter.com\/portalurbanook","https:\/\/www.instagram.com\/_portalurbano\/","https:\/\/www.youtube.com\/channel\/UCXhagIfszH8KxFiOok79zbA?view_as=subscriber"]},{"@type":"Person","@id":"https:\/\/experienciadevida.com.ar\/portalurbano\/#\/schema\/person\/02dd326b1c4b056e9cc972486934a3a7","name":"admpu17wp","image":{"@type":"ImageObject","inLanguage":"es","@id":"https:\/\/experienciadevida.com.ar\/portalurbano\/#\/schema\/person\/image\/","url":"https:\/\/secure.gravatar.com\/avatar\/830d4c57adaae6630765e449a6908047?s=96&d=mm&r=g","contentUrl":"https:\/\/secure.gravatar.com\/avatar\/830d4c57adaae6630765e449a6908047?s=96&d=mm&r=g","caption":"admpu17wp"}}]}},"featured_image_urls":{"full":["https:\/\/experienciadevida.com.ar\/portalurbano\/wp-content\/uploads\/2022\/07\/Fue-presentado-el-Mapa.jpeg",1280,854,false],"thumbnail":["https:\/\/experienciadevida.com.ar\/portalurbano\/wp-content\/uploads\/2022\/07\/Fue-presentado-el-Mapa-150x150.jpeg",150,150,true],"medium":["https:\/\/experienciadevida.com.ar\/portalurbano\/wp-content\/uploads\/2022\/07\/Fue-presentado-el-Mapa-300x200.jpeg",300,200,true],"medium_large":["https:\/\/experienciadevida.com.ar\/portalurbano\/wp-content\/uploads\/2022\/07\/Fue-presentado-el-Mapa-768x512.jpeg",640,427,true],"large":["https:\/\/experienciadevida.com.ar\/portalurbano\/wp-content\/uploads\/2022\/07\/Fue-presentado-el-Mapa-1024x683.jpeg",640,427,true],"ug_big":["https:\/\/experienciadevida.com.ar\/portalurbano\/wp-content\/uploads\/2022\/07\/Fue-presentado-el-Mapa-768x512.jpeg",768,512,true],"1536x1536":["https:\/\/experienciadevida.com.ar\/portalurbano\/wp-content\/uploads\/2022\/07\/Fue-presentado-el-Mapa.jpeg",1280,854,false],"2048x2048":["https:\/\/experienciadevida.com.ar\/portalurbano\/wp-content\/uploads\/2022\/07\/Fue-presentado-el-Mapa.jpeg",1280,854,false],"newsever-slider-full":["https:\/\/experienciadevida.com.ar\/portalurbano\/wp-content\/uploads\/2022\/07\/Fue-presentado-el-Mapa.jpeg",1267,845,false],"newsever-featured":["https:\/\/experienciadevida.com.ar\/portalurbano\/wp-content\/uploads\/2022\/07\/Fue-presentado-el-Mapa.jpeg",1024,683,false],"newsever-medium":["https:\/\/experienciadevida.com.ar\/portalurbano\/wp-content\/uploads\/2022\/07\/Fue-presentado-el-Mapa.jpeg",712,475,false],"web-stories-poster-portrait":["https:\/\/experienciadevida.com.ar\/portalurbano\/wp-content\/uploads\/2022\/07\/Fue-presentado-el-Mapa.jpeg",640,427,false],"web-stories-publisher-logo":["https:\/\/experienciadevida.com.ar\/portalurbano\/wp-content\/uploads\/2022\/07\/Fue-presentado-el-Mapa.jpeg",96,64,false],"web-stories-thumbnail":["https:\/\/experienciadevida.com.ar\/portalurbano\/wp-content\/uploads\/2022\/07\/Fue-presentado-el-Mapa.jpeg",150,100,false]},"author_info":{"display_name":"admpu17wp","author_link":"https:\/\/experienciadevida.com.ar\/portalurbano\/author\/admpu17wp\/"},"category_info":"<a href=\"https:\/\/experienciadevida.com.ar\/portalurbano\/category\/ciudad\/\" rel=\"category tag\">Ciudad<\/a>","tag_info":"Ciudad","comment_count":"0","amp_enabled":true,"_links":{"self":[{"href":"https:\/\/experienciadevida.com.ar\/portalurbano\/wp-json\/wp\/v2\/posts\/170978"}],"collection":[{"href":"https:\/\/experienciadevida.com.ar\/portalurbano\/wp-json\/wp\/v2\/posts"}],"about":[{"href":"https:\/\/experienciadevida.com.ar\/portalurbano\/wp-json\/wp\/v2\/types\/post"}],"author":[{"embeddable":true,"href":"https:\/\/experienciadevida.com.ar\/portalurbano\/wp-json\/wp\/v2\/users\/1"}],"replies":[{"embeddable":true,"href":"https:\/\/experienciadevida.com.ar\/portalurbano\/wp-json\/wp\/v2\/comments?post=170978"}],"version-history":[{"count":1,"href":"https:\/\/experienciadevida.com.ar\/portalurbano\/wp-json\/wp\/v2\/posts\/170978\/revisions"}],"predecessor-version":[{"id":170980,"href":"https:\/\/experienciadevida.com.ar\/portalurbano\/wp-json\/wp\/v2\/posts\/170978\/revisions\/170980"}],"wp:featuredmedia":[{"embeddable":true,"href":"https:\/\/experienciadevida.com.ar\/portalurbano\/wp-json\/wp\/v2\/media\/170979"}],"wp:attachment":[{"href":"https:\/\/experienciadevida.com.ar\/portalurbano\/wp-json\/wp\/v2\/media?parent=170978"}],"wp:term":[{"taxonomy":"category","embeddable":true,"href":"https:\/\/experienciadevida.com.ar\/portalurbano\/wp-json\/wp\/v2\/categories?post=170978"},{"taxonomy":"post_tag","embeddable":true,"href":"https:\/\/experienciadevida.com.ar\/portalurbano\/wp-json\/wp\/v2\/tags?post=170978"}],"curies":[{"name":"wp","href":"https:\/\/api.w.org\/{rel}","templated":true}]}}