{"id":170975,"date":"2022-07-08T10:40:14","date_gmt":"2022-07-08T13:40:14","guid":{"rendered":"https:\/\/experienciadevida.com.ar\/portalurbano\/?p=170975"},"modified":"2022-07-08T10:42:36","modified_gmt":"2022-07-08T13:42:36","slug":"ley-de-cuidados-paliativos-un-modelo-de-atencion-que-mejora-la-calidad-de-vida-de-pacientes-y-familias","status":"publish","type":"post","link":"https:\/\/experienciadevida.com.ar\/portalurbano\/ley-de-cuidados-paliativos-un-modelo-de-atencion-que-mejora-la-calidad-de-vida-de-pacientes-y-familias\/","title":{"rendered":"Ley de cuidados paliativos: \u201cun modelo de atenci\u00f3n que mejora la calidad de vida de pacientes y familias\u201d"},"content":{"rendered":"<p>Ley de cuidados paliativos: \u201cun modelo de atenci\u00f3n que mejora la calidad de vida de pacientes y familias\u201d, as\u00ed lo describi\u00f3 la directora del Hospital Zonal Especializado en Oncolog\u00eda Luciano Fortabat, Silvina Rosende. Quien celebr\u00f3 la noticia de su aprobaci\u00f3n.<\/p>\n<p>La ley de cuidados paliativos implica desarrollar una estrategia de atenci\u00f3n interdisciplinaria centrada en la persona, que atienda las necesidades f\u00edsicas, ps\u00edquicas, sociales y espirituales de los pacientes que padecen enfermedades amenazantes y\/o limitantes para la vida.<\/p>\n<p>La directora del Hospital Zonal Especializado en Oncolog\u00eda Luciano Fortabat, Silvina Rosende, destac\u00f3: \u201cEs una gran noticia la aprobaci\u00f3n de esta ley. En el caso de nuestro Hospital la visi\u00f3n va m\u00e1s all\u00e1 de una perspectiva individual institucional, incluye una mirada integral de cuidado a la comunidad y a la sociedad en su conjunto y nuestros valores se basan en la Bio\u00e9tica y los Derechos Humanos. Coincidimos en la necesidad de integrar el Sistema de Salud Argentino\u201d.<\/p>\n<p>En la misma l\u00ednea explic\u00f3: \u201cPara esto tenemos una visi\u00f3n hol\u00edstica de excelencia y vemos a los cuidados paliativos como un modelo de atenci\u00f3n que mejora la calidad de vida de pacientes y familiares. A nivel provincial adem\u00e1s de nuestro querido hospital hay varios hospitales que son pioneros en cuidados paliativos como el Hospital Rossi de La Plata, Hospital de Las Flores, Hospital Cestino de Ensenada\u201d.<\/p>\n<p>Acerca del equipo de trabajo en el Hospital de Oncologia indic\u00f3: \u201cContamos con un equipo de cuidados paliativos legendario que se han capacitado y hacen un trabajo muy humano: enfermeros, psic\u00f3logas, trabajadoras sociales, m\u00e9dicos cl\u00ednicos, m\u00e9dica especialista en cuidados paliativos, radioterapia, ginecolog\u00eda, dermatolog\u00eda, oncolog\u00eda, hematolog\u00eda, personal administrativo, farmac\u00e9utico, etc\u201d.<\/p>\n<p>Por \u00faltimo Rosende agreg\u00f3: \u201cEl hospital recibe del Ministerio de Salud de la Provincia de Buenos Aires medicamentos esenciales para estos cuidados. Los cuidados paliativos est\u00e1n integrados a la modalidad de atenci\u00f3n de los pacientes y sus familias tanto en internaci\u00f3n como en consultorios externos y en domicilio\u201d.<\/p>\n<p>A trav\u00e9s de esta iniciativa se promueve el acceso a las terapias tanto farmacol\u00f3gicas como no farmacol\u00f3gicas disponibles y basadas en la evidencia cient\u00edfica para la atenci\u00f3n paliativa; y promover la formaci\u00f3n profesional de grado y posgrado, la educaci\u00f3n continua y la investigaci\u00f3n en cuidados paliativos.<\/p>\n","protected":false},"excerpt":{"rendered":"<p>Ley de cuidados paliativos: \u201cun modelo de atenci\u00f3n que mejora la calidad de vida de&#8230;<\/p>\n","protected":false},"author":1,"featured_media":170976,"comment_status":"closed","ping_status":"closed","sticky":false,"template":"","format":"standard","meta":{"content-type":""},"categories":[27,51],"tags":[],"nelio_content":{"isAutoShareEnabled":false,"autoShareEndMode":"default","automationSources":{"useContentSentences":true,"useSocialTemplates":true,"useCustomSentences":false,"customSentences":[]},"followers":[1],"suggestedReferences":[],"includedReferences":[],"efiUrl":"","efiAlt":"","highlights":[]},"yoast_head":"<!-- This site is optimized with the Yoast SEO plugin v20.7 - https:\/\/yoast.com\/wordpress\/plugins\/seo\/ -->\n<title>Ley de cuidados paliativos: &quot;un modelo de atenci\u00f3n que mejora la calidad&quot;<\/title>\n<meta name=\"description\" content=\"Ley de cuidados paliativos: \u201cun modelo de atenci\u00f3n que mejora la calidad de vida de pacientes y familias\u201d, as\u00ed lo describi\u00f3 la Directora\" \/>\n<meta name=\"robots\" content=\"index, follow, max-snippet:-1, max-image-preview:large, max-video-preview:-1\" \/>\n<link rel=\"canonical\" href=\"https:\/\/experienciadevida.com.ar\/portalurbano\/ley-de-cuidados-paliativos-un-modelo-de-atencion-que-mejora-la-calidad-de-vida-de-pacientes-y-familias\/\" \/>\n<meta property=\"og:locale\" content=\"es_ES\" \/>\n<meta property=\"og:type\" content=\"article\" \/>\n<meta property=\"og:title\" content=\"Ley de cuidados paliativos: &quot;un modelo de atenci\u00f3n que mejora la calidad&quot;\" \/>\n<meta property=\"og:description\" content=\"Ley de cuidados paliativos: \u201cun modelo de atenci\u00f3n que mejora la calidad de vida de pacientes y familias\u201d, as\u00ed lo describi\u00f3 la Directora\" \/>\n<meta property=\"og:url\" content=\"https:\/\/experienciadevida.com.ar\/portalurbano\/ley-de-cuidados-paliativos-un-modelo-de-atencion-que-mejora-la-calidad-de-vida-de-pacientes-y-familias\/\" \/>\n<meta property=\"article:publisher\" content=\"https:\/\/www.facebook.com\/Portal-Urbano-171542830093757\/\" \/>\n<meta property=\"article:published_time\" content=\"2022-07-08T13:40:14+00:00\" \/>\n<meta property=\"article:modified_time\" content=\"2022-07-08T13:42:36+00:00\" \/>\n<meta property=\"og:image\" content=\"https:\/\/experienciadevida.com.ar\/portalurbano\/wp-content\/uploads\/2022\/07\/Ley-de-cuidados-paliativos.jpg\" \/>\n\t<meta property=\"og:image:width\" content=\"1280\" \/>\n\t<meta property=\"og:image:height\" content=\"720\" \/>\n\t<meta property=\"og:image:type\" content=\"image\/jpeg\" \/>\n<meta name=\"author\" content=\"admpu17wp\" \/>\n<meta name=\"twitter:card\" content=\"summary_large_image\" \/>\n<meta name=\"twitter:creator\" content=\"@portalurbanook\" \/>\n<meta name=\"twitter:site\" content=\"@portalurbanook\" \/>\n<meta name=\"twitter:label1\" content=\"Escrito por\" \/>\n\t<meta name=\"twitter:data1\" content=\"admpu17wp\" \/>\n\t<meta name=\"twitter:label2\" content=\"Tiempo de lectura\" \/>\n\t<meta name=\"twitter:data2\" content=\"2 minutos\" \/>\n<script type=\"application\/ld+json\" class=\"yoast-schema-graph\">{\"@context\":\"https:\/\/schema.org\",\"@graph\":[{\"@type\":\"Article\",\"@id\":\"https:\/\/experienciadevida.com.ar\/portalurbano\/ley-de-cuidados-paliativos-un-modelo-de-atencion-que-mejora-la-calidad-de-vida-de-pacientes-y-familias\/#article\",\"isPartOf\":{\"@id\":\"https:\/\/experienciadevida.com.ar\/portalurbano\/ley-de-cuidados-paliativos-un-modelo-de-atencion-que-mejora-la-calidad-de-vida-de-pacientes-y-familias\/\"},\"author\":{\"name\":\"admpu17wp\",\"@id\":\"https:\/\/experienciadevida.com.ar\/portalurbano\/#\/schema\/person\/02dd326b1c4b056e9cc972486934a3a7\"},\"headline\":\"Ley de cuidados paliativos: \u201cun modelo de atenci\u00f3n que mejora la calidad de vida de pacientes y familias\u201d\",\"datePublished\":\"2022-07-08T13:40:14+00:00\",\"dateModified\":\"2022-07-08T13:42:36+00:00\",\"mainEntityOfPage\":{\"@id\":\"https:\/\/experienciadevida.com.ar\/portalurbano\/ley-de-cuidados-paliativos-un-modelo-de-atencion-que-mejora-la-calidad-de-vida-de-pacientes-y-familias\/\"},\"wordCount\":419,\"publisher\":{\"@id\":\"https:\/\/experienciadevida.com.ar\/portalurbano\/#organization\"},\"articleSection\":[\"Ciudad\",\"Destacadas\"],\"inLanguage\":\"es\"},{\"@type\":\"WebPage\",\"@id\":\"https:\/\/experienciadevida.com.ar\/portalurbano\/ley-de-cuidados-paliativos-un-modelo-de-atencion-que-mejora-la-calidad-de-vida-de-pacientes-y-familias\/\",\"url\":\"https:\/\/experienciadevida.com.ar\/portalurbano\/ley-de-cuidados-paliativos-un-modelo-de-atencion-que-mejora-la-calidad-de-vida-de-pacientes-y-familias\/\",\"name\":\"Ley de cuidados paliativos: \\\"un modelo de atenci\u00f3n que mejora la calidad\\\"\",\"isPartOf\":{\"@id\":\"https:\/\/experienciadevida.com.ar\/portalurbano\/#website\"},\"datePublished\":\"2022-07-08T13:40:14+00:00\",\"dateModified\":\"2022-07-08T13:42:36+00:00\",\"description\":\"Ley de cuidados paliativos: \u201cun modelo de atenci\u00f3n que mejora la calidad de vida de pacientes y familias\u201d, as\u00ed lo describi\u00f3 la Directora\",\"breadcrumb\":{\"@id\":\"https:\/\/experienciadevida.com.ar\/portalurbano\/ley-de-cuidados-paliativos-un-modelo-de-atencion-que-mejora-la-calidad-de-vida-de-pacientes-y-familias\/#breadcrumb\"},\"inLanguage\":\"es\",\"potentialAction\":[{\"@type\":\"ReadAction\",\"target\":[\"https:\/\/experienciadevida.com.ar\/portalurbano\/ley-de-cuidados-paliativos-un-modelo-de-atencion-que-mejora-la-calidad-de-vida-de-pacientes-y-familias\/\"]}]},{\"@type\":\"BreadcrumbList\",\"@id\":\"https:\/\/experienciadevida.com.ar\/portalurbano\/ley-de-cuidados-paliativos-un-modelo-de-atencion-que-mejora-la-calidad-de-vida-de-pacientes-y-familias\/#breadcrumb\",\"itemListElement\":[{\"@type\":\"ListItem\",\"position\":1,\"name\":\"Portada\",\"item\":\"https:\/\/experienciadevida.com.ar\/portalurbano\/\"},{\"@type\":\"ListItem\",\"position\":2,\"name\":\"Ley de cuidados paliativos: \u201cun modelo de atenci\u00f3n que mejora la calidad de vida de pacientes y familias\u201d\"}]},{\"@type\":\"WebSite\",\"@id\":\"https:\/\/experienciadevida.com.ar\/portalurbano\/#website\",\"url\":\"https:\/\/experienciadevida.com.ar\/portalurbano\/\",\"name\":\"\",\"description\":\"\",\"publisher\":{\"@id\":\"https:\/\/experienciadevida.com.ar\/portalurbano\/#organization\"},\"potentialAction\":[{\"@type\":\"SearchAction\",\"target\":{\"@type\":\"EntryPoint\",\"urlTemplate\":\"https:\/\/experienciadevida.com.ar\/portalurbano\/?s={search_term_string}\"},\"query-input\":\"required name=search_term_string\"}],\"inLanguage\":\"es\"},{\"@type\":\"Organization\",\"@id\":\"https:\/\/experienciadevida.com.ar\/portalurbano\/#organization\",\"name\":\"Portal Urbano\",\"url\":\"https:\/\/experienciadevida.com.ar\/portalurbano\/\",\"logo\":{\"@type\":\"ImageObject\",\"inLanguage\":\"es\",\"@id\":\"https:\/\/experienciadevida.com.ar\/portalurbano\/#\/schema\/logo\/image\/\",\"url\":\"https:\/\/experienciadevida.com.ar\/portalurbano\/wp-content\/uploads\/2019\/09\/Logo-Original.png\",\"contentUrl\":\"https:\/\/experienciadevida.com.ar\/portalurbano\/wp-content\/uploads\/2019\/09\/Logo-Original.png\",\"width\":2236,\"height\":1216,\"caption\":\"Portal Urbano\"},\"image\":{\"@id\":\"https:\/\/experienciadevida.com.ar\/portalurbano\/#\/schema\/logo\/image\/\"},\"sameAs\":[\"https:\/\/www.facebook.com\/Portal-Urbano-171542830093757\/\",\"https:\/\/twitter.com\/portalurbanook\",\"https:\/\/www.instagram.com\/_portalurbano\/\",\"https:\/\/www.youtube.com\/channel\/UCXhagIfszH8KxFiOok79zbA?view_as=subscriber\"]},{\"@type\":\"Person\",\"@id\":\"https:\/\/experienciadevida.com.ar\/portalurbano\/#\/schema\/person\/02dd326b1c4b056e9cc972486934a3a7\",\"name\":\"admpu17wp\",\"image\":{\"@type\":\"ImageObject\",\"inLanguage\":\"es\",\"@id\":\"https:\/\/experienciadevida.com.ar\/portalurbano\/#\/schema\/person\/image\/\",\"url\":\"https:\/\/secure.gravatar.com\/avatar\/830d4c57adaae6630765e449a6908047?s=96&d=mm&r=g\",\"contentUrl\":\"https:\/\/secure.gravatar.com\/avatar\/830d4c57adaae6630765e449a6908047?s=96&d=mm&r=g\",\"caption\":\"admpu17wp\"}}]}<\/script>\n<!-- \/ Yoast SEO plugin. -->","yoast_head_json":{"title":"Ley de cuidados paliativos: \"un modelo de atenci\u00f3n que mejora la calidad\"","description":"Ley de cuidados paliativos: \u201cun modelo de atenci\u00f3n que mejora la calidad de vida de pacientes y familias\u201d, as\u00ed lo describi\u00f3 la Directora","robots":{"index":"index","follow":"follow","max-snippet":"max-snippet:-1","max-image-preview":"max-image-preview:large","max-video-preview":"max-video-preview:-1"},"canonical":"https:\/\/experienciadevida.com.ar\/portalurbano\/ley-de-cuidados-paliativos-un-modelo-de-atencion-que-mejora-la-calidad-de-vida-de-pacientes-y-familias\/","og_locale":"es_ES","og_type":"article","og_title":"Ley de cuidados paliativos: \"un modelo de atenci\u00f3n que mejora la calidad\"","og_description":"Ley de cuidados paliativos: \u201cun modelo de atenci\u00f3n que mejora la calidad de vida de pacientes y familias\u201d, as\u00ed lo describi\u00f3 la Directora","og_url":"https:\/\/experienciadevida.com.ar\/portalurbano\/ley-de-cuidados-paliativos-un-modelo-de-atencion-que-mejora-la-calidad-de-vida-de-pacientes-y-familias\/","article_publisher":"https:\/\/www.facebook.com\/Portal-Urbano-171542830093757\/","article_published_time":"2022-07-08T13:40:14+00:00","article_modified_time":"2022-07-08T13:42:36+00:00","og_image":[{"width":1280,"height":720,"url":"https:\/\/experienciadevida.com.ar\/portalurbano\/wp-content\/uploads\/2022\/07\/Ley-de-cuidados-paliativos.jpg","type":"image\/jpeg"}],"author":"admpu17wp","twitter_card":"summary_large_image","twitter_creator":"@portalurbanook","twitter_site":"@portalurbanook","twitter_misc":{"Escrito por":"admpu17wp","Tiempo de lectura":"2 minutos"},"schema":{"@context":"https:\/\/schema.org","@graph":[{"@type":"Article","@id":"https:\/\/experienciadevida.com.ar\/portalurbano\/ley-de-cuidados-paliativos-un-modelo-de-atencion-que-mejora-la-calidad-de-vida-de-pacientes-y-familias\/#article","isPartOf":{"@id":"https:\/\/experienciadevida.com.ar\/portalurbano\/ley-de-cuidados-paliativos-un-modelo-de-atencion-que-mejora-la-calidad-de-vida-de-pacientes-y-familias\/"},"author":{"name":"admpu17wp","@id":"https:\/\/experienciadevida.com.ar\/portalurbano\/#\/schema\/person\/02dd326b1c4b056e9cc972486934a3a7"},"headline":"Ley de cuidados paliativos: \u201cun modelo de atenci\u00f3n que mejora la calidad de vida de pacientes y familias\u201d","datePublished":"2022-07-08T13:40:14+00:00","dateModified":"2022-07-08T13:42:36+00:00","mainEntityOfPage":{"@id":"https:\/\/experienciadevida.com.ar\/portalurbano\/ley-de-cuidados-paliativos-un-modelo-de-atencion-que-mejora-la-calidad-de-vida-de-pacientes-y-familias\/"},"wordCount":419,"publisher":{"@id":"https:\/\/experienciadevida.com.ar\/portalurbano\/#organization"},"articleSection":["Ciudad","Destacadas"],"inLanguage":"es"},{"@type":"WebPage","@id":"https:\/\/experienciadevida.com.ar\/portalurbano\/ley-de-cuidados-paliativos-un-modelo-de-atencion-que-mejora-la-calidad-de-vida-de-pacientes-y-familias\/","url":"https:\/\/experienciadevida.com.ar\/portalurbano\/ley-de-cuidados-paliativos-un-modelo-de-atencion-que-mejora-la-calidad-de-vida-de-pacientes-y-familias\/","name":"Ley de cuidados paliativos: \"un modelo de atenci\u00f3n que mejora la calidad\"","isPartOf":{"@id":"https:\/\/experienciadevida.com.ar\/portalurbano\/#website"},"datePublished":"2022-07-08T13:40:14+00:00","dateModified":"2022-07-08T13:42:36+00:00","description":"Ley de cuidados paliativos: \u201cun modelo de atenci\u00f3n que mejora la calidad de vida de pacientes y familias\u201d, as\u00ed lo describi\u00f3 la Directora","breadcrumb":{"@id":"https:\/\/experienciadevida.com.ar\/portalurbano\/ley-de-cuidados-paliativos-un-modelo-de-atencion-que-mejora-la-calidad-de-vida-de-pacientes-y-familias\/#breadcrumb"},"inLanguage":"es","potentialAction":[{"@type":"ReadAction","target":["https:\/\/experienciadevida.com.ar\/portalurbano\/ley-de-cuidados-paliativos-un-modelo-de-atencion-que-mejora-la-calidad-de-vida-de-pacientes-y-familias\/"]}]},{"@type":"BreadcrumbList","@id":"https:\/\/experienciadevida.com.ar\/portalurbano\/ley-de-cuidados-paliativos-un-modelo-de-atencion-que-mejora-la-calidad-de-vida-de-pacientes-y-familias\/#breadcrumb","itemListElement":[{"@type":"ListItem","position":1,"name":"Portada","item":"https:\/\/experienciadevida.com.ar\/portalurbano\/"},{"@type":"ListItem","position":2,"name":"Ley de cuidados paliativos: \u201cun modelo de atenci\u00f3n que mejora la calidad de vida de pacientes y familias\u201d"}]},{"@type":"WebSite","@id":"https:\/\/experienciadevida.com.ar\/portalurbano\/#website","url":"https:\/\/experienciadevida.com.ar\/portalurbano\/","name":"","description":"","publisher":{"@id":"https:\/\/experienciadevida.com.ar\/portalurbano\/#organization"},"potentialAction":[{"@type":"SearchAction","target":{"@type":"EntryPoint","urlTemplate":"https:\/\/experienciadevida.com.ar\/portalurbano\/?s={search_term_string}"},"query-input":"required name=search_term_string"}],"inLanguage":"es"},{"@type":"Organization","@id":"https:\/\/experienciadevida.com.ar\/portalurbano\/#organization","name":"Portal Urbano","url":"https:\/\/experienciadevida.com.ar\/portalurbano\/","logo":{"@type":"ImageObject","inLanguage":"es","@id":"https:\/\/experienciadevida.com.ar\/portalurbano\/#\/schema\/logo\/image\/","url":"https:\/\/experienciadevida.com.ar\/portalurbano\/wp-content\/uploads\/2019\/09\/Logo-Original.png","contentUrl":"https:\/\/experienciadevida.com.ar\/portalurbano\/wp-content\/uploads\/2019\/09\/Logo-Original.png","width":2236,"height":1216,"caption":"Portal Urbano"},"image":{"@id":"https:\/\/experienciadevida.com.ar\/portalurbano\/#\/schema\/logo\/image\/"},"sameAs":["https:\/\/www.facebook.com\/Portal-Urbano-171542830093757\/","https:\/\/twitter.com\/portalurbanook","https:\/\/www.instagram.com\/_portalurbano\/","https:\/\/www.youtube.com\/channel\/UCXhagIfszH8KxFiOok79zbA?view_as=subscriber"]},{"@type":"Person","@id":"https:\/\/experienciadevida.com.ar\/portalurbano\/#\/schema\/person\/02dd326b1c4b056e9cc972486934a3a7","name":"admpu17wp","image":{"@type":"ImageObject","inLanguage":"es","@id":"https:\/\/experienciadevida.com.ar\/portalurbano\/#\/schema\/person\/image\/","url":"https:\/\/secure.gravatar.com\/avatar\/830d4c57adaae6630765e449a6908047?s=96&d=mm&r=g","contentUrl":"https:\/\/secure.gravatar.com\/avatar\/830d4c57adaae6630765e449a6908047?s=96&d=mm&r=g","caption":"admpu17wp"}}]}},"featured_image_urls":{"full":["https:\/\/experienciadevida.com.ar\/portalurbano\/wp-content\/uploads\/2022\/07\/Ley-de-cuidados-paliativos.jpg",1280,720,false],"thumbnail":["https:\/\/experienciadevida.com.ar\/portalurbano\/wp-content\/uploads\/2022\/07\/Ley-de-cuidados-paliativos-150x150.jpg",150,150,true],"medium":["https:\/\/experienciadevida.com.ar\/portalurbano\/wp-content\/uploads\/2022\/07\/Ley-de-cuidados-paliativos-300x169.jpg",300,169,true],"medium_large":["https:\/\/experienciadevida.com.ar\/portalurbano\/wp-content\/uploads\/2022\/07\/Ley-de-cuidados-paliativos-768x432.jpg",640,360,true],"large":["https:\/\/experienciadevida.com.ar\/portalurbano\/wp-content\/uploads\/2022\/07\/Ley-de-cuidados-paliativos-1024x576.jpg",640,360,true],"ug_big":["https:\/\/experienciadevida.com.ar\/portalurbano\/wp-content\/uploads\/2022\/07\/Ley-de-cuidados-paliativos-768x432.jpg",768,432,true],"1536x1536":["https:\/\/experienciadevida.com.ar\/portalurbano\/wp-content\/uploads\/2022\/07\/Ley-de-cuidados-paliativos.jpg",1280,720,false],"2048x2048":["https:\/\/experienciadevida.com.ar\/portalurbano\/wp-content\/uploads\/2022\/07\/Ley-de-cuidados-paliativos.jpg",1280,720,false],"newsever-slider-full":["https:\/\/experienciadevida.com.ar\/portalurbano\/wp-content\/uploads\/2022\/07\/Ley-de-cuidados-paliativos.jpg",1280,720,false],"newsever-featured":["https:\/\/experienciadevida.com.ar\/portalurbano\/wp-content\/uploads\/2022\/07\/Ley-de-cuidados-paliativos.jpg",1024,576,false],"newsever-medium":["https:\/\/experienciadevida.com.ar\/portalurbano\/wp-content\/uploads\/2022\/07\/Ley-de-cuidados-paliativos.jpg",720,405,false],"web-stories-poster-portrait":["https:\/\/experienciadevida.com.ar\/portalurbano\/wp-content\/uploads\/2022\/07\/Ley-de-cuidados-paliativos.jpg",640,360,false],"web-stories-publisher-logo":["https:\/\/experienciadevida.com.ar\/portalurbano\/wp-content\/uploads\/2022\/07\/Ley-de-cuidados-paliativos.jpg",96,54,false],"web-stories-thumbnail":["https:\/\/experienciadevida.com.ar\/portalurbano\/wp-content\/uploads\/2022\/07\/Ley-de-cuidados-paliativos.jpg",150,84,false]},"author_info":{"display_name":"admpu17wp","author_link":"https:\/\/experienciadevida.com.ar\/portalurbano\/author\/admpu17wp\/"},"category_info":"<a href=\"https:\/\/experienciadevida.com.ar\/portalurbano\/category\/ciudad\/\" rel=\"category tag\">Ciudad<\/a> <a href=\"https:\/\/experienciadevida.com.ar\/portalurbano\/category\/destacadas\/\" rel=\"category tag\">Destacadas<\/a>","tag_info":"Destacadas","comment_count":"0","amp_enabled":true,"_links":{"self":[{"href":"https:\/\/experienciadevida.com.ar\/portalurbano\/wp-json\/wp\/v2\/posts\/170975"}],"collection":[{"href":"https:\/\/experienciadevida.com.ar\/portalurbano\/wp-json\/wp\/v2\/posts"}],"about":[{"href":"https:\/\/experienciadevida.com.ar\/portalurbano\/wp-json\/wp\/v2\/types\/post"}],"author":[{"embeddable":true,"href":"https:\/\/experienciadevida.com.ar\/portalurbano\/wp-json\/wp\/v2\/users\/1"}],"replies":[{"embeddable":true,"href":"https:\/\/experienciadevida.com.ar\/portalurbano\/wp-json\/wp\/v2\/comments?post=170975"}],"version-history":[{"count":1,"href":"https:\/\/experienciadevida.com.ar\/portalurbano\/wp-json\/wp\/v2\/posts\/170975\/revisions"}],"predecessor-version":[{"id":170977,"href":"https:\/\/experienciadevida.com.ar\/portalurbano\/wp-json\/wp\/v2\/posts\/170975\/revisions\/170977"}],"wp:featuredmedia":[{"embeddable":true,"href":"https:\/\/experienciadevida.com.ar\/portalurbano\/wp-json\/wp\/v2\/media\/170976"}],"wp:attachment":[{"href":"https:\/\/experienciadevida.com.ar\/portalurbano\/wp-json\/wp\/v2\/media?parent=170975"}],"wp:term":[{"taxonomy":"category","embeddable":true,"href":"https:\/\/experienciadevida.com.ar\/portalurbano\/wp-json\/wp\/v2\/categories?post=170975"},{"taxonomy":"post_tag","embeddable":true,"href":"https:\/\/experienciadevida.com.ar\/portalurbano\/wp-json\/wp\/v2\/tags?post=170975"}],"curies":[{"name":"wp","href":"https:\/\/api.w.org\/{rel}","templated":true}]}}