{"id":170952,"date":"2022-07-08T09:35:15","date_gmt":"2022-07-08T12:35:15","guid":{"rendered":"https:\/\/experienciadevida.com.ar\/portalurbano\/?p=170952"},"modified":"2022-07-08T09:36:10","modified_gmt":"2022-07-08T12:36:10","slug":"se-modifico-la-ordenanza-que-determina-el-funcionamiento-del-concejo-deliberante-estudiantil","status":"publish","type":"post","link":"https:\/\/experienciadevida.com.ar\/portalurbano\/se-modifico-la-ordenanza-que-determina-el-funcionamiento-del-concejo-deliberante-estudiantil\/","title":{"rendered":"Se modific\u00f3 la Ordenanza que determina el funcionamiento del Concejo Deliberante Estudiantil,"},"content":{"rendered":"<p>Se modific\u00f3 la Ordenanza que determina el funcionamiento del Concejo Deliberante Estudiantil, presidida por la Lic. Cecilia <a href=\"https:\/\/www.instagram.com\/ceciliakrivochen\/\">Krivochen<\/a> se llev\u00f3 adelante la Novena Sesi\u00f3n Ordinaria del Honorable Concejo Deliberante.<\/p>\n<p>En el inicio la concejal del Frente de Todos, Natalia \u00c1lvarez iz\u00f3 la Bandera Nacional y posteriormente se entreg\u00f3 el reconocimiento de Inter\u00e9s Legislativo, Cultural y Educativo de la obra del escritor olavarriense Diego Rojas.<\/p>\n<p>Tras el homenaje se inici\u00f3 el tratamiento, primero, de los expedientes con despacho de comisi\u00f3n.<\/p>\n<p>En primer t\u00e9rmino, se trat\u00f3 y vot\u00f3 por unanimidad un proyecto de Ordenanza presentado oportunamente por la Juventud Radical. La concejal Bel\u00e9n Vergel argument\u00f3 el proyecto de Ordenanza que crea espacios m\u00e1s inclusivos, equitativos y respetuosos a los DDHH y de la diversidad en espacios de espacios nocturnos en el Partido de Olavarr\u00eda. Vergel destac\u00f3 y celebr\u00f3 el compromiso de todos los bloques para mejorar el proyecto. Tom\u00f3 parte del debate la presidenta de la Comisi\u00f3n de G\u00e9nero, concejala In\u00e9s Creimer. El proyecto se convirti\u00f3 en la Ordenanza N\u00b0 4919\/22<\/p>\n<p>La concejala Mercedes Land\u00edvar (FDT) fue la primera en tomar la palabra para debatir el proyecto de Ordenanza que aprueba el \u201cProtocolo de Actuaci\u00f3n para prevenci\u00f3n, sanci\u00f3n, erradicaci\u00f3n y capacitaci\u00f3n de situaciones de violencia de g\u00e9nero y discriminaci\u00f3n\u201d. Seg\u00fan expres\u00f3 la presidenta del bloque de Frente de Todos, el proyecto hace m\u00e1s de un a\u00f1o y medio que se encontraba en tratamiento en el HCD. La Comisi\u00f3n que se crea en el marco de la Ordenanza funcionar\u00e1 en el seno del Concejo Deliberante. El instrumento parlamentario fue aprobado por unanimidad y se convirti\u00f3 en la Ordenanza N\u00b0 4920\/22.<\/p>\n<p>De manera un\u00e1nime se declar\u00f3 de Inter\u00e9s Hist\u00f3rico Patrimonial de la Municipalidad de Olavarr\u00eda a los Pa\u00f1uelos de las Madres y Abuelas de Plaza de Mayo que desde hace a\u00f1os se encuentran pintados en la Plaza Coronel Olavarr\u00eda. Tambi\u00e9n este proyecto fue fundamentado por la concejala Mercedes Land\u00edvar. Tras las intervenciones se logr\u00f3 la unanimidad y el proyecto se convirti\u00f3 en la Ordenanza N\u00b0 4921\/22.<\/p>\n<p>A las 10 horas se inici\u00f3 el pedido de actualizaci\u00f3n de tarifas de transporte urbano de pasajeros servicio concesionado a la empresa Tu Bus. El proyecto tuvo tratamiento en las comisiones de Infraestructura, Hacienda y Legislaci\u00f3n. Intervinieron en el debate Mart\u00edn Endere (Juntos), Maximiliano Wesner (FdT) pidi\u00f3 que el expediente regrese a la comisi\u00f3n de Legislaci\u00f3n. La concejal Celeste Arouxet, adhiri\u00f3 al pedido del Frente de Todos, aunque la moci\u00f3n fue rechazada. Sigui\u00f3 as\u00ed el debate con la intervenci\u00f3n de los concejales Sebasti\u00e1n Matrella, Bel\u00e9n Vergel, Ubaldo Garc\u00eda y Mercedes Land\u00edvar. El cierre del debate estuvo a cargo de Guillermina Amespil, concejal de Juntos y presidente de la comisi\u00f3n de Legislaci\u00f3n A la hora de la votaci\u00f3n el pedido de actualizaci\u00f3n se convirti\u00f3 en la Ordenanza N\u00b04922: el boleto \u00fanico, una vez promulgada el marco normativo, pasar\u00e1 a costar 61,40 pesos.<\/p>\n<p>Tras un cuarto intermedio, la presidente del Concejo Deliberante dio continuidad a la sesi\u00f3n<\/p>\n<p>La presidente de la Comisi\u00f3n de Educaci\u00f3n, en nombre de la Comisi\u00f3n, inici\u00f3 la fundamentaci\u00f3n de la modificaci\u00f3n de la Ordenanza que norma el Concejo Deliberante Estudiantil. La Ordenanza fue aprobada por unanimidad, se convirti\u00f3 en la Ordenanza N\u00b0 4924\/22.<\/p>\n<p>Como viene sucediendo sesi\u00f3n a sesi\u00f3n, el Concejo Deliberante sancion\u00f3 por unanimidad seis proyectos de Ordenanzas habilitando las donaciones inmuebles a distintos vecinos y vecinas de Olavarr\u00eda. Se aprobaron por unanimidad las Ordenanzas: 4925\/22, 4926\/22, 4927\/22, 4928\/22, 4929\/22.<\/p>\n<p>A las 11.45 horas se inici\u00f3 el tratamiento de expedientes sobre tablas.<\/p>\n","protected":false},"excerpt":{"rendered":"<p>Se modific\u00f3 la Ordenanza que determina el funcionamiento del Concejo Deliberante Estudiantil, presidida por la&#8230;<\/p>\n","protected":false},"author":1,"featured_media":170953,"comment_status":"closed","ping_status":"closed","sticky":false,"template":"","format":"standard","meta":{"content-type":""},"categories":[27],"tags":[],"nelio_content":{"isAutoShareEnabled":false,"autoShareEndMode":"default","automationSources":{"useContentSentences":true,"useSocialTemplates":true,"useCustomSentences":false,"customSentences":[]},"followers":[1],"suggestedReferences":[],"includedReferences":["https:\/\/www.instagram.com\/ceciliakrivochen\/"],"efiUrl":"","efiAlt":"","highlights":[]},"yoast_head":"<!-- This site is optimized with the Yoast SEO plugin v20.7 - https:\/\/yoast.com\/wordpress\/plugins\/seo\/ -->\n<title>Se modific\u00f3 la ordenanza que determina el funcionamiento del HCD<\/title>\n<meta name=\"description\" content=\"Se modific\u00f3 la Ordenanza que determina el funcionamiento del Concejo Deliberante Estudiantil, en la sesi\u00f3n del HCD realizada ayer\" \/>\n<meta name=\"robots\" content=\"index, follow, max-snippet:-1, max-image-preview:large, max-video-preview:-1\" \/>\n<link rel=\"canonical\" href=\"https:\/\/experienciadevida.com.ar\/portalurbano\/se-modifico-la-ordenanza-que-determina-el-funcionamiento-del-concejo-deliberante-estudiantil\/\" \/>\n<meta property=\"og:locale\" content=\"es_ES\" \/>\n<meta property=\"og:type\" content=\"article\" \/>\n<meta property=\"og:title\" content=\"Se modific\u00f3 la ordenanza que determina el funcionamiento del HCD\" \/>\n<meta property=\"og:description\" content=\"Se modific\u00f3 la Ordenanza que determina el funcionamiento del Concejo Deliberante Estudiantil, en la sesi\u00f3n del HCD realizada ayer\" \/>\n<meta property=\"og:url\" content=\"https:\/\/experienciadevida.com.ar\/portalurbano\/se-modifico-la-ordenanza-que-determina-el-funcionamiento-del-concejo-deliberante-estudiantil\/\" \/>\n<meta property=\"article:publisher\" content=\"https:\/\/www.facebook.com\/Portal-Urbano-171542830093757\/\" \/>\n<meta property=\"article:published_time\" content=\"2022-07-08T12:35:15+00:00\" \/>\n<meta property=\"article:modified_time\" content=\"2022-07-08T12:36:10+00:00\" \/>\n<meta property=\"og:image\" content=\"https:\/\/experienciadevida.com.ar\/portalurbano\/wp-content\/uploads\/2022\/07\/Se-modifico-la-Ordenanza.jpg\" \/>\n\t<meta property=\"og:image:width\" content=\"1280\" \/>\n\t<meta property=\"og:image:height\" content=\"855\" \/>\n\t<meta property=\"og:image:type\" content=\"image\/jpeg\" \/>\n<meta name=\"author\" content=\"admpu17wp\" \/>\n<meta name=\"twitter:card\" content=\"summary_large_image\" \/>\n<meta name=\"twitter:creator\" content=\"@portalurbanook\" \/>\n<meta name=\"twitter:site\" content=\"@portalurbanook\" \/>\n<meta name=\"twitter:label1\" content=\"Escrito por\" \/>\n\t<meta name=\"twitter:data1\" content=\"admpu17wp\" \/>\n\t<meta name=\"twitter:label2\" content=\"Tiempo de lectura\" \/>\n\t<meta name=\"twitter:data2\" content=\"3 minutos\" \/>\n<script type=\"application\/ld+json\" class=\"yoast-schema-graph\">{\"@context\":\"https:\/\/schema.org\",\"@graph\":[{\"@type\":\"Article\",\"@id\":\"https:\/\/experienciadevida.com.ar\/portalurbano\/se-modifico-la-ordenanza-que-determina-el-funcionamiento-del-concejo-deliberante-estudiantil\/#article\",\"isPartOf\":{\"@id\":\"https:\/\/experienciadevida.com.ar\/portalurbano\/se-modifico-la-ordenanza-que-determina-el-funcionamiento-del-concejo-deliberante-estudiantil\/\"},\"author\":{\"name\":\"admpu17wp\",\"@id\":\"https:\/\/experienciadevida.com.ar\/portalurbano\/#\/schema\/person\/02dd326b1c4b056e9cc972486934a3a7\"},\"headline\":\"Se modific\u00f3 la Ordenanza que determina el funcionamiento del Concejo Deliberante Estudiantil,\",\"datePublished\":\"2022-07-08T12:35:15+00:00\",\"dateModified\":\"2022-07-08T12:36:10+00:00\",\"mainEntityOfPage\":{\"@id\":\"https:\/\/experienciadevida.com.ar\/portalurbano\/se-modifico-la-ordenanza-que-determina-el-funcionamiento-del-concejo-deliberante-estudiantil\/\"},\"wordCount\":632,\"publisher\":{\"@id\":\"https:\/\/experienciadevida.com.ar\/portalurbano\/#organization\"},\"articleSection\":[\"Ciudad\"],\"inLanguage\":\"es\"},{\"@type\":\"WebPage\",\"@id\":\"https:\/\/experienciadevida.com.ar\/portalurbano\/se-modifico-la-ordenanza-que-determina-el-funcionamiento-del-concejo-deliberante-estudiantil\/\",\"url\":\"https:\/\/experienciadevida.com.ar\/portalurbano\/se-modifico-la-ordenanza-que-determina-el-funcionamiento-del-concejo-deliberante-estudiantil\/\",\"name\":\"Se modific\u00f3 la ordenanza que determina el funcionamiento del HCD\",\"isPartOf\":{\"@id\":\"https:\/\/experienciadevida.com.ar\/portalurbano\/#website\"},\"datePublished\":\"2022-07-08T12:35:15+00:00\",\"dateModified\":\"2022-07-08T12:36:10+00:00\",\"description\":\"Se modific\u00f3 la Ordenanza que determina el funcionamiento del Concejo Deliberante Estudiantil, en la sesi\u00f3n del HCD realizada ayer\",\"breadcrumb\":{\"@id\":\"https:\/\/experienciadevida.com.ar\/portalurbano\/se-modifico-la-ordenanza-que-determina-el-funcionamiento-del-concejo-deliberante-estudiantil\/#breadcrumb\"},\"inLanguage\":\"es\",\"potentialAction\":[{\"@type\":\"ReadAction\",\"target\":[\"https:\/\/experienciadevida.com.ar\/portalurbano\/se-modifico-la-ordenanza-que-determina-el-funcionamiento-del-concejo-deliberante-estudiantil\/\"]}]},{\"@type\":\"BreadcrumbList\",\"@id\":\"https:\/\/experienciadevida.com.ar\/portalurbano\/se-modifico-la-ordenanza-que-determina-el-funcionamiento-del-concejo-deliberante-estudiantil\/#breadcrumb\",\"itemListElement\":[{\"@type\":\"ListItem\",\"position\":1,\"name\":\"Portada\",\"item\":\"https:\/\/experienciadevida.com.ar\/portalurbano\/\"},{\"@type\":\"ListItem\",\"position\":2,\"name\":\"Se modific\u00f3 la Ordenanza que determina el funcionamiento del Concejo Deliberante Estudiantil,\"}]},{\"@type\":\"WebSite\",\"@id\":\"https:\/\/experienciadevida.com.ar\/portalurbano\/#website\",\"url\":\"https:\/\/experienciadevida.com.ar\/portalurbano\/\",\"name\":\"\",\"description\":\"\",\"publisher\":{\"@id\":\"https:\/\/experienciadevida.com.ar\/portalurbano\/#organization\"},\"potentialAction\":[{\"@type\":\"SearchAction\",\"target\":{\"@type\":\"EntryPoint\",\"urlTemplate\":\"https:\/\/experienciadevida.com.ar\/portalurbano\/?s={search_term_string}\"},\"query-input\":\"required name=search_term_string\"}],\"inLanguage\":\"es\"},{\"@type\":\"Organization\",\"@id\":\"https:\/\/experienciadevida.com.ar\/portalurbano\/#organization\",\"name\":\"Portal Urbano\",\"url\":\"https:\/\/experienciadevida.com.ar\/portalurbano\/\",\"logo\":{\"@type\":\"ImageObject\",\"inLanguage\":\"es\",\"@id\":\"https:\/\/experienciadevida.com.ar\/portalurbano\/#\/schema\/logo\/image\/\",\"url\":\"https:\/\/experienciadevida.com.ar\/portalurbano\/wp-content\/uploads\/2019\/09\/Logo-Original.png\",\"contentUrl\":\"https:\/\/experienciadevida.com.ar\/portalurbano\/wp-content\/uploads\/2019\/09\/Logo-Original.png\",\"width\":2236,\"height\":1216,\"caption\":\"Portal Urbano\"},\"image\":{\"@id\":\"https:\/\/experienciadevida.com.ar\/portalurbano\/#\/schema\/logo\/image\/\"},\"sameAs\":[\"https:\/\/www.facebook.com\/Portal-Urbano-171542830093757\/\",\"https:\/\/twitter.com\/portalurbanook\",\"https:\/\/www.instagram.com\/_portalurbano\/\",\"https:\/\/www.youtube.com\/channel\/UCXhagIfszH8KxFiOok79zbA?view_as=subscriber\"]},{\"@type\":\"Person\",\"@id\":\"https:\/\/experienciadevida.com.ar\/portalurbano\/#\/schema\/person\/02dd326b1c4b056e9cc972486934a3a7\",\"name\":\"admpu17wp\",\"image\":{\"@type\":\"ImageObject\",\"inLanguage\":\"es\",\"@id\":\"https:\/\/experienciadevida.com.ar\/portalurbano\/#\/schema\/person\/image\/\",\"url\":\"https:\/\/secure.gravatar.com\/avatar\/830d4c57adaae6630765e449a6908047?s=96&d=mm&r=g\",\"contentUrl\":\"https:\/\/secure.gravatar.com\/avatar\/830d4c57adaae6630765e449a6908047?s=96&d=mm&r=g\",\"caption\":\"admpu17wp\"}}]}<\/script>\n<!-- \/ Yoast SEO plugin. -->","yoast_head_json":{"title":"Se modific\u00f3 la ordenanza que determina el funcionamiento del HCD","description":"Se modific\u00f3 la Ordenanza que determina el funcionamiento del Concejo Deliberante Estudiantil, en la sesi\u00f3n del HCD realizada ayer","robots":{"index":"index","follow":"follow","max-snippet":"max-snippet:-1","max-image-preview":"max-image-preview:large","max-video-preview":"max-video-preview:-1"},"canonical":"https:\/\/experienciadevida.com.ar\/portalurbano\/se-modifico-la-ordenanza-que-determina-el-funcionamiento-del-concejo-deliberante-estudiantil\/","og_locale":"es_ES","og_type":"article","og_title":"Se modific\u00f3 la ordenanza que determina el funcionamiento del HCD","og_description":"Se modific\u00f3 la Ordenanza que determina el funcionamiento del Concejo Deliberante Estudiantil, en la sesi\u00f3n del HCD realizada ayer","og_url":"https:\/\/experienciadevida.com.ar\/portalurbano\/se-modifico-la-ordenanza-que-determina-el-funcionamiento-del-concejo-deliberante-estudiantil\/","article_publisher":"https:\/\/www.facebook.com\/Portal-Urbano-171542830093757\/","article_published_time":"2022-07-08T12:35:15+00:00","article_modified_time":"2022-07-08T12:36:10+00:00","og_image":[{"width":1280,"height":855,"url":"https:\/\/experienciadevida.com.ar\/portalurbano\/wp-content\/uploads\/2022\/07\/Se-modifico-la-Ordenanza.jpg","type":"image\/jpeg"}],"author":"admpu17wp","twitter_card":"summary_large_image","twitter_creator":"@portalurbanook","twitter_site":"@portalurbanook","twitter_misc":{"Escrito por":"admpu17wp","Tiempo de lectura":"3 minutos"},"schema":{"@context":"https:\/\/schema.org","@graph":[{"@type":"Article","@id":"https:\/\/experienciadevida.com.ar\/portalurbano\/se-modifico-la-ordenanza-que-determina-el-funcionamiento-del-concejo-deliberante-estudiantil\/#article","isPartOf":{"@id":"https:\/\/experienciadevida.com.ar\/portalurbano\/se-modifico-la-ordenanza-que-determina-el-funcionamiento-del-concejo-deliberante-estudiantil\/"},"author":{"name":"admpu17wp","@id":"https:\/\/experienciadevida.com.ar\/portalurbano\/#\/schema\/person\/02dd326b1c4b056e9cc972486934a3a7"},"headline":"Se modific\u00f3 la Ordenanza que determina el funcionamiento del Concejo Deliberante Estudiantil,","datePublished":"2022-07-08T12:35:15+00:00","dateModified":"2022-07-08T12:36:10+00:00","mainEntityOfPage":{"@id":"https:\/\/experienciadevida.com.ar\/portalurbano\/se-modifico-la-ordenanza-que-determina-el-funcionamiento-del-concejo-deliberante-estudiantil\/"},"wordCount":632,"publisher":{"@id":"https:\/\/experienciadevida.com.ar\/portalurbano\/#organization"},"articleSection":["Ciudad"],"inLanguage":"es"},{"@type":"WebPage","@id":"https:\/\/experienciadevida.com.ar\/portalurbano\/se-modifico-la-ordenanza-que-determina-el-funcionamiento-del-concejo-deliberante-estudiantil\/","url":"https:\/\/experienciadevida.com.ar\/portalurbano\/se-modifico-la-ordenanza-que-determina-el-funcionamiento-del-concejo-deliberante-estudiantil\/","name":"Se modific\u00f3 la ordenanza que determina el funcionamiento del HCD","isPartOf":{"@id":"https:\/\/experienciadevida.com.ar\/portalurbano\/#website"},"datePublished":"2022-07-08T12:35:15+00:00","dateModified":"2022-07-08T12:36:10+00:00","description":"Se modific\u00f3 la Ordenanza que determina el funcionamiento del Concejo Deliberante Estudiantil, en la sesi\u00f3n del HCD realizada ayer","breadcrumb":{"@id":"https:\/\/experienciadevida.com.ar\/portalurbano\/se-modifico-la-ordenanza-que-determina-el-funcionamiento-del-concejo-deliberante-estudiantil\/#breadcrumb"},"inLanguage":"es","potentialAction":[{"@type":"ReadAction","target":["https:\/\/experienciadevida.com.ar\/portalurbano\/se-modifico-la-ordenanza-que-determina-el-funcionamiento-del-concejo-deliberante-estudiantil\/"]}]},{"@type":"BreadcrumbList","@id":"https:\/\/experienciadevida.com.ar\/portalurbano\/se-modifico-la-ordenanza-que-determina-el-funcionamiento-del-concejo-deliberante-estudiantil\/#breadcrumb","itemListElement":[{"@type":"ListItem","position":1,"name":"Portada","item":"https:\/\/experienciadevida.com.ar\/portalurbano\/"},{"@type":"ListItem","position":2,"name":"Se modific\u00f3 la Ordenanza que determina el funcionamiento del Concejo Deliberante Estudiantil,"}]},{"@type":"WebSite","@id":"https:\/\/experienciadevida.com.ar\/portalurbano\/#website","url":"https:\/\/experienciadevida.com.ar\/portalurbano\/","name":"","description":"","publisher":{"@id":"https:\/\/experienciadevida.com.ar\/portalurbano\/#organization"},"potentialAction":[{"@type":"SearchAction","target":{"@type":"EntryPoint","urlTemplate":"https:\/\/experienciadevida.com.ar\/portalurbano\/?s={search_term_string}"},"query-input":"required name=search_term_string"}],"inLanguage":"es"},{"@type":"Organization","@id":"https:\/\/experienciadevida.com.ar\/portalurbano\/#organization","name":"Portal Urbano","url":"https:\/\/experienciadevida.com.ar\/portalurbano\/","logo":{"@type":"ImageObject","inLanguage":"es","@id":"https:\/\/experienciadevida.com.ar\/portalurbano\/#\/schema\/logo\/image\/","url":"https:\/\/experienciadevida.com.ar\/portalurbano\/wp-content\/uploads\/2019\/09\/Logo-Original.png","contentUrl":"https:\/\/experienciadevida.com.ar\/portalurbano\/wp-content\/uploads\/2019\/09\/Logo-Original.png","width":2236,"height":1216,"caption":"Portal Urbano"},"image":{"@id":"https:\/\/experienciadevida.com.ar\/portalurbano\/#\/schema\/logo\/image\/"},"sameAs":["https:\/\/www.facebook.com\/Portal-Urbano-171542830093757\/","https:\/\/twitter.com\/portalurbanook","https:\/\/www.instagram.com\/_portalurbano\/","https:\/\/www.youtube.com\/channel\/UCXhagIfszH8KxFiOok79zbA?view_as=subscriber"]},{"@type":"Person","@id":"https:\/\/experienciadevida.com.ar\/portalurbano\/#\/schema\/person\/02dd326b1c4b056e9cc972486934a3a7","name":"admpu17wp","image":{"@type":"ImageObject","inLanguage":"es","@id":"https:\/\/experienciadevida.com.ar\/portalurbano\/#\/schema\/person\/image\/","url":"https:\/\/secure.gravatar.com\/avatar\/830d4c57adaae6630765e449a6908047?s=96&d=mm&r=g","contentUrl":"https:\/\/secure.gravatar.com\/avatar\/830d4c57adaae6630765e449a6908047?s=96&d=mm&r=g","caption":"admpu17wp"}}]}},"featured_image_urls":{"full":["https:\/\/experienciadevida.com.ar\/portalurbano\/wp-content\/uploads\/2022\/07\/Se-modifico-la-Ordenanza.jpg",1280,855,false],"thumbnail":["https:\/\/experienciadevida.com.ar\/portalurbano\/wp-content\/uploads\/2022\/07\/Se-modifico-la-Ordenanza-150x150.jpg",150,150,true],"medium":["https:\/\/experienciadevida.com.ar\/portalurbano\/wp-content\/uploads\/2022\/07\/Se-modifico-la-Ordenanza-300x200.jpg",300,200,true],"medium_large":["https:\/\/experienciadevida.com.ar\/portalurbano\/wp-content\/uploads\/2022\/07\/Se-modifico-la-Ordenanza-768x513.jpg",640,428,true],"large":["https:\/\/experienciadevida.com.ar\/portalurbano\/wp-content\/uploads\/2022\/07\/Se-modifico-la-Ordenanza-1024x684.jpg",640,428,true],"ug_big":["https:\/\/experienciadevida.com.ar\/portalurbano\/wp-content\/uploads\/2022\/07\/Se-modifico-la-Ordenanza-768x513.jpg",768,513,true],"1536x1536":["https:\/\/experienciadevida.com.ar\/portalurbano\/wp-content\/uploads\/2022\/07\/Se-modifico-la-Ordenanza.jpg",1280,855,false],"2048x2048":["https:\/\/experienciadevida.com.ar\/portalurbano\/wp-content\/uploads\/2022\/07\/Se-modifico-la-Ordenanza.jpg",1280,855,false],"newsever-slider-full":["https:\/\/experienciadevida.com.ar\/portalurbano\/wp-content\/uploads\/2022\/07\/Se-modifico-la-Ordenanza.jpg",1265,845,false],"newsever-featured":["https:\/\/experienciadevida.com.ar\/portalurbano\/wp-content\/uploads\/2022\/07\/Se-modifico-la-Ordenanza.jpg",1024,684,false],"newsever-medium":["https:\/\/experienciadevida.com.ar\/portalurbano\/wp-content\/uploads\/2022\/07\/Se-modifico-la-Ordenanza.jpg",711,475,false],"web-stories-poster-portrait":["https:\/\/experienciadevida.com.ar\/portalurbano\/wp-content\/uploads\/2022\/07\/Se-modifico-la-Ordenanza.jpg",640,428,false],"web-stories-publisher-logo":["https:\/\/experienciadevida.com.ar\/portalurbano\/wp-content\/uploads\/2022\/07\/Se-modifico-la-Ordenanza.jpg",96,64,false],"web-stories-thumbnail":["https:\/\/experienciadevida.com.ar\/portalurbano\/wp-content\/uploads\/2022\/07\/Se-modifico-la-Ordenanza.jpg",150,100,false]},"author_info":{"display_name":"admpu17wp","author_link":"https:\/\/experienciadevida.com.ar\/portalurbano\/author\/admpu17wp\/"},"category_info":"<a href=\"https:\/\/experienciadevida.com.ar\/portalurbano\/category\/ciudad\/\" rel=\"category tag\">Ciudad<\/a>","tag_info":"Ciudad","comment_count":"0","amp_enabled":true,"_links":{"self":[{"href":"https:\/\/experienciadevida.com.ar\/portalurbano\/wp-json\/wp\/v2\/posts\/170952"}],"collection":[{"href":"https:\/\/experienciadevida.com.ar\/portalurbano\/wp-json\/wp\/v2\/posts"}],"about":[{"href":"https:\/\/experienciadevida.com.ar\/portalurbano\/wp-json\/wp\/v2\/types\/post"}],"author":[{"embeddable":true,"href":"https:\/\/experienciadevida.com.ar\/portalurbano\/wp-json\/wp\/v2\/users\/1"}],"replies":[{"embeddable":true,"href":"https:\/\/experienciadevida.com.ar\/portalurbano\/wp-json\/wp\/v2\/comments?post=170952"}],"version-history":[{"count":1,"href":"https:\/\/experienciadevida.com.ar\/portalurbano\/wp-json\/wp\/v2\/posts\/170952\/revisions"}],"predecessor-version":[{"id":170954,"href":"https:\/\/experienciadevida.com.ar\/portalurbano\/wp-json\/wp\/v2\/posts\/170952\/revisions\/170954"}],"wp:featuredmedia":[{"embeddable":true,"href":"https:\/\/experienciadevida.com.ar\/portalurbano\/wp-json\/wp\/v2\/media\/170953"}],"wp:attachment":[{"href":"https:\/\/experienciadevida.com.ar\/portalurbano\/wp-json\/wp\/v2\/media?parent=170952"}],"wp:term":[{"taxonomy":"category","embeddable":true,"href":"https:\/\/experienciadevida.com.ar\/portalurbano\/wp-json\/wp\/v2\/categories?post=170952"},{"taxonomy":"post_tag","embeddable":true,"href":"https:\/\/experienciadevida.com.ar\/portalurbano\/wp-json\/wp\/v2\/tags?post=170952"}],"curies":[{"name":"wp","href":"https:\/\/api.w.org\/{rel}","templated":true}]}}