{"id":170947,"date":"2022-07-08T09:26:13","date_gmt":"2022-07-08T12:26:13","guid":{"rendered":"https:\/\/experienciadevida.com.ar\/portalurbano\/?p=170947"},"modified":"2022-07-08T09:31:28","modified_gmt":"2022-07-08T12:31:28","slug":"transporte-urbano-el-municipio-se-empena-en-hacer-las-cosas-al-margen-de-la-normativa","status":"publish","type":"post","link":"https:\/\/experienciadevida.com.ar\/portalurbano\/transporte-urbano-el-municipio-se-empena-en-hacer-las-cosas-al-margen-de-la-normativa\/","title":{"rendered":"Transporte urbano: &#8220;El Municipio se empe\u00f1a en hacer las cosas al margen de la normativa\u201d"},"content":{"rendered":"<p>Transporte urbano: &#8220;El Municipio se empe\u00f1a en hacer las cosas al margen de la normativa\u201d, el interbloque del Frente de Todos manifest\u00f3 su disconformidad al proyecto de aumento del boleto del transporte urbano debido a la falta de documentaci\u00f3n respaldatoria que deber\u00eda haber presentado el Ejecutivo municipal para justificar el nuevo costo de la tarifa del transporte urbano.<\/p>\n<p>\u201cAntes de avalar un aumento, que puede ser necesario porque hace dos a\u00f1os que no se actualiza la tarifa, queremos tener la documentaci\u00f3n necesaria para evaluar si el valor presentado por la empresa y respaldado por el Ejecutivo son correctos\u201d, aseguraron desde el Frente de Todos.<\/p>\n<p>En ese sentido, desde el interbloque remarcaron que \u201cel gobierno municipal vuelve a impedir que el Concejo Deliberante pueda hacer bien su trabajo, env\u00eda un proyecto para aumentar el boleto de \u201cTu Bus\u201d con un nuevo valor a partir de un an\u00e1lisis que no tiene documentaci\u00f3n respaldatoria. El Municipio se empe\u00f1a en hacer las cosas al margen de la normativa\u201d.<\/p>\n<p>Al mismo tiempo, los concejales y concejalas del Frente de Todos aseguraron que \u201cdesde que se dio la concesi\u00f3n del servicio Tu Bus hace dos a\u00f1os no se hicieron auditorias ni controles a la empresa en la prestaci\u00f3n del servicio. En el expediente de licitaci\u00f3n, consta en el pliego que el municipio debe hacer controles bimestrales y hasta la fecha no figura ninguna auditor\u00eda que el Municipio le haya hecho a la empresa\u201d.<\/p>\n<p>Del mismo modo, el concejal Maximiliano <a href=\"https:\/\/www.instagram.com\/maximilianowesner\/\">Wesner<\/a> consider\u00f3 que \u201cen este caso es muy dif\u00edcil diferenciar entre el Municipio y la empresa due\u00f1a de \u201cTu Bus\u201d porque el proyecto para solicitar el aumento lo tendr\u00eda que haber presentado el Municipio pero fue la empresa que present\u00f3 el pedido de aumento y el anexo con el an\u00e1lisis de los costos\u201d.<\/p>\n<p>\u201cEs muy dif\u00edcil trabajar as\u00ed porque el an\u00e1lisis y estudio para justificar el aumento lo tendr\u00eda que haber presentado el Municipio pero dej\u00f3 esa potestad a la empresa para justificar su propio aumento, o sea que no hay ning\u00fan tipo de control por parte del Ejecutivo Municipal\u201d, remarc\u00f3 Wesner.<\/p>\n<p>Por su parte, la concejala Merceres <a href=\"https:\/\/www.instagram.com\/landivar_mercedes\/\">Land\u00edvar<\/a> asegur\u00f3 que \u201cen Olavarr\u00eda hay una crisis institucional por manejarse con total impunidad por parte del intendente y el gobierno municipal, son sucesivos los hechos que demuestran la falta de transparencia en el manejo de las instituciones, lo vemos con la causa terrenos, con las TUVI, con el concejal Fr\u00edas y ahora tambi\u00e9n lo vemos con la concesi\u00f3n del transporte urbano\u201d.<\/p>\n<p>Ante esa situaci\u00f3n desde el interbloque del Frente de Todos solicitaron una moci\u00f3n para que el proyecto vuelva a comisi\u00f3n y el cuerpo legislativo pueda contar con la documentaci\u00f3n para analizar realmente el costo de la tarifa del boleto urbano pero ante la negativa de los concejales de Juntos y la UCR, desde el Frente de Todos rechazaron el proyecto y justificaron su negativa por la falta de documentaci\u00f3n que deber\u00eda haber presentado el Municipio para solicitar el aumento del boleto.<\/p>\n","protected":false},"excerpt":{"rendered":"<p>Transporte urbano: &#8220;El Municipio se empe\u00f1a en hacer las cosas al margen de la normativa\u201d,&#8230;<\/p>\n","protected":false},"author":1,"featured_media":170948,"comment_status":"closed","ping_status":"closed","sticky":false,"template":"","format":"standard","meta":{"content-type":""},"categories":[27,64],"tags":[],"nelio_content":{"isAutoShareEnabled":false,"autoShareEndMode":"default","automationSources":{"useContentSentences":true,"useSocialTemplates":true,"useCustomSentences":false,"customSentences":[]},"followers":[1],"suggestedReferences":[],"includedReferences":["https:\/\/www.instagram.com\/maximilianowesner\/","https:\/\/www.instagram.com\/landivar_mercedes\/"],"efiUrl":"","efiAlt":"","highlights":[]},"yoast_head":"<!-- This site is optimized with the Yoast SEO plugin v20.7 - https:\/\/yoast.com\/wordpress\/plugins\/seo\/ -->\n<title>Transporte urbano: &quot;El Municipio se empe\u00f1a en hacer al margen&quot;<\/title>\n<meta name=\"description\" content=\"Transporte urbano: &quot;El Municipio se empe\u00f1a en hacer las cosas al margen de la normativa\u201d, el interbloque del Frente de Todos manifest\u00f3\" \/>\n<meta name=\"robots\" content=\"index, follow, max-snippet:-1, max-image-preview:large, max-video-preview:-1\" \/>\n<link rel=\"canonical\" href=\"https:\/\/experienciadevida.com.ar\/portalurbano\/transporte-urbano-el-municipio-se-empena-en-hacer-las-cosas-al-margen-de-la-normativa\/\" \/>\n<meta property=\"og:locale\" content=\"es_ES\" \/>\n<meta property=\"og:type\" content=\"article\" \/>\n<meta property=\"og:title\" content=\"Transporte urbano: &quot;El Municipio se empe\u00f1a en hacer al margen&quot;\" \/>\n<meta property=\"og:description\" content=\"Transporte urbano: &quot;El Municipio se empe\u00f1a en hacer las cosas al margen de la normativa\u201d, el interbloque del Frente de Todos manifest\u00f3\" \/>\n<meta property=\"og:url\" content=\"https:\/\/experienciadevida.com.ar\/portalurbano\/transporte-urbano-el-municipio-se-empena-en-hacer-las-cosas-al-margen-de-la-normativa\/\" \/>\n<meta property=\"article:publisher\" content=\"https:\/\/www.facebook.com\/Portal-Urbano-171542830093757\/\" \/>\n<meta property=\"article:published_time\" content=\"2022-07-08T12:26:13+00:00\" \/>\n<meta property=\"article:modified_time\" content=\"2022-07-08T12:31:28+00:00\" \/>\n<meta property=\"og:image\" content=\"https:\/\/experienciadevida.com.ar\/portalurbano\/wp-content\/uploads\/2022\/07\/Transporte-urbano.jpg\" \/>\n\t<meta property=\"og:image:width\" content=\"1280\" \/>\n\t<meta property=\"og:image:height\" content=\"853\" \/>\n\t<meta property=\"og:image:type\" content=\"image\/jpeg\" \/>\n<meta name=\"author\" content=\"admpu17wp\" \/>\n<meta name=\"twitter:card\" content=\"summary_large_image\" \/>\n<meta name=\"twitter:creator\" content=\"@portalurbanook\" \/>\n<meta name=\"twitter:site\" content=\"@portalurbanook\" \/>\n<meta name=\"twitter:label1\" content=\"Escrito por\" \/>\n\t<meta name=\"twitter:data1\" content=\"admpu17wp\" \/>\n\t<meta name=\"twitter:label2\" content=\"Tiempo de lectura\" \/>\n\t<meta name=\"twitter:data2\" content=\"3 minutos\" \/>\n<script type=\"application\/ld+json\" class=\"yoast-schema-graph\">{\"@context\":\"https:\/\/schema.org\",\"@graph\":[{\"@type\":\"Article\",\"@id\":\"https:\/\/experienciadevida.com.ar\/portalurbano\/transporte-urbano-el-municipio-se-empena-en-hacer-las-cosas-al-margen-de-la-normativa\/#article\",\"isPartOf\":{\"@id\":\"https:\/\/experienciadevida.com.ar\/portalurbano\/transporte-urbano-el-municipio-se-empena-en-hacer-las-cosas-al-margen-de-la-normativa\/\"},\"author\":{\"name\":\"admpu17wp\",\"@id\":\"https:\/\/experienciadevida.com.ar\/portalurbano\/#\/schema\/person\/02dd326b1c4b056e9cc972486934a3a7\"},\"headline\":\"Transporte urbano: &#8220;El Municipio se empe\u00f1a en hacer las cosas al margen de la normativa\u201d\",\"datePublished\":\"2022-07-08T12:26:13+00:00\",\"dateModified\":\"2022-07-08T12:31:28+00:00\",\"mainEntityOfPage\":{\"@id\":\"https:\/\/experienciadevida.com.ar\/portalurbano\/transporte-urbano-el-municipio-se-empena-en-hacer-las-cosas-al-margen-de-la-normativa\/\"},\"wordCount\":543,\"publisher\":{\"@id\":\"https:\/\/experienciadevida.com.ar\/portalurbano\/#organization\"},\"articleSection\":[\"Ciudad\",\"Destacadas 2\"],\"inLanguage\":\"es\"},{\"@type\":\"WebPage\",\"@id\":\"https:\/\/experienciadevida.com.ar\/portalurbano\/transporte-urbano-el-municipio-se-empena-en-hacer-las-cosas-al-margen-de-la-normativa\/\",\"url\":\"https:\/\/experienciadevida.com.ar\/portalurbano\/transporte-urbano-el-municipio-se-empena-en-hacer-las-cosas-al-margen-de-la-normativa\/\",\"name\":\"Transporte urbano: \\\"El Municipio se empe\u00f1a en hacer al margen\\\"\",\"isPartOf\":{\"@id\":\"https:\/\/experienciadevida.com.ar\/portalurbano\/#website\"},\"datePublished\":\"2022-07-08T12:26:13+00:00\",\"dateModified\":\"2022-07-08T12:31:28+00:00\",\"description\":\"Transporte urbano: \\\"El Municipio se empe\u00f1a en hacer las cosas al margen de la normativa\u201d, el interbloque del Frente de Todos manifest\u00f3\",\"breadcrumb\":{\"@id\":\"https:\/\/experienciadevida.com.ar\/portalurbano\/transporte-urbano-el-municipio-se-empena-en-hacer-las-cosas-al-margen-de-la-normativa\/#breadcrumb\"},\"inLanguage\":\"es\",\"potentialAction\":[{\"@type\":\"ReadAction\",\"target\":[\"https:\/\/experienciadevida.com.ar\/portalurbano\/transporte-urbano-el-municipio-se-empena-en-hacer-las-cosas-al-margen-de-la-normativa\/\"]}]},{\"@type\":\"BreadcrumbList\",\"@id\":\"https:\/\/experienciadevida.com.ar\/portalurbano\/transporte-urbano-el-municipio-se-empena-en-hacer-las-cosas-al-margen-de-la-normativa\/#breadcrumb\",\"itemListElement\":[{\"@type\":\"ListItem\",\"position\":1,\"name\":\"Portada\",\"item\":\"https:\/\/experienciadevida.com.ar\/portalurbano\/\"},{\"@type\":\"ListItem\",\"position\":2,\"name\":\"Transporte urbano: \u00abEl Municipio se empe\u00f1a en hacer las cosas al margen de la normativa\u201d\"}]},{\"@type\":\"WebSite\",\"@id\":\"https:\/\/experienciadevida.com.ar\/portalurbano\/#website\",\"url\":\"https:\/\/experienciadevida.com.ar\/portalurbano\/\",\"name\":\"\",\"description\":\"\",\"publisher\":{\"@id\":\"https:\/\/experienciadevida.com.ar\/portalurbano\/#organization\"},\"potentialAction\":[{\"@type\":\"SearchAction\",\"target\":{\"@type\":\"EntryPoint\",\"urlTemplate\":\"https:\/\/experienciadevida.com.ar\/portalurbano\/?s={search_term_string}\"},\"query-input\":\"required name=search_term_string\"}],\"inLanguage\":\"es\"},{\"@type\":\"Organization\",\"@id\":\"https:\/\/experienciadevida.com.ar\/portalurbano\/#organization\",\"name\":\"Portal Urbano\",\"url\":\"https:\/\/experienciadevida.com.ar\/portalurbano\/\",\"logo\":{\"@type\":\"ImageObject\",\"inLanguage\":\"es\",\"@id\":\"https:\/\/experienciadevida.com.ar\/portalurbano\/#\/schema\/logo\/image\/\",\"url\":\"https:\/\/experienciadevida.com.ar\/portalurbano\/wp-content\/uploads\/2019\/09\/Logo-Original.png\",\"contentUrl\":\"https:\/\/experienciadevida.com.ar\/portalurbano\/wp-content\/uploads\/2019\/09\/Logo-Original.png\",\"width\":2236,\"height\":1216,\"caption\":\"Portal Urbano\"},\"image\":{\"@id\":\"https:\/\/experienciadevida.com.ar\/portalurbano\/#\/schema\/logo\/image\/\"},\"sameAs\":[\"https:\/\/www.facebook.com\/Portal-Urbano-171542830093757\/\",\"https:\/\/twitter.com\/portalurbanook\",\"https:\/\/www.instagram.com\/_portalurbano\/\",\"https:\/\/www.youtube.com\/channel\/UCXhagIfszH8KxFiOok79zbA?view_as=subscriber\"]},{\"@type\":\"Person\",\"@id\":\"https:\/\/experienciadevida.com.ar\/portalurbano\/#\/schema\/person\/02dd326b1c4b056e9cc972486934a3a7\",\"name\":\"admpu17wp\",\"image\":{\"@type\":\"ImageObject\",\"inLanguage\":\"es\",\"@id\":\"https:\/\/experienciadevida.com.ar\/portalurbano\/#\/schema\/person\/image\/\",\"url\":\"https:\/\/secure.gravatar.com\/avatar\/830d4c57adaae6630765e449a6908047?s=96&d=mm&r=g\",\"contentUrl\":\"https:\/\/secure.gravatar.com\/avatar\/830d4c57adaae6630765e449a6908047?s=96&d=mm&r=g\",\"caption\":\"admpu17wp\"}}]}<\/script>\n<!-- \/ Yoast SEO plugin. -->","yoast_head_json":{"title":"Transporte urbano: \"El Municipio se empe\u00f1a en hacer al margen\"","description":"Transporte urbano: \"El Municipio se empe\u00f1a en hacer las cosas al margen de la normativa\u201d, el interbloque del Frente de Todos manifest\u00f3","robots":{"index":"index","follow":"follow","max-snippet":"max-snippet:-1","max-image-preview":"max-image-preview:large","max-video-preview":"max-video-preview:-1"},"canonical":"https:\/\/experienciadevida.com.ar\/portalurbano\/transporte-urbano-el-municipio-se-empena-en-hacer-las-cosas-al-margen-de-la-normativa\/","og_locale":"es_ES","og_type":"article","og_title":"Transporte urbano: \"El Municipio se empe\u00f1a en hacer al margen\"","og_description":"Transporte urbano: \"El Municipio se empe\u00f1a en hacer las cosas al margen de la normativa\u201d, el interbloque del Frente de Todos manifest\u00f3","og_url":"https:\/\/experienciadevida.com.ar\/portalurbano\/transporte-urbano-el-municipio-se-empena-en-hacer-las-cosas-al-margen-de-la-normativa\/","article_publisher":"https:\/\/www.facebook.com\/Portal-Urbano-171542830093757\/","article_published_time":"2022-07-08T12:26:13+00:00","article_modified_time":"2022-07-08T12:31:28+00:00","og_image":[{"width":1280,"height":853,"url":"https:\/\/experienciadevida.com.ar\/portalurbano\/wp-content\/uploads\/2022\/07\/Transporte-urbano.jpg","type":"image\/jpeg"}],"author":"admpu17wp","twitter_card":"summary_large_image","twitter_creator":"@portalurbanook","twitter_site":"@portalurbanook","twitter_misc":{"Escrito por":"admpu17wp","Tiempo de lectura":"3 minutos"},"schema":{"@context":"https:\/\/schema.org","@graph":[{"@type":"Article","@id":"https:\/\/experienciadevida.com.ar\/portalurbano\/transporte-urbano-el-municipio-se-empena-en-hacer-las-cosas-al-margen-de-la-normativa\/#article","isPartOf":{"@id":"https:\/\/experienciadevida.com.ar\/portalurbano\/transporte-urbano-el-municipio-se-empena-en-hacer-las-cosas-al-margen-de-la-normativa\/"},"author":{"name":"admpu17wp","@id":"https:\/\/experienciadevida.com.ar\/portalurbano\/#\/schema\/person\/02dd326b1c4b056e9cc972486934a3a7"},"headline":"Transporte urbano: &#8220;El Municipio se empe\u00f1a en hacer las cosas al margen de la normativa\u201d","datePublished":"2022-07-08T12:26:13+00:00","dateModified":"2022-07-08T12:31:28+00:00","mainEntityOfPage":{"@id":"https:\/\/experienciadevida.com.ar\/portalurbano\/transporte-urbano-el-municipio-se-empena-en-hacer-las-cosas-al-margen-de-la-normativa\/"},"wordCount":543,"publisher":{"@id":"https:\/\/experienciadevida.com.ar\/portalurbano\/#organization"},"articleSection":["Ciudad","Destacadas 2"],"inLanguage":"es"},{"@type":"WebPage","@id":"https:\/\/experienciadevida.com.ar\/portalurbano\/transporte-urbano-el-municipio-se-empena-en-hacer-las-cosas-al-margen-de-la-normativa\/","url":"https:\/\/experienciadevida.com.ar\/portalurbano\/transporte-urbano-el-municipio-se-empena-en-hacer-las-cosas-al-margen-de-la-normativa\/","name":"Transporte urbano: \"El Municipio se empe\u00f1a en hacer al margen\"","isPartOf":{"@id":"https:\/\/experienciadevida.com.ar\/portalurbano\/#website"},"datePublished":"2022-07-08T12:26:13+00:00","dateModified":"2022-07-08T12:31:28+00:00","description":"Transporte urbano: \"El Municipio se empe\u00f1a en hacer las cosas al margen de la normativa\u201d, el interbloque del Frente de Todos manifest\u00f3","breadcrumb":{"@id":"https:\/\/experienciadevida.com.ar\/portalurbano\/transporte-urbano-el-municipio-se-empena-en-hacer-las-cosas-al-margen-de-la-normativa\/#breadcrumb"},"inLanguage":"es","potentialAction":[{"@type":"ReadAction","target":["https:\/\/experienciadevida.com.ar\/portalurbano\/transporte-urbano-el-municipio-se-empena-en-hacer-las-cosas-al-margen-de-la-normativa\/"]}]},{"@type":"BreadcrumbList","@id":"https:\/\/experienciadevida.com.ar\/portalurbano\/transporte-urbano-el-municipio-se-empena-en-hacer-las-cosas-al-margen-de-la-normativa\/#breadcrumb","itemListElement":[{"@type":"ListItem","position":1,"name":"Portada","item":"https:\/\/experienciadevida.com.ar\/portalurbano\/"},{"@type":"ListItem","position":2,"name":"Transporte urbano: \u00abEl Municipio se empe\u00f1a en hacer las cosas al margen de la normativa\u201d"}]},{"@type":"WebSite","@id":"https:\/\/experienciadevida.com.ar\/portalurbano\/#website","url":"https:\/\/experienciadevida.com.ar\/portalurbano\/","name":"","description":"","publisher":{"@id":"https:\/\/experienciadevida.com.ar\/portalurbano\/#organization"},"potentialAction":[{"@type":"SearchAction","target":{"@type":"EntryPoint","urlTemplate":"https:\/\/experienciadevida.com.ar\/portalurbano\/?s={search_term_string}"},"query-input":"required name=search_term_string"}],"inLanguage":"es"},{"@type":"Organization","@id":"https:\/\/experienciadevida.com.ar\/portalurbano\/#organization","name":"Portal Urbano","url":"https:\/\/experienciadevida.com.ar\/portalurbano\/","logo":{"@type":"ImageObject","inLanguage":"es","@id":"https:\/\/experienciadevida.com.ar\/portalurbano\/#\/schema\/logo\/image\/","url":"https:\/\/experienciadevida.com.ar\/portalurbano\/wp-content\/uploads\/2019\/09\/Logo-Original.png","contentUrl":"https:\/\/experienciadevida.com.ar\/portalurbano\/wp-content\/uploads\/2019\/09\/Logo-Original.png","width":2236,"height":1216,"caption":"Portal Urbano"},"image":{"@id":"https:\/\/experienciadevida.com.ar\/portalurbano\/#\/schema\/logo\/image\/"},"sameAs":["https:\/\/www.facebook.com\/Portal-Urbano-171542830093757\/","https:\/\/twitter.com\/portalurbanook","https:\/\/www.instagram.com\/_portalurbano\/","https:\/\/www.youtube.com\/channel\/UCXhagIfszH8KxFiOok79zbA?view_as=subscriber"]},{"@type":"Person","@id":"https:\/\/experienciadevida.com.ar\/portalurbano\/#\/schema\/person\/02dd326b1c4b056e9cc972486934a3a7","name":"admpu17wp","image":{"@type":"ImageObject","inLanguage":"es","@id":"https:\/\/experienciadevida.com.ar\/portalurbano\/#\/schema\/person\/image\/","url":"https:\/\/secure.gravatar.com\/avatar\/830d4c57adaae6630765e449a6908047?s=96&d=mm&r=g","contentUrl":"https:\/\/secure.gravatar.com\/avatar\/830d4c57adaae6630765e449a6908047?s=96&d=mm&r=g","caption":"admpu17wp"}}]}},"featured_image_urls":{"full":["https:\/\/experienciadevida.com.ar\/portalurbano\/wp-content\/uploads\/2022\/07\/Transporte-urbano.jpg",1280,853,false],"thumbnail":["https:\/\/experienciadevida.com.ar\/portalurbano\/wp-content\/uploads\/2022\/07\/Transporte-urbano-150x150.jpg",150,150,true],"medium":["https:\/\/experienciadevida.com.ar\/portalurbano\/wp-content\/uploads\/2022\/07\/Transporte-urbano-300x200.jpg",300,200,true],"medium_large":["https:\/\/experienciadevida.com.ar\/portalurbano\/wp-content\/uploads\/2022\/07\/Transporte-urbano-768x512.jpg",640,427,true],"large":["https:\/\/experienciadevida.com.ar\/portalurbano\/wp-content\/uploads\/2022\/07\/Transporte-urbano-1024x682.jpg",640,426,true],"ug_big":["https:\/\/experienciadevida.com.ar\/portalurbano\/wp-content\/uploads\/2022\/07\/Transporte-urbano-768x512.jpg",768,512,true],"1536x1536":["https:\/\/experienciadevida.com.ar\/portalurbano\/wp-content\/uploads\/2022\/07\/Transporte-urbano.jpg",1280,853,false],"2048x2048":["https:\/\/experienciadevida.com.ar\/portalurbano\/wp-content\/uploads\/2022\/07\/Transporte-urbano.jpg",1280,853,false],"newsever-slider-full":["https:\/\/experienciadevida.com.ar\/portalurbano\/wp-content\/uploads\/2022\/07\/Transporte-urbano.jpg",1268,845,false],"newsever-featured":["https:\/\/experienciadevida.com.ar\/portalurbano\/wp-content\/uploads\/2022\/07\/Transporte-urbano.jpg",1024,682,false],"newsever-medium":["https:\/\/experienciadevida.com.ar\/portalurbano\/wp-content\/uploads\/2022\/07\/Transporte-urbano.jpg",713,475,false],"web-stories-poster-portrait":["https:\/\/experienciadevida.com.ar\/portalurbano\/wp-content\/uploads\/2022\/07\/Transporte-urbano.jpg",640,427,false],"web-stories-publisher-logo":["https:\/\/experienciadevida.com.ar\/portalurbano\/wp-content\/uploads\/2022\/07\/Transporte-urbano.jpg",96,64,false],"web-stories-thumbnail":["https:\/\/experienciadevida.com.ar\/portalurbano\/wp-content\/uploads\/2022\/07\/Transporte-urbano.jpg",150,100,false]},"author_info":{"display_name":"admpu17wp","author_link":"https:\/\/experienciadevida.com.ar\/portalurbano\/author\/admpu17wp\/"},"category_info":"<a href=\"https:\/\/experienciadevida.com.ar\/portalurbano\/category\/ciudad\/\" rel=\"category tag\">Ciudad<\/a> <a href=\"https:\/\/experienciadevida.com.ar\/portalurbano\/category\/destacadas-2\/\" rel=\"category tag\">Destacadas 2<\/a>","tag_info":"Destacadas 2","comment_count":"0","amp_enabled":true,"_links":{"self":[{"href":"https:\/\/experienciadevida.com.ar\/portalurbano\/wp-json\/wp\/v2\/posts\/170947"}],"collection":[{"href":"https:\/\/experienciadevida.com.ar\/portalurbano\/wp-json\/wp\/v2\/posts"}],"about":[{"href":"https:\/\/experienciadevida.com.ar\/portalurbano\/wp-json\/wp\/v2\/types\/post"}],"author":[{"embeddable":true,"href":"https:\/\/experienciadevida.com.ar\/portalurbano\/wp-json\/wp\/v2\/users\/1"}],"replies":[{"embeddable":true,"href":"https:\/\/experienciadevida.com.ar\/portalurbano\/wp-json\/wp\/v2\/comments?post=170947"}],"version-history":[{"count":2,"href":"https:\/\/experienciadevida.com.ar\/portalurbano\/wp-json\/wp\/v2\/posts\/170947\/revisions"}],"predecessor-version":[{"id":170950,"href":"https:\/\/experienciadevida.com.ar\/portalurbano\/wp-json\/wp\/v2\/posts\/170947\/revisions\/170950"}],"wp:featuredmedia":[{"embeddable":true,"href":"https:\/\/experienciadevida.com.ar\/portalurbano\/wp-json\/wp\/v2\/media\/170948"}],"wp:attachment":[{"href":"https:\/\/experienciadevida.com.ar\/portalurbano\/wp-json\/wp\/v2\/media?parent=170947"}],"wp:term":[{"taxonomy":"category","embeddable":true,"href":"https:\/\/experienciadevida.com.ar\/portalurbano\/wp-json\/wp\/v2\/categories?post=170947"},{"taxonomy":"post_tag","embeddable":true,"href":"https:\/\/experienciadevida.com.ar\/portalurbano\/wp-json\/wp\/v2\/tags?post=170947"}],"curies":[{"name":"wp","href":"https:\/\/api.w.org\/{rel}","templated":true}]}}