{"id":170936,"date":"2022-07-07T22:38:42","date_gmt":"2022-07-08T01:38:42","guid":{"rendered":"https:\/\/experienciadevida.com.ar\/portalurbano\/?p=170936"},"modified":"2022-07-07T22:49:34","modified_gmt":"2022-07-08T01:49:34","slug":"se-destinaran-mas-de-18-millones-para-la-ampliacion-de-la-red-pluvial-en-barrio-independencia","status":"publish","type":"post","link":"https:\/\/experienciadevida.com.ar\/portalurbano\/se-destinaran-mas-de-18-millones-para-la-ampliacion-de-la-red-pluvial-en-barrio-independencia\/","title":{"rendered":"Se destinar\u00e1n m\u00e1s de $18 millones para la ampliaci\u00f3n de la red pluvial en barrio Independencia"},"content":{"rendered":"<p>Se destinar\u00e1n m\u00e1s de $18 millones para la ampliaci\u00f3n de la red pluvial en barrio Independencia, en la ma\u00f1ana de este jueves se licit\u00f3 la primera etapa de la ampliaci\u00f3n de la red de conductos pluviales en el barrio Independencia.<\/p>\n<p>El acto licitatorio se llev\u00f3 a cabo en el Palacio San Mart\u00edn y cont\u00f3 con la presencia la directora de Licitaciones Pilar Ciardelli y representantes de las empresas oferentes.<\/p>\n<p>En detalle, la obra se desarrollar\u00e1 en el sector comprendido por las calles Pelegrino desde Av. Alberdi a Calle Guisasola. Permitir\u00e1 la evacuaci\u00f3n de las aguas pluviales de gran parte del barrio Independencia (parte Noroeste), que actualmente genera inconvenientes en la esquina oeste de Av. Ituzaing\u00f3 y Av. Del Valle.<\/p>\n<p>Los trabajos tambi\u00e9n incluyen la construcci\u00f3n de cinco sumideros tipo S4 y tres c\u00e1maras de inspecci\u00f3n.<\/p>\n<p>En esta ocasi\u00f3n, los presupuestos presentados fueron los siguientes:<\/p>\n<p>\u2013 Atak S.R.L.: cotiza 30.385.270 pesos<br \/>\n\u2013 Burgart N\u00e9stor: cotiza 18.484.900 pesos.<\/p>\n<p>El presupuesto oficial de la presente obra se estima en 14.500.000 pesos.<\/p>\n","protected":false},"excerpt":{"rendered":"<p>Se destinar\u00e1n m\u00e1s de $18 millones para la ampliaci\u00f3n de la red pluvial en barrio&#8230;<\/p>\n","protected":false},"author":1,"featured_media":170937,"comment_status":"closed","ping_status":"closed","sticky":false,"template":"","format":"standard","meta":{"content-type":""},"categories":[27,64],"tags":[],"nelio_content":{"isAutoShareEnabled":false,"autoShareEndMode":"default","automationSources":{"useContentSentences":true,"useSocialTemplates":true,"useCustomSentences":false,"customSentences":[]},"followers":[1],"suggestedReferences":[],"includedReferences":[],"efiUrl":"","efiAlt":"","highlights":[]},"yoast_head":"<!-- This site is optimized with the Yoast SEO plugin v20.7 - https:\/\/yoast.com\/wordpress\/plugins\/seo\/ -->\n<title>Se destinar\u00e1n m\u00e1s de $18 millones para la ampliaci\u00f3n de la red pluvial<\/title>\n<meta name=\"description\" content=\"Se destinar\u00e1n m\u00e1s de $18 millones para la ampliaci\u00f3n de la red pluvial en barrio Independencia, en la ma\u00f1ana de este jueves\" \/>\n<meta name=\"robots\" content=\"index, follow, max-snippet:-1, max-image-preview:large, max-video-preview:-1\" \/>\n<link rel=\"canonical\" href=\"https:\/\/experienciadevida.com.ar\/portalurbano\/se-destinaran-mas-de-18-millones-para-la-ampliacion-de-la-red-pluvial-en-barrio-independencia\/\" \/>\n<meta property=\"og:locale\" content=\"es_ES\" \/>\n<meta property=\"og:type\" content=\"article\" \/>\n<meta property=\"og:title\" content=\"Se destinar\u00e1n m\u00e1s de $18 millones para la ampliaci\u00f3n de la red pluvial\" \/>\n<meta property=\"og:description\" content=\"Se destinar\u00e1n m\u00e1s de $18 millones para la ampliaci\u00f3n de la red pluvial en barrio Independencia, en la ma\u00f1ana de este jueves\" \/>\n<meta property=\"og:url\" content=\"https:\/\/experienciadevida.com.ar\/portalurbano\/se-destinaran-mas-de-18-millones-para-la-ampliacion-de-la-red-pluvial-en-barrio-independencia\/\" \/>\n<meta property=\"article:publisher\" content=\"https:\/\/www.facebook.com\/Portal-Urbano-171542830093757\/\" \/>\n<meta property=\"article:published_time\" content=\"2022-07-08T01:38:42+00:00\" \/>\n<meta property=\"article:modified_time\" content=\"2022-07-08T01:49:34+00:00\" \/>\n<meta property=\"og:image\" content=\"https:\/\/experienciadevida.com.ar\/portalurbano\/wp-content\/uploads\/2022\/07\/Se-destinaran-mas-de.jpg\" \/>\n\t<meta property=\"og:image:width\" content=\"1024\" \/>\n\t<meta property=\"og:image:height\" content=\"682\" \/>\n\t<meta property=\"og:image:type\" content=\"image\/jpeg\" \/>\n<meta name=\"author\" content=\"admpu17wp\" \/>\n<meta name=\"twitter:card\" content=\"summary_large_image\" \/>\n<meta name=\"twitter:creator\" content=\"@portalurbanook\" \/>\n<meta name=\"twitter:site\" content=\"@portalurbanook\" \/>\n<meta name=\"twitter:label1\" content=\"Escrito por\" \/>\n\t<meta name=\"twitter:data1\" content=\"admpu17wp\" \/>\n\t<meta name=\"twitter:label2\" content=\"Tiempo de lectura\" \/>\n\t<meta name=\"twitter:data2\" content=\"1 minuto\" \/>\n<script type=\"application\/ld+json\" class=\"yoast-schema-graph\">{\"@context\":\"https:\/\/schema.org\",\"@graph\":[{\"@type\":\"Article\",\"@id\":\"https:\/\/experienciadevida.com.ar\/portalurbano\/se-destinaran-mas-de-18-millones-para-la-ampliacion-de-la-red-pluvial-en-barrio-independencia\/#article\",\"isPartOf\":{\"@id\":\"https:\/\/experienciadevida.com.ar\/portalurbano\/se-destinaran-mas-de-18-millones-para-la-ampliacion-de-la-red-pluvial-en-barrio-independencia\/\"},\"author\":{\"name\":\"admpu17wp\",\"@id\":\"https:\/\/experienciadevida.com.ar\/portalurbano\/#\/schema\/person\/02dd326b1c4b056e9cc972486934a3a7\"},\"headline\":\"Se destinar\u00e1n m\u00e1s de $18 millones para la ampliaci\u00f3n de la red pluvial en barrio Independencia\",\"datePublished\":\"2022-07-08T01:38:42+00:00\",\"dateModified\":\"2022-07-08T01:49:34+00:00\",\"mainEntityOfPage\":{\"@id\":\"https:\/\/experienciadevida.com.ar\/portalurbano\/se-destinaran-mas-de-18-millones-para-la-ampliacion-de-la-red-pluvial-en-barrio-independencia\/\"},\"wordCount\":195,\"publisher\":{\"@id\":\"https:\/\/experienciadevida.com.ar\/portalurbano\/#organization\"},\"articleSection\":[\"Ciudad\",\"Destacadas 2\"],\"inLanguage\":\"es\"},{\"@type\":\"WebPage\",\"@id\":\"https:\/\/experienciadevida.com.ar\/portalurbano\/se-destinaran-mas-de-18-millones-para-la-ampliacion-de-la-red-pluvial-en-barrio-independencia\/\",\"url\":\"https:\/\/experienciadevida.com.ar\/portalurbano\/se-destinaran-mas-de-18-millones-para-la-ampliacion-de-la-red-pluvial-en-barrio-independencia\/\",\"name\":\"Se destinar\u00e1n m\u00e1s de $18 millones para la ampliaci\u00f3n de la red pluvial\",\"isPartOf\":{\"@id\":\"https:\/\/experienciadevida.com.ar\/portalurbano\/#website\"},\"datePublished\":\"2022-07-08T01:38:42+00:00\",\"dateModified\":\"2022-07-08T01:49:34+00:00\",\"description\":\"Se destinar\u00e1n m\u00e1s de $18 millones para la ampliaci\u00f3n de la red pluvial en barrio Independencia, en la ma\u00f1ana de este jueves\",\"breadcrumb\":{\"@id\":\"https:\/\/experienciadevida.com.ar\/portalurbano\/se-destinaran-mas-de-18-millones-para-la-ampliacion-de-la-red-pluvial-en-barrio-independencia\/#breadcrumb\"},\"inLanguage\":\"es\",\"potentialAction\":[{\"@type\":\"ReadAction\",\"target\":[\"https:\/\/experienciadevida.com.ar\/portalurbano\/se-destinaran-mas-de-18-millones-para-la-ampliacion-de-la-red-pluvial-en-barrio-independencia\/\"]}]},{\"@type\":\"BreadcrumbList\",\"@id\":\"https:\/\/experienciadevida.com.ar\/portalurbano\/se-destinaran-mas-de-18-millones-para-la-ampliacion-de-la-red-pluvial-en-barrio-independencia\/#breadcrumb\",\"itemListElement\":[{\"@type\":\"ListItem\",\"position\":1,\"name\":\"Portada\",\"item\":\"https:\/\/experienciadevida.com.ar\/portalurbano\/\"},{\"@type\":\"ListItem\",\"position\":2,\"name\":\"Se destinar\u00e1n m\u00e1s de $18 millones para la ampliaci\u00f3n de la red pluvial en barrio Independencia\"}]},{\"@type\":\"WebSite\",\"@id\":\"https:\/\/experienciadevida.com.ar\/portalurbano\/#website\",\"url\":\"https:\/\/experienciadevida.com.ar\/portalurbano\/\",\"name\":\"\",\"description\":\"\",\"publisher\":{\"@id\":\"https:\/\/experienciadevida.com.ar\/portalurbano\/#organization\"},\"potentialAction\":[{\"@type\":\"SearchAction\",\"target\":{\"@type\":\"EntryPoint\",\"urlTemplate\":\"https:\/\/experienciadevida.com.ar\/portalurbano\/?s={search_term_string}\"},\"query-input\":\"required name=search_term_string\"}],\"inLanguage\":\"es\"},{\"@type\":\"Organization\",\"@id\":\"https:\/\/experienciadevida.com.ar\/portalurbano\/#organization\",\"name\":\"Portal Urbano\",\"url\":\"https:\/\/experienciadevida.com.ar\/portalurbano\/\",\"logo\":{\"@type\":\"ImageObject\",\"inLanguage\":\"es\",\"@id\":\"https:\/\/experienciadevida.com.ar\/portalurbano\/#\/schema\/logo\/image\/\",\"url\":\"https:\/\/experienciadevida.com.ar\/portalurbano\/wp-content\/uploads\/2019\/09\/Logo-Original.png\",\"contentUrl\":\"https:\/\/experienciadevida.com.ar\/portalurbano\/wp-content\/uploads\/2019\/09\/Logo-Original.png\",\"width\":2236,\"height\":1216,\"caption\":\"Portal Urbano\"},\"image\":{\"@id\":\"https:\/\/experienciadevida.com.ar\/portalurbano\/#\/schema\/logo\/image\/\"},\"sameAs\":[\"https:\/\/www.facebook.com\/Portal-Urbano-171542830093757\/\",\"https:\/\/twitter.com\/portalurbanook\",\"https:\/\/www.instagram.com\/_portalurbano\/\",\"https:\/\/www.youtube.com\/channel\/UCXhagIfszH8KxFiOok79zbA?view_as=subscriber\"]},{\"@type\":\"Person\",\"@id\":\"https:\/\/experienciadevida.com.ar\/portalurbano\/#\/schema\/person\/02dd326b1c4b056e9cc972486934a3a7\",\"name\":\"admpu17wp\",\"image\":{\"@type\":\"ImageObject\",\"inLanguage\":\"es\",\"@id\":\"https:\/\/experienciadevida.com.ar\/portalurbano\/#\/schema\/person\/image\/\",\"url\":\"https:\/\/secure.gravatar.com\/avatar\/830d4c57adaae6630765e449a6908047?s=96&d=mm&r=g\",\"contentUrl\":\"https:\/\/secure.gravatar.com\/avatar\/830d4c57adaae6630765e449a6908047?s=96&d=mm&r=g\",\"caption\":\"admpu17wp\"}}]}<\/script>\n<!-- \/ Yoast SEO plugin. -->","yoast_head_json":{"title":"Se destinar\u00e1n m\u00e1s de $18 millones para la ampliaci\u00f3n de la red pluvial","description":"Se destinar\u00e1n m\u00e1s de $18 millones para la ampliaci\u00f3n de la red pluvial en barrio Independencia, en la ma\u00f1ana de este jueves","robots":{"index":"index","follow":"follow","max-snippet":"max-snippet:-1","max-image-preview":"max-image-preview:large","max-video-preview":"max-video-preview:-1"},"canonical":"https:\/\/experienciadevida.com.ar\/portalurbano\/se-destinaran-mas-de-18-millones-para-la-ampliacion-de-la-red-pluvial-en-barrio-independencia\/","og_locale":"es_ES","og_type":"article","og_title":"Se destinar\u00e1n m\u00e1s de $18 millones para la ampliaci\u00f3n de la red pluvial","og_description":"Se destinar\u00e1n m\u00e1s de $18 millones para la ampliaci\u00f3n de la red pluvial en barrio Independencia, en la ma\u00f1ana de este jueves","og_url":"https:\/\/experienciadevida.com.ar\/portalurbano\/se-destinaran-mas-de-18-millones-para-la-ampliacion-de-la-red-pluvial-en-barrio-independencia\/","article_publisher":"https:\/\/www.facebook.com\/Portal-Urbano-171542830093757\/","article_published_time":"2022-07-08T01:38:42+00:00","article_modified_time":"2022-07-08T01:49:34+00:00","og_image":[{"width":1024,"height":682,"url":"https:\/\/experienciadevida.com.ar\/portalurbano\/wp-content\/uploads\/2022\/07\/Se-destinaran-mas-de.jpg","type":"image\/jpeg"}],"author":"admpu17wp","twitter_card":"summary_large_image","twitter_creator":"@portalurbanook","twitter_site":"@portalurbanook","twitter_misc":{"Escrito por":"admpu17wp","Tiempo de lectura":"1 minuto"},"schema":{"@context":"https:\/\/schema.org","@graph":[{"@type":"Article","@id":"https:\/\/experienciadevida.com.ar\/portalurbano\/se-destinaran-mas-de-18-millones-para-la-ampliacion-de-la-red-pluvial-en-barrio-independencia\/#article","isPartOf":{"@id":"https:\/\/experienciadevida.com.ar\/portalurbano\/se-destinaran-mas-de-18-millones-para-la-ampliacion-de-la-red-pluvial-en-barrio-independencia\/"},"author":{"name":"admpu17wp","@id":"https:\/\/experienciadevida.com.ar\/portalurbano\/#\/schema\/person\/02dd326b1c4b056e9cc972486934a3a7"},"headline":"Se destinar\u00e1n m\u00e1s de $18 millones para la ampliaci\u00f3n de la red pluvial en barrio Independencia","datePublished":"2022-07-08T01:38:42+00:00","dateModified":"2022-07-08T01:49:34+00:00","mainEntityOfPage":{"@id":"https:\/\/experienciadevida.com.ar\/portalurbano\/se-destinaran-mas-de-18-millones-para-la-ampliacion-de-la-red-pluvial-en-barrio-independencia\/"},"wordCount":195,"publisher":{"@id":"https:\/\/experienciadevida.com.ar\/portalurbano\/#organization"},"articleSection":["Ciudad","Destacadas 2"],"inLanguage":"es"},{"@type":"WebPage","@id":"https:\/\/experienciadevida.com.ar\/portalurbano\/se-destinaran-mas-de-18-millones-para-la-ampliacion-de-la-red-pluvial-en-barrio-independencia\/","url":"https:\/\/experienciadevida.com.ar\/portalurbano\/se-destinaran-mas-de-18-millones-para-la-ampliacion-de-la-red-pluvial-en-barrio-independencia\/","name":"Se destinar\u00e1n m\u00e1s de $18 millones para la ampliaci\u00f3n de la red pluvial","isPartOf":{"@id":"https:\/\/experienciadevida.com.ar\/portalurbano\/#website"},"datePublished":"2022-07-08T01:38:42+00:00","dateModified":"2022-07-08T01:49:34+00:00","description":"Se destinar\u00e1n m\u00e1s de $18 millones para la ampliaci\u00f3n de la red pluvial en barrio Independencia, en la ma\u00f1ana de este jueves","breadcrumb":{"@id":"https:\/\/experienciadevida.com.ar\/portalurbano\/se-destinaran-mas-de-18-millones-para-la-ampliacion-de-la-red-pluvial-en-barrio-independencia\/#breadcrumb"},"inLanguage":"es","potentialAction":[{"@type":"ReadAction","target":["https:\/\/experienciadevida.com.ar\/portalurbano\/se-destinaran-mas-de-18-millones-para-la-ampliacion-de-la-red-pluvial-en-barrio-independencia\/"]}]},{"@type":"BreadcrumbList","@id":"https:\/\/experienciadevida.com.ar\/portalurbano\/se-destinaran-mas-de-18-millones-para-la-ampliacion-de-la-red-pluvial-en-barrio-independencia\/#breadcrumb","itemListElement":[{"@type":"ListItem","position":1,"name":"Portada","item":"https:\/\/experienciadevida.com.ar\/portalurbano\/"},{"@type":"ListItem","position":2,"name":"Se destinar\u00e1n m\u00e1s de $18 millones para la ampliaci\u00f3n de la red pluvial en barrio Independencia"}]},{"@type":"WebSite","@id":"https:\/\/experienciadevida.com.ar\/portalurbano\/#website","url":"https:\/\/experienciadevida.com.ar\/portalurbano\/","name":"","description":"","publisher":{"@id":"https:\/\/experienciadevida.com.ar\/portalurbano\/#organization"},"potentialAction":[{"@type":"SearchAction","target":{"@type":"EntryPoint","urlTemplate":"https:\/\/experienciadevida.com.ar\/portalurbano\/?s={search_term_string}"},"query-input":"required name=search_term_string"}],"inLanguage":"es"},{"@type":"Organization","@id":"https:\/\/experienciadevida.com.ar\/portalurbano\/#organization","name":"Portal Urbano","url":"https:\/\/experienciadevida.com.ar\/portalurbano\/","logo":{"@type":"ImageObject","inLanguage":"es","@id":"https:\/\/experienciadevida.com.ar\/portalurbano\/#\/schema\/logo\/image\/","url":"https:\/\/experienciadevida.com.ar\/portalurbano\/wp-content\/uploads\/2019\/09\/Logo-Original.png","contentUrl":"https:\/\/experienciadevida.com.ar\/portalurbano\/wp-content\/uploads\/2019\/09\/Logo-Original.png","width":2236,"height":1216,"caption":"Portal Urbano"},"image":{"@id":"https:\/\/experienciadevida.com.ar\/portalurbano\/#\/schema\/logo\/image\/"},"sameAs":["https:\/\/www.facebook.com\/Portal-Urbano-171542830093757\/","https:\/\/twitter.com\/portalurbanook","https:\/\/www.instagram.com\/_portalurbano\/","https:\/\/www.youtube.com\/channel\/UCXhagIfszH8KxFiOok79zbA?view_as=subscriber"]},{"@type":"Person","@id":"https:\/\/experienciadevida.com.ar\/portalurbano\/#\/schema\/person\/02dd326b1c4b056e9cc972486934a3a7","name":"admpu17wp","image":{"@type":"ImageObject","inLanguage":"es","@id":"https:\/\/experienciadevida.com.ar\/portalurbano\/#\/schema\/person\/image\/","url":"https:\/\/secure.gravatar.com\/avatar\/830d4c57adaae6630765e449a6908047?s=96&d=mm&r=g","contentUrl":"https:\/\/secure.gravatar.com\/avatar\/830d4c57adaae6630765e449a6908047?s=96&d=mm&r=g","caption":"admpu17wp"}}]}},"featured_image_urls":{"full":["https:\/\/experienciadevida.com.ar\/portalurbano\/wp-content\/uploads\/2022\/07\/Se-destinaran-mas-de.jpg",1024,682,false],"thumbnail":["https:\/\/experienciadevida.com.ar\/portalurbano\/wp-content\/uploads\/2022\/07\/Se-destinaran-mas-de-150x150.jpg",150,150,true],"medium":["https:\/\/experienciadevida.com.ar\/portalurbano\/wp-content\/uploads\/2022\/07\/Se-destinaran-mas-de-300x200.jpg",300,200,true],"medium_large":["https:\/\/experienciadevida.com.ar\/portalurbano\/wp-content\/uploads\/2022\/07\/Se-destinaran-mas-de-768x512.jpg",640,427,true],"large":["https:\/\/experienciadevida.com.ar\/portalurbano\/wp-content\/uploads\/2022\/07\/Se-destinaran-mas-de.jpg",640,426,false],"ug_big":["https:\/\/experienciadevida.com.ar\/portalurbano\/wp-content\/uploads\/2022\/07\/Se-destinaran-mas-de-768x512.jpg",768,512,true],"1536x1536":["https:\/\/experienciadevida.com.ar\/portalurbano\/wp-content\/uploads\/2022\/07\/Se-destinaran-mas-de.jpg",1024,682,false],"2048x2048":["https:\/\/experienciadevida.com.ar\/portalurbano\/wp-content\/uploads\/2022\/07\/Se-destinaran-mas-de.jpg",1024,682,false],"newsever-slider-full":["https:\/\/experienciadevida.com.ar\/portalurbano\/wp-content\/uploads\/2022\/07\/Se-destinaran-mas-de.jpg",1024,682,false],"newsever-featured":["https:\/\/experienciadevida.com.ar\/portalurbano\/wp-content\/uploads\/2022\/07\/Se-destinaran-mas-de.jpg",1024,682,false],"newsever-medium":["https:\/\/experienciadevida.com.ar\/portalurbano\/wp-content\/uploads\/2022\/07\/Se-destinaran-mas-de.jpg",713,475,false],"web-stories-poster-portrait":["https:\/\/experienciadevida.com.ar\/portalurbano\/wp-content\/uploads\/2022\/07\/Se-destinaran-mas-de.jpg",640,426,false],"web-stories-publisher-logo":["https:\/\/experienciadevida.com.ar\/portalurbano\/wp-content\/uploads\/2022\/07\/Se-destinaran-mas-de.jpg",96,64,false],"web-stories-thumbnail":["https:\/\/experienciadevida.com.ar\/portalurbano\/wp-content\/uploads\/2022\/07\/Se-destinaran-mas-de.jpg",150,100,false]},"author_info":{"display_name":"admpu17wp","author_link":"https:\/\/experienciadevida.com.ar\/portalurbano\/author\/admpu17wp\/"},"category_info":"<a href=\"https:\/\/experienciadevida.com.ar\/portalurbano\/category\/ciudad\/\" rel=\"category tag\">Ciudad<\/a> <a href=\"https:\/\/experienciadevida.com.ar\/portalurbano\/category\/destacadas-2\/\" rel=\"category tag\">Destacadas 2<\/a>","tag_info":"Destacadas 2","comment_count":"0","amp_enabled":true,"_links":{"self":[{"href":"https:\/\/experienciadevida.com.ar\/portalurbano\/wp-json\/wp\/v2\/posts\/170936"}],"collection":[{"href":"https:\/\/experienciadevida.com.ar\/portalurbano\/wp-json\/wp\/v2\/posts"}],"about":[{"href":"https:\/\/experienciadevida.com.ar\/portalurbano\/wp-json\/wp\/v2\/types\/post"}],"author":[{"embeddable":true,"href":"https:\/\/experienciadevida.com.ar\/portalurbano\/wp-json\/wp\/v2\/users\/1"}],"replies":[{"embeddable":true,"href":"https:\/\/experienciadevida.com.ar\/portalurbano\/wp-json\/wp\/v2\/comments?post=170936"}],"version-history":[{"count":1,"href":"https:\/\/experienciadevida.com.ar\/portalurbano\/wp-json\/wp\/v2\/posts\/170936\/revisions"}],"predecessor-version":[{"id":170938,"href":"https:\/\/experienciadevida.com.ar\/portalurbano\/wp-json\/wp\/v2\/posts\/170936\/revisions\/170938"}],"wp:featuredmedia":[{"embeddable":true,"href":"https:\/\/experienciadevida.com.ar\/portalurbano\/wp-json\/wp\/v2\/media\/170937"}],"wp:attachment":[{"href":"https:\/\/experienciadevida.com.ar\/portalurbano\/wp-json\/wp\/v2\/media?parent=170936"}],"wp:term":[{"taxonomy":"category","embeddable":true,"href":"https:\/\/experienciadevida.com.ar\/portalurbano\/wp-json\/wp\/v2\/categories?post=170936"},{"taxonomy":"post_tag","embeddable":true,"href":"https:\/\/experienciadevida.com.ar\/portalurbano\/wp-json\/wp\/v2\/tags?post=170936"}],"curies":[{"name":"wp","href":"https:\/\/api.w.org\/{rel}","templated":true}]}}