{"id":170930,"date":"2022-07-07T17:04:38","date_gmt":"2022-07-07T20:04:38","guid":{"rendered":"https:\/\/experienciadevida.com.ar\/portalurbano\/?p=170930"},"modified":"2022-07-07T17:06:26","modified_gmt":"2022-07-07T20:06:26","slug":"ezequiel-galli-encabezo-un-encuentro-con-dirigentes-seccionales","status":"publish","type":"post","link":"https:\/\/experienciadevida.com.ar\/portalurbano\/ezequiel-galli-encabezo-un-encuentro-con-dirigentes-seccionales\/","title":{"rendered":"Ezequiel Galli encabez\u00f3 un encuentro con dirigentes seccionales"},"content":{"rendered":"<p>Ezequiel <a href=\"https:\/\/www.instagram.com\/galliezequiel\/?hl=es\">Galli<\/a> encabez\u00f3 un encuentro con dirigentes seccionales, en la tarde de este jueves en instalaciones del club Pueblo Nuevo, el intendente de Olavarr\u00eda Ezequiel Galli encabez\u00f3 una reuni\u00f3n con referentes pol\u00edticos de distintas localidades de la s\u00e9ptima secci\u00f3n electoral.<\/p>\n<div class=\"mimePartBase\">\n<div class=\"mimePartData\">\n<div class=\"fixed leftAlign\">De la misma participaron Ariel Alomar y Jorge Garayalde (Bol\u00edvar); Andrea Costa (Saladillo); Ramiro Eg\u00fcen y Claudia Lobosco (25 de Mayo); Juancho Cravero (Roque P\u00e9rez); Ramiro Ortiz (Azul); Diego Robbiani, Hilario Galli,<br \/>\nfuncionarios municipales y voluntarios de la secci\u00f3n.\u201cEs una alegr\u00eda enorme poder recibir a todos ac\u00e1 en Olavarr\u00eda porque demuestra que el PRO est\u00e1 creciendo mucho en la secci\u00f3n y veo muchos dirigentes pol\u00edticos comprometidos para cambiar la triste realidad que nos toca vivir hoy en nuestro pa\u00eds\u201d, dijo Galli.\u201cTenemos que trabajar todos los d\u00edas para estar cerca de los vecinos, acompa\u00f1arlos y acercarles propuestas de gesti\u00f3n para que vean que hay otra forma de gobernar, que somos capaces de generar una alternativa confiable\u201d,<br \/>\nagreg\u00f3.Adem\u00e1s, el referente del PRO en la secci\u00f3n indic\u00f3 que \u201cestamos trabajando de la mano de Diego Santilli y Horacio Rodr\u00edguez Larreta para devolverle la esperanza a los bonaerenses y a los argentinos\u201d.<\/p>\n<p>Asimismo, Ezequiel Galli se refiri\u00f3 a Mauricio Macri y manifest\u00f3 que \u201ces el l\u00edder y fundador de nuestro espacio pol\u00edtico, es quien nos marc\u00f3 el\u00a0 camino a todos los que formamos parte del PRO\u201d.<\/p>\n<p>Tras las palabras de Galli, los referentes de cada localidad coincidieron en que \u201cnuestro ejemplo de gesti\u00f3n y construcci\u00f3n pol\u00edtica tiene que ser Olavarr\u00eda. Tenemos la enorme posibilidad de contar con el respaldo de<br \/>\nEzequiel y su equipo y no debemos desaprovecharlo\u201d.<\/p>\n<\/div>\n<\/div>\n<\/div>\n<div class=\"mimePartBase\"><\/div>\n","protected":false},"excerpt":{"rendered":"<p>Ezequiel Galli encabez\u00f3 un encuentro con dirigentes seccionales, en la tarde de este jueves en&#8230;<\/p>\n","protected":false},"author":1,"featured_media":170931,"comment_status":"closed","ping_status":"closed","sticky":false,"template":"","format":"standard","meta":{"content-type":""},"categories":[27,51],"tags":[],"nelio_content":{"isAutoShareEnabled":false,"autoShareEndMode":"default","automationSources":{"useContentSentences":true,"useSocialTemplates":true,"useCustomSentences":false,"customSentences":[]},"followers":[1],"suggestedReferences":[],"includedReferences":[],"efiUrl":"","efiAlt":"","highlights":[]},"yoast_head":"<!-- This site is optimized with the Yoast SEO plugin v20.7 - https:\/\/yoast.com\/wordpress\/plugins\/seo\/ -->\n<title>Ezequiel Galli encabez\u00f3 un encuentro con dirigentes seccionales<\/title>\n<meta name=\"description\" content=\"Ezequiel Galli encabez\u00f3 un encuentro con dirigentes seccionales, en la tarde de este jueves en instalaciones del club Pueblo Nuevo,\" \/>\n<meta name=\"robots\" content=\"index, follow, max-snippet:-1, max-image-preview:large, max-video-preview:-1\" \/>\n<link rel=\"canonical\" href=\"https:\/\/experienciadevida.com.ar\/portalurbano\/ezequiel-galli-encabezo-un-encuentro-con-dirigentes-seccionales\/\" \/>\n<meta property=\"og:locale\" content=\"es_ES\" \/>\n<meta property=\"og:type\" content=\"article\" \/>\n<meta property=\"og:title\" content=\"Ezequiel Galli encabez\u00f3 un encuentro con dirigentes seccionales\" \/>\n<meta property=\"og:description\" content=\"Ezequiel Galli encabez\u00f3 un encuentro con dirigentes seccionales, en la tarde de este jueves en instalaciones del club Pueblo Nuevo,\" \/>\n<meta property=\"og:url\" content=\"https:\/\/experienciadevida.com.ar\/portalurbano\/ezequiel-galli-encabezo-un-encuentro-con-dirigentes-seccionales\/\" \/>\n<meta property=\"article:publisher\" content=\"https:\/\/www.facebook.com\/Portal-Urbano-171542830093757\/\" \/>\n<meta property=\"article:published_time\" content=\"2022-07-07T20:04:38+00:00\" \/>\n<meta property=\"article:modified_time\" content=\"2022-07-07T20:06:26+00:00\" \/>\n<meta property=\"og:image\" content=\"https:\/\/experienciadevida.com.ar\/portalurbano\/wp-content\/uploads\/2022\/07\/Ezequiel-Galli-encabezo-un.jpg\" \/>\n\t<meta property=\"og:image:width\" content=\"1280\" \/>\n\t<meta property=\"og:image:height\" content=\"853\" \/>\n\t<meta property=\"og:image:type\" content=\"image\/jpeg\" \/>\n<meta name=\"author\" content=\"admpu17wp\" \/>\n<meta name=\"twitter:card\" content=\"summary_large_image\" \/>\n<meta name=\"twitter:creator\" content=\"@portalurbanook\" \/>\n<meta name=\"twitter:site\" content=\"@portalurbanook\" \/>\n<meta name=\"twitter:label1\" content=\"Escrito por\" \/>\n\t<meta name=\"twitter:data1\" content=\"admpu17wp\" \/>\n\t<meta name=\"twitter:label2\" content=\"Tiempo de lectura\" \/>\n\t<meta name=\"twitter:data2\" content=\"2 minutos\" \/>\n<script type=\"application\/ld+json\" class=\"yoast-schema-graph\">{\"@context\":\"https:\/\/schema.org\",\"@graph\":[{\"@type\":\"Article\",\"@id\":\"https:\/\/experienciadevida.com.ar\/portalurbano\/ezequiel-galli-encabezo-un-encuentro-con-dirigentes-seccionales\/#article\",\"isPartOf\":{\"@id\":\"https:\/\/experienciadevida.com.ar\/portalurbano\/ezequiel-galli-encabezo-un-encuentro-con-dirigentes-seccionales\/\"},\"author\":{\"name\":\"admpu17wp\",\"@id\":\"https:\/\/experienciadevida.com.ar\/portalurbano\/#\/schema\/person\/02dd326b1c4b056e9cc972486934a3a7\"},\"headline\":\"Ezequiel Galli encabez\u00f3 un encuentro con dirigentes seccionales\",\"datePublished\":\"2022-07-07T20:04:38+00:00\",\"dateModified\":\"2022-07-07T20:06:26+00:00\",\"mainEntityOfPage\":{\"@id\":\"https:\/\/experienciadevida.com.ar\/portalurbano\/ezequiel-galli-encabezo-un-encuentro-con-dirigentes-seccionales\/\"},\"wordCount\":300,\"publisher\":{\"@id\":\"https:\/\/experienciadevida.com.ar\/portalurbano\/#organization\"},\"articleSection\":[\"Ciudad\",\"Destacadas\"],\"inLanguage\":\"es\"},{\"@type\":\"WebPage\",\"@id\":\"https:\/\/experienciadevida.com.ar\/portalurbano\/ezequiel-galli-encabezo-un-encuentro-con-dirigentes-seccionales\/\",\"url\":\"https:\/\/experienciadevida.com.ar\/portalurbano\/ezequiel-galli-encabezo-un-encuentro-con-dirigentes-seccionales\/\",\"name\":\"Ezequiel Galli encabez\u00f3 un encuentro con dirigentes seccionales\",\"isPartOf\":{\"@id\":\"https:\/\/experienciadevida.com.ar\/portalurbano\/#website\"},\"datePublished\":\"2022-07-07T20:04:38+00:00\",\"dateModified\":\"2022-07-07T20:06:26+00:00\",\"description\":\"Ezequiel Galli encabez\u00f3 un encuentro con dirigentes seccionales, en la tarde de este jueves en instalaciones del club Pueblo Nuevo,\",\"breadcrumb\":{\"@id\":\"https:\/\/experienciadevida.com.ar\/portalurbano\/ezequiel-galli-encabezo-un-encuentro-con-dirigentes-seccionales\/#breadcrumb\"},\"inLanguage\":\"es\",\"potentialAction\":[{\"@type\":\"ReadAction\",\"target\":[\"https:\/\/experienciadevida.com.ar\/portalurbano\/ezequiel-galli-encabezo-un-encuentro-con-dirigentes-seccionales\/\"]}]},{\"@type\":\"BreadcrumbList\",\"@id\":\"https:\/\/experienciadevida.com.ar\/portalurbano\/ezequiel-galli-encabezo-un-encuentro-con-dirigentes-seccionales\/#breadcrumb\",\"itemListElement\":[{\"@type\":\"ListItem\",\"position\":1,\"name\":\"Portada\",\"item\":\"https:\/\/experienciadevida.com.ar\/portalurbano\/\"},{\"@type\":\"ListItem\",\"position\":2,\"name\":\"Ezequiel Galli encabez\u00f3 un encuentro con dirigentes seccionales\"}]},{\"@type\":\"WebSite\",\"@id\":\"https:\/\/experienciadevida.com.ar\/portalurbano\/#website\",\"url\":\"https:\/\/experienciadevida.com.ar\/portalurbano\/\",\"name\":\"\",\"description\":\"\",\"publisher\":{\"@id\":\"https:\/\/experienciadevida.com.ar\/portalurbano\/#organization\"},\"potentialAction\":[{\"@type\":\"SearchAction\",\"target\":{\"@type\":\"EntryPoint\",\"urlTemplate\":\"https:\/\/experienciadevida.com.ar\/portalurbano\/?s={search_term_string}\"},\"query-input\":\"required name=search_term_string\"}],\"inLanguage\":\"es\"},{\"@type\":\"Organization\",\"@id\":\"https:\/\/experienciadevida.com.ar\/portalurbano\/#organization\",\"name\":\"Portal Urbano\",\"url\":\"https:\/\/experienciadevida.com.ar\/portalurbano\/\",\"logo\":{\"@type\":\"ImageObject\",\"inLanguage\":\"es\",\"@id\":\"https:\/\/experienciadevida.com.ar\/portalurbano\/#\/schema\/logo\/image\/\",\"url\":\"https:\/\/experienciadevida.com.ar\/portalurbano\/wp-content\/uploads\/2019\/09\/Logo-Original.png\",\"contentUrl\":\"https:\/\/experienciadevida.com.ar\/portalurbano\/wp-content\/uploads\/2019\/09\/Logo-Original.png\",\"width\":2236,\"height\":1216,\"caption\":\"Portal Urbano\"},\"image\":{\"@id\":\"https:\/\/experienciadevida.com.ar\/portalurbano\/#\/schema\/logo\/image\/\"},\"sameAs\":[\"https:\/\/www.facebook.com\/Portal-Urbano-171542830093757\/\",\"https:\/\/twitter.com\/portalurbanook\",\"https:\/\/www.instagram.com\/_portalurbano\/\",\"https:\/\/www.youtube.com\/channel\/UCXhagIfszH8KxFiOok79zbA?view_as=subscriber\"]},{\"@type\":\"Person\",\"@id\":\"https:\/\/experienciadevida.com.ar\/portalurbano\/#\/schema\/person\/02dd326b1c4b056e9cc972486934a3a7\",\"name\":\"admpu17wp\",\"image\":{\"@type\":\"ImageObject\",\"inLanguage\":\"es\",\"@id\":\"https:\/\/experienciadevida.com.ar\/portalurbano\/#\/schema\/person\/image\/\",\"url\":\"https:\/\/secure.gravatar.com\/avatar\/830d4c57adaae6630765e449a6908047?s=96&d=mm&r=g\",\"contentUrl\":\"https:\/\/secure.gravatar.com\/avatar\/830d4c57adaae6630765e449a6908047?s=96&d=mm&r=g\",\"caption\":\"admpu17wp\"}}]}<\/script>\n<!-- \/ Yoast SEO plugin. -->","yoast_head_json":{"title":"Ezequiel Galli encabez\u00f3 un encuentro con dirigentes seccionales","description":"Ezequiel Galli encabez\u00f3 un encuentro con dirigentes seccionales, en la tarde de este jueves en instalaciones del club Pueblo Nuevo,","robots":{"index":"index","follow":"follow","max-snippet":"max-snippet:-1","max-image-preview":"max-image-preview:large","max-video-preview":"max-video-preview:-1"},"canonical":"https:\/\/experienciadevida.com.ar\/portalurbano\/ezequiel-galli-encabezo-un-encuentro-con-dirigentes-seccionales\/","og_locale":"es_ES","og_type":"article","og_title":"Ezequiel Galli encabez\u00f3 un encuentro con dirigentes seccionales","og_description":"Ezequiel Galli encabez\u00f3 un encuentro con dirigentes seccionales, en la tarde de este jueves en instalaciones del club Pueblo Nuevo,","og_url":"https:\/\/experienciadevida.com.ar\/portalurbano\/ezequiel-galli-encabezo-un-encuentro-con-dirigentes-seccionales\/","article_publisher":"https:\/\/www.facebook.com\/Portal-Urbano-171542830093757\/","article_published_time":"2022-07-07T20:04:38+00:00","article_modified_time":"2022-07-07T20:06:26+00:00","og_image":[{"width":1280,"height":853,"url":"https:\/\/experienciadevida.com.ar\/portalurbano\/wp-content\/uploads\/2022\/07\/Ezequiel-Galli-encabezo-un.jpg","type":"image\/jpeg"}],"author":"admpu17wp","twitter_card":"summary_large_image","twitter_creator":"@portalurbanook","twitter_site":"@portalurbanook","twitter_misc":{"Escrito por":"admpu17wp","Tiempo de lectura":"2 minutos"},"schema":{"@context":"https:\/\/schema.org","@graph":[{"@type":"Article","@id":"https:\/\/experienciadevida.com.ar\/portalurbano\/ezequiel-galli-encabezo-un-encuentro-con-dirigentes-seccionales\/#article","isPartOf":{"@id":"https:\/\/experienciadevida.com.ar\/portalurbano\/ezequiel-galli-encabezo-un-encuentro-con-dirigentes-seccionales\/"},"author":{"name":"admpu17wp","@id":"https:\/\/experienciadevida.com.ar\/portalurbano\/#\/schema\/person\/02dd326b1c4b056e9cc972486934a3a7"},"headline":"Ezequiel Galli encabez\u00f3 un encuentro con dirigentes seccionales","datePublished":"2022-07-07T20:04:38+00:00","dateModified":"2022-07-07T20:06:26+00:00","mainEntityOfPage":{"@id":"https:\/\/experienciadevida.com.ar\/portalurbano\/ezequiel-galli-encabezo-un-encuentro-con-dirigentes-seccionales\/"},"wordCount":300,"publisher":{"@id":"https:\/\/experienciadevida.com.ar\/portalurbano\/#organization"},"articleSection":["Ciudad","Destacadas"],"inLanguage":"es"},{"@type":"WebPage","@id":"https:\/\/experienciadevida.com.ar\/portalurbano\/ezequiel-galli-encabezo-un-encuentro-con-dirigentes-seccionales\/","url":"https:\/\/experienciadevida.com.ar\/portalurbano\/ezequiel-galli-encabezo-un-encuentro-con-dirigentes-seccionales\/","name":"Ezequiel Galli encabez\u00f3 un encuentro con dirigentes seccionales","isPartOf":{"@id":"https:\/\/experienciadevida.com.ar\/portalurbano\/#website"},"datePublished":"2022-07-07T20:04:38+00:00","dateModified":"2022-07-07T20:06:26+00:00","description":"Ezequiel Galli encabez\u00f3 un encuentro con dirigentes seccionales, en la tarde de este jueves en instalaciones del club Pueblo Nuevo,","breadcrumb":{"@id":"https:\/\/experienciadevida.com.ar\/portalurbano\/ezequiel-galli-encabezo-un-encuentro-con-dirigentes-seccionales\/#breadcrumb"},"inLanguage":"es","potentialAction":[{"@type":"ReadAction","target":["https:\/\/experienciadevida.com.ar\/portalurbano\/ezequiel-galli-encabezo-un-encuentro-con-dirigentes-seccionales\/"]}]},{"@type":"BreadcrumbList","@id":"https:\/\/experienciadevida.com.ar\/portalurbano\/ezequiel-galli-encabezo-un-encuentro-con-dirigentes-seccionales\/#breadcrumb","itemListElement":[{"@type":"ListItem","position":1,"name":"Portada","item":"https:\/\/experienciadevida.com.ar\/portalurbano\/"},{"@type":"ListItem","position":2,"name":"Ezequiel Galli encabez\u00f3 un encuentro con dirigentes seccionales"}]},{"@type":"WebSite","@id":"https:\/\/experienciadevida.com.ar\/portalurbano\/#website","url":"https:\/\/experienciadevida.com.ar\/portalurbano\/","name":"","description":"","publisher":{"@id":"https:\/\/experienciadevida.com.ar\/portalurbano\/#organization"},"potentialAction":[{"@type":"SearchAction","target":{"@type":"EntryPoint","urlTemplate":"https:\/\/experienciadevida.com.ar\/portalurbano\/?s={search_term_string}"},"query-input":"required name=search_term_string"}],"inLanguage":"es"},{"@type":"Organization","@id":"https:\/\/experienciadevida.com.ar\/portalurbano\/#organization","name":"Portal Urbano","url":"https:\/\/experienciadevida.com.ar\/portalurbano\/","logo":{"@type":"ImageObject","inLanguage":"es","@id":"https:\/\/experienciadevida.com.ar\/portalurbano\/#\/schema\/logo\/image\/","url":"https:\/\/experienciadevida.com.ar\/portalurbano\/wp-content\/uploads\/2019\/09\/Logo-Original.png","contentUrl":"https:\/\/experienciadevida.com.ar\/portalurbano\/wp-content\/uploads\/2019\/09\/Logo-Original.png","width":2236,"height":1216,"caption":"Portal Urbano"},"image":{"@id":"https:\/\/experienciadevida.com.ar\/portalurbano\/#\/schema\/logo\/image\/"},"sameAs":["https:\/\/www.facebook.com\/Portal-Urbano-171542830093757\/","https:\/\/twitter.com\/portalurbanook","https:\/\/www.instagram.com\/_portalurbano\/","https:\/\/www.youtube.com\/channel\/UCXhagIfszH8KxFiOok79zbA?view_as=subscriber"]},{"@type":"Person","@id":"https:\/\/experienciadevida.com.ar\/portalurbano\/#\/schema\/person\/02dd326b1c4b056e9cc972486934a3a7","name":"admpu17wp","image":{"@type":"ImageObject","inLanguage":"es","@id":"https:\/\/experienciadevida.com.ar\/portalurbano\/#\/schema\/person\/image\/","url":"https:\/\/secure.gravatar.com\/avatar\/830d4c57adaae6630765e449a6908047?s=96&d=mm&r=g","contentUrl":"https:\/\/secure.gravatar.com\/avatar\/830d4c57adaae6630765e449a6908047?s=96&d=mm&r=g","caption":"admpu17wp"}}]}},"featured_image_urls":{"full":["https:\/\/experienciadevida.com.ar\/portalurbano\/wp-content\/uploads\/2022\/07\/Ezequiel-Galli-encabezo-un.jpg",1280,853,false],"thumbnail":["https:\/\/experienciadevida.com.ar\/portalurbano\/wp-content\/uploads\/2022\/07\/Ezequiel-Galli-encabezo-un-150x150.jpg",150,150,true],"medium":["https:\/\/experienciadevida.com.ar\/portalurbano\/wp-content\/uploads\/2022\/07\/Ezequiel-Galli-encabezo-un-300x200.jpg",300,200,true],"medium_large":["https:\/\/experienciadevida.com.ar\/portalurbano\/wp-content\/uploads\/2022\/07\/Ezequiel-Galli-encabezo-un-768x512.jpg",640,427,true],"large":["https:\/\/experienciadevida.com.ar\/portalurbano\/wp-content\/uploads\/2022\/07\/Ezequiel-Galli-encabezo-un-1024x682.jpg",640,426,true],"ug_big":["https:\/\/experienciadevida.com.ar\/portalurbano\/wp-content\/uploads\/2022\/07\/Ezequiel-Galli-encabezo-un-768x512.jpg",768,512,true],"1536x1536":["https:\/\/experienciadevida.com.ar\/portalurbano\/wp-content\/uploads\/2022\/07\/Ezequiel-Galli-encabezo-un.jpg",1280,853,false],"2048x2048":["https:\/\/experienciadevida.com.ar\/portalurbano\/wp-content\/uploads\/2022\/07\/Ezequiel-Galli-encabezo-un.jpg",1280,853,false],"newsever-slider-full":["https:\/\/experienciadevida.com.ar\/portalurbano\/wp-content\/uploads\/2022\/07\/Ezequiel-Galli-encabezo-un.jpg",1268,845,false],"newsever-featured":["https:\/\/experienciadevida.com.ar\/portalurbano\/wp-content\/uploads\/2022\/07\/Ezequiel-Galli-encabezo-un.jpg",1024,682,false],"newsever-medium":["https:\/\/experienciadevida.com.ar\/portalurbano\/wp-content\/uploads\/2022\/07\/Ezequiel-Galli-encabezo-un.jpg",713,475,false],"web-stories-poster-portrait":["https:\/\/experienciadevida.com.ar\/portalurbano\/wp-content\/uploads\/2022\/07\/Ezequiel-Galli-encabezo-un.jpg",640,427,false],"web-stories-publisher-logo":["https:\/\/experienciadevida.com.ar\/portalurbano\/wp-content\/uploads\/2022\/07\/Ezequiel-Galli-encabezo-un.jpg",96,64,false],"web-stories-thumbnail":["https:\/\/experienciadevida.com.ar\/portalurbano\/wp-content\/uploads\/2022\/07\/Ezequiel-Galli-encabezo-un.jpg",150,100,false]},"author_info":{"display_name":"admpu17wp","author_link":"https:\/\/experienciadevida.com.ar\/portalurbano\/author\/admpu17wp\/"},"category_info":"<a href=\"https:\/\/experienciadevida.com.ar\/portalurbano\/category\/ciudad\/\" rel=\"category tag\">Ciudad<\/a> <a href=\"https:\/\/experienciadevida.com.ar\/portalurbano\/category\/destacadas\/\" rel=\"category tag\">Destacadas<\/a>","tag_info":"Destacadas","comment_count":"0","amp_enabled":true,"_links":{"self":[{"href":"https:\/\/experienciadevida.com.ar\/portalurbano\/wp-json\/wp\/v2\/posts\/170930"}],"collection":[{"href":"https:\/\/experienciadevida.com.ar\/portalurbano\/wp-json\/wp\/v2\/posts"}],"about":[{"href":"https:\/\/experienciadevida.com.ar\/portalurbano\/wp-json\/wp\/v2\/types\/post"}],"author":[{"embeddable":true,"href":"https:\/\/experienciadevida.com.ar\/portalurbano\/wp-json\/wp\/v2\/users\/1"}],"replies":[{"embeddable":true,"href":"https:\/\/experienciadevida.com.ar\/portalurbano\/wp-json\/wp\/v2\/comments?post=170930"}],"version-history":[{"count":4,"href":"https:\/\/experienciadevida.com.ar\/portalurbano\/wp-json\/wp\/v2\/posts\/170930\/revisions"}],"predecessor-version":[{"id":170935,"href":"https:\/\/experienciadevida.com.ar\/portalurbano\/wp-json\/wp\/v2\/posts\/170930\/revisions\/170935"}],"wp:featuredmedia":[{"embeddable":true,"href":"https:\/\/experienciadevida.com.ar\/portalurbano\/wp-json\/wp\/v2\/media\/170931"}],"wp:attachment":[{"href":"https:\/\/experienciadevida.com.ar\/portalurbano\/wp-json\/wp\/v2\/media?parent=170930"}],"wp:term":[{"taxonomy":"category","embeddable":true,"href":"https:\/\/experienciadevida.com.ar\/portalurbano\/wp-json\/wp\/v2\/categories?post=170930"},{"taxonomy":"post_tag","embeddable":true,"href":"https:\/\/experienciadevida.com.ar\/portalurbano\/wp-json\/wp\/v2\/tags?post=170930"}],"curies":[{"name":"wp","href":"https:\/\/api.w.org\/{rel}","templated":true}]}}