{"id":170926,"date":"2022-07-07T14:17:31","date_gmt":"2022-07-07T17:17:31","guid":{"rendered":"https:\/\/experienciadevida.com.ar\/portalurbano\/?p=170926"},"modified":"2022-07-07T14:17:49","modified_gmt":"2022-07-07T17:17:49","slug":"la-juventud-radical-da-el-primer-paso-por-una-nocturnidad-mas-segura","status":"publish","type":"post","link":"https:\/\/experienciadevida.com.ar\/portalurbano\/la-juventud-radical-da-el-primer-paso-por-una-nocturnidad-mas-segura\/","title":{"rendered":"La juventud radical da el primer paso por una nocturnidad m\u00e1s segura"},"content":{"rendered":"<p>La juventud radical da el primer paso por una nocturnidad m\u00e1s segura, en agosto del a\u00f1o pasado comenzamos a trabajar en un proyecto porque ve\u00edamos con preocupaci\u00f3n el aumento de la pr\u00e1cticas violentas en distintos<br \/>\nbares de nuestra ciudad.<\/p>\n<p>Violencia que se ve\u00eda reflejada en denuncias a trav\u00e9s de medios locales y redes sociales como el acto de discriminaci\u00f3n sufrido por dos mujeres que estaban dandose un beso.<\/p>\n<p>Debido a este tipo de hechos elaboramos &#8220;Bares seguros&#8221;. Recorrimos y hablamos con encargados y empleados de los distintos establecimientos para que pegaran una calco en alg\u00fan lugar visible con la leyenda &#8220;espacios libre<br \/>\nde discriminaci\u00f3n &#8221; de esta forma era una manera de comprometerse a que si suced\u00eda alg\u00fan hecho la persona afectada pod\u00eda recurrir a quien estuviera a cargo y ser ayudada.<\/p>\n<p>Para reafirmar nuestro compromiso para que la noche de Olavarr\u00eda sea un lugar m\u00e1s seguro elaboramos un proyecto que fue presentado en octubre del 2021. En el mismo se planteaba la necesidad de capacitar a empleados y due\u00f1os para que pudieran prevenir o ante una situaci\u00f3n violenta supieran c\u00f3mo accionar.<\/p>\n<p>Estamos segures que la nocturnidad en Olavarr\u00eda debe ser reglamentada, no solo a favor de les j\u00f3venes sino tambi\u00e9n de las mujeres que vemos como siguen siendo vulneradas.<\/p>\n<p>Celebramos y estamos muy orgullosos que este proyecto sea elaborado por j\u00f3venes, y haya sido transformado en una propuesta superadora con mayor amplitud y alcance con la cooperaci\u00f3n de todos los bloques del HCD.<\/p>\n<p>Al intendente le solicitamos que preste especial atenci\u00f3n a esta ordenanza porque la prohibici\u00f3n no es la \u00fanica pol\u00edtica que deber\u00eda tomar. La violencia que va en aumento y la vulnerabilidad de quienes deciden disfrutar en la noche de nuestra ciudad no se va a solucionar con quitar habilitaciones solamente, no es una respuesta responsable y a la altura de la realidad, Hay que generar propuestas superadoras a largo plazo, el camino es a trav\u00e9s de la educaci\u00f3n y las pol\u00edticas p\u00fablicas. Este proyecto se centra en la capacitaci\u00f3n obligatoria en g\u00e9nero y discriminaci\u00f3n a<br \/>\ndue\u00f1os y empleados de todos los locales de esparcimiento nocturno de la ciudad. Al momento de brindar la habilitaci\u00f3n o la renovaci\u00f3n de la misma se deber\u00e1 presentar la constancia de la misma.<\/p>\n<p>La juventud radical da el primer paso por una nocturnidad m\u00e1s segura, que se haya aprobado muestra la necesidad de pol\u00edticas para dejar de lamentar hechos de violencia como los sucedidos el fin de semana pasado. La nocturnidad no puede ser de los varones violentos y las pol\u00edticas p\u00fablicas no pueden llegar tarde, tienen que prevenir y deben ser con perspectiva de g\u00e9nero y diversidad.<\/p>\n<p>Estamos convencidos que es un comienzo para dejar de poner en riesgo nuestras vidas y tener un disfrute pleno, libre y sin miedo. Quedamos a disposici\u00f3n para seguir pensando y militando pol\u00edticas p\u00fablicas que den<br \/>\nrespuesta reales a los j\u00f3venes de nuestra ciudad.<\/p>\n","protected":false},"excerpt":{"rendered":"<p>La juventud radical da el primer paso por una nocturnidad m\u00e1s segura, en agosto del&#8230;<\/p>\n","protected":false},"author":1,"featured_media":170927,"comment_status":"closed","ping_status":"closed","sticky":false,"template":"","format":"standard","meta":{"content-type":""},"categories":[27],"tags":[],"nelio_content":{"isAutoShareEnabled":false,"autoShareEndMode":"default","automationSources":{"useContentSentences":true,"useSocialTemplates":true,"useCustomSentences":false,"customSentences":[]},"followers":[1],"suggestedReferences":[],"includedReferences":[],"efiUrl":"","efiAlt":"","highlights":[]},"yoast_head":"<!-- This site is optimized with the Yoast SEO plugin v20.7 - https:\/\/yoast.com\/wordpress\/plugins\/seo\/ -->\n<title>La juventud radical da el primer paso por una nocturnidad mas segura<\/title>\n<meta name=\"description\" content=\"La juventud radical da el primer paso por una nocturnidad m\u00e1s segura, en agosto del a\u00f1o pasado comenzamos a trabajar en un proyecto.\" \/>\n<meta name=\"robots\" content=\"index, follow, max-snippet:-1, max-image-preview:large, max-video-preview:-1\" \/>\n<link rel=\"canonical\" href=\"https:\/\/experienciadevida.com.ar\/portalurbano\/la-juventud-radical-da-el-primer-paso-por-una-nocturnidad-mas-segura\/\" \/>\n<meta property=\"og:locale\" content=\"es_ES\" \/>\n<meta property=\"og:type\" content=\"article\" \/>\n<meta property=\"og:title\" content=\"La juventud radical da el primer paso por una nocturnidad mas segura\" \/>\n<meta property=\"og:description\" content=\"La juventud radical da el primer paso por una nocturnidad m\u00e1s segura, en agosto del a\u00f1o pasado comenzamos a trabajar en un proyecto.\" \/>\n<meta property=\"og:url\" content=\"https:\/\/experienciadevida.com.ar\/portalurbano\/la-juventud-radical-da-el-primer-paso-por-una-nocturnidad-mas-segura\/\" \/>\n<meta property=\"article:publisher\" content=\"https:\/\/www.facebook.com\/Portal-Urbano-171542830093757\/\" \/>\n<meta property=\"article:published_time\" content=\"2022-07-07T17:17:31+00:00\" \/>\n<meta property=\"article:modified_time\" content=\"2022-07-07T17:17:49+00:00\" \/>\n<meta property=\"og:image\" content=\"https:\/\/experienciadevida.com.ar\/portalurbano\/wp-content\/uploads\/2022\/07\/La-juventud-radical-da.jpeg\" \/>\n\t<meta property=\"og:image:width\" content=\"951\" \/>\n\t<meta property=\"og:image:height\" content=\"634\" \/>\n\t<meta property=\"og:image:type\" content=\"image\/jpeg\" \/>\n<meta name=\"author\" content=\"admpu17wp\" \/>\n<meta name=\"twitter:card\" content=\"summary_large_image\" \/>\n<meta name=\"twitter:creator\" content=\"@portalurbanook\" \/>\n<meta name=\"twitter:site\" content=\"@portalurbanook\" \/>\n<meta name=\"twitter:label1\" content=\"Escrito por\" \/>\n\t<meta name=\"twitter:data1\" content=\"admpu17wp\" \/>\n\t<meta name=\"twitter:label2\" content=\"Tiempo de lectura\" \/>\n\t<meta name=\"twitter:data2\" content=\"3 minutos\" \/>\n<script type=\"application\/ld+json\" class=\"yoast-schema-graph\">{\"@context\":\"https:\/\/schema.org\",\"@graph\":[{\"@type\":\"Article\",\"@id\":\"https:\/\/experienciadevida.com.ar\/portalurbano\/la-juventud-radical-da-el-primer-paso-por-una-nocturnidad-mas-segura\/#article\",\"isPartOf\":{\"@id\":\"https:\/\/experienciadevida.com.ar\/portalurbano\/la-juventud-radical-da-el-primer-paso-por-una-nocturnidad-mas-segura\/\"},\"author\":{\"name\":\"admpu17wp\",\"@id\":\"https:\/\/experienciadevida.com.ar\/portalurbano\/#\/schema\/person\/02dd326b1c4b056e9cc972486934a3a7\"},\"headline\":\"La juventud radical da el primer paso por una nocturnidad m\u00e1s segura\",\"datePublished\":\"2022-07-07T17:17:31+00:00\",\"dateModified\":\"2022-07-07T17:17:49+00:00\",\"mainEntityOfPage\":{\"@id\":\"https:\/\/experienciadevida.com.ar\/portalurbano\/la-juventud-radical-da-el-primer-paso-por-una-nocturnidad-mas-segura\/\"},\"wordCount\":537,\"publisher\":{\"@id\":\"https:\/\/experienciadevida.com.ar\/portalurbano\/#organization\"},\"articleSection\":[\"Ciudad\"],\"inLanguage\":\"es\"},{\"@type\":\"WebPage\",\"@id\":\"https:\/\/experienciadevida.com.ar\/portalurbano\/la-juventud-radical-da-el-primer-paso-por-una-nocturnidad-mas-segura\/\",\"url\":\"https:\/\/experienciadevida.com.ar\/portalurbano\/la-juventud-radical-da-el-primer-paso-por-una-nocturnidad-mas-segura\/\",\"name\":\"La juventud radical da el primer paso por una nocturnidad mas segura\",\"isPartOf\":{\"@id\":\"https:\/\/experienciadevida.com.ar\/portalurbano\/#website\"},\"datePublished\":\"2022-07-07T17:17:31+00:00\",\"dateModified\":\"2022-07-07T17:17:49+00:00\",\"description\":\"La juventud radical da el primer paso por una nocturnidad m\u00e1s segura, en agosto del a\u00f1o pasado comenzamos a trabajar en un proyecto.\",\"breadcrumb\":{\"@id\":\"https:\/\/experienciadevida.com.ar\/portalurbano\/la-juventud-radical-da-el-primer-paso-por-una-nocturnidad-mas-segura\/#breadcrumb\"},\"inLanguage\":\"es\",\"potentialAction\":[{\"@type\":\"ReadAction\",\"target\":[\"https:\/\/experienciadevida.com.ar\/portalurbano\/la-juventud-radical-da-el-primer-paso-por-una-nocturnidad-mas-segura\/\"]}]},{\"@type\":\"BreadcrumbList\",\"@id\":\"https:\/\/experienciadevida.com.ar\/portalurbano\/la-juventud-radical-da-el-primer-paso-por-una-nocturnidad-mas-segura\/#breadcrumb\",\"itemListElement\":[{\"@type\":\"ListItem\",\"position\":1,\"name\":\"Portada\",\"item\":\"https:\/\/experienciadevida.com.ar\/portalurbano\/\"},{\"@type\":\"ListItem\",\"position\":2,\"name\":\"La juventud radical da el primer paso por una nocturnidad m\u00e1s segura\"}]},{\"@type\":\"WebSite\",\"@id\":\"https:\/\/experienciadevida.com.ar\/portalurbano\/#website\",\"url\":\"https:\/\/experienciadevida.com.ar\/portalurbano\/\",\"name\":\"\",\"description\":\"\",\"publisher\":{\"@id\":\"https:\/\/experienciadevida.com.ar\/portalurbano\/#organization\"},\"potentialAction\":[{\"@type\":\"SearchAction\",\"target\":{\"@type\":\"EntryPoint\",\"urlTemplate\":\"https:\/\/experienciadevida.com.ar\/portalurbano\/?s={search_term_string}\"},\"query-input\":\"required name=search_term_string\"}],\"inLanguage\":\"es\"},{\"@type\":\"Organization\",\"@id\":\"https:\/\/experienciadevida.com.ar\/portalurbano\/#organization\",\"name\":\"Portal Urbano\",\"url\":\"https:\/\/experienciadevida.com.ar\/portalurbano\/\",\"logo\":{\"@type\":\"ImageObject\",\"inLanguage\":\"es\",\"@id\":\"https:\/\/experienciadevida.com.ar\/portalurbano\/#\/schema\/logo\/image\/\",\"url\":\"https:\/\/experienciadevida.com.ar\/portalurbano\/wp-content\/uploads\/2019\/09\/Logo-Original.png\",\"contentUrl\":\"https:\/\/experienciadevida.com.ar\/portalurbano\/wp-content\/uploads\/2019\/09\/Logo-Original.png\",\"width\":2236,\"height\":1216,\"caption\":\"Portal Urbano\"},\"image\":{\"@id\":\"https:\/\/experienciadevida.com.ar\/portalurbano\/#\/schema\/logo\/image\/\"},\"sameAs\":[\"https:\/\/www.facebook.com\/Portal-Urbano-171542830093757\/\",\"https:\/\/twitter.com\/portalurbanook\",\"https:\/\/www.instagram.com\/_portalurbano\/\",\"https:\/\/www.youtube.com\/channel\/UCXhagIfszH8KxFiOok79zbA?view_as=subscriber\"]},{\"@type\":\"Person\",\"@id\":\"https:\/\/experienciadevida.com.ar\/portalurbano\/#\/schema\/person\/02dd326b1c4b056e9cc972486934a3a7\",\"name\":\"admpu17wp\",\"image\":{\"@type\":\"ImageObject\",\"inLanguage\":\"es\",\"@id\":\"https:\/\/experienciadevida.com.ar\/portalurbano\/#\/schema\/person\/image\/\",\"url\":\"https:\/\/secure.gravatar.com\/avatar\/830d4c57adaae6630765e449a6908047?s=96&d=mm&r=g\",\"contentUrl\":\"https:\/\/secure.gravatar.com\/avatar\/830d4c57adaae6630765e449a6908047?s=96&d=mm&r=g\",\"caption\":\"admpu17wp\"}}]}<\/script>\n<!-- \/ Yoast SEO plugin. -->","yoast_head_json":{"title":"La juventud radical da el primer paso por una nocturnidad mas segura","description":"La juventud radical da el primer paso por una nocturnidad m\u00e1s segura, en agosto del a\u00f1o pasado comenzamos a trabajar en un proyecto.","robots":{"index":"index","follow":"follow","max-snippet":"max-snippet:-1","max-image-preview":"max-image-preview:large","max-video-preview":"max-video-preview:-1"},"canonical":"https:\/\/experienciadevida.com.ar\/portalurbano\/la-juventud-radical-da-el-primer-paso-por-una-nocturnidad-mas-segura\/","og_locale":"es_ES","og_type":"article","og_title":"La juventud radical da el primer paso por una nocturnidad mas segura","og_description":"La juventud radical da el primer paso por una nocturnidad m\u00e1s segura, en agosto del a\u00f1o pasado comenzamos a trabajar en un proyecto.","og_url":"https:\/\/experienciadevida.com.ar\/portalurbano\/la-juventud-radical-da-el-primer-paso-por-una-nocturnidad-mas-segura\/","article_publisher":"https:\/\/www.facebook.com\/Portal-Urbano-171542830093757\/","article_published_time":"2022-07-07T17:17:31+00:00","article_modified_time":"2022-07-07T17:17:49+00:00","og_image":[{"width":951,"height":634,"url":"https:\/\/experienciadevida.com.ar\/portalurbano\/wp-content\/uploads\/2022\/07\/La-juventud-radical-da.jpeg","type":"image\/jpeg"}],"author":"admpu17wp","twitter_card":"summary_large_image","twitter_creator":"@portalurbanook","twitter_site":"@portalurbanook","twitter_misc":{"Escrito por":"admpu17wp","Tiempo de lectura":"3 minutos"},"schema":{"@context":"https:\/\/schema.org","@graph":[{"@type":"Article","@id":"https:\/\/experienciadevida.com.ar\/portalurbano\/la-juventud-radical-da-el-primer-paso-por-una-nocturnidad-mas-segura\/#article","isPartOf":{"@id":"https:\/\/experienciadevida.com.ar\/portalurbano\/la-juventud-radical-da-el-primer-paso-por-una-nocturnidad-mas-segura\/"},"author":{"name":"admpu17wp","@id":"https:\/\/experienciadevida.com.ar\/portalurbano\/#\/schema\/person\/02dd326b1c4b056e9cc972486934a3a7"},"headline":"La juventud radical da el primer paso por una nocturnidad m\u00e1s segura","datePublished":"2022-07-07T17:17:31+00:00","dateModified":"2022-07-07T17:17:49+00:00","mainEntityOfPage":{"@id":"https:\/\/experienciadevida.com.ar\/portalurbano\/la-juventud-radical-da-el-primer-paso-por-una-nocturnidad-mas-segura\/"},"wordCount":537,"publisher":{"@id":"https:\/\/experienciadevida.com.ar\/portalurbano\/#organization"},"articleSection":["Ciudad"],"inLanguage":"es"},{"@type":"WebPage","@id":"https:\/\/experienciadevida.com.ar\/portalurbano\/la-juventud-radical-da-el-primer-paso-por-una-nocturnidad-mas-segura\/","url":"https:\/\/experienciadevida.com.ar\/portalurbano\/la-juventud-radical-da-el-primer-paso-por-una-nocturnidad-mas-segura\/","name":"La juventud radical da el primer paso por una nocturnidad mas segura","isPartOf":{"@id":"https:\/\/experienciadevida.com.ar\/portalurbano\/#website"},"datePublished":"2022-07-07T17:17:31+00:00","dateModified":"2022-07-07T17:17:49+00:00","description":"La juventud radical da el primer paso por una nocturnidad m\u00e1s segura, en agosto del a\u00f1o pasado comenzamos a trabajar en un proyecto.","breadcrumb":{"@id":"https:\/\/experienciadevida.com.ar\/portalurbano\/la-juventud-radical-da-el-primer-paso-por-una-nocturnidad-mas-segura\/#breadcrumb"},"inLanguage":"es","potentialAction":[{"@type":"ReadAction","target":["https:\/\/experienciadevida.com.ar\/portalurbano\/la-juventud-radical-da-el-primer-paso-por-una-nocturnidad-mas-segura\/"]}]},{"@type":"BreadcrumbList","@id":"https:\/\/experienciadevida.com.ar\/portalurbano\/la-juventud-radical-da-el-primer-paso-por-una-nocturnidad-mas-segura\/#breadcrumb","itemListElement":[{"@type":"ListItem","position":1,"name":"Portada","item":"https:\/\/experienciadevida.com.ar\/portalurbano\/"},{"@type":"ListItem","position":2,"name":"La juventud radical da el primer paso por una nocturnidad m\u00e1s segura"}]},{"@type":"WebSite","@id":"https:\/\/experienciadevida.com.ar\/portalurbano\/#website","url":"https:\/\/experienciadevida.com.ar\/portalurbano\/","name":"","description":"","publisher":{"@id":"https:\/\/experienciadevida.com.ar\/portalurbano\/#organization"},"potentialAction":[{"@type":"SearchAction","target":{"@type":"EntryPoint","urlTemplate":"https:\/\/experienciadevida.com.ar\/portalurbano\/?s={search_term_string}"},"query-input":"required name=search_term_string"}],"inLanguage":"es"},{"@type":"Organization","@id":"https:\/\/experienciadevida.com.ar\/portalurbano\/#organization","name":"Portal Urbano","url":"https:\/\/experienciadevida.com.ar\/portalurbano\/","logo":{"@type":"ImageObject","inLanguage":"es","@id":"https:\/\/experienciadevida.com.ar\/portalurbano\/#\/schema\/logo\/image\/","url":"https:\/\/experienciadevida.com.ar\/portalurbano\/wp-content\/uploads\/2019\/09\/Logo-Original.png","contentUrl":"https:\/\/experienciadevida.com.ar\/portalurbano\/wp-content\/uploads\/2019\/09\/Logo-Original.png","width":2236,"height":1216,"caption":"Portal Urbano"},"image":{"@id":"https:\/\/experienciadevida.com.ar\/portalurbano\/#\/schema\/logo\/image\/"},"sameAs":["https:\/\/www.facebook.com\/Portal-Urbano-171542830093757\/","https:\/\/twitter.com\/portalurbanook","https:\/\/www.instagram.com\/_portalurbano\/","https:\/\/www.youtube.com\/channel\/UCXhagIfszH8KxFiOok79zbA?view_as=subscriber"]},{"@type":"Person","@id":"https:\/\/experienciadevida.com.ar\/portalurbano\/#\/schema\/person\/02dd326b1c4b056e9cc972486934a3a7","name":"admpu17wp","image":{"@type":"ImageObject","inLanguage":"es","@id":"https:\/\/experienciadevida.com.ar\/portalurbano\/#\/schema\/person\/image\/","url":"https:\/\/secure.gravatar.com\/avatar\/830d4c57adaae6630765e449a6908047?s=96&d=mm&r=g","contentUrl":"https:\/\/secure.gravatar.com\/avatar\/830d4c57adaae6630765e449a6908047?s=96&d=mm&r=g","caption":"admpu17wp"}}]}},"featured_image_urls":{"full":["https:\/\/experienciadevida.com.ar\/portalurbano\/wp-content\/uploads\/2022\/07\/La-juventud-radical-da.jpeg",951,634,false],"thumbnail":["https:\/\/experienciadevida.com.ar\/portalurbano\/wp-content\/uploads\/2022\/07\/La-juventud-radical-da-150x150.jpeg",150,150,true],"medium":["https:\/\/experienciadevida.com.ar\/portalurbano\/wp-content\/uploads\/2022\/07\/La-juventud-radical-da-300x200.jpeg",300,200,true],"medium_large":["https:\/\/experienciadevida.com.ar\/portalurbano\/wp-content\/uploads\/2022\/07\/La-juventud-radical-da-768x512.jpeg",640,427,true],"large":["https:\/\/experienciadevida.com.ar\/portalurbano\/wp-content\/uploads\/2022\/07\/La-juventud-radical-da.jpeg",640,427,false],"ug_big":["https:\/\/experienciadevida.com.ar\/portalurbano\/wp-content\/uploads\/2022\/07\/La-juventud-radical-da-768x512.jpeg",768,512,true],"1536x1536":["https:\/\/experienciadevida.com.ar\/portalurbano\/wp-content\/uploads\/2022\/07\/La-juventud-radical-da.jpeg",951,634,false],"2048x2048":["https:\/\/experienciadevida.com.ar\/portalurbano\/wp-content\/uploads\/2022\/07\/La-juventud-radical-da.jpeg",951,634,false],"newsever-slider-full":["https:\/\/experienciadevida.com.ar\/portalurbano\/wp-content\/uploads\/2022\/07\/La-juventud-radical-da.jpeg",951,634,false],"newsever-featured":["https:\/\/experienciadevida.com.ar\/portalurbano\/wp-content\/uploads\/2022\/07\/La-juventud-radical-da.jpeg",951,634,false],"newsever-medium":["https:\/\/experienciadevida.com.ar\/portalurbano\/wp-content\/uploads\/2022\/07\/La-juventud-radical-da.jpeg",713,475,false],"web-stories-poster-portrait":["https:\/\/experienciadevida.com.ar\/portalurbano\/wp-content\/uploads\/2022\/07\/La-juventud-radical-da.jpeg",640,427,false],"web-stories-publisher-logo":["https:\/\/experienciadevida.com.ar\/portalurbano\/wp-content\/uploads\/2022\/07\/La-juventud-radical-da.jpeg",96,64,false],"web-stories-thumbnail":["https:\/\/experienciadevida.com.ar\/portalurbano\/wp-content\/uploads\/2022\/07\/La-juventud-radical-da.jpeg",150,100,false]},"author_info":{"display_name":"admpu17wp","author_link":"https:\/\/experienciadevida.com.ar\/portalurbano\/author\/admpu17wp\/"},"category_info":"<a href=\"https:\/\/experienciadevida.com.ar\/portalurbano\/category\/ciudad\/\" rel=\"category tag\">Ciudad<\/a>","tag_info":"Ciudad","comment_count":"0","amp_enabled":true,"_links":{"self":[{"href":"https:\/\/experienciadevida.com.ar\/portalurbano\/wp-json\/wp\/v2\/posts\/170926"}],"collection":[{"href":"https:\/\/experienciadevida.com.ar\/portalurbano\/wp-json\/wp\/v2\/posts"}],"about":[{"href":"https:\/\/experienciadevida.com.ar\/portalurbano\/wp-json\/wp\/v2\/types\/post"}],"author":[{"embeddable":true,"href":"https:\/\/experienciadevida.com.ar\/portalurbano\/wp-json\/wp\/v2\/users\/1"}],"replies":[{"embeddable":true,"href":"https:\/\/experienciadevida.com.ar\/portalurbano\/wp-json\/wp\/v2\/comments?post=170926"}],"version-history":[{"count":1,"href":"https:\/\/experienciadevida.com.ar\/portalurbano\/wp-json\/wp\/v2\/posts\/170926\/revisions"}],"predecessor-version":[{"id":170928,"href":"https:\/\/experienciadevida.com.ar\/portalurbano\/wp-json\/wp\/v2\/posts\/170926\/revisions\/170928"}],"wp:featuredmedia":[{"embeddable":true,"href":"https:\/\/experienciadevida.com.ar\/portalurbano\/wp-json\/wp\/v2\/media\/170927"}],"wp:attachment":[{"href":"https:\/\/experienciadevida.com.ar\/portalurbano\/wp-json\/wp\/v2\/media?parent=170926"}],"wp:term":[{"taxonomy":"category","embeddable":true,"href":"https:\/\/experienciadevida.com.ar\/portalurbano\/wp-json\/wp\/v2\/categories?post=170926"},{"taxonomy":"post_tag","embeddable":true,"href":"https:\/\/experienciadevida.com.ar\/portalurbano\/wp-json\/wp\/v2\/tags?post=170926"}],"curies":[{"name":"wp","href":"https:\/\/api.w.org\/{rel}","templated":true}]}}