{"id":170907,"date":"2022-07-07T13:02:47","date_gmt":"2022-07-07T16:02:47","guid":{"rendered":"https:\/\/experienciadevida.com.ar\/portalurbano\/?p=170907"},"modified":"2022-07-07T13:03:10","modified_gmt":"2022-07-07T16:03:10","slug":"transporte-urbano-pasajeros-es-necesaria-la-actualizacion-la-inflacion-atenta-con-un-servicio-de-calidad","status":"publish","type":"post","link":"https:\/\/experienciadevida.com.ar\/portalurbano\/transporte-urbano-pasajeros-es-necesaria-la-actualizacion-la-inflacion-atenta-con-un-servicio-de-calidad\/","title":{"rendered":"Transporte urbano pasajeros: \u201cEs necesaria la actualizaci\u00f3n, la inflaci\u00f3n atenta con un servicio de calidad\u201d"},"content":{"rendered":"<p>Transporte urbano pasajeros: \u201cEs necesaria la actualizaci\u00f3n, la inflaci\u00f3n atenta con un servicio de calidad\u201d, la mirada sobre el tema e la presidente del Concejo Deliberante, Cecilia <a href=\"https:\/\/www.instagram.com\/ceciliakrivochen\/\">Krivochen<\/a>.<\/p>\n<p>La presidente del Concejo Deliberante, concejal Cecilia Krivochen destac\u00f3 la aprobaci\u00f3n de la Ordenanza 4922\/22 que otorga una actualizaci\u00f3n de tarifas al servicio del transporte urbano de pasajeros en lo que hace a la tarifa plana.<\/p>\n<p>La Ordenanza sancionada no quita ninguno de los beneficios que cuenta el transporte, entre ellos, el boleto estudiantil que seguir\u00e1 siendo gratuito.<\/p>\n<p>La presidente del Concejo ahond\u00f3: \u201cla aprobaci\u00f3n del aumento de boleto de transporte urbano se ten\u00eda que dar. No es un tema gratificante como las donaciones de inmuebles que sesi\u00f3n a sesi\u00f3n venimos aprobando y que llevan<br \/>\ntranquilidad a familias olavarrienses\u201d y reconoci\u00f3: \u201ces un tema dif\u00edcil, complejo, sobre todo para quienes recorremos los barrios y conversamos con los vecinos sobre la situaci\u00f3n que viven\u201d.<\/p>\n<p>Sintetiz\u00f3: \u201ces necesaria la actualizaci\u00f3n, la inflaci\u00f3n atenta con un servicio de calidad\u201d.<\/p>\n<p>Para Cecilia Krivochen no se puede estar \u201cdisociados de la realidad\u201d y remarc\u00f3 \u201cen diciembre del 2019, cuando se dio el \u00faltimo aumento, el gasoil val\u00eda alrededor de los 60 pesos y hoy est\u00e1 a 150 y supera los 200 si hablamos del Premium, s\u00f3lo por mencionar algunas de las variables en los costos que tiene una empresa de transporte. Si a esto le sumamos la escasez que tenemos en el pa\u00eds, todo se agrava\u201d.<\/p>\n<p>Record\u00f3 que \u201ccuando se licit\u00f3 el nuevo servicio de transporte urbano los olavarrienses celebramos la calidad del servicio, unidades nuevas, accesibles, trasbordos, nuevos recorridos, mejor frecuencia, entre otros\u201d<br \/>\npor eso dijo \u201cmantener este servicio en un pa\u00eds con una inflaci\u00f3n que no para, con precios que cambian cada 24 horas, con insumos que no se consiguen por la gran incertidumbre en la que vivimos, no sale lo mismo que<br \/>\nen diciembre de 2019\u201d.<\/p>\n<p>Cerr\u00f3 Cecilia Krivochen \u201cLamento la posici\u00f3n de los bloques kirchneristas y de Celeste Arouxet, de no acompa\u00f1ar la actualizaci\u00f3n. Seguimos viendo la doble vara que utilizan seg\u00fan su conveniencia: defienden los aumentos de<br \/>\nKicillof y el gobierno nacional y por otro lado no reconocen que una tarifa de 33 pesos desde hace dos a\u00f1os en un pa\u00eds como el nuestro, que es inviable\u201d.<\/p>\n","protected":false},"excerpt":{"rendered":"<p>Transporte urbano pasajeros: \u201cEs necesaria la actualizaci\u00f3n, la inflaci\u00f3n atenta con un servicio de calidad\u201d,&#8230;<\/p>\n","protected":false},"author":1,"featured_media":170908,"comment_status":"closed","ping_status":"closed","sticky":false,"template":"","format":"standard","meta":{"content-type":""},"categories":[27,64],"tags":[],"nelio_content":{"isAutoShareEnabled":false,"autoShareEndMode":"default","automationSources":{"useContentSentences":true,"useSocialTemplates":true,"useCustomSentences":false,"customSentences":[]},"followers":[1],"suggestedReferences":[],"includedReferences":["https:\/\/www.instagram.com\/ceciliakrivochen\/"],"efiUrl":"","efiAlt":"","highlights":[]},"yoast_head":"<!-- This site is optimized with the Yoast SEO plugin v20.7 - https:\/\/yoast.com\/wordpress\/plugins\/seo\/ -->\n<title>Transporte urbano de pasajeros: &quot;Es necesaria la actualizaci\u00f3n&quot;<\/title>\n<meta name=\"description\" content=\"Transporte urbano pasajeros: \u201cEs necesaria la actualizaci\u00f3n, la inflaci\u00f3n atenta con un servicio de calidad\u201d, la mirada sobre el tema\" \/>\n<meta name=\"robots\" content=\"index, follow, max-snippet:-1, max-image-preview:large, max-video-preview:-1\" \/>\n<link rel=\"canonical\" href=\"https:\/\/experienciadevida.com.ar\/portalurbano\/transporte-urbano-pasajeros-es-necesaria-la-actualizacion-la-inflacion-atenta-con-un-servicio-de-calidad\/\" \/>\n<meta property=\"og:locale\" content=\"es_ES\" \/>\n<meta property=\"og:type\" content=\"article\" \/>\n<meta property=\"og:title\" content=\"Transporte urbano de pasajeros: &quot;Es necesaria la actualizaci\u00f3n&quot;\" \/>\n<meta property=\"og:description\" content=\"Transporte urbano pasajeros: \u201cEs necesaria la actualizaci\u00f3n, la inflaci\u00f3n atenta con un servicio de calidad\u201d, la mirada sobre el tema\" \/>\n<meta property=\"og:url\" content=\"https:\/\/experienciadevida.com.ar\/portalurbano\/transporte-urbano-pasajeros-es-necesaria-la-actualizacion-la-inflacion-atenta-con-un-servicio-de-calidad\/\" \/>\n<meta property=\"article:publisher\" content=\"https:\/\/www.facebook.com\/Portal-Urbano-171542830093757\/\" \/>\n<meta property=\"article:published_time\" content=\"2022-07-07T16:02:47+00:00\" \/>\n<meta property=\"article:modified_time\" content=\"2022-07-07T16:03:10+00:00\" \/>\n<meta property=\"og:image\" content=\"https:\/\/experienciadevida.com.ar\/portalurbano\/wp-content\/uploads\/2022\/07\/Transporte-urbano-pasajeros-scaled.jpg\" \/>\n\t<meta property=\"og:image:width\" content=\"2560\" \/>\n\t<meta property=\"og:image:height\" content=\"1711\" \/>\n\t<meta property=\"og:image:type\" content=\"image\/jpeg\" \/>\n<meta name=\"author\" content=\"admpu17wp\" \/>\n<meta name=\"twitter:card\" content=\"summary_large_image\" \/>\n<meta name=\"twitter:creator\" content=\"@portalurbanook\" \/>\n<meta name=\"twitter:site\" content=\"@portalurbanook\" \/>\n<meta name=\"twitter:label1\" content=\"Escrito por\" \/>\n\t<meta name=\"twitter:data1\" content=\"admpu17wp\" \/>\n\t<meta name=\"twitter:label2\" content=\"Tiempo de lectura\" \/>\n\t<meta name=\"twitter:data2\" content=\"2 minutos\" \/>\n<script type=\"application\/ld+json\" class=\"yoast-schema-graph\">{\"@context\":\"https:\/\/schema.org\",\"@graph\":[{\"@type\":\"Article\",\"@id\":\"https:\/\/experienciadevida.com.ar\/portalurbano\/transporte-urbano-pasajeros-es-necesaria-la-actualizacion-la-inflacion-atenta-con-un-servicio-de-calidad\/#article\",\"isPartOf\":{\"@id\":\"https:\/\/experienciadevida.com.ar\/portalurbano\/transporte-urbano-pasajeros-es-necesaria-la-actualizacion-la-inflacion-atenta-con-un-servicio-de-calidad\/\"},\"author\":{\"name\":\"admpu17wp\",\"@id\":\"https:\/\/experienciadevida.com.ar\/portalurbano\/#\/schema\/person\/02dd326b1c4b056e9cc972486934a3a7\"},\"headline\":\"Transporte urbano pasajeros: \u201cEs necesaria la actualizaci\u00f3n, la inflaci\u00f3n atenta con un servicio de calidad\u201d\",\"datePublished\":\"2022-07-07T16:02:47+00:00\",\"dateModified\":\"2022-07-07T16:03:10+00:00\",\"mainEntityOfPage\":{\"@id\":\"https:\/\/experienciadevida.com.ar\/portalurbano\/transporte-urbano-pasajeros-es-necesaria-la-actualizacion-la-inflacion-atenta-con-un-servicio-de-calidad\/\"},\"wordCount\":407,\"publisher\":{\"@id\":\"https:\/\/experienciadevida.com.ar\/portalurbano\/#organization\"},\"articleSection\":[\"Ciudad\",\"Destacadas 2\"],\"inLanguage\":\"es\"},{\"@type\":\"WebPage\",\"@id\":\"https:\/\/experienciadevida.com.ar\/portalurbano\/transporte-urbano-pasajeros-es-necesaria-la-actualizacion-la-inflacion-atenta-con-un-servicio-de-calidad\/\",\"url\":\"https:\/\/experienciadevida.com.ar\/portalurbano\/transporte-urbano-pasajeros-es-necesaria-la-actualizacion-la-inflacion-atenta-con-un-servicio-de-calidad\/\",\"name\":\"Transporte urbano de pasajeros: \\\"Es necesaria la actualizaci\u00f3n\\\"\",\"isPartOf\":{\"@id\":\"https:\/\/experienciadevida.com.ar\/portalurbano\/#website\"},\"datePublished\":\"2022-07-07T16:02:47+00:00\",\"dateModified\":\"2022-07-07T16:03:10+00:00\",\"description\":\"Transporte urbano pasajeros: \u201cEs necesaria la actualizaci\u00f3n, la inflaci\u00f3n atenta con un servicio de calidad\u201d, la mirada sobre el tema\",\"breadcrumb\":{\"@id\":\"https:\/\/experienciadevida.com.ar\/portalurbano\/transporte-urbano-pasajeros-es-necesaria-la-actualizacion-la-inflacion-atenta-con-un-servicio-de-calidad\/#breadcrumb\"},\"inLanguage\":\"es\",\"potentialAction\":[{\"@type\":\"ReadAction\",\"target\":[\"https:\/\/experienciadevida.com.ar\/portalurbano\/transporte-urbano-pasajeros-es-necesaria-la-actualizacion-la-inflacion-atenta-con-un-servicio-de-calidad\/\"]}]},{\"@type\":\"BreadcrumbList\",\"@id\":\"https:\/\/experienciadevida.com.ar\/portalurbano\/transporte-urbano-pasajeros-es-necesaria-la-actualizacion-la-inflacion-atenta-con-un-servicio-de-calidad\/#breadcrumb\",\"itemListElement\":[{\"@type\":\"ListItem\",\"position\":1,\"name\":\"Portada\",\"item\":\"https:\/\/experienciadevida.com.ar\/portalurbano\/\"},{\"@type\":\"ListItem\",\"position\":2,\"name\":\"Transporte urbano pasajeros: \u201cEs necesaria la actualizaci\u00f3n, la inflaci\u00f3n atenta con un servicio de calidad\u201d\"}]},{\"@type\":\"WebSite\",\"@id\":\"https:\/\/experienciadevida.com.ar\/portalurbano\/#website\",\"url\":\"https:\/\/experienciadevida.com.ar\/portalurbano\/\",\"name\":\"\",\"description\":\"\",\"publisher\":{\"@id\":\"https:\/\/experienciadevida.com.ar\/portalurbano\/#organization\"},\"potentialAction\":[{\"@type\":\"SearchAction\",\"target\":{\"@type\":\"EntryPoint\",\"urlTemplate\":\"https:\/\/experienciadevida.com.ar\/portalurbano\/?s={search_term_string}\"},\"query-input\":\"required name=search_term_string\"}],\"inLanguage\":\"es\"},{\"@type\":\"Organization\",\"@id\":\"https:\/\/experienciadevida.com.ar\/portalurbano\/#organization\",\"name\":\"Portal Urbano\",\"url\":\"https:\/\/experienciadevida.com.ar\/portalurbano\/\",\"logo\":{\"@type\":\"ImageObject\",\"inLanguage\":\"es\",\"@id\":\"https:\/\/experienciadevida.com.ar\/portalurbano\/#\/schema\/logo\/image\/\",\"url\":\"https:\/\/experienciadevida.com.ar\/portalurbano\/wp-content\/uploads\/2019\/09\/Logo-Original.png\",\"contentUrl\":\"https:\/\/experienciadevida.com.ar\/portalurbano\/wp-content\/uploads\/2019\/09\/Logo-Original.png\",\"width\":2236,\"height\":1216,\"caption\":\"Portal Urbano\"},\"image\":{\"@id\":\"https:\/\/experienciadevida.com.ar\/portalurbano\/#\/schema\/logo\/image\/\"},\"sameAs\":[\"https:\/\/www.facebook.com\/Portal-Urbano-171542830093757\/\",\"https:\/\/twitter.com\/portalurbanook\",\"https:\/\/www.instagram.com\/_portalurbano\/\",\"https:\/\/www.youtube.com\/channel\/UCXhagIfszH8KxFiOok79zbA?view_as=subscriber\"]},{\"@type\":\"Person\",\"@id\":\"https:\/\/experienciadevida.com.ar\/portalurbano\/#\/schema\/person\/02dd326b1c4b056e9cc972486934a3a7\",\"name\":\"admpu17wp\",\"image\":{\"@type\":\"ImageObject\",\"inLanguage\":\"es\",\"@id\":\"https:\/\/experienciadevida.com.ar\/portalurbano\/#\/schema\/person\/image\/\",\"url\":\"https:\/\/secure.gravatar.com\/avatar\/830d4c57adaae6630765e449a6908047?s=96&d=mm&r=g\",\"contentUrl\":\"https:\/\/secure.gravatar.com\/avatar\/830d4c57adaae6630765e449a6908047?s=96&d=mm&r=g\",\"caption\":\"admpu17wp\"}}]}<\/script>\n<!-- \/ Yoast SEO plugin. -->","yoast_head_json":{"title":"Transporte urbano de pasajeros: \"Es necesaria la actualizaci\u00f3n\"","description":"Transporte urbano pasajeros: \u201cEs necesaria la actualizaci\u00f3n, la inflaci\u00f3n atenta con un servicio de calidad\u201d, la mirada sobre el tema","robots":{"index":"index","follow":"follow","max-snippet":"max-snippet:-1","max-image-preview":"max-image-preview:large","max-video-preview":"max-video-preview:-1"},"canonical":"https:\/\/experienciadevida.com.ar\/portalurbano\/transporte-urbano-pasajeros-es-necesaria-la-actualizacion-la-inflacion-atenta-con-un-servicio-de-calidad\/","og_locale":"es_ES","og_type":"article","og_title":"Transporte urbano de pasajeros: \"Es necesaria la actualizaci\u00f3n\"","og_description":"Transporte urbano pasajeros: \u201cEs necesaria la actualizaci\u00f3n, la inflaci\u00f3n atenta con un servicio de calidad\u201d, la mirada sobre el tema","og_url":"https:\/\/experienciadevida.com.ar\/portalurbano\/transporte-urbano-pasajeros-es-necesaria-la-actualizacion-la-inflacion-atenta-con-un-servicio-de-calidad\/","article_publisher":"https:\/\/www.facebook.com\/Portal-Urbano-171542830093757\/","article_published_time":"2022-07-07T16:02:47+00:00","article_modified_time":"2022-07-07T16:03:10+00:00","og_image":[{"width":2560,"height":1711,"url":"https:\/\/experienciadevida.com.ar\/portalurbano\/wp-content\/uploads\/2022\/07\/Transporte-urbano-pasajeros-scaled.jpg","type":"image\/jpeg"}],"author":"admpu17wp","twitter_card":"summary_large_image","twitter_creator":"@portalurbanook","twitter_site":"@portalurbanook","twitter_misc":{"Escrito por":"admpu17wp","Tiempo de lectura":"2 minutos"},"schema":{"@context":"https:\/\/schema.org","@graph":[{"@type":"Article","@id":"https:\/\/experienciadevida.com.ar\/portalurbano\/transporte-urbano-pasajeros-es-necesaria-la-actualizacion-la-inflacion-atenta-con-un-servicio-de-calidad\/#article","isPartOf":{"@id":"https:\/\/experienciadevida.com.ar\/portalurbano\/transporte-urbano-pasajeros-es-necesaria-la-actualizacion-la-inflacion-atenta-con-un-servicio-de-calidad\/"},"author":{"name":"admpu17wp","@id":"https:\/\/experienciadevida.com.ar\/portalurbano\/#\/schema\/person\/02dd326b1c4b056e9cc972486934a3a7"},"headline":"Transporte urbano pasajeros: \u201cEs necesaria la actualizaci\u00f3n, la inflaci\u00f3n atenta con un servicio de calidad\u201d","datePublished":"2022-07-07T16:02:47+00:00","dateModified":"2022-07-07T16:03:10+00:00","mainEntityOfPage":{"@id":"https:\/\/experienciadevida.com.ar\/portalurbano\/transporte-urbano-pasajeros-es-necesaria-la-actualizacion-la-inflacion-atenta-con-un-servicio-de-calidad\/"},"wordCount":407,"publisher":{"@id":"https:\/\/experienciadevida.com.ar\/portalurbano\/#organization"},"articleSection":["Ciudad","Destacadas 2"],"inLanguage":"es"},{"@type":"WebPage","@id":"https:\/\/experienciadevida.com.ar\/portalurbano\/transporte-urbano-pasajeros-es-necesaria-la-actualizacion-la-inflacion-atenta-con-un-servicio-de-calidad\/","url":"https:\/\/experienciadevida.com.ar\/portalurbano\/transporte-urbano-pasajeros-es-necesaria-la-actualizacion-la-inflacion-atenta-con-un-servicio-de-calidad\/","name":"Transporte urbano de pasajeros: \"Es necesaria la actualizaci\u00f3n\"","isPartOf":{"@id":"https:\/\/experienciadevida.com.ar\/portalurbano\/#website"},"datePublished":"2022-07-07T16:02:47+00:00","dateModified":"2022-07-07T16:03:10+00:00","description":"Transporte urbano pasajeros: \u201cEs necesaria la actualizaci\u00f3n, la inflaci\u00f3n atenta con un servicio de calidad\u201d, la mirada sobre el tema","breadcrumb":{"@id":"https:\/\/experienciadevida.com.ar\/portalurbano\/transporte-urbano-pasajeros-es-necesaria-la-actualizacion-la-inflacion-atenta-con-un-servicio-de-calidad\/#breadcrumb"},"inLanguage":"es","potentialAction":[{"@type":"ReadAction","target":["https:\/\/experienciadevida.com.ar\/portalurbano\/transporte-urbano-pasajeros-es-necesaria-la-actualizacion-la-inflacion-atenta-con-un-servicio-de-calidad\/"]}]},{"@type":"BreadcrumbList","@id":"https:\/\/experienciadevida.com.ar\/portalurbano\/transporte-urbano-pasajeros-es-necesaria-la-actualizacion-la-inflacion-atenta-con-un-servicio-de-calidad\/#breadcrumb","itemListElement":[{"@type":"ListItem","position":1,"name":"Portada","item":"https:\/\/experienciadevida.com.ar\/portalurbano\/"},{"@type":"ListItem","position":2,"name":"Transporte urbano pasajeros: \u201cEs necesaria la actualizaci\u00f3n, la inflaci\u00f3n atenta con un servicio de calidad\u201d"}]},{"@type":"WebSite","@id":"https:\/\/experienciadevida.com.ar\/portalurbano\/#website","url":"https:\/\/experienciadevida.com.ar\/portalurbano\/","name":"","description":"","publisher":{"@id":"https:\/\/experienciadevida.com.ar\/portalurbano\/#organization"},"potentialAction":[{"@type":"SearchAction","target":{"@type":"EntryPoint","urlTemplate":"https:\/\/experienciadevida.com.ar\/portalurbano\/?s={search_term_string}"},"query-input":"required name=search_term_string"}],"inLanguage":"es"},{"@type":"Organization","@id":"https:\/\/experienciadevida.com.ar\/portalurbano\/#organization","name":"Portal Urbano","url":"https:\/\/experienciadevida.com.ar\/portalurbano\/","logo":{"@type":"ImageObject","inLanguage":"es","@id":"https:\/\/experienciadevida.com.ar\/portalurbano\/#\/schema\/logo\/image\/","url":"https:\/\/experienciadevida.com.ar\/portalurbano\/wp-content\/uploads\/2019\/09\/Logo-Original.png","contentUrl":"https:\/\/experienciadevida.com.ar\/portalurbano\/wp-content\/uploads\/2019\/09\/Logo-Original.png","width":2236,"height":1216,"caption":"Portal Urbano"},"image":{"@id":"https:\/\/experienciadevida.com.ar\/portalurbano\/#\/schema\/logo\/image\/"},"sameAs":["https:\/\/www.facebook.com\/Portal-Urbano-171542830093757\/","https:\/\/twitter.com\/portalurbanook","https:\/\/www.instagram.com\/_portalurbano\/","https:\/\/www.youtube.com\/channel\/UCXhagIfszH8KxFiOok79zbA?view_as=subscriber"]},{"@type":"Person","@id":"https:\/\/experienciadevida.com.ar\/portalurbano\/#\/schema\/person\/02dd326b1c4b056e9cc972486934a3a7","name":"admpu17wp","image":{"@type":"ImageObject","inLanguage":"es","@id":"https:\/\/experienciadevida.com.ar\/portalurbano\/#\/schema\/person\/image\/","url":"https:\/\/secure.gravatar.com\/avatar\/830d4c57adaae6630765e449a6908047?s=96&d=mm&r=g","contentUrl":"https:\/\/secure.gravatar.com\/avatar\/830d4c57adaae6630765e449a6908047?s=96&d=mm&r=g","caption":"admpu17wp"}}]}},"featured_image_urls":{"full":["https:\/\/experienciadevida.com.ar\/portalurbano\/wp-content\/uploads\/2022\/07\/Transporte-urbano-pasajeros-scaled.jpg",2560,1711,false],"thumbnail":["https:\/\/experienciadevida.com.ar\/portalurbano\/wp-content\/uploads\/2022\/07\/Transporte-urbano-pasajeros-150x150.jpg",150,150,true],"medium":["https:\/\/experienciadevida.com.ar\/portalurbano\/wp-content\/uploads\/2022\/07\/Transporte-urbano-pasajeros-300x201.jpg",300,201,true],"medium_large":["https:\/\/experienciadevida.com.ar\/portalurbano\/wp-content\/uploads\/2022\/07\/Transporte-urbano-pasajeros-768x513.jpg",640,428,true],"large":["https:\/\/experienciadevida.com.ar\/portalurbano\/wp-content\/uploads\/2022\/07\/Transporte-urbano-pasajeros-1024x684.jpg",640,428,true],"ug_big":["https:\/\/experienciadevida.com.ar\/portalurbano\/wp-content\/uploads\/2022\/07\/Transporte-urbano-pasajeros-768x513.jpg",768,513,true],"1536x1536":["https:\/\/experienciadevida.com.ar\/portalurbano\/wp-content\/uploads\/2022\/07\/Transporte-urbano-pasajeros-1536x1027.jpg",1536,1027,true],"2048x2048":["https:\/\/experienciadevida.com.ar\/portalurbano\/wp-content\/uploads\/2022\/07\/Transporte-urbano-pasajeros-2048x1369.jpg",2048,1369,true],"newsever-slider-full":["https:\/\/experienciadevida.com.ar\/portalurbano\/wp-content\/uploads\/2022\/07\/Transporte-urbano-pasajeros-scaled.jpg",1264,845,false],"newsever-featured":["https:\/\/experienciadevida.com.ar\/portalurbano\/wp-content\/uploads\/2022\/07\/Transporte-urbano-pasajeros-scaled.jpg",1024,684,false],"newsever-medium":["https:\/\/experienciadevida.com.ar\/portalurbano\/wp-content\/uploads\/2022\/07\/Transporte-urbano-pasajeros-scaled.jpg",711,475,false],"web-stories-poster-portrait":["https:\/\/experienciadevida.com.ar\/portalurbano\/wp-content\/uploads\/2022\/07\/Transporte-urbano-pasajeros-scaled.jpg",640,428,false],"web-stories-publisher-logo":["https:\/\/experienciadevida.com.ar\/portalurbano\/wp-content\/uploads\/2022\/07\/Transporte-urbano-pasajeros-scaled.jpg",96,64,false],"web-stories-thumbnail":["https:\/\/experienciadevida.com.ar\/portalurbano\/wp-content\/uploads\/2022\/07\/Transporte-urbano-pasajeros-scaled.jpg",150,100,false]},"author_info":{"display_name":"admpu17wp","author_link":"https:\/\/experienciadevida.com.ar\/portalurbano\/author\/admpu17wp\/"},"category_info":"<a href=\"https:\/\/experienciadevida.com.ar\/portalurbano\/category\/ciudad\/\" rel=\"category tag\">Ciudad<\/a> <a href=\"https:\/\/experienciadevida.com.ar\/portalurbano\/category\/destacadas-2\/\" rel=\"category tag\">Destacadas 2<\/a>","tag_info":"Destacadas 2","comment_count":"0","amp_enabled":true,"_links":{"self":[{"href":"https:\/\/experienciadevida.com.ar\/portalurbano\/wp-json\/wp\/v2\/posts\/170907"}],"collection":[{"href":"https:\/\/experienciadevida.com.ar\/portalurbano\/wp-json\/wp\/v2\/posts"}],"about":[{"href":"https:\/\/experienciadevida.com.ar\/portalurbano\/wp-json\/wp\/v2\/types\/post"}],"author":[{"embeddable":true,"href":"https:\/\/experienciadevida.com.ar\/portalurbano\/wp-json\/wp\/v2\/users\/1"}],"replies":[{"embeddable":true,"href":"https:\/\/experienciadevida.com.ar\/portalurbano\/wp-json\/wp\/v2\/comments?post=170907"}],"version-history":[{"count":1,"href":"https:\/\/experienciadevida.com.ar\/portalurbano\/wp-json\/wp\/v2\/posts\/170907\/revisions"}],"predecessor-version":[{"id":170909,"href":"https:\/\/experienciadevida.com.ar\/portalurbano\/wp-json\/wp\/v2\/posts\/170907\/revisions\/170909"}],"wp:featuredmedia":[{"embeddable":true,"href":"https:\/\/experienciadevida.com.ar\/portalurbano\/wp-json\/wp\/v2\/media\/170908"}],"wp:attachment":[{"href":"https:\/\/experienciadevida.com.ar\/portalurbano\/wp-json\/wp\/v2\/media?parent=170907"}],"wp:term":[{"taxonomy":"category","embeddable":true,"href":"https:\/\/experienciadevida.com.ar\/portalurbano\/wp-json\/wp\/v2\/categories?post=170907"},{"taxonomy":"post_tag","embeddable":true,"href":"https:\/\/experienciadevida.com.ar\/portalurbano\/wp-json\/wp\/v2\/tags?post=170907"}],"curies":[{"name":"wp","href":"https:\/\/api.w.org\/{rel}","templated":true}]}}