{"id":170890,"date":"2022-07-07T12:01:52","date_gmt":"2022-07-07T15:01:52","guid":{"rendered":"https:\/\/experienciadevida.com.ar\/portalurbano\/?p=170890"},"modified":"2022-07-07T12:06:20","modified_gmt":"2022-07-07T15:06:20","slug":"el-intendente-galli-revoco-la-habilitacion-del-salon-de-baile-de-fomento-pueblo-nuevo","status":"publish","type":"post","link":"https:\/\/experienciadevida.com.ar\/portalurbano\/el-intendente-galli-revoco-la-habilitacion-del-salon-de-baile-de-fomento-pueblo-nuevo\/","title":{"rendered":"El intendente Galli revoc\u00f3 la habilitaci\u00f3n del sal\u00f3n de baile de Fomento Pueblo Nuevo"},"content":{"rendered":"<p>El intendente <a href=\"https:\/\/www.facebook.com\/galliezequiel\">Galli<\/a> revoc\u00f3 la habilitaci\u00f3n del sal\u00f3n de baile de Fomento Pueblo Nuevo, tras los hechos de p\u00fablico conocimiento, en la ma\u00f1ana de este jueves el intendente municipal Ezequiel Galli tom\u00f3 la decisi\u00f3n de revocar, mediante el Decreto N\u00ba 3225\/2022, la habilitaci\u00f3n del Sal\u00f3n de Baile de la Sociedad de Fomento Pueblo Nuevo.<\/p>\n<p>Desde la Subsecretar\u00eda de Legal y T\u00e9cnica indicaron que la revocaci\u00f3n de la habilitaci\u00f3n se llev\u00f3 a cabo tras haberse provocado la detenci\u00f3n del presunto agresor en el d\u00eda de hoy.<\/p>\n<p>Asimismo, el encargado del lugar reconoci\u00f3 que quien provoc\u00f3 las agresiones al joven durante la madrugada del pasado 3 de julio formaba parte del personal de seguridad del lugar.<\/p>\n<p>Cabe destacar que el accionar del personal de seguridad deber\u00e1 adecuarse estrictamente al principio de razonabilidad, evitando todo tipo de actuaci\u00f3n abusiva, arbitraria o discriminatoria que entra\u00f1e violencia f\u00edsica o moral contra las personas.<\/p>\n<p>Al respecto, el art\u00edculo 38 de la Ley 12.297 prev\u00e9 que la violaci\u00f3n de los l\u00edmites de actuaci\u00f3n legalmente establecidos traer\u00e1 aparejada para la empresa contratante organizadora del evento la inhabilitaci\u00f3n.<\/p>\n<p>Por otra parte, esa misma noche se labr\u00f3 el acta N\u00b0 13.163 por parte del personal de Control Urbano, constatando que en el lugar hab\u00eda 1690 personas, en franca violaci\u00f3n al factor ocupacional establecido en la habilitaci\u00f3n otorgada el pasado 1 de noviembre de 2021.<\/p>\n<p>Finalmente, el Decreto establece que se instruya a la Subsecretar\u00eda de Seguridad y Control Urbano a verificar el cumplimiento del presente.<\/p>\n","protected":false},"excerpt":{"rendered":"<p>El intendente Galli revoc\u00f3 la habilitaci\u00f3n del sal\u00f3n de baile de Fomento Pueblo Nuevo, tras&#8230;<\/p>\n","protected":false},"author":1,"featured_media":170833,"comment_status":"closed","ping_status":"closed","sticky":false,"template":"","format":"standard","meta":{"content-type":""},"categories":[27,51],"tags":[],"nelio_content":{"isAutoShareEnabled":false,"autoShareEndMode":"default","automationSources":{"useContentSentences":true,"useSocialTemplates":true,"useCustomSentences":false,"customSentences":[]},"followers":[1],"suggestedReferences":[],"includedReferences":[],"efiUrl":"","efiAlt":"","highlights":[]},"yoast_head":"<!-- This site is optimized with the Yoast SEO plugin v20.7 - https:\/\/yoast.com\/wordpress\/plugins\/seo\/ -->\n<title>El Intendente Galli revoc\u00f3 la habilitaci\u00f3n del sal\u00f3n de baile de fomento<\/title>\n<meta name=\"description\" content=\"El intendente Galli revoc\u00f3 la habilitaci\u00f3n del sal\u00f3n de baile de Fomento Pueblo Nuevo, tras los hechos de p\u00fablico conocimiento,\" \/>\n<meta name=\"robots\" content=\"index, follow, max-snippet:-1, max-image-preview:large, max-video-preview:-1\" \/>\n<link rel=\"canonical\" href=\"https:\/\/experienciadevida.com.ar\/portalurbano\/el-intendente-galli-revoco-la-habilitacion-del-salon-de-baile-de-fomento-pueblo-nuevo\/\" \/>\n<meta property=\"og:locale\" content=\"es_ES\" \/>\n<meta property=\"og:type\" content=\"article\" \/>\n<meta property=\"og:title\" content=\"El Intendente Galli revoc\u00f3 la habilitaci\u00f3n del sal\u00f3n de baile de fomento\" \/>\n<meta property=\"og:description\" content=\"El intendente Galli revoc\u00f3 la habilitaci\u00f3n del sal\u00f3n de baile de Fomento Pueblo Nuevo, tras los hechos de p\u00fablico conocimiento,\" \/>\n<meta property=\"og:url\" content=\"https:\/\/experienciadevida.com.ar\/portalurbano\/el-intendente-galli-revoco-la-habilitacion-del-salon-de-baile-de-fomento-pueblo-nuevo\/\" \/>\n<meta property=\"article:publisher\" content=\"https:\/\/www.facebook.com\/Portal-Urbano-171542830093757\/\" \/>\n<meta property=\"article:published_time\" content=\"2022-07-07T15:01:52+00:00\" \/>\n<meta property=\"article:modified_time\" content=\"2022-07-07T15:06:20+00:00\" \/>\n<meta property=\"og:image\" content=\"https:\/\/experienciadevida.com.ar\/portalurbano\/wp-content\/uploads\/2022\/07\/DSC_0153.jpg\" \/>\n\t<meta property=\"og:image:width\" content=\"765\" \/>\n\t<meta property=\"og:image:height\" content=\"510\" \/>\n\t<meta property=\"og:image:type\" content=\"image\/jpeg\" \/>\n<meta name=\"author\" content=\"admpu17wp\" \/>\n<meta name=\"twitter:card\" content=\"summary_large_image\" \/>\n<meta name=\"twitter:creator\" content=\"@portalurbanook\" \/>\n<meta name=\"twitter:site\" content=\"@portalurbanook\" \/>\n<meta name=\"twitter:label1\" content=\"Escrito por\" \/>\n\t<meta name=\"twitter:data1\" content=\"admpu17wp\" \/>\n\t<meta name=\"twitter:label2\" content=\"Tiempo de lectura\" \/>\n\t<meta name=\"twitter:data2\" content=\"2 minutos\" \/>\n<script type=\"application\/ld+json\" class=\"yoast-schema-graph\">{\"@context\":\"https:\/\/schema.org\",\"@graph\":[{\"@type\":\"Article\",\"@id\":\"https:\/\/experienciadevida.com.ar\/portalurbano\/el-intendente-galli-revoco-la-habilitacion-del-salon-de-baile-de-fomento-pueblo-nuevo\/#article\",\"isPartOf\":{\"@id\":\"https:\/\/experienciadevida.com.ar\/portalurbano\/el-intendente-galli-revoco-la-habilitacion-del-salon-de-baile-de-fomento-pueblo-nuevo\/\"},\"author\":{\"name\":\"admpu17wp\",\"@id\":\"https:\/\/experienciadevida.com.ar\/portalurbano\/#\/schema\/person\/02dd326b1c4b056e9cc972486934a3a7\"},\"headline\":\"El intendente Galli revoc\u00f3 la habilitaci\u00f3n del sal\u00f3n de baile de Fomento Pueblo Nuevo\",\"datePublished\":\"2022-07-07T15:01:52+00:00\",\"dateModified\":\"2022-07-07T15:06:20+00:00\",\"mainEntityOfPage\":{\"@id\":\"https:\/\/experienciadevida.com.ar\/portalurbano\/el-intendente-galli-revoco-la-habilitacion-del-salon-de-baile-de-fomento-pueblo-nuevo\/\"},\"wordCount\":278,\"publisher\":{\"@id\":\"https:\/\/experienciadevida.com.ar\/portalurbano\/#organization\"},\"articleSection\":[\"Ciudad\",\"Destacadas\"],\"inLanguage\":\"es\"},{\"@type\":\"WebPage\",\"@id\":\"https:\/\/experienciadevida.com.ar\/portalurbano\/el-intendente-galli-revoco-la-habilitacion-del-salon-de-baile-de-fomento-pueblo-nuevo\/\",\"url\":\"https:\/\/experienciadevida.com.ar\/portalurbano\/el-intendente-galli-revoco-la-habilitacion-del-salon-de-baile-de-fomento-pueblo-nuevo\/\",\"name\":\"El Intendente Galli revoc\u00f3 la habilitaci\u00f3n del sal\u00f3n de baile de fomento\",\"isPartOf\":{\"@id\":\"https:\/\/experienciadevida.com.ar\/portalurbano\/#website\"},\"datePublished\":\"2022-07-07T15:01:52+00:00\",\"dateModified\":\"2022-07-07T15:06:20+00:00\",\"description\":\"El intendente Galli revoc\u00f3 la habilitaci\u00f3n del sal\u00f3n de baile de Fomento Pueblo Nuevo, tras los hechos de p\u00fablico conocimiento,\",\"breadcrumb\":{\"@id\":\"https:\/\/experienciadevida.com.ar\/portalurbano\/el-intendente-galli-revoco-la-habilitacion-del-salon-de-baile-de-fomento-pueblo-nuevo\/#breadcrumb\"},\"inLanguage\":\"es\",\"potentialAction\":[{\"@type\":\"ReadAction\",\"target\":[\"https:\/\/experienciadevida.com.ar\/portalurbano\/el-intendente-galli-revoco-la-habilitacion-del-salon-de-baile-de-fomento-pueblo-nuevo\/\"]}]},{\"@type\":\"BreadcrumbList\",\"@id\":\"https:\/\/experienciadevida.com.ar\/portalurbano\/el-intendente-galli-revoco-la-habilitacion-del-salon-de-baile-de-fomento-pueblo-nuevo\/#breadcrumb\",\"itemListElement\":[{\"@type\":\"ListItem\",\"position\":1,\"name\":\"Portada\",\"item\":\"https:\/\/experienciadevida.com.ar\/portalurbano\/\"},{\"@type\":\"ListItem\",\"position\":2,\"name\":\"El intendente Galli revoc\u00f3 la habilitaci\u00f3n del sal\u00f3n de baile de Fomento Pueblo Nuevo\"}]},{\"@type\":\"WebSite\",\"@id\":\"https:\/\/experienciadevida.com.ar\/portalurbano\/#website\",\"url\":\"https:\/\/experienciadevida.com.ar\/portalurbano\/\",\"name\":\"\",\"description\":\"\",\"publisher\":{\"@id\":\"https:\/\/experienciadevida.com.ar\/portalurbano\/#organization\"},\"potentialAction\":[{\"@type\":\"SearchAction\",\"target\":{\"@type\":\"EntryPoint\",\"urlTemplate\":\"https:\/\/experienciadevida.com.ar\/portalurbano\/?s={search_term_string}\"},\"query-input\":\"required name=search_term_string\"}],\"inLanguage\":\"es\"},{\"@type\":\"Organization\",\"@id\":\"https:\/\/experienciadevida.com.ar\/portalurbano\/#organization\",\"name\":\"Portal Urbano\",\"url\":\"https:\/\/experienciadevida.com.ar\/portalurbano\/\",\"logo\":{\"@type\":\"ImageObject\",\"inLanguage\":\"es\",\"@id\":\"https:\/\/experienciadevida.com.ar\/portalurbano\/#\/schema\/logo\/image\/\",\"url\":\"https:\/\/experienciadevida.com.ar\/portalurbano\/wp-content\/uploads\/2019\/09\/Logo-Original.png\",\"contentUrl\":\"https:\/\/experienciadevida.com.ar\/portalurbano\/wp-content\/uploads\/2019\/09\/Logo-Original.png\",\"width\":2236,\"height\":1216,\"caption\":\"Portal Urbano\"},\"image\":{\"@id\":\"https:\/\/experienciadevida.com.ar\/portalurbano\/#\/schema\/logo\/image\/\"},\"sameAs\":[\"https:\/\/www.facebook.com\/Portal-Urbano-171542830093757\/\",\"https:\/\/twitter.com\/portalurbanook\",\"https:\/\/www.instagram.com\/_portalurbano\/\",\"https:\/\/www.youtube.com\/channel\/UCXhagIfszH8KxFiOok79zbA?view_as=subscriber\"]},{\"@type\":\"Person\",\"@id\":\"https:\/\/experienciadevida.com.ar\/portalurbano\/#\/schema\/person\/02dd326b1c4b056e9cc972486934a3a7\",\"name\":\"admpu17wp\",\"image\":{\"@type\":\"ImageObject\",\"inLanguage\":\"es\",\"@id\":\"https:\/\/experienciadevida.com.ar\/portalurbano\/#\/schema\/person\/image\/\",\"url\":\"https:\/\/secure.gravatar.com\/avatar\/830d4c57adaae6630765e449a6908047?s=96&d=mm&r=g\",\"contentUrl\":\"https:\/\/secure.gravatar.com\/avatar\/830d4c57adaae6630765e449a6908047?s=96&d=mm&r=g\",\"caption\":\"admpu17wp\"}}]}<\/script>\n<!-- \/ Yoast SEO plugin. -->","yoast_head_json":{"title":"El Intendente Galli revoc\u00f3 la habilitaci\u00f3n del sal\u00f3n de baile de fomento","description":"El intendente Galli revoc\u00f3 la habilitaci\u00f3n del sal\u00f3n de baile de Fomento Pueblo Nuevo, tras los hechos de p\u00fablico conocimiento,","robots":{"index":"index","follow":"follow","max-snippet":"max-snippet:-1","max-image-preview":"max-image-preview:large","max-video-preview":"max-video-preview:-1"},"canonical":"https:\/\/experienciadevida.com.ar\/portalurbano\/el-intendente-galli-revoco-la-habilitacion-del-salon-de-baile-de-fomento-pueblo-nuevo\/","og_locale":"es_ES","og_type":"article","og_title":"El Intendente Galli revoc\u00f3 la habilitaci\u00f3n del sal\u00f3n de baile de fomento","og_description":"El intendente Galli revoc\u00f3 la habilitaci\u00f3n del sal\u00f3n de baile de Fomento Pueblo Nuevo, tras los hechos de p\u00fablico conocimiento,","og_url":"https:\/\/experienciadevida.com.ar\/portalurbano\/el-intendente-galli-revoco-la-habilitacion-del-salon-de-baile-de-fomento-pueblo-nuevo\/","article_publisher":"https:\/\/www.facebook.com\/Portal-Urbano-171542830093757\/","article_published_time":"2022-07-07T15:01:52+00:00","article_modified_time":"2022-07-07T15:06:20+00:00","og_image":[{"width":765,"height":510,"url":"https:\/\/experienciadevida.com.ar\/portalurbano\/wp-content\/uploads\/2022\/07\/DSC_0153.jpg","type":"image\/jpeg"}],"author":"admpu17wp","twitter_card":"summary_large_image","twitter_creator":"@portalurbanook","twitter_site":"@portalurbanook","twitter_misc":{"Escrito por":"admpu17wp","Tiempo de lectura":"2 minutos"},"schema":{"@context":"https:\/\/schema.org","@graph":[{"@type":"Article","@id":"https:\/\/experienciadevida.com.ar\/portalurbano\/el-intendente-galli-revoco-la-habilitacion-del-salon-de-baile-de-fomento-pueblo-nuevo\/#article","isPartOf":{"@id":"https:\/\/experienciadevida.com.ar\/portalurbano\/el-intendente-galli-revoco-la-habilitacion-del-salon-de-baile-de-fomento-pueblo-nuevo\/"},"author":{"name":"admpu17wp","@id":"https:\/\/experienciadevida.com.ar\/portalurbano\/#\/schema\/person\/02dd326b1c4b056e9cc972486934a3a7"},"headline":"El intendente Galli revoc\u00f3 la habilitaci\u00f3n del sal\u00f3n de baile de Fomento Pueblo Nuevo","datePublished":"2022-07-07T15:01:52+00:00","dateModified":"2022-07-07T15:06:20+00:00","mainEntityOfPage":{"@id":"https:\/\/experienciadevida.com.ar\/portalurbano\/el-intendente-galli-revoco-la-habilitacion-del-salon-de-baile-de-fomento-pueblo-nuevo\/"},"wordCount":278,"publisher":{"@id":"https:\/\/experienciadevida.com.ar\/portalurbano\/#organization"},"articleSection":["Ciudad","Destacadas"],"inLanguage":"es"},{"@type":"WebPage","@id":"https:\/\/experienciadevida.com.ar\/portalurbano\/el-intendente-galli-revoco-la-habilitacion-del-salon-de-baile-de-fomento-pueblo-nuevo\/","url":"https:\/\/experienciadevida.com.ar\/portalurbano\/el-intendente-galli-revoco-la-habilitacion-del-salon-de-baile-de-fomento-pueblo-nuevo\/","name":"El Intendente Galli revoc\u00f3 la habilitaci\u00f3n del sal\u00f3n de baile de fomento","isPartOf":{"@id":"https:\/\/experienciadevida.com.ar\/portalurbano\/#website"},"datePublished":"2022-07-07T15:01:52+00:00","dateModified":"2022-07-07T15:06:20+00:00","description":"El intendente Galli revoc\u00f3 la habilitaci\u00f3n del sal\u00f3n de baile de Fomento Pueblo Nuevo, tras los hechos de p\u00fablico conocimiento,","breadcrumb":{"@id":"https:\/\/experienciadevida.com.ar\/portalurbano\/el-intendente-galli-revoco-la-habilitacion-del-salon-de-baile-de-fomento-pueblo-nuevo\/#breadcrumb"},"inLanguage":"es","potentialAction":[{"@type":"ReadAction","target":["https:\/\/experienciadevida.com.ar\/portalurbano\/el-intendente-galli-revoco-la-habilitacion-del-salon-de-baile-de-fomento-pueblo-nuevo\/"]}]},{"@type":"BreadcrumbList","@id":"https:\/\/experienciadevida.com.ar\/portalurbano\/el-intendente-galli-revoco-la-habilitacion-del-salon-de-baile-de-fomento-pueblo-nuevo\/#breadcrumb","itemListElement":[{"@type":"ListItem","position":1,"name":"Portada","item":"https:\/\/experienciadevida.com.ar\/portalurbano\/"},{"@type":"ListItem","position":2,"name":"El intendente Galli revoc\u00f3 la habilitaci\u00f3n del sal\u00f3n de baile de Fomento Pueblo Nuevo"}]},{"@type":"WebSite","@id":"https:\/\/experienciadevida.com.ar\/portalurbano\/#website","url":"https:\/\/experienciadevida.com.ar\/portalurbano\/","name":"","description":"","publisher":{"@id":"https:\/\/experienciadevida.com.ar\/portalurbano\/#organization"},"potentialAction":[{"@type":"SearchAction","target":{"@type":"EntryPoint","urlTemplate":"https:\/\/experienciadevida.com.ar\/portalurbano\/?s={search_term_string}"},"query-input":"required name=search_term_string"}],"inLanguage":"es"},{"@type":"Organization","@id":"https:\/\/experienciadevida.com.ar\/portalurbano\/#organization","name":"Portal Urbano","url":"https:\/\/experienciadevida.com.ar\/portalurbano\/","logo":{"@type":"ImageObject","inLanguage":"es","@id":"https:\/\/experienciadevida.com.ar\/portalurbano\/#\/schema\/logo\/image\/","url":"https:\/\/experienciadevida.com.ar\/portalurbano\/wp-content\/uploads\/2019\/09\/Logo-Original.png","contentUrl":"https:\/\/experienciadevida.com.ar\/portalurbano\/wp-content\/uploads\/2019\/09\/Logo-Original.png","width":2236,"height":1216,"caption":"Portal Urbano"},"image":{"@id":"https:\/\/experienciadevida.com.ar\/portalurbano\/#\/schema\/logo\/image\/"},"sameAs":["https:\/\/www.facebook.com\/Portal-Urbano-171542830093757\/","https:\/\/twitter.com\/portalurbanook","https:\/\/www.instagram.com\/_portalurbano\/","https:\/\/www.youtube.com\/channel\/UCXhagIfszH8KxFiOok79zbA?view_as=subscriber"]},{"@type":"Person","@id":"https:\/\/experienciadevida.com.ar\/portalurbano\/#\/schema\/person\/02dd326b1c4b056e9cc972486934a3a7","name":"admpu17wp","image":{"@type":"ImageObject","inLanguage":"es","@id":"https:\/\/experienciadevida.com.ar\/portalurbano\/#\/schema\/person\/image\/","url":"https:\/\/secure.gravatar.com\/avatar\/830d4c57adaae6630765e449a6908047?s=96&d=mm&r=g","contentUrl":"https:\/\/secure.gravatar.com\/avatar\/830d4c57adaae6630765e449a6908047?s=96&d=mm&r=g","caption":"admpu17wp"}}]}},"featured_image_urls":{"full":["https:\/\/experienciadevida.com.ar\/portalurbano\/wp-content\/uploads\/2022\/07\/DSC_0153.jpg",765,510,false],"thumbnail":["https:\/\/experienciadevida.com.ar\/portalurbano\/wp-content\/uploads\/2022\/07\/DSC_0153-150x150.jpg",150,150,true],"medium":["https:\/\/experienciadevida.com.ar\/portalurbano\/wp-content\/uploads\/2022\/07\/DSC_0153-300x200.jpg",300,200,true],"medium_large":["https:\/\/experienciadevida.com.ar\/portalurbano\/wp-content\/uploads\/2022\/07\/DSC_0153.jpg",640,427,false],"large":["https:\/\/experienciadevida.com.ar\/portalurbano\/wp-content\/uploads\/2022\/07\/DSC_0153.jpg",640,427,false],"ug_big":["https:\/\/experienciadevida.com.ar\/portalurbano\/wp-content\/uploads\/2022\/07\/DSC_0153.jpg",765,510,false],"1536x1536":["https:\/\/experienciadevida.com.ar\/portalurbano\/wp-content\/uploads\/2022\/07\/DSC_0153.jpg",765,510,false],"2048x2048":["https:\/\/experienciadevida.com.ar\/portalurbano\/wp-content\/uploads\/2022\/07\/DSC_0153.jpg",765,510,false],"newsever-slider-full":["https:\/\/experienciadevida.com.ar\/portalurbano\/wp-content\/uploads\/2022\/07\/DSC_0153.jpg",765,510,false],"newsever-featured":["https:\/\/experienciadevida.com.ar\/portalurbano\/wp-content\/uploads\/2022\/07\/DSC_0153.jpg",765,510,false],"newsever-medium":["https:\/\/experienciadevida.com.ar\/portalurbano\/wp-content\/uploads\/2022\/07\/DSC_0153.jpg",713,475,false],"web-stories-poster-portrait":["https:\/\/experienciadevida.com.ar\/portalurbano\/wp-content\/uploads\/2022\/07\/DSC_0153.jpg",640,427,false],"web-stories-publisher-logo":["https:\/\/experienciadevida.com.ar\/portalurbano\/wp-content\/uploads\/2022\/07\/DSC_0153.jpg",96,64,false],"web-stories-thumbnail":["https:\/\/experienciadevida.com.ar\/portalurbano\/wp-content\/uploads\/2022\/07\/DSC_0153.jpg",150,100,false]},"author_info":{"display_name":"admpu17wp","author_link":"https:\/\/experienciadevida.com.ar\/portalurbano\/author\/admpu17wp\/"},"category_info":"<a href=\"https:\/\/experienciadevida.com.ar\/portalurbano\/category\/ciudad\/\" rel=\"category tag\">Ciudad<\/a> <a href=\"https:\/\/experienciadevida.com.ar\/portalurbano\/category\/destacadas\/\" rel=\"category tag\">Destacadas<\/a>","tag_info":"Destacadas","comment_count":"0","amp_enabled":true,"_links":{"self":[{"href":"https:\/\/experienciadevida.com.ar\/portalurbano\/wp-json\/wp\/v2\/posts\/170890"}],"collection":[{"href":"https:\/\/experienciadevida.com.ar\/portalurbano\/wp-json\/wp\/v2\/posts"}],"about":[{"href":"https:\/\/experienciadevida.com.ar\/portalurbano\/wp-json\/wp\/v2\/types\/post"}],"author":[{"embeddable":true,"href":"https:\/\/experienciadevida.com.ar\/portalurbano\/wp-json\/wp\/v2\/users\/1"}],"replies":[{"embeddable":true,"href":"https:\/\/experienciadevida.com.ar\/portalurbano\/wp-json\/wp\/v2\/comments?post=170890"}],"version-history":[{"count":2,"href":"https:\/\/experienciadevida.com.ar\/portalurbano\/wp-json\/wp\/v2\/posts\/170890\/revisions"}],"predecessor-version":[{"id":170892,"href":"https:\/\/experienciadevida.com.ar\/portalurbano\/wp-json\/wp\/v2\/posts\/170890\/revisions\/170892"}],"wp:featuredmedia":[{"embeddable":true,"href":"https:\/\/experienciadevida.com.ar\/portalurbano\/wp-json\/wp\/v2\/media\/170833"}],"wp:attachment":[{"href":"https:\/\/experienciadevida.com.ar\/portalurbano\/wp-json\/wp\/v2\/media?parent=170890"}],"wp:term":[{"taxonomy":"category","embeddable":true,"href":"https:\/\/experienciadevida.com.ar\/portalurbano\/wp-json\/wp\/v2\/categories?post=170890"},{"taxonomy":"post_tag","embeddable":true,"href":"https:\/\/experienciadevida.com.ar\/portalurbano\/wp-json\/wp\/v2\/tags?post=170890"}],"curies":[{"name":"wp","href":"https:\/\/api.w.org\/{rel}","templated":true}]}}