{"id":170885,"date":"2022-07-07T10:49:02","date_gmt":"2022-07-07T13:49:02","guid":{"rendered":"https:\/\/experienciadevida.com.ar\/portalurbano\/?p=170885"},"modified":"2022-07-07T10:49:24","modified_gmt":"2022-07-07T13:49:24","slug":"la-facultad-de-ingenieria-proyecta-una-importante-ampliacion-edilicia","status":"publish","type":"post","link":"https:\/\/experienciadevida.com.ar\/portalurbano\/la-facultad-de-ingenieria-proyecta-una-importante-ampliacion-edilicia\/","title":{"rendered":"La Facultad de Ingenier\u00eda proyecta una importante ampliaci\u00f3n edilicia"},"content":{"rendered":"<p><a href=\"https:\/\/www.facebook.com\/FIO.UNICEN\">La Facultad de Ingenier\u00eda<\/a> proyecta una importante ampliaci\u00f3n edilicia, con financiamiento del CPA, la obra estar\u00e1 destinada a alojar una de las carreras que dicta la Facultad de Ingenier\u00eda olavarriense (FIO). Se trata de Ingenier\u00eda en Agrimensura, carrera perteneciente al Departamento de Ingenier\u00eda Civil y Agrimensura. La ejecuci\u00f3n estar\u00e1 a cargo de UNICEN y la FIO.<\/p>\n<p>El Consejo Profesional de Agrimensura de la Provincia de Buenos Aires (CPA) aprob\u00f3 d\u00edas atr\u00e1s el financiamiento de un edificio que se construir\u00e1 en el Complejo Universitario que la Universidad Nacional del Centro (UNICEN) tiene en Olavarr\u00eda.<\/p>\n<p>La obra estar\u00e1 destinada a alojar una de las carreras que dicta la Facultad de Ingenier\u00eda olavarriense (FIO). Se trata de Ingenier\u00eda en Agrimensura, carrera perteneciente al Departamento de Ingenier\u00eda Civil y Agrimensura. La ejecuci\u00f3n estar\u00e1 a cargo de UNICEN y la FIO.<\/p>\n<p>El lugar elegido para el emplazamiento del nuevo edificio se ubica en el Complejo Universitario de Avda. Del Valle y La Rioja, y la nueva sede se ha proyectado en uno de los espacios de la FIO, entre el Sal\u00f3n Auditorio y el edificio de Ingenier\u00eda Qu\u00edmica y Tecnolog\u00eda de los alimentos.<\/p>\n<p><a href=\"https:\/\/experienciadevida.com.ar\/portalurbano\/la-facultad-de-ingenieria-proyecta-una-importante-ampliacion-edilicia\/la-facultad\/\" rel=\"attachment wp-att-170887\"><img decoding=\"async\" class=\"alignnone size-full wp-image-170887\" src=\"https:\/\/experienciadevida.com.ar\/portalurbano\/wp-content\/uploads\/2022\/07\/La-Facultad.jpg\" alt=\"La facultad \" width=\"800\" height=\"543\" srcset=\"https:\/\/experienciadevida.com.ar\/portalurbano\/wp-content\/uploads\/2022\/07\/La-Facultad.jpg 800w, https:\/\/experienciadevida.com.ar\/portalurbano\/wp-content\/uploads\/2022\/07\/La-Facultad-300x204.jpg 300w, https:\/\/experienciadevida.com.ar\/portalurbano\/wp-content\/uploads\/2022\/07\/La-Facultad-768x521.jpg 768w\" sizes=\"(max-width: 800px) 100vw, 800px\" \/><\/a><\/p>\n<p>No es la primera vez que el CPA contribuye con la carrera Ingenier\u00eda en Agrimensura, ya que ha estado permanentemente presente tanto en su difusi\u00f3n, como en el aporte de tecnolog\u00eda, conocimientos y recursos.<\/p>\n<p>El nuevo edificio tendr\u00e1 320 m2 cubiertos, que se destinar\u00e1n a aulas, salas de reuni\u00f3n, gabinetes, laboratorios, oficinas y sal\u00f3n de Usos m\u00faltiples. El entorno de terreno natural brinda, adem\u00e1s, un contexto \u00f3ptimo para el desarrollo de actividades pr\u00e1cticas propias de la formaci\u00f3n acad\u00e9mica.<\/p>\n","protected":false},"excerpt":{"rendered":"<p>La Facultad de Ingenier\u00eda proyecta una importante ampliaci\u00f3n edilicia, con financiamiento del CPA, la obra&#8230;<\/p>\n","protected":false},"author":1,"featured_media":170886,"comment_status":"closed","ping_status":"closed","sticky":false,"template":"","format":"standard","meta":{"content-type":""},"categories":[31],"tags":[],"nelio_content":{"isAutoShareEnabled":false,"autoShareEndMode":"default","automationSources":{"useContentSentences":true,"useSocialTemplates":true,"useCustomSentences":false,"customSentences":[]},"followers":[1],"suggestedReferences":[],"includedReferences":[],"efiUrl":"","efiAlt":"","highlights":[]},"yoast_head":"<!-- This site is optimized with the Yoast SEO plugin v20.7 - https:\/\/yoast.com\/wordpress\/plugins\/seo\/ -->\n<title>La facultad de Ingenier\u00eda proyecta una importante ampliaci\u00f3n edilicia<\/title>\n<meta name=\"description\" content=\"La Facultad de Ingenier\u00eda proyecta una importante ampliaci\u00f3n edilicia, con financiamiento del CPA, destinada a alojar una de las carreras\" \/>\n<meta name=\"robots\" content=\"index, follow, max-snippet:-1, max-image-preview:large, max-video-preview:-1\" \/>\n<link rel=\"canonical\" href=\"https:\/\/experienciadevida.com.ar\/portalurbano\/la-facultad-de-ingenieria-proyecta-una-importante-ampliacion-edilicia\/\" \/>\n<meta property=\"og:locale\" content=\"es_ES\" \/>\n<meta property=\"og:type\" content=\"article\" \/>\n<meta property=\"og:title\" content=\"La facultad de Ingenier\u00eda proyecta una importante ampliaci\u00f3n edilicia\" \/>\n<meta property=\"og:description\" content=\"La Facultad de Ingenier\u00eda proyecta una importante ampliaci\u00f3n edilicia, con financiamiento del CPA, destinada a alojar una de las carreras\" \/>\n<meta property=\"og:url\" content=\"https:\/\/experienciadevida.com.ar\/portalurbano\/la-facultad-de-ingenieria-proyecta-una-importante-ampliacion-edilicia\/\" \/>\n<meta property=\"article:publisher\" content=\"https:\/\/www.facebook.com\/Portal-Urbano-171542830093757\/\" \/>\n<meta property=\"article:published_time\" content=\"2022-07-07T13:49:02+00:00\" \/>\n<meta property=\"article:modified_time\" content=\"2022-07-07T13:49:24+00:00\" \/>\n<meta property=\"og:image\" content=\"https:\/\/experienciadevida.com.ar\/portalurbano\/wp-content\/uploads\/2022\/07\/La-Facultad-de-Ingenieria.jpg\" \/>\n\t<meta property=\"og:image:width\" content=\"800\" \/>\n\t<meta property=\"og:image:height\" content=\"445\" \/>\n\t<meta property=\"og:image:type\" content=\"image\/jpeg\" \/>\n<meta name=\"author\" content=\"admpu17wp\" \/>\n<meta name=\"twitter:card\" content=\"summary_large_image\" \/>\n<meta name=\"twitter:creator\" content=\"@portalurbanook\" \/>\n<meta name=\"twitter:site\" content=\"@portalurbanook\" \/>\n<meta name=\"twitter:label1\" content=\"Escrito por\" \/>\n\t<meta name=\"twitter:data1\" content=\"admpu17wp\" \/>\n\t<meta name=\"twitter:label2\" content=\"Tiempo de lectura\" \/>\n\t<meta name=\"twitter:data2\" content=\"2 minutos\" \/>\n<script type=\"application\/ld+json\" class=\"yoast-schema-graph\">{\"@context\":\"https:\/\/schema.org\",\"@graph\":[{\"@type\":\"Article\",\"@id\":\"https:\/\/experienciadevida.com.ar\/portalurbano\/la-facultad-de-ingenieria-proyecta-una-importante-ampliacion-edilicia\/#article\",\"isPartOf\":{\"@id\":\"https:\/\/experienciadevida.com.ar\/portalurbano\/la-facultad-de-ingenieria-proyecta-una-importante-ampliacion-edilicia\/\"},\"author\":{\"name\":\"admpu17wp\",\"@id\":\"https:\/\/experienciadevida.com.ar\/portalurbano\/#\/schema\/person\/02dd326b1c4b056e9cc972486934a3a7\"},\"headline\":\"La Facultad de Ingenier\u00eda proyecta una importante ampliaci\u00f3n edilicia\",\"datePublished\":\"2022-07-07T13:49:02+00:00\",\"dateModified\":\"2022-07-07T13:49:24+00:00\",\"mainEntityOfPage\":{\"@id\":\"https:\/\/experienciadevida.com.ar\/portalurbano\/la-facultad-de-ingenieria-proyecta-una-importante-ampliacion-edilicia\/\"},\"wordCount\":304,\"publisher\":{\"@id\":\"https:\/\/experienciadevida.com.ar\/portalurbano\/#organization\"},\"articleSection\":[\"Educaci\u00f3n\"],\"inLanguage\":\"es\"},{\"@type\":\"WebPage\",\"@id\":\"https:\/\/experienciadevida.com.ar\/portalurbano\/la-facultad-de-ingenieria-proyecta-una-importante-ampliacion-edilicia\/\",\"url\":\"https:\/\/experienciadevida.com.ar\/portalurbano\/la-facultad-de-ingenieria-proyecta-una-importante-ampliacion-edilicia\/\",\"name\":\"La facultad de Ingenier\u00eda proyecta una importante ampliaci\u00f3n edilicia\",\"isPartOf\":{\"@id\":\"https:\/\/experienciadevida.com.ar\/portalurbano\/#website\"},\"datePublished\":\"2022-07-07T13:49:02+00:00\",\"dateModified\":\"2022-07-07T13:49:24+00:00\",\"description\":\"La Facultad de Ingenier\u00eda proyecta una importante ampliaci\u00f3n edilicia, con financiamiento del CPA, destinada a alojar una de las carreras\",\"breadcrumb\":{\"@id\":\"https:\/\/experienciadevida.com.ar\/portalurbano\/la-facultad-de-ingenieria-proyecta-una-importante-ampliacion-edilicia\/#breadcrumb\"},\"inLanguage\":\"es\",\"potentialAction\":[{\"@type\":\"ReadAction\",\"target\":[\"https:\/\/experienciadevida.com.ar\/portalurbano\/la-facultad-de-ingenieria-proyecta-una-importante-ampliacion-edilicia\/\"]}]},{\"@type\":\"BreadcrumbList\",\"@id\":\"https:\/\/experienciadevida.com.ar\/portalurbano\/la-facultad-de-ingenieria-proyecta-una-importante-ampliacion-edilicia\/#breadcrumb\",\"itemListElement\":[{\"@type\":\"ListItem\",\"position\":1,\"name\":\"Portada\",\"item\":\"https:\/\/experienciadevida.com.ar\/portalurbano\/\"},{\"@type\":\"ListItem\",\"position\":2,\"name\":\"La Facultad de Ingenier\u00eda proyecta una importante ampliaci\u00f3n edilicia\"}]},{\"@type\":\"WebSite\",\"@id\":\"https:\/\/experienciadevida.com.ar\/portalurbano\/#website\",\"url\":\"https:\/\/experienciadevida.com.ar\/portalurbano\/\",\"name\":\"\",\"description\":\"\",\"publisher\":{\"@id\":\"https:\/\/experienciadevida.com.ar\/portalurbano\/#organization\"},\"potentialAction\":[{\"@type\":\"SearchAction\",\"target\":{\"@type\":\"EntryPoint\",\"urlTemplate\":\"https:\/\/experienciadevida.com.ar\/portalurbano\/?s={search_term_string}\"},\"query-input\":\"required name=search_term_string\"}],\"inLanguage\":\"es\"},{\"@type\":\"Organization\",\"@id\":\"https:\/\/experienciadevida.com.ar\/portalurbano\/#organization\",\"name\":\"Portal Urbano\",\"url\":\"https:\/\/experienciadevida.com.ar\/portalurbano\/\",\"logo\":{\"@type\":\"ImageObject\",\"inLanguage\":\"es\",\"@id\":\"https:\/\/experienciadevida.com.ar\/portalurbano\/#\/schema\/logo\/image\/\",\"url\":\"https:\/\/experienciadevida.com.ar\/portalurbano\/wp-content\/uploads\/2019\/09\/Logo-Original.png\",\"contentUrl\":\"https:\/\/experienciadevida.com.ar\/portalurbano\/wp-content\/uploads\/2019\/09\/Logo-Original.png\",\"width\":2236,\"height\":1216,\"caption\":\"Portal Urbano\"},\"image\":{\"@id\":\"https:\/\/experienciadevida.com.ar\/portalurbano\/#\/schema\/logo\/image\/\"},\"sameAs\":[\"https:\/\/www.facebook.com\/Portal-Urbano-171542830093757\/\",\"https:\/\/twitter.com\/portalurbanook\",\"https:\/\/www.instagram.com\/_portalurbano\/\",\"https:\/\/www.youtube.com\/channel\/UCXhagIfszH8KxFiOok79zbA?view_as=subscriber\"]},{\"@type\":\"Person\",\"@id\":\"https:\/\/experienciadevida.com.ar\/portalurbano\/#\/schema\/person\/02dd326b1c4b056e9cc972486934a3a7\",\"name\":\"admpu17wp\",\"image\":{\"@type\":\"ImageObject\",\"inLanguage\":\"es\",\"@id\":\"https:\/\/experienciadevida.com.ar\/portalurbano\/#\/schema\/person\/image\/\",\"url\":\"https:\/\/secure.gravatar.com\/avatar\/830d4c57adaae6630765e449a6908047?s=96&d=mm&r=g\",\"contentUrl\":\"https:\/\/secure.gravatar.com\/avatar\/830d4c57adaae6630765e449a6908047?s=96&d=mm&r=g\",\"caption\":\"admpu17wp\"}}]}<\/script>\n<!-- \/ Yoast SEO plugin. -->","yoast_head_json":{"title":"La facultad de Ingenier\u00eda proyecta una importante ampliaci\u00f3n edilicia","description":"La Facultad de Ingenier\u00eda proyecta una importante ampliaci\u00f3n edilicia, con financiamiento del CPA, destinada a alojar una de las carreras","robots":{"index":"index","follow":"follow","max-snippet":"max-snippet:-1","max-image-preview":"max-image-preview:large","max-video-preview":"max-video-preview:-1"},"canonical":"https:\/\/experienciadevida.com.ar\/portalurbano\/la-facultad-de-ingenieria-proyecta-una-importante-ampliacion-edilicia\/","og_locale":"es_ES","og_type":"article","og_title":"La facultad de Ingenier\u00eda proyecta una importante ampliaci\u00f3n edilicia","og_description":"La Facultad de Ingenier\u00eda proyecta una importante ampliaci\u00f3n edilicia, con financiamiento del CPA, destinada a alojar una de las carreras","og_url":"https:\/\/experienciadevida.com.ar\/portalurbano\/la-facultad-de-ingenieria-proyecta-una-importante-ampliacion-edilicia\/","article_publisher":"https:\/\/www.facebook.com\/Portal-Urbano-171542830093757\/","article_published_time":"2022-07-07T13:49:02+00:00","article_modified_time":"2022-07-07T13:49:24+00:00","og_image":[{"width":800,"height":445,"url":"https:\/\/experienciadevida.com.ar\/portalurbano\/wp-content\/uploads\/2022\/07\/La-Facultad-de-Ingenieria.jpg","type":"image\/jpeg"}],"author":"admpu17wp","twitter_card":"summary_large_image","twitter_creator":"@portalurbanook","twitter_site":"@portalurbanook","twitter_misc":{"Escrito por":"admpu17wp","Tiempo de lectura":"2 minutos"},"schema":{"@context":"https:\/\/schema.org","@graph":[{"@type":"Article","@id":"https:\/\/experienciadevida.com.ar\/portalurbano\/la-facultad-de-ingenieria-proyecta-una-importante-ampliacion-edilicia\/#article","isPartOf":{"@id":"https:\/\/experienciadevida.com.ar\/portalurbano\/la-facultad-de-ingenieria-proyecta-una-importante-ampliacion-edilicia\/"},"author":{"name":"admpu17wp","@id":"https:\/\/experienciadevida.com.ar\/portalurbano\/#\/schema\/person\/02dd326b1c4b056e9cc972486934a3a7"},"headline":"La Facultad de Ingenier\u00eda proyecta una importante ampliaci\u00f3n edilicia","datePublished":"2022-07-07T13:49:02+00:00","dateModified":"2022-07-07T13:49:24+00:00","mainEntityOfPage":{"@id":"https:\/\/experienciadevida.com.ar\/portalurbano\/la-facultad-de-ingenieria-proyecta-una-importante-ampliacion-edilicia\/"},"wordCount":304,"publisher":{"@id":"https:\/\/experienciadevida.com.ar\/portalurbano\/#organization"},"articleSection":["Educaci\u00f3n"],"inLanguage":"es"},{"@type":"WebPage","@id":"https:\/\/experienciadevida.com.ar\/portalurbano\/la-facultad-de-ingenieria-proyecta-una-importante-ampliacion-edilicia\/","url":"https:\/\/experienciadevida.com.ar\/portalurbano\/la-facultad-de-ingenieria-proyecta-una-importante-ampliacion-edilicia\/","name":"La facultad de Ingenier\u00eda proyecta una importante ampliaci\u00f3n edilicia","isPartOf":{"@id":"https:\/\/experienciadevida.com.ar\/portalurbano\/#website"},"datePublished":"2022-07-07T13:49:02+00:00","dateModified":"2022-07-07T13:49:24+00:00","description":"La Facultad de Ingenier\u00eda proyecta una importante ampliaci\u00f3n edilicia, con financiamiento del CPA, destinada a alojar una de las carreras","breadcrumb":{"@id":"https:\/\/experienciadevida.com.ar\/portalurbano\/la-facultad-de-ingenieria-proyecta-una-importante-ampliacion-edilicia\/#breadcrumb"},"inLanguage":"es","potentialAction":[{"@type":"ReadAction","target":["https:\/\/experienciadevida.com.ar\/portalurbano\/la-facultad-de-ingenieria-proyecta-una-importante-ampliacion-edilicia\/"]}]},{"@type":"BreadcrumbList","@id":"https:\/\/experienciadevida.com.ar\/portalurbano\/la-facultad-de-ingenieria-proyecta-una-importante-ampliacion-edilicia\/#breadcrumb","itemListElement":[{"@type":"ListItem","position":1,"name":"Portada","item":"https:\/\/experienciadevida.com.ar\/portalurbano\/"},{"@type":"ListItem","position":2,"name":"La Facultad de Ingenier\u00eda proyecta una importante ampliaci\u00f3n edilicia"}]},{"@type":"WebSite","@id":"https:\/\/experienciadevida.com.ar\/portalurbano\/#website","url":"https:\/\/experienciadevida.com.ar\/portalurbano\/","name":"","description":"","publisher":{"@id":"https:\/\/experienciadevida.com.ar\/portalurbano\/#organization"},"potentialAction":[{"@type":"SearchAction","target":{"@type":"EntryPoint","urlTemplate":"https:\/\/experienciadevida.com.ar\/portalurbano\/?s={search_term_string}"},"query-input":"required name=search_term_string"}],"inLanguage":"es"},{"@type":"Organization","@id":"https:\/\/experienciadevida.com.ar\/portalurbano\/#organization","name":"Portal Urbano","url":"https:\/\/experienciadevida.com.ar\/portalurbano\/","logo":{"@type":"ImageObject","inLanguage":"es","@id":"https:\/\/experienciadevida.com.ar\/portalurbano\/#\/schema\/logo\/image\/","url":"https:\/\/experienciadevida.com.ar\/portalurbano\/wp-content\/uploads\/2019\/09\/Logo-Original.png","contentUrl":"https:\/\/experienciadevida.com.ar\/portalurbano\/wp-content\/uploads\/2019\/09\/Logo-Original.png","width":2236,"height":1216,"caption":"Portal Urbano"},"image":{"@id":"https:\/\/experienciadevida.com.ar\/portalurbano\/#\/schema\/logo\/image\/"},"sameAs":["https:\/\/www.facebook.com\/Portal-Urbano-171542830093757\/","https:\/\/twitter.com\/portalurbanook","https:\/\/www.instagram.com\/_portalurbano\/","https:\/\/www.youtube.com\/channel\/UCXhagIfszH8KxFiOok79zbA?view_as=subscriber"]},{"@type":"Person","@id":"https:\/\/experienciadevida.com.ar\/portalurbano\/#\/schema\/person\/02dd326b1c4b056e9cc972486934a3a7","name":"admpu17wp","image":{"@type":"ImageObject","inLanguage":"es","@id":"https:\/\/experienciadevida.com.ar\/portalurbano\/#\/schema\/person\/image\/","url":"https:\/\/secure.gravatar.com\/avatar\/830d4c57adaae6630765e449a6908047?s=96&d=mm&r=g","contentUrl":"https:\/\/secure.gravatar.com\/avatar\/830d4c57adaae6630765e449a6908047?s=96&d=mm&r=g","caption":"admpu17wp"}}]}},"featured_image_urls":{"full":["https:\/\/experienciadevida.com.ar\/portalurbano\/wp-content\/uploads\/2022\/07\/La-Facultad-de-Ingenieria.jpg",800,445,false],"thumbnail":["https:\/\/experienciadevida.com.ar\/portalurbano\/wp-content\/uploads\/2022\/07\/La-Facultad-de-Ingenieria-150x150.jpg",150,150,true],"medium":["https:\/\/experienciadevida.com.ar\/portalurbano\/wp-content\/uploads\/2022\/07\/La-Facultad-de-Ingenieria-300x167.jpg",300,167,true],"medium_large":["https:\/\/experienciadevida.com.ar\/portalurbano\/wp-content\/uploads\/2022\/07\/La-Facultad-de-Ingenieria-768x427.jpg",640,356,true],"large":["https:\/\/experienciadevida.com.ar\/portalurbano\/wp-content\/uploads\/2022\/07\/La-Facultad-de-Ingenieria.jpg",640,356,false],"ug_big":["https:\/\/experienciadevida.com.ar\/portalurbano\/wp-content\/uploads\/2022\/07\/La-Facultad-de-Ingenieria-768x427.jpg",768,427,true],"1536x1536":["https:\/\/experienciadevida.com.ar\/portalurbano\/wp-content\/uploads\/2022\/07\/La-Facultad-de-Ingenieria.jpg",800,445,false],"2048x2048":["https:\/\/experienciadevida.com.ar\/portalurbano\/wp-content\/uploads\/2022\/07\/La-Facultad-de-Ingenieria.jpg",800,445,false],"newsever-slider-full":["https:\/\/experienciadevida.com.ar\/portalurbano\/wp-content\/uploads\/2022\/07\/La-Facultad-de-Ingenieria.jpg",800,445,false],"newsever-featured":["https:\/\/experienciadevida.com.ar\/portalurbano\/wp-content\/uploads\/2022\/07\/La-Facultad-de-Ingenieria.jpg",800,445,false],"newsever-medium":["https:\/\/experienciadevida.com.ar\/portalurbano\/wp-content\/uploads\/2022\/07\/La-Facultad-de-Ingenieria.jpg",720,401,false],"web-stories-poster-portrait":["https:\/\/experienciadevida.com.ar\/portalurbano\/wp-content\/uploads\/2022\/07\/La-Facultad-de-Ingenieria.jpg",640,356,false],"web-stories-publisher-logo":["https:\/\/experienciadevida.com.ar\/portalurbano\/wp-content\/uploads\/2022\/07\/La-Facultad-de-Ingenieria.jpg",96,53,false],"web-stories-thumbnail":["https:\/\/experienciadevida.com.ar\/portalurbano\/wp-content\/uploads\/2022\/07\/La-Facultad-de-Ingenieria.jpg",150,83,false]},"author_info":{"display_name":"admpu17wp","author_link":"https:\/\/experienciadevida.com.ar\/portalurbano\/author\/admpu17wp\/"},"category_info":"<a href=\"https:\/\/experienciadevida.com.ar\/portalurbano\/category\/ciudad\/educacion\/\" rel=\"category tag\">Educaci\u00f3n<\/a>","tag_info":"Educaci\u00f3n","comment_count":"0","amp_enabled":true,"_links":{"self":[{"href":"https:\/\/experienciadevida.com.ar\/portalurbano\/wp-json\/wp\/v2\/posts\/170885"}],"collection":[{"href":"https:\/\/experienciadevida.com.ar\/portalurbano\/wp-json\/wp\/v2\/posts"}],"about":[{"href":"https:\/\/experienciadevida.com.ar\/portalurbano\/wp-json\/wp\/v2\/types\/post"}],"author":[{"embeddable":true,"href":"https:\/\/experienciadevida.com.ar\/portalurbano\/wp-json\/wp\/v2\/users\/1"}],"replies":[{"embeddable":true,"href":"https:\/\/experienciadevida.com.ar\/portalurbano\/wp-json\/wp\/v2\/comments?post=170885"}],"version-history":[{"count":2,"href":"https:\/\/experienciadevida.com.ar\/portalurbano\/wp-json\/wp\/v2\/posts\/170885\/revisions"}],"predecessor-version":[{"id":170889,"href":"https:\/\/experienciadevida.com.ar\/portalurbano\/wp-json\/wp\/v2\/posts\/170885\/revisions\/170889"}],"wp:featuredmedia":[{"embeddable":true,"href":"https:\/\/experienciadevida.com.ar\/portalurbano\/wp-json\/wp\/v2\/media\/170886"}],"wp:attachment":[{"href":"https:\/\/experienciadevida.com.ar\/portalurbano\/wp-json\/wp\/v2\/media?parent=170885"}],"wp:term":[{"taxonomy":"category","embeddable":true,"href":"https:\/\/experienciadevida.com.ar\/portalurbano\/wp-json\/wp\/v2\/categories?post=170885"},{"taxonomy":"post_tag","embeddable":true,"href":"https:\/\/experienciadevida.com.ar\/portalurbano\/wp-json\/wp\/v2\/tags?post=170885"}],"curies":[{"name":"wp","href":"https:\/\/api.w.org\/{rel}","templated":true}]}}