{"id":170880,"date":"2022-07-07T10:43:21","date_gmt":"2022-07-07T13:43:21","guid":{"rendered":"https:\/\/experienciadevida.com.ar\/portalurbano\/?p=170880"},"modified":"2022-07-07T10:45:54","modified_gmt":"2022-07-07T13:45:54","slug":"la-fio-asegura-que-la-movilidad-electrica-es-una-oportunidad-de-desarrollo-por-la-que-debe-apostarse-ya","status":"publish","type":"post","link":"https:\/\/experienciadevida.com.ar\/portalurbano\/la-fio-asegura-que-la-movilidad-electrica-es-una-oportunidad-de-desarrollo-por-la-que-debe-apostarse-ya\/","title":{"rendered":"La FIO asegura que la movilidad el\u00e9ctrica es una oportunidad de desarrollo por la que debe apostarse ya"},"content":{"rendered":"<p>La <a href=\"https:\/\/www.facebook.com\/FIO.UNICEN\">FIO<\/a> asegura que la movilidad el\u00e9ctrica es una oportunidad de desarrollo por la que debe apostarse ya, integrantes del proyecto &#8220;Energ\u00eda y movilidad sustentable&#8221; intentan marcar una hoja de ruta en la materia.<\/p>\n<p>Con esa finalidad desarrololan un veh\u00edculo el\u00e9ctrico urbano propio y proponen hacer dise\u00f1o de tecnolog\u00eda. Tambi\u00e9n planean convocar a actores regionales e internacionales de todos los sectores. En ese escenario, los emprendedores son un engranaje clave y para ellos brindar\u00e1n capacitaciones espec\u00edficas. Adem\u00e1s, proyectan un laboratorio de Verificaci\u00f3n T\u00e9cnica de Conversi\u00f3n (VTC) y estaciones de carga con energ\u00edas renovables. Se incorpora el trabajo en red y nuevos empleos.<\/p>\n<p>Buscan que autos, bicicletas y monopatines el\u00e9ctricos sean parte del paisaje urbano en Olavarr\u00eda y comiencen a desplazar al transporte que hoy funciona en base a combustibles f\u00f3siles. Eso proponen quienes lideran el proyecto de movilidad sustentable que acaba de ser aprobado por la Facultad de Ingenier\u00eda de Olavarr\u00eda. La receta incluye un auto el\u00e9ctrico propio, el dise\u00f1o de equipamiento y la convocatoria a actores regionales e internacionales de todos los sectores. Los emprendedores locales ser\u00e1n una pieza clave y habr\u00e1 capacitaciones. Tambi\u00e9n planean un laboratorio de verificaci\u00f3n t\u00e9cnica de veh\u00edculos el\u00e9ctricos dentro de la FIO, realizar mediciones y montar estaciones de carga. Tienen todo listo para ser pioneros y marcar una hoja de ruta dentro de este nuevo escenario energ\u00e9tico.<\/p>\n<p>\u201cEnerg\u00eda y movilidad sustentable\u201d es el nombre del proyecto que dirigen los ingenieros Marcelo Spina y Gabriel Blanco al que se sumaron los ingenieros Luis Estigarribia (externo, en desarrollo tecnol\u00f3gico), Federico Gachen (graduado de la FIO, desarrollo y capacitaci\u00f3n), el Lic. Adri\u00e1n Mac\u00edas (nodocente de la FIO, comunicaci\u00f3n y producci\u00f3n), Nicol\u00e1s Brizzio (t\u00e9cnico y estudiante de la FIO, desarrollo y capacitaci\u00f3n), el Ing. Joaqu\u00edn Domato (docente FIO y director del CDEI, gesti\u00f3n de emprendimientos), Esteban Seibel (estudiante, gesti\u00f3n de emprendimientos), el Ing. Leonardo Ferreira Da Silva (docente FIO\/doctorando en investigaci\u00f3n y desarrollo), la Ing. Daniela Keesler (docente FIO, investigaci\u00f3n), la Lic. Julia Igoa (nodocente FIO, cooperaci\u00f3n y Relaciones Internacionales) y la Lic. Karina Gast\u00f3n (Polo de Energ\u00edas Renovables, prensa y comunicaci\u00f3n).<\/p>\n<p><strong>Ir a la conversi\u00f3n, s\u00ed o s\u00ed:<\/strong><\/p>\n<p>Los datos son determinantes y exigen apurar los tiempos: casi el 20% de las emisiones mundiales relacionadas con el uso de la energ\u00eda son causadas por el transporte de personas y bienes y se estima que la cifra ser\u00e1 del 70% en 2050, siendo Am\u00e9rica Latina la regi\u00f3n m\u00e1s urbanizada del mundo.<\/p>\n<p>La FIO asegura que la movilidad el\u00e9ctrica es una oportunidad de desarrollo por la que debe apostarse ya, por lo tanto,<\/p>\n","protected":false},"excerpt":{"rendered":"<p>La FIO asegura que la movilidad el\u00e9ctrica es una oportunidad de desarrollo por la que&#8230;<\/p>\n","protected":false},"author":1,"featured_media":170881,"comment_status":"closed","ping_status":"closed","sticky":false,"template":"","format":"standard","meta":{"content-type":""},"categories":[31],"tags":[],"nelio_content":{"isAutoShareEnabled":false,"autoShareEndMode":"default","automationSources":{"useContentSentences":true,"useSocialTemplates":true,"useCustomSentences":false,"customSentences":[]},"followers":[1],"suggestedReferences":[],"includedReferences":[],"efiUrl":"","efiAlt":"","highlights":[]},"yoast_head":"<!-- This site is optimized with the Yoast SEO plugin v20.7 - https:\/\/yoast.com\/wordpress\/plugins\/seo\/ -->\n<title>La FIO asegura que la movilidad el\u00e9ctrica es una oportunidad de desarrollo<\/title>\n<meta name=\"description\" content=\"La FIO asegura que la movilidad el\u00e9ctrica es una oportunidad de desarrollo por la que debe apostarse ya, integrantes del proyecto\" \/>\n<meta name=\"robots\" content=\"index, follow, max-snippet:-1, max-image-preview:large, max-video-preview:-1\" \/>\n<link rel=\"canonical\" href=\"https:\/\/experienciadevida.com.ar\/portalurbano\/la-fio-asegura-que-la-movilidad-electrica-es-una-oportunidad-de-desarrollo-por-la-que-debe-apostarse-ya\/\" \/>\n<meta property=\"og:locale\" content=\"es_ES\" \/>\n<meta property=\"og:type\" content=\"article\" \/>\n<meta property=\"og:title\" content=\"La FIO asegura que la movilidad el\u00e9ctrica es una oportunidad de desarrollo\" \/>\n<meta property=\"og:description\" content=\"La FIO asegura que la movilidad el\u00e9ctrica es una oportunidad de desarrollo por la que debe apostarse ya, integrantes del proyecto\" \/>\n<meta property=\"og:url\" content=\"https:\/\/experienciadevida.com.ar\/portalurbano\/la-fio-asegura-que-la-movilidad-electrica-es-una-oportunidad-de-desarrollo-por-la-que-debe-apostarse-ya\/\" \/>\n<meta property=\"article:publisher\" content=\"https:\/\/www.facebook.com\/Portal-Urbano-171542830093757\/\" \/>\n<meta property=\"article:published_time\" content=\"2022-07-07T13:43:21+00:00\" \/>\n<meta property=\"article:modified_time\" content=\"2022-07-07T13:45:54+00:00\" \/>\n<meta property=\"og:image\" content=\"https:\/\/experienciadevida.com.ar\/portalurbano\/wp-content\/uploads\/2022\/07\/La-FIO-asegura-que.jpg\" \/>\n\t<meta property=\"og:image:width\" content=\"600\" \/>\n\t<meta property=\"og:image:height\" content=\"291\" \/>\n\t<meta property=\"og:image:type\" content=\"image\/jpeg\" \/>\n<meta name=\"author\" content=\"admpu17wp\" \/>\n<meta name=\"twitter:card\" content=\"summary_large_image\" \/>\n<meta name=\"twitter:creator\" content=\"@portalurbanook\" \/>\n<meta name=\"twitter:site\" content=\"@portalurbanook\" \/>\n<meta name=\"twitter:label1\" content=\"Escrito por\" \/>\n\t<meta name=\"twitter:data1\" content=\"admpu17wp\" \/>\n\t<meta name=\"twitter:label2\" content=\"Tiempo de lectura\" \/>\n\t<meta name=\"twitter:data2\" content=\"2 minutos\" \/>\n<script type=\"application\/ld+json\" class=\"yoast-schema-graph\">{\"@context\":\"https:\/\/schema.org\",\"@graph\":[{\"@type\":\"Article\",\"@id\":\"https:\/\/experienciadevida.com.ar\/portalurbano\/la-fio-asegura-que-la-movilidad-electrica-es-una-oportunidad-de-desarrollo-por-la-que-debe-apostarse-ya\/#article\",\"isPartOf\":{\"@id\":\"https:\/\/experienciadevida.com.ar\/portalurbano\/la-fio-asegura-que-la-movilidad-electrica-es-una-oportunidad-de-desarrollo-por-la-que-debe-apostarse-ya\/\"},\"author\":{\"name\":\"admpu17wp\",\"@id\":\"https:\/\/experienciadevida.com.ar\/portalurbano\/#\/schema\/person\/02dd326b1c4b056e9cc972486934a3a7\"},\"headline\":\"La FIO asegura que la movilidad el\u00e9ctrica es una oportunidad de desarrollo por la que debe apostarse ya\",\"datePublished\":\"2022-07-07T13:43:21+00:00\",\"dateModified\":\"2022-07-07T13:45:54+00:00\",\"mainEntityOfPage\":{\"@id\":\"https:\/\/experienciadevida.com.ar\/portalurbano\/la-fio-asegura-que-la-movilidad-electrica-es-una-oportunidad-de-desarrollo-por-la-que-debe-apostarse-ya\/\"},\"wordCount\":494,\"publisher\":{\"@id\":\"https:\/\/experienciadevida.com.ar\/portalurbano\/#organization\"},\"articleSection\":[\"Educaci\u00f3n\"],\"inLanguage\":\"es\"},{\"@type\":\"WebPage\",\"@id\":\"https:\/\/experienciadevida.com.ar\/portalurbano\/la-fio-asegura-que-la-movilidad-electrica-es-una-oportunidad-de-desarrollo-por-la-que-debe-apostarse-ya\/\",\"url\":\"https:\/\/experienciadevida.com.ar\/portalurbano\/la-fio-asegura-que-la-movilidad-electrica-es-una-oportunidad-de-desarrollo-por-la-que-debe-apostarse-ya\/\",\"name\":\"La FIO asegura que la movilidad el\u00e9ctrica es una oportunidad de desarrollo\",\"isPartOf\":{\"@id\":\"https:\/\/experienciadevida.com.ar\/portalurbano\/#website\"},\"datePublished\":\"2022-07-07T13:43:21+00:00\",\"dateModified\":\"2022-07-07T13:45:54+00:00\",\"description\":\"La FIO asegura que la movilidad el\u00e9ctrica es una oportunidad de desarrollo por la que debe apostarse ya, integrantes del proyecto\",\"breadcrumb\":{\"@id\":\"https:\/\/experienciadevida.com.ar\/portalurbano\/la-fio-asegura-que-la-movilidad-electrica-es-una-oportunidad-de-desarrollo-por-la-que-debe-apostarse-ya\/#breadcrumb\"},\"inLanguage\":\"es\",\"potentialAction\":[{\"@type\":\"ReadAction\",\"target\":[\"https:\/\/experienciadevida.com.ar\/portalurbano\/la-fio-asegura-que-la-movilidad-electrica-es-una-oportunidad-de-desarrollo-por-la-que-debe-apostarse-ya\/\"]}]},{\"@type\":\"BreadcrumbList\",\"@id\":\"https:\/\/experienciadevida.com.ar\/portalurbano\/la-fio-asegura-que-la-movilidad-electrica-es-una-oportunidad-de-desarrollo-por-la-que-debe-apostarse-ya\/#breadcrumb\",\"itemListElement\":[{\"@type\":\"ListItem\",\"position\":1,\"name\":\"Portada\",\"item\":\"https:\/\/experienciadevida.com.ar\/portalurbano\/\"},{\"@type\":\"ListItem\",\"position\":2,\"name\":\"La FIO asegura que la movilidad el\u00e9ctrica es una oportunidad de desarrollo por la que debe apostarse ya\"}]},{\"@type\":\"WebSite\",\"@id\":\"https:\/\/experienciadevida.com.ar\/portalurbano\/#website\",\"url\":\"https:\/\/experienciadevida.com.ar\/portalurbano\/\",\"name\":\"\",\"description\":\"\",\"publisher\":{\"@id\":\"https:\/\/experienciadevida.com.ar\/portalurbano\/#organization\"},\"potentialAction\":[{\"@type\":\"SearchAction\",\"target\":{\"@type\":\"EntryPoint\",\"urlTemplate\":\"https:\/\/experienciadevida.com.ar\/portalurbano\/?s={search_term_string}\"},\"query-input\":\"required name=search_term_string\"}],\"inLanguage\":\"es\"},{\"@type\":\"Organization\",\"@id\":\"https:\/\/experienciadevida.com.ar\/portalurbano\/#organization\",\"name\":\"Portal Urbano\",\"url\":\"https:\/\/experienciadevida.com.ar\/portalurbano\/\",\"logo\":{\"@type\":\"ImageObject\",\"inLanguage\":\"es\",\"@id\":\"https:\/\/experienciadevida.com.ar\/portalurbano\/#\/schema\/logo\/image\/\",\"url\":\"https:\/\/experienciadevida.com.ar\/portalurbano\/wp-content\/uploads\/2019\/09\/Logo-Original.png\",\"contentUrl\":\"https:\/\/experienciadevida.com.ar\/portalurbano\/wp-content\/uploads\/2019\/09\/Logo-Original.png\",\"width\":2236,\"height\":1216,\"caption\":\"Portal Urbano\"},\"image\":{\"@id\":\"https:\/\/experienciadevida.com.ar\/portalurbano\/#\/schema\/logo\/image\/\"},\"sameAs\":[\"https:\/\/www.facebook.com\/Portal-Urbano-171542830093757\/\",\"https:\/\/twitter.com\/portalurbanook\",\"https:\/\/www.instagram.com\/_portalurbano\/\",\"https:\/\/www.youtube.com\/channel\/UCXhagIfszH8KxFiOok79zbA?view_as=subscriber\"]},{\"@type\":\"Person\",\"@id\":\"https:\/\/experienciadevida.com.ar\/portalurbano\/#\/schema\/person\/02dd326b1c4b056e9cc972486934a3a7\",\"name\":\"admpu17wp\",\"image\":{\"@type\":\"ImageObject\",\"inLanguage\":\"es\",\"@id\":\"https:\/\/experienciadevida.com.ar\/portalurbano\/#\/schema\/person\/image\/\",\"url\":\"https:\/\/secure.gravatar.com\/avatar\/830d4c57adaae6630765e449a6908047?s=96&d=mm&r=g\",\"contentUrl\":\"https:\/\/secure.gravatar.com\/avatar\/830d4c57adaae6630765e449a6908047?s=96&d=mm&r=g\",\"caption\":\"admpu17wp\"}}]}<\/script>\n<!-- \/ Yoast SEO plugin. -->","yoast_head_json":{"title":"La FIO asegura que la movilidad el\u00e9ctrica es una oportunidad de desarrollo","description":"La FIO asegura que la movilidad el\u00e9ctrica es una oportunidad de desarrollo por la que debe apostarse ya, integrantes del proyecto","robots":{"index":"index","follow":"follow","max-snippet":"max-snippet:-1","max-image-preview":"max-image-preview:large","max-video-preview":"max-video-preview:-1"},"canonical":"https:\/\/experienciadevida.com.ar\/portalurbano\/la-fio-asegura-que-la-movilidad-electrica-es-una-oportunidad-de-desarrollo-por-la-que-debe-apostarse-ya\/","og_locale":"es_ES","og_type":"article","og_title":"La FIO asegura que la movilidad el\u00e9ctrica es una oportunidad de desarrollo","og_description":"La FIO asegura que la movilidad el\u00e9ctrica es una oportunidad de desarrollo por la que debe apostarse ya, integrantes del proyecto","og_url":"https:\/\/experienciadevida.com.ar\/portalurbano\/la-fio-asegura-que-la-movilidad-electrica-es-una-oportunidad-de-desarrollo-por-la-que-debe-apostarse-ya\/","article_publisher":"https:\/\/www.facebook.com\/Portal-Urbano-171542830093757\/","article_published_time":"2022-07-07T13:43:21+00:00","article_modified_time":"2022-07-07T13:45:54+00:00","og_image":[{"width":600,"height":291,"url":"https:\/\/experienciadevida.com.ar\/portalurbano\/wp-content\/uploads\/2022\/07\/La-FIO-asegura-que.jpg","type":"image\/jpeg"}],"author":"admpu17wp","twitter_card":"summary_large_image","twitter_creator":"@portalurbanook","twitter_site":"@portalurbanook","twitter_misc":{"Escrito por":"admpu17wp","Tiempo de lectura":"2 minutos"},"schema":{"@context":"https:\/\/schema.org","@graph":[{"@type":"Article","@id":"https:\/\/experienciadevida.com.ar\/portalurbano\/la-fio-asegura-que-la-movilidad-electrica-es-una-oportunidad-de-desarrollo-por-la-que-debe-apostarse-ya\/#article","isPartOf":{"@id":"https:\/\/experienciadevida.com.ar\/portalurbano\/la-fio-asegura-que-la-movilidad-electrica-es-una-oportunidad-de-desarrollo-por-la-que-debe-apostarse-ya\/"},"author":{"name":"admpu17wp","@id":"https:\/\/experienciadevida.com.ar\/portalurbano\/#\/schema\/person\/02dd326b1c4b056e9cc972486934a3a7"},"headline":"La FIO asegura que la movilidad el\u00e9ctrica es una oportunidad de desarrollo por la que debe apostarse ya","datePublished":"2022-07-07T13:43:21+00:00","dateModified":"2022-07-07T13:45:54+00:00","mainEntityOfPage":{"@id":"https:\/\/experienciadevida.com.ar\/portalurbano\/la-fio-asegura-que-la-movilidad-electrica-es-una-oportunidad-de-desarrollo-por-la-que-debe-apostarse-ya\/"},"wordCount":494,"publisher":{"@id":"https:\/\/experienciadevida.com.ar\/portalurbano\/#organization"},"articleSection":["Educaci\u00f3n"],"inLanguage":"es"},{"@type":"WebPage","@id":"https:\/\/experienciadevida.com.ar\/portalurbano\/la-fio-asegura-que-la-movilidad-electrica-es-una-oportunidad-de-desarrollo-por-la-que-debe-apostarse-ya\/","url":"https:\/\/experienciadevida.com.ar\/portalurbano\/la-fio-asegura-que-la-movilidad-electrica-es-una-oportunidad-de-desarrollo-por-la-que-debe-apostarse-ya\/","name":"La FIO asegura que la movilidad el\u00e9ctrica es una oportunidad de desarrollo","isPartOf":{"@id":"https:\/\/experienciadevida.com.ar\/portalurbano\/#website"},"datePublished":"2022-07-07T13:43:21+00:00","dateModified":"2022-07-07T13:45:54+00:00","description":"La FIO asegura que la movilidad el\u00e9ctrica es una oportunidad de desarrollo por la que debe apostarse ya, integrantes del proyecto","breadcrumb":{"@id":"https:\/\/experienciadevida.com.ar\/portalurbano\/la-fio-asegura-que-la-movilidad-electrica-es-una-oportunidad-de-desarrollo-por-la-que-debe-apostarse-ya\/#breadcrumb"},"inLanguage":"es","potentialAction":[{"@type":"ReadAction","target":["https:\/\/experienciadevida.com.ar\/portalurbano\/la-fio-asegura-que-la-movilidad-electrica-es-una-oportunidad-de-desarrollo-por-la-que-debe-apostarse-ya\/"]}]},{"@type":"BreadcrumbList","@id":"https:\/\/experienciadevida.com.ar\/portalurbano\/la-fio-asegura-que-la-movilidad-electrica-es-una-oportunidad-de-desarrollo-por-la-que-debe-apostarse-ya\/#breadcrumb","itemListElement":[{"@type":"ListItem","position":1,"name":"Portada","item":"https:\/\/experienciadevida.com.ar\/portalurbano\/"},{"@type":"ListItem","position":2,"name":"La FIO asegura que la movilidad el\u00e9ctrica es una oportunidad de desarrollo por la que debe apostarse ya"}]},{"@type":"WebSite","@id":"https:\/\/experienciadevida.com.ar\/portalurbano\/#website","url":"https:\/\/experienciadevida.com.ar\/portalurbano\/","name":"","description":"","publisher":{"@id":"https:\/\/experienciadevida.com.ar\/portalurbano\/#organization"},"potentialAction":[{"@type":"SearchAction","target":{"@type":"EntryPoint","urlTemplate":"https:\/\/experienciadevida.com.ar\/portalurbano\/?s={search_term_string}"},"query-input":"required name=search_term_string"}],"inLanguage":"es"},{"@type":"Organization","@id":"https:\/\/experienciadevida.com.ar\/portalurbano\/#organization","name":"Portal Urbano","url":"https:\/\/experienciadevida.com.ar\/portalurbano\/","logo":{"@type":"ImageObject","inLanguage":"es","@id":"https:\/\/experienciadevida.com.ar\/portalurbano\/#\/schema\/logo\/image\/","url":"https:\/\/experienciadevida.com.ar\/portalurbano\/wp-content\/uploads\/2019\/09\/Logo-Original.png","contentUrl":"https:\/\/experienciadevida.com.ar\/portalurbano\/wp-content\/uploads\/2019\/09\/Logo-Original.png","width":2236,"height":1216,"caption":"Portal Urbano"},"image":{"@id":"https:\/\/experienciadevida.com.ar\/portalurbano\/#\/schema\/logo\/image\/"},"sameAs":["https:\/\/www.facebook.com\/Portal-Urbano-171542830093757\/","https:\/\/twitter.com\/portalurbanook","https:\/\/www.instagram.com\/_portalurbano\/","https:\/\/www.youtube.com\/channel\/UCXhagIfszH8KxFiOok79zbA?view_as=subscriber"]},{"@type":"Person","@id":"https:\/\/experienciadevida.com.ar\/portalurbano\/#\/schema\/person\/02dd326b1c4b056e9cc972486934a3a7","name":"admpu17wp","image":{"@type":"ImageObject","inLanguage":"es","@id":"https:\/\/experienciadevida.com.ar\/portalurbano\/#\/schema\/person\/image\/","url":"https:\/\/secure.gravatar.com\/avatar\/830d4c57adaae6630765e449a6908047?s=96&d=mm&r=g","contentUrl":"https:\/\/secure.gravatar.com\/avatar\/830d4c57adaae6630765e449a6908047?s=96&d=mm&r=g","caption":"admpu17wp"}}]}},"featured_image_urls":{"full":["https:\/\/experienciadevida.com.ar\/portalurbano\/wp-content\/uploads\/2022\/07\/La-FIO-asegura-que.jpg",600,291,false],"thumbnail":["https:\/\/experienciadevida.com.ar\/portalurbano\/wp-content\/uploads\/2022\/07\/La-FIO-asegura-que-150x150.jpg",150,150,true],"medium":["https:\/\/experienciadevida.com.ar\/portalurbano\/wp-content\/uploads\/2022\/07\/La-FIO-asegura-que-300x146.jpg",300,146,true],"medium_large":["https:\/\/experienciadevida.com.ar\/portalurbano\/wp-content\/uploads\/2022\/07\/La-FIO-asegura-que.jpg",600,291,false],"large":["https:\/\/experienciadevida.com.ar\/portalurbano\/wp-content\/uploads\/2022\/07\/La-FIO-asegura-que.jpg",600,291,false],"ug_big":["https:\/\/experienciadevida.com.ar\/portalurbano\/wp-content\/uploads\/2022\/07\/La-FIO-asegura-que.jpg",600,291,false],"1536x1536":["https:\/\/experienciadevida.com.ar\/portalurbano\/wp-content\/uploads\/2022\/07\/La-FIO-asegura-que.jpg",600,291,false],"2048x2048":["https:\/\/experienciadevida.com.ar\/portalurbano\/wp-content\/uploads\/2022\/07\/La-FIO-asegura-que.jpg",600,291,false],"newsever-slider-full":["https:\/\/experienciadevida.com.ar\/portalurbano\/wp-content\/uploads\/2022\/07\/La-FIO-asegura-que.jpg",600,291,false],"newsever-featured":["https:\/\/experienciadevida.com.ar\/portalurbano\/wp-content\/uploads\/2022\/07\/La-FIO-asegura-que.jpg",600,291,false],"newsever-medium":["https:\/\/experienciadevida.com.ar\/portalurbano\/wp-content\/uploads\/2022\/07\/La-FIO-asegura-que.jpg",600,291,false],"web-stories-poster-portrait":["https:\/\/experienciadevida.com.ar\/portalurbano\/wp-content\/uploads\/2022\/07\/La-FIO-asegura-que.jpg",600,291,false],"web-stories-publisher-logo":["https:\/\/experienciadevida.com.ar\/portalurbano\/wp-content\/uploads\/2022\/07\/La-FIO-asegura-que.jpg",96,47,false],"web-stories-thumbnail":["https:\/\/experienciadevida.com.ar\/portalurbano\/wp-content\/uploads\/2022\/07\/La-FIO-asegura-que.jpg",150,73,false]},"author_info":{"display_name":"admpu17wp","author_link":"https:\/\/experienciadevida.com.ar\/portalurbano\/author\/admpu17wp\/"},"category_info":"<a href=\"https:\/\/experienciadevida.com.ar\/portalurbano\/category\/ciudad\/educacion\/\" rel=\"category tag\">Educaci\u00f3n<\/a>","tag_info":"Educaci\u00f3n","comment_count":"0","amp_enabled":true,"_links":{"self":[{"href":"https:\/\/experienciadevida.com.ar\/portalurbano\/wp-json\/wp\/v2\/posts\/170880"}],"collection":[{"href":"https:\/\/experienciadevida.com.ar\/portalurbano\/wp-json\/wp\/v2\/posts"}],"about":[{"href":"https:\/\/experienciadevida.com.ar\/portalurbano\/wp-json\/wp\/v2\/types\/post"}],"author":[{"embeddable":true,"href":"https:\/\/experienciadevida.com.ar\/portalurbano\/wp-json\/wp\/v2\/users\/1"}],"replies":[{"embeddable":true,"href":"https:\/\/experienciadevida.com.ar\/portalurbano\/wp-json\/wp\/v2\/comments?post=170880"}],"version-history":[{"count":3,"href":"https:\/\/experienciadevida.com.ar\/portalurbano\/wp-json\/wp\/v2\/posts\/170880\/revisions"}],"predecessor-version":[{"id":170884,"href":"https:\/\/experienciadevida.com.ar\/portalurbano\/wp-json\/wp\/v2\/posts\/170880\/revisions\/170884"}],"wp:featuredmedia":[{"embeddable":true,"href":"https:\/\/experienciadevida.com.ar\/portalurbano\/wp-json\/wp\/v2\/media\/170881"}],"wp:attachment":[{"href":"https:\/\/experienciadevida.com.ar\/portalurbano\/wp-json\/wp\/v2\/media?parent=170880"}],"wp:term":[{"taxonomy":"category","embeddable":true,"href":"https:\/\/experienciadevida.com.ar\/portalurbano\/wp-json\/wp\/v2\/categories?post=170880"},{"taxonomy":"post_tag","embeddable":true,"href":"https:\/\/experienciadevida.com.ar\/portalurbano\/wp-json\/wp\/v2\/tags?post=170880"}],"curies":[{"name":"wp","href":"https:\/\/api.w.org\/{rel}","templated":true}]}}