{"id":170877,"date":"2022-07-07T10:36:28","date_gmt":"2022-07-07T13:36:28","guid":{"rendered":"https:\/\/experienciadevida.com.ar\/portalurbano\/?p=170877"},"modified":"2022-07-07T10:37:04","modified_gmt":"2022-07-07T13:37:04","slug":"profesional-de-la-fio-seleccionado-para-capacitarse-en-usa","status":"publish","type":"post","link":"https:\/\/experienciadevida.com.ar\/portalurbano\/profesional-de-la-fio-seleccionado-para-capacitarse-en-usa\/","title":{"rendered":"Profesional de la FIO seleccionado para capacitarse en USA"},"content":{"rendered":"<p>Profesional de la <a href=\"https:\/\/www.facebook.com\/FIO.UNICEN\">FIO<\/a> seleccionado para capacitarse en USA, el Ingeniero Franco Chiodi estar\u00e1 seis semanas en Montana.<\/p>\n<p>El ingeniero Franco Chiodi, docente de la Facultad de Ingenier\u00eda y actual director del Departamento de Ingenier\u00eda Industrial de esa unidad acad\u00e9mica, es el representante de Argentina en un ciclo de capacitaciones que se realiza en la Universidad de Montana, Estados Unidos. Desarrollar\u00e1 un modelo de gesti\u00f3n a aplicar en la FIO.<\/p>\n<p>Las relaciones internacionales no son nuevas para el ingeniero Franco Chiodi. Ha realizado diversas estancias en el exterior, e impulsa desde su rol de director del Departamento de Ingenier\u00eda Industrial el fortalecimiento de v\u00ednculos con organizaciones del exterior.<\/p>\n<p>Ahora le ha llegado el turno de protagonizar una significativa experiencia en el remoto estado norteamericano de Montana, que podr\u00eda tener una aplicaci\u00f3n directa en la FIO. Desde el 6 de julio, Chiodi est\u00e1 transitando una instancia de capacitaci\u00f3n que durar\u00e1 seis semanas, dictada por la Universidad de Montana, en el marco de un Programa de los Estados Unidos que, durante ese per\u00edodo, atiende todas las necesidades de quienes participen. La tem\u00e1tica se ha denominado \u201cDesarrollo de la fuerza laboral\u201d; particularmente se ver\u00e1n herramientas para cerrar la brecha entre la formaci\u00f3n actual de profesionales y las necesidades de la industria. \u201cPretenden acercar las nuevas necesidades del mercado, por ejemplo industria 4.0, postpandemia, y esa formaci\u00f3n caracter\u00edstica de la prepandemia\u201d, explica el propio Franco.<\/p>\n<p>La instancia est\u00e1 preparada para 18 profesionales de diferentes pa\u00edses del mundo. El criterio de selecci\u00f3n es que haya un representante por pa\u00eds, y el curso se centra en la metodolog\u00eda \u201chands on\u201d, es decir que habr\u00e1 que \u201cmeter mano\u201d en proyectos reales. Se visitar\u00e1n instituciones que aplican modelos novedosos de desarrollo profesional.<\/p>\n<p>La culminaci\u00f3n del curso implica desarrollar un proyecto propio para implementar en la instituci\u00f3n de origen, contando con un tutor personalizado seg\u00fan la tem\u00e1tica.<\/p>\n<p><strong>Fundaci\u00f3n Fulbright e impacto local:<\/strong><\/p>\n<p>Profesional de la FIO seleccionado para capacitarse en USA, con el foco en la cooperaci\u00f3n internacional, la Fundaci\u00f3n Fulbright lleva ya m\u00e1s de 60 a\u00f1os en Argentina, entre otros pa\u00edses. \u201cA partir de mi viaje anterior a Estados Unidos qued\u00e9 conectado con una Universidad norteamericana y con la Fundaci\u00f3n. En esa instancia cooper\u00e9 con la difusi\u00f3n en Argentina y desde ese momento he estado cerca de las convocatorias que hace Fulbright hasta que encontr\u00e9 esta instancia que me ha parecido relevante\u201d, relata Chiodi. Precisamente es esa Fundaci\u00f3n la que se encarga de sostener esta instancia de capacitaci\u00f3n.<\/p>\n<p>\u201cEs un momento muy importante, personal y profesional\u201d, admite el ingeniero Chiodi. \u201cCreo que va a tener un impacto en mis tareas de investigaci\u00f3n, ya que vengo trabajando sobre el tema de industrias 4.0 pero no desde el punto de vista tecnol\u00f3gico sino c\u00f3mo las organizaciones se adaptan a este nuevo paradigma. Pero tambi\u00e9n me encuentra en el rol de director de Departamento y hay que pensar en la formaci\u00f3n de recursos humanos. Ah\u00ed tambi\u00e9n visualizo un posible impacto muy fuerte: estamos haciendo un cambio de planes de estudio tradicionales a planes con un enfoque en competencias, y creo que tanto profesores como estudiantes tenemos que adaptarnos a ese cambio. Espero que este curso me d\u00e9 algunas estrategias sobre c\u00f3mo pensar esas transformaciones\u201d.<\/p>\n<p>El profesional de la FIO comparte la experiencia junto a otros 17 becarios de pa\u00edses geogr\u00e1fica y culturalmente tan diversos como Mongolia, Turqu\u00eda, Israel, Mozambique, entre otros. No se trata solo de ingenieros sino que el grupo se integra tambi\u00e9n con personas de profesiones plurales. Hay quienes se desempe\u00f1an en embajadas, diplom\u00e1ticos, colegios, etc. En ese mix multicultural y profesional heterog\u00e9neo subyace tambi\u00e9n otras de las expectativas de la Facultad olavarriense, que pretende profundizar el establecimiento de redes de contacto con otras universidades e instituciones del mundo, ampliando sus horizontes de desarrollo.<\/p>\n<p>&nbsp;<\/p>\n","protected":false},"excerpt":{"rendered":"<p>Profesional de la FIO seleccionado para capacitarse en USA, el Ingeniero Franco Chiodi estar\u00e1 seis&#8230;<\/p>\n","protected":false},"author":1,"featured_media":170878,"comment_status":"closed","ping_status":"closed","sticky":false,"template":"","format":"standard","meta":{"content-type":""},"categories":[31],"tags":[],"nelio_content":{"isAutoShareEnabled":false,"autoShareEndMode":"default","automationSources":{"useContentSentences":true,"useSocialTemplates":true,"useCustomSentences":false,"customSentences":[]},"followers":[1],"suggestedReferences":[],"includedReferences":[],"efiUrl":"","efiAlt":"","highlights":[]},"yoast_head":"<!-- This site is optimized with the Yoast SEO plugin v20.7 - https:\/\/yoast.com\/wordpress\/plugins\/seo\/ -->\n<title>Profesional de la FIO seleccionado para capacitarse en USA<\/title>\n<meta name=\"description\" content=\"Profesional de la FIO seleccionado para capacitarse en USA, el Ingeniero Franco Chiodi estar\u00e1 seis semanas en Montana.\u00a0\" \/>\n<meta name=\"robots\" content=\"index, follow, max-snippet:-1, max-image-preview:large, max-video-preview:-1\" \/>\n<link rel=\"canonical\" href=\"https:\/\/experienciadevida.com.ar\/portalurbano\/profesional-de-la-fio-seleccionado-para-capacitarse-en-usa\/\" \/>\n<meta property=\"og:locale\" content=\"es_ES\" \/>\n<meta property=\"og:type\" content=\"article\" \/>\n<meta property=\"og:title\" content=\"Profesional de la FIO seleccionado para capacitarse en USA\" \/>\n<meta property=\"og:description\" content=\"Profesional de la FIO seleccionado para capacitarse en USA, el Ingeniero Franco Chiodi estar\u00e1 seis semanas en Montana.\u00a0\" \/>\n<meta property=\"og:url\" content=\"https:\/\/experienciadevida.com.ar\/portalurbano\/profesional-de-la-fio-seleccionado-para-capacitarse-en-usa\/\" \/>\n<meta property=\"article:publisher\" content=\"https:\/\/www.facebook.com\/Portal-Urbano-171542830093757\/\" \/>\n<meta property=\"article:published_time\" content=\"2022-07-07T13:36:28+00:00\" \/>\n<meta property=\"article:modified_time\" content=\"2022-07-07T13:37:04+00:00\" \/>\n<meta property=\"og:image\" content=\"https:\/\/experienciadevida.com.ar\/portalurbano\/wp-content\/uploads\/2022\/07\/Profesional-de-la-FIO.jpg\" \/>\n\t<meta property=\"og:image:width\" content=\"1200\" \/>\n\t<meta property=\"og:image:height\" content=\"716\" \/>\n\t<meta property=\"og:image:type\" content=\"image\/jpeg\" \/>\n<meta name=\"author\" content=\"admpu17wp\" \/>\n<meta name=\"twitter:card\" content=\"summary_large_image\" \/>\n<meta name=\"twitter:creator\" content=\"@portalurbanook\" \/>\n<meta name=\"twitter:site\" content=\"@portalurbanook\" \/>\n<meta name=\"twitter:label1\" content=\"Escrito por\" \/>\n\t<meta name=\"twitter:data1\" content=\"admpu17wp\" \/>\n\t<meta name=\"twitter:label2\" content=\"Tiempo de lectura\" \/>\n\t<meta name=\"twitter:data2\" content=\"3 minutos\" \/>\n<script type=\"application\/ld+json\" class=\"yoast-schema-graph\">{\"@context\":\"https:\/\/schema.org\",\"@graph\":[{\"@type\":\"Article\",\"@id\":\"https:\/\/experienciadevida.com.ar\/portalurbano\/profesional-de-la-fio-seleccionado-para-capacitarse-en-usa\/#article\",\"isPartOf\":{\"@id\":\"https:\/\/experienciadevida.com.ar\/portalurbano\/profesional-de-la-fio-seleccionado-para-capacitarse-en-usa\/\"},\"author\":{\"name\":\"admpu17wp\",\"@id\":\"https:\/\/experienciadevida.com.ar\/portalurbano\/#\/schema\/person\/02dd326b1c4b056e9cc972486934a3a7\"},\"headline\":\"Profesional de la FIO seleccionado para capacitarse en USA\",\"datePublished\":\"2022-07-07T13:36:28+00:00\",\"dateModified\":\"2022-07-07T13:37:04+00:00\",\"mainEntityOfPage\":{\"@id\":\"https:\/\/experienciadevida.com.ar\/portalurbano\/profesional-de-la-fio-seleccionado-para-capacitarse-en-usa\/\"},\"wordCount\":678,\"publisher\":{\"@id\":\"https:\/\/experienciadevida.com.ar\/portalurbano\/#organization\"},\"articleSection\":[\"Educaci\u00f3n\"],\"inLanguage\":\"es\"},{\"@type\":\"WebPage\",\"@id\":\"https:\/\/experienciadevida.com.ar\/portalurbano\/profesional-de-la-fio-seleccionado-para-capacitarse-en-usa\/\",\"url\":\"https:\/\/experienciadevida.com.ar\/portalurbano\/profesional-de-la-fio-seleccionado-para-capacitarse-en-usa\/\",\"name\":\"Profesional de la FIO seleccionado para capacitarse en USA\",\"isPartOf\":{\"@id\":\"https:\/\/experienciadevida.com.ar\/portalurbano\/#website\"},\"datePublished\":\"2022-07-07T13:36:28+00:00\",\"dateModified\":\"2022-07-07T13:37:04+00:00\",\"description\":\"Profesional de la FIO seleccionado para capacitarse en USA, el Ingeniero Franco Chiodi estar\u00e1 seis semanas en Montana.\u00a0\",\"breadcrumb\":{\"@id\":\"https:\/\/experienciadevida.com.ar\/portalurbano\/profesional-de-la-fio-seleccionado-para-capacitarse-en-usa\/#breadcrumb\"},\"inLanguage\":\"es\",\"potentialAction\":[{\"@type\":\"ReadAction\",\"target\":[\"https:\/\/experienciadevida.com.ar\/portalurbano\/profesional-de-la-fio-seleccionado-para-capacitarse-en-usa\/\"]}]},{\"@type\":\"BreadcrumbList\",\"@id\":\"https:\/\/experienciadevida.com.ar\/portalurbano\/profesional-de-la-fio-seleccionado-para-capacitarse-en-usa\/#breadcrumb\",\"itemListElement\":[{\"@type\":\"ListItem\",\"position\":1,\"name\":\"Portada\",\"item\":\"https:\/\/experienciadevida.com.ar\/portalurbano\/\"},{\"@type\":\"ListItem\",\"position\":2,\"name\":\"Profesional de la FIO seleccionado para capacitarse en USA\"}]},{\"@type\":\"WebSite\",\"@id\":\"https:\/\/experienciadevida.com.ar\/portalurbano\/#website\",\"url\":\"https:\/\/experienciadevida.com.ar\/portalurbano\/\",\"name\":\"\",\"description\":\"\",\"publisher\":{\"@id\":\"https:\/\/experienciadevida.com.ar\/portalurbano\/#organization\"},\"potentialAction\":[{\"@type\":\"SearchAction\",\"target\":{\"@type\":\"EntryPoint\",\"urlTemplate\":\"https:\/\/experienciadevida.com.ar\/portalurbano\/?s={search_term_string}\"},\"query-input\":\"required name=search_term_string\"}],\"inLanguage\":\"es\"},{\"@type\":\"Organization\",\"@id\":\"https:\/\/experienciadevida.com.ar\/portalurbano\/#organization\",\"name\":\"Portal Urbano\",\"url\":\"https:\/\/experienciadevida.com.ar\/portalurbano\/\",\"logo\":{\"@type\":\"ImageObject\",\"inLanguage\":\"es\",\"@id\":\"https:\/\/experienciadevida.com.ar\/portalurbano\/#\/schema\/logo\/image\/\",\"url\":\"https:\/\/experienciadevida.com.ar\/portalurbano\/wp-content\/uploads\/2019\/09\/Logo-Original.png\",\"contentUrl\":\"https:\/\/experienciadevida.com.ar\/portalurbano\/wp-content\/uploads\/2019\/09\/Logo-Original.png\",\"width\":2236,\"height\":1216,\"caption\":\"Portal Urbano\"},\"image\":{\"@id\":\"https:\/\/experienciadevida.com.ar\/portalurbano\/#\/schema\/logo\/image\/\"},\"sameAs\":[\"https:\/\/www.facebook.com\/Portal-Urbano-171542830093757\/\",\"https:\/\/twitter.com\/portalurbanook\",\"https:\/\/www.instagram.com\/_portalurbano\/\",\"https:\/\/www.youtube.com\/channel\/UCXhagIfszH8KxFiOok79zbA?view_as=subscriber\"]},{\"@type\":\"Person\",\"@id\":\"https:\/\/experienciadevida.com.ar\/portalurbano\/#\/schema\/person\/02dd326b1c4b056e9cc972486934a3a7\",\"name\":\"admpu17wp\",\"image\":{\"@type\":\"ImageObject\",\"inLanguage\":\"es\",\"@id\":\"https:\/\/experienciadevida.com.ar\/portalurbano\/#\/schema\/person\/image\/\",\"url\":\"https:\/\/secure.gravatar.com\/avatar\/830d4c57adaae6630765e449a6908047?s=96&d=mm&r=g\",\"contentUrl\":\"https:\/\/secure.gravatar.com\/avatar\/830d4c57adaae6630765e449a6908047?s=96&d=mm&r=g\",\"caption\":\"admpu17wp\"}}]}<\/script>\n<!-- \/ Yoast SEO plugin. -->","yoast_head_json":{"title":"Profesional de la FIO seleccionado para capacitarse en USA","description":"Profesional de la FIO seleccionado para capacitarse en USA, el Ingeniero Franco Chiodi estar\u00e1 seis semanas en Montana.\u00a0","robots":{"index":"index","follow":"follow","max-snippet":"max-snippet:-1","max-image-preview":"max-image-preview:large","max-video-preview":"max-video-preview:-1"},"canonical":"https:\/\/experienciadevida.com.ar\/portalurbano\/profesional-de-la-fio-seleccionado-para-capacitarse-en-usa\/","og_locale":"es_ES","og_type":"article","og_title":"Profesional de la FIO seleccionado para capacitarse en USA","og_description":"Profesional de la FIO seleccionado para capacitarse en USA, el Ingeniero Franco Chiodi estar\u00e1 seis semanas en Montana.\u00a0","og_url":"https:\/\/experienciadevida.com.ar\/portalurbano\/profesional-de-la-fio-seleccionado-para-capacitarse-en-usa\/","article_publisher":"https:\/\/www.facebook.com\/Portal-Urbano-171542830093757\/","article_published_time":"2022-07-07T13:36:28+00:00","article_modified_time":"2022-07-07T13:37:04+00:00","og_image":[{"width":1200,"height":716,"url":"https:\/\/experienciadevida.com.ar\/portalurbano\/wp-content\/uploads\/2022\/07\/Profesional-de-la-FIO.jpg","type":"image\/jpeg"}],"author":"admpu17wp","twitter_card":"summary_large_image","twitter_creator":"@portalurbanook","twitter_site":"@portalurbanook","twitter_misc":{"Escrito por":"admpu17wp","Tiempo de lectura":"3 minutos"},"schema":{"@context":"https:\/\/schema.org","@graph":[{"@type":"Article","@id":"https:\/\/experienciadevida.com.ar\/portalurbano\/profesional-de-la-fio-seleccionado-para-capacitarse-en-usa\/#article","isPartOf":{"@id":"https:\/\/experienciadevida.com.ar\/portalurbano\/profesional-de-la-fio-seleccionado-para-capacitarse-en-usa\/"},"author":{"name":"admpu17wp","@id":"https:\/\/experienciadevida.com.ar\/portalurbano\/#\/schema\/person\/02dd326b1c4b056e9cc972486934a3a7"},"headline":"Profesional de la FIO seleccionado para capacitarse en USA","datePublished":"2022-07-07T13:36:28+00:00","dateModified":"2022-07-07T13:37:04+00:00","mainEntityOfPage":{"@id":"https:\/\/experienciadevida.com.ar\/portalurbano\/profesional-de-la-fio-seleccionado-para-capacitarse-en-usa\/"},"wordCount":678,"publisher":{"@id":"https:\/\/experienciadevida.com.ar\/portalurbano\/#organization"},"articleSection":["Educaci\u00f3n"],"inLanguage":"es"},{"@type":"WebPage","@id":"https:\/\/experienciadevida.com.ar\/portalurbano\/profesional-de-la-fio-seleccionado-para-capacitarse-en-usa\/","url":"https:\/\/experienciadevida.com.ar\/portalurbano\/profesional-de-la-fio-seleccionado-para-capacitarse-en-usa\/","name":"Profesional de la FIO seleccionado para capacitarse en USA","isPartOf":{"@id":"https:\/\/experienciadevida.com.ar\/portalurbano\/#website"},"datePublished":"2022-07-07T13:36:28+00:00","dateModified":"2022-07-07T13:37:04+00:00","description":"Profesional de la FIO seleccionado para capacitarse en USA, el Ingeniero Franco Chiodi estar\u00e1 seis semanas en Montana.\u00a0","breadcrumb":{"@id":"https:\/\/experienciadevida.com.ar\/portalurbano\/profesional-de-la-fio-seleccionado-para-capacitarse-en-usa\/#breadcrumb"},"inLanguage":"es","potentialAction":[{"@type":"ReadAction","target":["https:\/\/experienciadevida.com.ar\/portalurbano\/profesional-de-la-fio-seleccionado-para-capacitarse-en-usa\/"]}]},{"@type":"BreadcrumbList","@id":"https:\/\/experienciadevida.com.ar\/portalurbano\/profesional-de-la-fio-seleccionado-para-capacitarse-en-usa\/#breadcrumb","itemListElement":[{"@type":"ListItem","position":1,"name":"Portada","item":"https:\/\/experienciadevida.com.ar\/portalurbano\/"},{"@type":"ListItem","position":2,"name":"Profesional de la FIO seleccionado para capacitarse en USA"}]},{"@type":"WebSite","@id":"https:\/\/experienciadevida.com.ar\/portalurbano\/#website","url":"https:\/\/experienciadevida.com.ar\/portalurbano\/","name":"","description":"","publisher":{"@id":"https:\/\/experienciadevida.com.ar\/portalurbano\/#organization"},"potentialAction":[{"@type":"SearchAction","target":{"@type":"EntryPoint","urlTemplate":"https:\/\/experienciadevida.com.ar\/portalurbano\/?s={search_term_string}"},"query-input":"required name=search_term_string"}],"inLanguage":"es"},{"@type":"Organization","@id":"https:\/\/experienciadevida.com.ar\/portalurbano\/#organization","name":"Portal Urbano","url":"https:\/\/experienciadevida.com.ar\/portalurbano\/","logo":{"@type":"ImageObject","inLanguage":"es","@id":"https:\/\/experienciadevida.com.ar\/portalurbano\/#\/schema\/logo\/image\/","url":"https:\/\/experienciadevida.com.ar\/portalurbano\/wp-content\/uploads\/2019\/09\/Logo-Original.png","contentUrl":"https:\/\/experienciadevida.com.ar\/portalurbano\/wp-content\/uploads\/2019\/09\/Logo-Original.png","width":2236,"height":1216,"caption":"Portal Urbano"},"image":{"@id":"https:\/\/experienciadevida.com.ar\/portalurbano\/#\/schema\/logo\/image\/"},"sameAs":["https:\/\/www.facebook.com\/Portal-Urbano-171542830093757\/","https:\/\/twitter.com\/portalurbanook","https:\/\/www.instagram.com\/_portalurbano\/","https:\/\/www.youtube.com\/channel\/UCXhagIfszH8KxFiOok79zbA?view_as=subscriber"]},{"@type":"Person","@id":"https:\/\/experienciadevida.com.ar\/portalurbano\/#\/schema\/person\/02dd326b1c4b056e9cc972486934a3a7","name":"admpu17wp","image":{"@type":"ImageObject","inLanguage":"es","@id":"https:\/\/experienciadevida.com.ar\/portalurbano\/#\/schema\/person\/image\/","url":"https:\/\/secure.gravatar.com\/avatar\/830d4c57adaae6630765e449a6908047?s=96&d=mm&r=g","contentUrl":"https:\/\/secure.gravatar.com\/avatar\/830d4c57adaae6630765e449a6908047?s=96&d=mm&r=g","caption":"admpu17wp"}}]}},"featured_image_urls":{"full":["https:\/\/experienciadevida.com.ar\/portalurbano\/wp-content\/uploads\/2022\/07\/Profesional-de-la-FIO.jpg",1200,716,false],"thumbnail":["https:\/\/experienciadevida.com.ar\/portalurbano\/wp-content\/uploads\/2022\/07\/Profesional-de-la-FIO-150x150.jpg",150,150,true],"medium":["https:\/\/experienciadevida.com.ar\/portalurbano\/wp-content\/uploads\/2022\/07\/Profesional-de-la-FIO-300x179.jpg",300,179,true],"medium_large":["https:\/\/experienciadevida.com.ar\/portalurbano\/wp-content\/uploads\/2022\/07\/Profesional-de-la-FIO-768x458.jpg",640,382,true],"large":["https:\/\/experienciadevida.com.ar\/portalurbano\/wp-content\/uploads\/2022\/07\/Profesional-de-la-FIO-1024x611.jpg",640,382,true],"ug_big":["https:\/\/experienciadevida.com.ar\/portalurbano\/wp-content\/uploads\/2022\/07\/Profesional-de-la-FIO-768x458.jpg",768,458,true],"1536x1536":["https:\/\/experienciadevida.com.ar\/portalurbano\/wp-content\/uploads\/2022\/07\/Profesional-de-la-FIO.jpg",1200,716,false],"2048x2048":["https:\/\/experienciadevida.com.ar\/portalurbano\/wp-content\/uploads\/2022\/07\/Profesional-de-la-FIO.jpg",1200,716,false],"newsever-slider-full":["https:\/\/experienciadevida.com.ar\/portalurbano\/wp-content\/uploads\/2022\/07\/Profesional-de-la-FIO.jpg",1200,716,false],"newsever-featured":["https:\/\/experienciadevida.com.ar\/portalurbano\/wp-content\/uploads\/2022\/07\/Profesional-de-la-FIO.jpg",1024,611,false],"newsever-medium":["https:\/\/experienciadevida.com.ar\/portalurbano\/wp-content\/uploads\/2022\/07\/Profesional-de-la-FIO.jpg",720,430,false],"web-stories-poster-portrait":["https:\/\/experienciadevida.com.ar\/portalurbano\/wp-content\/uploads\/2022\/07\/Profesional-de-la-FIO.jpg",640,382,false],"web-stories-publisher-logo":["https:\/\/experienciadevida.com.ar\/portalurbano\/wp-content\/uploads\/2022\/07\/Profesional-de-la-FIO.jpg",96,57,false],"web-stories-thumbnail":["https:\/\/experienciadevida.com.ar\/portalurbano\/wp-content\/uploads\/2022\/07\/Profesional-de-la-FIO.jpg",150,90,false]},"author_info":{"display_name":"admpu17wp","author_link":"https:\/\/experienciadevida.com.ar\/portalurbano\/author\/admpu17wp\/"},"category_info":"<a href=\"https:\/\/experienciadevida.com.ar\/portalurbano\/category\/ciudad\/educacion\/\" rel=\"category tag\">Educaci\u00f3n<\/a>","tag_info":"Educaci\u00f3n","comment_count":"0","amp_enabled":true,"_links":{"self":[{"href":"https:\/\/experienciadevida.com.ar\/portalurbano\/wp-json\/wp\/v2\/posts\/170877"}],"collection":[{"href":"https:\/\/experienciadevida.com.ar\/portalurbano\/wp-json\/wp\/v2\/posts"}],"about":[{"href":"https:\/\/experienciadevida.com.ar\/portalurbano\/wp-json\/wp\/v2\/types\/post"}],"author":[{"embeddable":true,"href":"https:\/\/experienciadevida.com.ar\/portalurbano\/wp-json\/wp\/v2\/users\/1"}],"replies":[{"embeddable":true,"href":"https:\/\/experienciadevida.com.ar\/portalurbano\/wp-json\/wp\/v2\/comments?post=170877"}],"version-history":[{"count":1,"href":"https:\/\/experienciadevida.com.ar\/portalurbano\/wp-json\/wp\/v2\/posts\/170877\/revisions"}],"predecessor-version":[{"id":170879,"href":"https:\/\/experienciadevida.com.ar\/portalurbano\/wp-json\/wp\/v2\/posts\/170877\/revisions\/170879"}],"wp:featuredmedia":[{"embeddable":true,"href":"https:\/\/experienciadevida.com.ar\/portalurbano\/wp-json\/wp\/v2\/media\/170878"}],"wp:attachment":[{"href":"https:\/\/experienciadevida.com.ar\/portalurbano\/wp-json\/wp\/v2\/media?parent=170877"}],"wp:term":[{"taxonomy":"category","embeddable":true,"href":"https:\/\/experienciadevida.com.ar\/portalurbano\/wp-json\/wp\/v2\/categories?post=170877"},{"taxonomy":"post_tag","embeddable":true,"href":"https:\/\/experienciadevida.com.ar\/portalurbano\/wp-json\/wp\/v2\/tags?post=170877"}],"curies":[{"name":"wp","href":"https:\/\/api.w.org\/{rel}","templated":true}]}}