{"id":170874,"date":"2022-07-07T10:09:23","date_gmt":"2022-07-07T13:09:23","guid":{"rendered":"https:\/\/experienciadevida.com.ar\/portalurbano\/?p=170874"},"modified":"2022-07-07T10:10:29","modified_gmt":"2022-07-07T13:10:29","slug":"con-una-emotiva-apertura-las-24-horas-de-innovacion-fio-volvieron-a-la-presencialidad","status":"publish","type":"post","link":"https:\/\/experienciadevida.com.ar\/portalurbano\/con-una-emotiva-apertura-las-24-horas-de-innovacion-fio-volvieron-a-la-presencialidad\/","title":{"rendered":"Con una emotiva apertura \u201cLas 24 horas de innovaci\u00f3n FIO\u201d volvieron a la presencialidad"},"content":{"rendered":"<p>Con una emotiva apertura \u201cLas 24 horas de innovaci\u00f3n <a href=\"https:\/\/www.facebook.com\/FIO.UNICEN\">FIO<\/a>\u201d volvieron a la presencialidad, superadas las restricciones sanitarias que motivaron que se realizara en modo remoto, el tradicional evento \u201c24 horas de innovaci\u00f3n FIO\u201d qued\u00f3 inaugurado hace instantes, nuevamente en modalidad presencial.<\/p>\n<p>El SUM del Complejo Universitario alberga as\u00ed a m\u00e1s de 150 estudiantes inscriptos, junto a sus docentes representando a 21 escuelas secundarias del Partido de Olavarr\u00eda, de gesti\u00f3n estatal y privada. El acto cont\u00f3 adem\u00e1s con la presencia de Mar\u00eda Peralta y Oscar Cabrera, decana y vicedecano de la Facultad de Ingenier\u00eda (FIO); el director de Econom\u00eda Social Leonardo Maiola, en representaci\u00f3n de la Municipalidad de Olavarr\u00eda; y Jorge Arroyo, gerente de proyecto de Loma Negra en representaci\u00f3n de Fundaci\u00f3n Loma Negra, completando la terna de instituciones organizadoras.<\/p>\n<p>Tambi\u00e9n asistieron las autoridades educativas de la regi\u00f3n: Mario Fern\u00e1ndez por inspecci\u00f3n de escuelas secundarias de gesti\u00f3n estatal y Andrea Galleni por inspecci\u00f3n de escuelas secundarias de gesti\u00f3n privada, as\u00ed como representantes de las ocho organizaciones y empresas que proponen los desaf\u00edos a resolver por los equipos de j\u00f3venes.<\/p>\n<p>Esta versi\u00f3n del evento, \u00fanico en Latinoam\u00e9rica de su tipo, se desarrollar\u00e1 en dos jornadas de 12 horas cada una. Las soluciones propuestas por los diferentes equipos contar\u00e1n con apoyo para su puesta en pr\u00e1ctica.<\/p>\n<p>El director del Centro de Desarrollo Emprendedor e Innovaci\u00f3n (CDEI) de la FIO, Joaqu\u00edn Domato, tuvo a su cargo la apertura oficial de esta edici\u00f3n, destacando el valor del encuentro presencial, en el que hubo lugar para la emoci\u00f3n, y tambi\u00e9n para la ansiedad propia de la competencia.<\/p>\n<p>Finalmente, se procedi\u00f3 a conformar los equipos y dar a conocer las problem\u00e1ticas a resolver. Ma\u00f1ana a las 19 ser\u00e1 el cierre en el que se conocer\u00e1n las soluciones presentadas y los respectivos equipos ganadores.<\/p>\n","protected":false},"excerpt":{"rendered":"<p>Con una emotiva apertura \u201cLas 24 horas de innovaci\u00f3n FIO\u201d volvieron a la presencialidad, superadas&#8230;<\/p>\n","protected":false},"author":1,"featured_media":170875,"comment_status":"closed","ping_status":"closed","sticky":false,"template":"","format":"standard","meta":{"content-type":""},"categories":[31],"tags":[],"nelio_content":{"isAutoShareEnabled":false,"autoShareEndMode":"default","automationSources":{"useContentSentences":true,"useSocialTemplates":true,"useCustomSentences":false,"customSentences":[]},"followers":[1],"suggestedReferences":[],"includedReferences":[],"efiUrl":"","efiAlt":"","highlights":[]},"yoast_head":"<!-- This site is optimized with the Yoast SEO plugin v20.7 - https:\/\/yoast.com\/wordpress\/plugins\/seo\/ -->\n<title>Con una emotiva apertura &quot;Las 24 horas de innovaci\u00f3n FIO&quot; volvieron<\/title>\n<meta name=\"description\" content=\"Con una emotiva apertura \u201cLas 24 horas de innovaci\u00f3n FIO\u201d volvieron a la presencialidad, superadas las restricciones sanitarias\" \/>\n<meta name=\"robots\" content=\"index, follow, max-snippet:-1, max-image-preview:large, max-video-preview:-1\" \/>\n<link rel=\"canonical\" href=\"https:\/\/experienciadevida.com.ar\/portalurbano\/con-una-emotiva-apertura-las-24-horas-de-innovacion-fio-volvieron-a-la-presencialidad\/\" \/>\n<meta property=\"og:locale\" content=\"es_ES\" \/>\n<meta property=\"og:type\" content=\"article\" \/>\n<meta property=\"og:title\" content=\"Con una emotiva apertura &quot;Las 24 horas de innovaci\u00f3n FIO&quot; volvieron\" \/>\n<meta property=\"og:description\" content=\"Con una emotiva apertura \u201cLas 24 horas de innovaci\u00f3n FIO\u201d volvieron a la presencialidad, superadas las restricciones sanitarias\" \/>\n<meta property=\"og:url\" content=\"https:\/\/experienciadevida.com.ar\/portalurbano\/con-una-emotiva-apertura-las-24-horas-de-innovacion-fio-volvieron-a-la-presencialidad\/\" \/>\n<meta property=\"article:publisher\" content=\"https:\/\/www.facebook.com\/Portal-Urbano-171542830093757\/\" \/>\n<meta property=\"article:published_time\" content=\"2022-07-07T13:09:23+00:00\" \/>\n<meta property=\"article:modified_time\" content=\"2022-07-07T13:10:29+00:00\" \/>\n<meta property=\"og:image\" content=\"https:\/\/experienciadevida.com.ar\/portalurbano\/wp-content\/uploads\/2022\/07\/Con-una-emotiva-apertura.jpeg\" \/>\n\t<meta property=\"og:image:width\" content=\"1599\" \/>\n\t<meta property=\"og:image:height\" content=\"899\" \/>\n\t<meta property=\"og:image:type\" content=\"image\/jpeg\" \/>\n<meta name=\"author\" content=\"admpu17wp\" \/>\n<meta name=\"twitter:card\" content=\"summary_large_image\" \/>\n<meta name=\"twitter:creator\" content=\"@portalurbanook\" \/>\n<meta name=\"twitter:site\" content=\"@portalurbanook\" \/>\n<meta name=\"twitter:label1\" content=\"Escrito por\" \/>\n\t<meta name=\"twitter:data1\" content=\"admpu17wp\" \/>\n\t<meta name=\"twitter:label2\" content=\"Tiempo de lectura\" \/>\n\t<meta name=\"twitter:data2\" content=\"2 minutos\" \/>\n<script type=\"application\/ld+json\" class=\"yoast-schema-graph\">{\"@context\":\"https:\/\/schema.org\",\"@graph\":[{\"@type\":\"Article\",\"@id\":\"https:\/\/experienciadevida.com.ar\/portalurbano\/con-una-emotiva-apertura-las-24-horas-de-innovacion-fio-volvieron-a-la-presencialidad\/#article\",\"isPartOf\":{\"@id\":\"https:\/\/experienciadevida.com.ar\/portalurbano\/con-una-emotiva-apertura-las-24-horas-de-innovacion-fio-volvieron-a-la-presencialidad\/\"},\"author\":{\"name\":\"admpu17wp\",\"@id\":\"https:\/\/experienciadevida.com.ar\/portalurbano\/#\/schema\/person\/02dd326b1c4b056e9cc972486934a3a7\"},\"headline\":\"Con una emotiva apertura \u201cLas 24 horas de innovaci\u00f3n FIO\u201d volvieron a la presencialidad\",\"datePublished\":\"2022-07-07T13:09:23+00:00\",\"dateModified\":\"2022-07-07T13:10:29+00:00\",\"mainEntityOfPage\":{\"@id\":\"https:\/\/experienciadevida.com.ar\/portalurbano\/con-una-emotiva-apertura-las-24-horas-de-innovacion-fio-volvieron-a-la-presencialidad\/\"},\"wordCount\":339,\"publisher\":{\"@id\":\"https:\/\/experienciadevida.com.ar\/portalurbano\/#organization\"},\"articleSection\":[\"Educaci\u00f3n\"],\"inLanguage\":\"es\"},{\"@type\":\"WebPage\",\"@id\":\"https:\/\/experienciadevida.com.ar\/portalurbano\/con-una-emotiva-apertura-las-24-horas-de-innovacion-fio-volvieron-a-la-presencialidad\/\",\"url\":\"https:\/\/experienciadevida.com.ar\/portalurbano\/con-una-emotiva-apertura-las-24-horas-de-innovacion-fio-volvieron-a-la-presencialidad\/\",\"name\":\"Con una emotiva apertura \\\"Las 24 horas de innovaci\u00f3n FIO\\\" volvieron\",\"isPartOf\":{\"@id\":\"https:\/\/experienciadevida.com.ar\/portalurbano\/#website\"},\"datePublished\":\"2022-07-07T13:09:23+00:00\",\"dateModified\":\"2022-07-07T13:10:29+00:00\",\"description\":\"Con una emotiva apertura \u201cLas 24 horas de innovaci\u00f3n FIO\u201d volvieron a la presencialidad, superadas las restricciones sanitarias\",\"breadcrumb\":{\"@id\":\"https:\/\/experienciadevida.com.ar\/portalurbano\/con-una-emotiva-apertura-las-24-horas-de-innovacion-fio-volvieron-a-la-presencialidad\/#breadcrumb\"},\"inLanguage\":\"es\",\"potentialAction\":[{\"@type\":\"ReadAction\",\"target\":[\"https:\/\/experienciadevida.com.ar\/portalurbano\/con-una-emotiva-apertura-las-24-horas-de-innovacion-fio-volvieron-a-la-presencialidad\/\"]}]},{\"@type\":\"BreadcrumbList\",\"@id\":\"https:\/\/experienciadevida.com.ar\/portalurbano\/con-una-emotiva-apertura-las-24-horas-de-innovacion-fio-volvieron-a-la-presencialidad\/#breadcrumb\",\"itemListElement\":[{\"@type\":\"ListItem\",\"position\":1,\"name\":\"Portada\",\"item\":\"https:\/\/experienciadevida.com.ar\/portalurbano\/\"},{\"@type\":\"ListItem\",\"position\":2,\"name\":\"Con una emotiva apertura \u201cLas 24 horas de innovaci\u00f3n FIO\u201d volvieron a la presencialidad\"}]},{\"@type\":\"WebSite\",\"@id\":\"https:\/\/experienciadevida.com.ar\/portalurbano\/#website\",\"url\":\"https:\/\/experienciadevida.com.ar\/portalurbano\/\",\"name\":\"\",\"description\":\"\",\"publisher\":{\"@id\":\"https:\/\/experienciadevida.com.ar\/portalurbano\/#organization\"},\"potentialAction\":[{\"@type\":\"SearchAction\",\"target\":{\"@type\":\"EntryPoint\",\"urlTemplate\":\"https:\/\/experienciadevida.com.ar\/portalurbano\/?s={search_term_string}\"},\"query-input\":\"required name=search_term_string\"}],\"inLanguage\":\"es\"},{\"@type\":\"Organization\",\"@id\":\"https:\/\/experienciadevida.com.ar\/portalurbano\/#organization\",\"name\":\"Portal Urbano\",\"url\":\"https:\/\/experienciadevida.com.ar\/portalurbano\/\",\"logo\":{\"@type\":\"ImageObject\",\"inLanguage\":\"es\",\"@id\":\"https:\/\/experienciadevida.com.ar\/portalurbano\/#\/schema\/logo\/image\/\",\"url\":\"https:\/\/experienciadevida.com.ar\/portalurbano\/wp-content\/uploads\/2019\/09\/Logo-Original.png\",\"contentUrl\":\"https:\/\/experienciadevida.com.ar\/portalurbano\/wp-content\/uploads\/2019\/09\/Logo-Original.png\",\"width\":2236,\"height\":1216,\"caption\":\"Portal Urbano\"},\"image\":{\"@id\":\"https:\/\/experienciadevida.com.ar\/portalurbano\/#\/schema\/logo\/image\/\"},\"sameAs\":[\"https:\/\/www.facebook.com\/Portal-Urbano-171542830093757\/\",\"https:\/\/twitter.com\/portalurbanook\",\"https:\/\/www.instagram.com\/_portalurbano\/\",\"https:\/\/www.youtube.com\/channel\/UCXhagIfszH8KxFiOok79zbA?view_as=subscriber\"]},{\"@type\":\"Person\",\"@id\":\"https:\/\/experienciadevida.com.ar\/portalurbano\/#\/schema\/person\/02dd326b1c4b056e9cc972486934a3a7\",\"name\":\"admpu17wp\",\"image\":{\"@type\":\"ImageObject\",\"inLanguage\":\"es\",\"@id\":\"https:\/\/experienciadevida.com.ar\/portalurbano\/#\/schema\/person\/image\/\",\"url\":\"https:\/\/secure.gravatar.com\/avatar\/830d4c57adaae6630765e449a6908047?s=96&d=mm&r=g\",\"contentUrl\":\"https:\/\/secure.gravatar.com\/avatar\/830d4c57adaae6630765e449a6908047?s=96&d=mm&r=g\",\"caption\":\"admpu17wp\"}}]}<\/script>\n<!-- \/ Yoast SEO plugin. -->","yoast_head_json":{"title":"Con una emotiva apertura \"Las 24 horas de innovaci\u00f3n FIO\" volvieron","description":"Con una emotiva apertura \u201cLas 24 horas de innovaci\u00f3n FIO\u201d volvieron a la presencialidad, superadas las restricciones sanitarias","robots":{"index":"index","follow":"follow","max-snippet":"max-snippet:-1","max-image-preview":"max-image-preview:large","max-video-preview":"max-video-preview:-1"},"canonical":"https:\/\/experienciadevida.com.ar\/portalurbano\/con-una-emotiva-apertura-las-24-horas-de-innovacion-fio-volvieron-a-la-presencialidad\/","og_locale":"es_ES","og_type":"article","og_title":"Con una emotiva apertura \"Las 24 horas de innovaci\u00f3n FIO\" volvieron","og_description":"Con una emotiva apertura \u201cLas 24 horas de innovaci\u00f3n FIO\u201d volvieron a la presencialidad, superadas las restricciones sanitarias","og_url":"https:\/\/experienciadevida.com.ar\/portalurbano\/con-una-emotiva-apertura-las-24-horas-de-innovacion-fio-volvieron-a-la-presencialidad\/","article_publisher":"https:\/\/www.facebook.com\/Portal-Urbano-171542830093757\/","article_published_time":"2022-07-07T13:09:23+00:00","article_modified_time":"2022-07-07T13:10:29+00:00","og_image":[{"width":1599,"height":899,"url":"https:\/\/experienciadevida.com.ar\/portalurbano\/wp-content\/uploads\/2022\/07\/Con-una-emotiva-apertura.jpeg","type":"image\/jpeg"}],"author":"admpu17wp","twitter_card":"summary_large_image","twitter_creator":"@portalurbanook","twitter_site":"@portalurbanook","twitter_misc":{"Escrito por":"admpu17wp","Tiempo de lectura":"2 minutos"},"schema":{"@context":"https:\/\/schema.org","@graph":[{"@type":"Article","@id":"https:\/\/experienciadevida.com.ar\/portalurbano\/con-una-emotiva-apertura-las-24-horas-de-innovacion-fio-volvieron-a-la-presencialidad\/#article","isPartOf":{"@id":"https:\/\/experienciadevida.com.ar\/portalurbano\/con-una-emotiva-apertura-las-24-horas-de-innovacion-fio-volvieron-a-la-presencialidad\/"},"author":{"name":"admpu17wp","@id":"https:\/\/experienciadevida.com.ar\/portalurbano\/#\/schema\/person\/02dd326b1c4b056e9cc972486934a3a7"},"headline":"Con una emotiva apertura \u201cLas 24 horas de innovaci\u00f3n FIO\u201d volvieron a la presencialidad","datePublished":"2022-07-07T13:09:23+00:00","dateModified":"2022-07-07T13:10:29+00:00","mainEntityOfPage":{"@id":"https:\/\/experienciadevida.com.ar\/portalurbano\/con-una-emotiva-apertura-las-24-horas-de-innovacion-fio-volvieron-a-la-presencialidad\/"},"wordCount":339,"publisher":{"@id":"https:\/\/experienciadevida.com.ar\/portalurbano\/#organization"},"articleSection":["Educaci\u00f3n"],"inLanguage":"es"},{"@type":"WebPage","@id":"https:\/\/experienciadevida.com.ar\/portalurbano\/con-una-emotiva-apertura-las-24-horas-de-innovacion-fio-volvieron-a-la-presencialidad\/","url":"https:\/\/experienciadevida.com.ar\/portalurbano\/con-una-emotiva-apertura-las-24-horas-de-innovacion-fio-volvieron-a-la-presencialidad\/","name":"Con una emotiva apertura \"Las 24 horas de innovaci\u00f3n FIO\" volvieron","isPartOf":{"@id":"https:\/\/experienciadevida.com.ar\/portalurbano\/#website"},"datePublished":"2022-07-07T13:09:23+00:00","dateModified":"2022-07-07T13:10:29+00:00","description":"Con una emotiva apertura \u201cLas 24 horas de innovaci\u00f3n FIO\u201d volvieron a la presencialidad, superadas las restricciones sanitarias","breadcrumb":{"@id":"https:\/\/experienciadevida.com.ar\/portalurbano\/con-una-emotiva-apertura-las-24-horas-de-innovacion-fio-volvieron-a-la-presencialidad\/#breadcrumb"},"inLanguage":"es","potentialAction":[{"@type":"ReadAction","target":["https:\/\/experienciadevida.com.ar\/portalurbano\/con-una-emotiva-apertura-las-24-horas-de-innovacion-fio-volvieron-a-la-presencialidad\/"]}]},{"@type":"BreadcrumbList","@id":"https:\/\/experienciadevida.com.ar\/portalurbano\/con-una-emotiva-apertura-las-24-horas-de-innovacion-fio-volvieron-a-la-presencialidad\/#breadcrumb","itemListElement":[{"@type":"ListItem","position":1,"name":"Portada","item":"https:\/\/experienciadevida.com.ar\/portalurbano\/"},{"@type":"ListItem","position":2,"name":"Con una emotiva apertura \u201cLas 24 horas de innovaci\u00f3n FIO\u201d volvieron a la presencialidad"}]},{"@type":"WebSite","@id":"https:\/\/experienciadevida.com.ar\/portalurbano\/#website","url":"https:\/\/experienciadevida.com.ar\/portalurbano\/","name":"","description":"","publisher":{"@id":"https:\/\/experienciadevida.com.ar\/portalurbano\/#organization"},"potentialAction":[{"@type":"SearchAction","target":{"@type":"EntryPoint","urlTemplate":"https:\/\/experienciadevida.com.ar\/portalurbano\/?s={search_term_string}"},"query-input":"required name=search_term_string"}],"inLanguage":"es"},{"@type":"Organization","@id":"https:\/\/experienciadevida.com.ar\/portalurbano\/#organization","name":"Portal Urbano","url":"https:\/\/experienciadevida.com.ar\/portalurbano\/","logo":{"@type":"ImageObject","inLanguage":"es","@id":"https:\/\/experienciadevida.com.ar\/portalurbano\/#\/schema\/logo\/image\/","url":"https:\/\/experienciadevida.com.ar\/portalurbano\/wp-content\/uploads\/2019\/09\/Logo-Original.png","contentUrl":"https:\/\/experienciadevida.com.ar\/portalurbano\/wp-content\/uploads\/2019\/09\/Logo-Original.png","width":2236,"height":1216,"caption":"Portal Urbano"},"image":{"@id":"https:\/\/experienciadevida.com.ar\/portalurbano\/#\/schema\/logo\/image\/"},"sameAs":["https:\/\/www.facebook.com\/Portal-Urbano-171542830093757\/","https:\/\/twitter.com\/portalurbanook","https:\/\/www.instagram.com\/_portalurbano\/","https:\/\/www.youtube.com\/channel\/UCXhagIfszH8KxFiOok79zbA?view_as=subscriber"]},{"@type":"Person","@id":"https:\/\/experienciadevida.com.ar\/portalurbano\/#\/schema\/person\/02dd326b1c4b056e9cc972486934a3a7","name":"admpu17wp","image":{"@type":"ImageObject","inLanguage":"es","@id":"https:\/\/experienciadevida.com.ar\/portalurbano\/#\/schema\/person\/image\/","url":"https:\/\/secure.gravatar.com\/avatar\/830d4c57adaae6630765e449a6908047?s=96&d=mm&r=g","contentUrl":"https:\/\/secure.gravatar.com\/avatar\/830d4c57adaae6630765e449a6908047?s=96&d=mm&r=g","caption":"admpu17wp"}}]}},"featured_image_urls":{"full":["https:\/\/experienciadevida.com.ar\/portalurbano\/wp-content\/uploads\/2022\/07\/Con-una-emotiva-apertura.jpeg",1599,899,false],"thumbnail":["https:\/\/experienciadevida.com.ar\/portalurbano\/wp-content\/uploads\/2022\/07\/Con-una-emotiva-apertura-150x150.jpeg",150,150,true],"medium":["https:\/\/experienciadevida.com.ar\/portalurbano\/wp-content\/uploads\/2022\/07\/Con-una-emotiva-apertura-300x169.jpeg",300,169,true],"medium_large":["https:\/\/experienciadevida.com.ar\/portalurbano\/wp-content\/uploads\/2022\/07\/Con-una-emotiva-apertura-768x432.jpeg",640,360,true],"large":["https:\/\/experienciadevida.com.ar\/portalurbano\/wp-content\/uploads\/2022\/07\/Con-una-emotiva-apertura-1024x576.jpeg",640,360,true],"ug_big":["https:\/\/experienciadevida.com.ar\/portalurbano\/wp-content\/uploads\/2022\/07\/Con-una-emotiva-apertura-768x432.jpeg",768,432,true],"1536x1536":["https:\/\/experienciadevida.com.ar\/portalurbano\/wp-content\/uploads\/2022\/07\/Con-una-emotiva-apertura-1536x864.jpeg",1536,864,true],"2048x2048":["https:\/\/experienciadevida.com.ar\/portalurbano\/wp-content\/uploads\/2022\/07\/Con-una-emotiva-apertura.jpeg",1599,899,false],"newsever-slider-full":["https:\/\/experienciadevida.com.ar\/portalurbano\/wp-content\/uploads\/2022\/07\/Con-una-emotiva-apertura.jpeg",1280,720,false],"newsever-featured":["https:\/\/experienciadevida.com.ar\/portalurbano\/wp-content\/uploads\/2022\/07\/Con-una-emotiva-apertura.jpeg",1024,576,false],"newsever-medium":["https:\/\/experienciadevida.com.ar\/portalurbano\/wp-content\/uploads\/2022\/07\/Con-una-emotiva-apertura.jpeg",720,405,false],"web-stories-poster-portrait":["https:\/\/experienciadevida.com.ar\/portalurbano\/wp-content\/uploads\/2022\/07\/Con-una-emotiva-apertura.jpeg",640,360,false],"web-stories-publisher-logo":["https:\/\/experienciadevida.com.ar\/portalurbano\/wp-content\/uploads\/2022\/07\/Con-una-emotiva-apertura.jpeg",96,54,false],"web-stories-thumbnail":["https:\/\/experienciadevida.com.ar\/portalurbano\/wp-content\/uploads\/2022\/07\/Con-una-emotiva-apertura.jpeg",150,84,false]},"author_info":{"display_name":"admpu17wp","author_link":"https:\/\/experienciadevida.com.ar\/portalurbano\/author\/admpu17wp\/"},"category_info":"<a href=\"https:\/\/experienciadevida.com.ar\/portalurbano\/category\/ciudad\/educacion\/\" rel=\"category tag\">Educaci\u00f3n<\/a>","tag_info":"Educaci\u00f3n","comment_count":"0","amp_enabled":true,"_links":{"self":[{"href":"https:\/\/experienciadevida.com.ar\/portalurbano\/wp-json\/wp\/v2\/posts\/170874"}],"collection":[{"href":"https:\/\/experienciadevida.com.ar\/portalurbano\/wp-json\/wp\/v2\/posts"}],"about":[{"href":"https:\/\/experienciadevida.com.ar\/portalurbano\/wp-json\/wp\/v2\/types\/post"}],"author":[{"embeddable":true,"href":"https:\/\/experienciadevida.com.ar\/portalurbano\/wp-json\/wp\/v2\/users\/1"}],"replies":[{"embeddable":true,"href":"https:\/\/experienciadevida.com.ar\/portalurbano\/wp-json\/wp\/v2\/comments?post=170874"}],"version-history":[{"count":1,"href":"https:\/\/experienciadevida.com.ar\/portalurbano\/wp-json\/wp\/v2\/posts\/170874\/revisions"}],"predecessor-version":[{"id":170876,"href":"https:\/\/experienciadevida.com.ar\/portalurbano\/wp-json\/wp\/v2\/posts\/170874\/revisions\/170876"}],"wp:featuredmedia":[{"embeddable":true,"href":"https:\/\/experienciadevida.com.ar\/portalurbano\/wp-json\/wp\/v2\/media\/170875"}],"wp:attachment":[{"href":"https:\/\/experienciadevida.com.ar\/portalurbano\/wp-json\/wp\/v2\/media?parent=170874"}],"wp:term":[{"taxonomy":"category","embeddable":true,"href":"https:\/\/experienciadevida.com.ar\/portalurbano\/wp-json\/wp\/v2\/categories?post=170874"},{"taxonomy":"post_tag","embeddable":true,"href":"https:\/\/experienciadevida.com.ar\/portalurbano\/wp-json\/wp\/v2\/tags?post=170874"}],"curies":[{"name":"wp","href":"https:\/\/api.w.org\/{rel}","templated":true}]}}