{"id":170809,"date":"2022-07-06T16:31:25","date_gmt":"2022-07-06T19:31:25","guid":{"rendered":"https:\/\/experienciadevida.com.ar\/portalurbano\/?p=170809"},"modified":"2022-07-06T16:32:26","modified_gmt":"2022-07-06T19:32:26","slug":"novena-sesion-ordinaria-se-trata-la-actualizacion-de-la-tarifa-del-transporte-urbano","status":"publish","type":"post","link":"https:\/\/experienciadevida.com.ar\/portalurbano\/novena-sesion-ordinaria-se-trata-la-actualizacion-de-la-tarifa-del-transporte-urbano\/","title":{"rendered":"Novena Sesi\u00f3n Ordinaria: Se trata la actualizaci\u00f3n de la tarifa del transporte urbano"},"content":{"rendered":"<p>Novena Sesi\u00f3n Ordinaria: Se trata la actualizaci\u00f3n de la tarifa del transporte urbano, presidida por Cecilia <a href=\"https:\/\/www.instagram.com\/ceciliakrivochen\/\">Krivochen<\/a> se desarroll\u00f3 la reuni\u00f3n de Labor Parlamentaria de la que fueron parte los presidentes de los bloques pol\u00edticos que conforman el HCD: Mart\u00edn <a href=\"https:\/\/www.instagram.com\/martinendere\/\">Endere<\/a> (Juntos); Sebasti\u00e1n <a href=\"https:\/\/www.instagram.com\/sebastianmatrella\/\">Matrella<\/a> (UCR-Juntos), In\u00e9s <a href=\"https:\/\/www.instagram.com\/inecreimer\/\">Creimer<\/a> (Foro Olavarr\u00eda-Frente Renovador en el Frente de Todos), Mercedes <a href=\"https:\/\/www.instagram.com\/landivar_mercedes\/\">Landivar<\/a> (Frente de Todos), y Celeste <a href=\"https:\/\/www.instagram.com\/arouxetceleste\/\">Arouxet<\/a> (Ahora Olavarr\u00eda).<\/p>\n<p>En primera instancia la presidente del Concejo Deliberante puso en consideraci\u00f3n los decretos firmados desde presidencia que deber\u00e1n ser refrendados por el cuerpo, entre ellos se encuentra la licencia del concejal Juan S\u00e1nchez desde el 27 al 30 de junio, inclusive. Al mismo tiempo, siguiendo con las formalidades, la Presidente del Concejo<br \/>\nDeliberante entreg\u00f3 a cada bloque pol\u00edtico el Informe Semestral de la Direcci\u00f3n de Pol\u00edticas de G\u00e9nero.<\/p>\n<p>Posteriormente se estableci\u00f3 el giro a distintas comisiones de los 9 expedientes ingresados en t\u00e9rmino reglamentario. Se destacan tres convalidaciones remitidas por el Ejecutivo Municipal, un proyecto de Ordenanza presentado por Chamula donde se solicita regulaci\u00f3n y habilitaci\u00f3n de funcionamiento de espacios culturales y un proyecto de<br \/>\nOrdenanza que fue presentado por la Mesa de Cannabis normando el programa Universidad y Cannabis.<\/p>\n<p>Por otro lado, se determin\u00f3 girar a la comisi\u00f3n de G\u00e9nero, el proyecto de Ordenanza presentado por el Foro Olavarr\u00eda-Frente Renovador en el Frente de Todos que propone crear un programa de perspectiva de g\u00e9nero para la<br \/>\nobtenci\u00f3n y renovaci\u00f3n de Licencias de Conducir.<\/p>\n<p>Despachados por comisi\u00f3n:<\/p>\n<p>Tras dos semanas con intensa agenda de trabajo, la comisi\u00f3n de Legislaci\u00f3n despach\u00f3 14 proyectos de Ordenanza que ser\u00e1n puestos en tratamiento este jueves en el marco de la Novena Sesi\u00f3n Ordinaria del HCD. *Se destaca el<br \/>\nexpediente 071\/22 mediante el cual se discutir\u00e1 y analizar\u00e1 un pedido de actualizaci\u00f3n de la tarifa vigente en el servicio urbano de pasajeros concesionado a la empresa Tu Bus. Adem\u00e1s, durante la sesi\u00f3n del jueves, luego de meses de trabajo, se debatir\u00e1 el proyecto de Ordenanza aprobando el protocolo de actuaci\u00f3n para prevenci\u00f3n, sanci\u00f3n, erradicaci\u00f3n y capacitaci\u00f3n de situaciones de violencia de g\u00e9nero y discriminaci\u00f3n.<\/p>\n<p>Sobre tablas:<\/p>\n<p>Tal como establece el Reglamento Interno del HCD este jueves se tratar\u00e1n expedientes que fueron ingresados en t\u00e9rmino y que, por sus caracter\u00edsticas, no se abordan en comisi\u00f3n, sino que son despachados de manera autom\u00e1tica a sesi\u00f3n. En el Orden del D\u00eda fueron incorporados 24 expedientes entre los que hay proyectos de Comunicaci\u00f3n, Resoluci\u00f3n y Declaraciones de Benepl\u00e1cito.<\/p>\n<p>La sesi\u00f3n:<\/p>\n<p>Este jueves en el sal\u00f3n de la Sociedad Espa\u00f1ola, y transmitida en vivo por el canal de Youtube, tendr\u00e1 lugar la Novena Sesi\u00f3n Ordinaria del HCD. La misma comenzar\u00e1 a las 9 horas y tal como fue decretado por la presidencia<br \/>\ndel cuerpo ser\u00e1 la \u00faltima antes del receso que se establece para el personal administrativo del Concejo Deliberante.<\/p>\n<p>Por \u00faltimo, se hace saber que la Direcci\u00f3n Administrativa del HCD inmediatamente despu\u00e9s de la sesi\u00f3n se trabajar\u00e1 para comunicar tal como establece la normativa la sesi\u00f3n al Departamento Ejecutivo Municipal para que tanto las Ordenanzas sancionadas como los proyectos tratados contin\u00faen su proceso administrativo.<\/p>\n","protected":false},"excerpt":{"rendered":"<p>Novena Sesi\u00f3n Ordinaria: Se trata la actualizaci\u00f3n de la tarifa del transporte urbano, presidida por&#8230;<\/p>\n","protected":false},"author":1,"featured_media":170810,"comment_status":"closed","ping_status":"closed","sticky":false,"template":"","format":"standard","meta":{"content-type":""},"categories":[27],"tags":[],"nelio_content":{"isAutoShareEnabled":false,"autoShareEndMode":"default","automationSources":{"useContentSentences":true,"useSocialTemplates":true,"useCustomSentences":false,"customSentences":[]},"followers":[1],"suggestedReferences":[],"includedReferences":["https:\/\/www.instagram.com\/ceciliakrivochen\/","https:\/\/www.instagram.com\/martinendere\/","https:\/\/www.instagram.com\/sebastianmatrella\/","https:\/\/www.instagram.com\/inecreimer\/","https:\/\/www.instagram.com\/landivar_mercedes\/","https:\/\/www.instagram.com\/arouxetceleste\/"],"efiUrl":"","efiAlt":"","highlights":[]},"yoast_head":"<!-- This site is optimized with the Yoast SEO plugin v20.7 - https:\/\/yoast.com\/wordpress\/plugins\/seo\/ -->\n<title>Novena sesi\u00f3n ordinaria: Se trata la actualizaci\u00f3n de la tarifa de transporte<\/title>\n<meta name=\"description\" content=\"Novena Sesi\u00f3n Ordinaria: Se trata la actualizaci\u00f3n de la tarifa del transporte urbano, presidida por Cecilia Krivochen se hizo la reuni\u00f3n\" \/>\n<meta name=\"robots\" content=\"index, follow, max-snippet:-1, max-image-preview:large, max-video-preview:-1\" \/>\n<link rel=\"canonical\" href=\"https:\/\/experienciadevida.com.ar\/portalurbano\/novena-sesion-ordinaria-se-trata-la-actualizacion-de-la-tarifa-del-transporte-urbano\/\" \/>\n<meta property=\"og:locale\" content=\"es_ES\" \/>\n<meta property=\"og:type\" content=\"article\" \/>\n<meta property=\"og:title\" content=\"Novena sesi\u00f3n ordinaria: Se trata la actualizaci\u00f3n de la tarifa de transporte\" \/>\n<meta property=\"og:description\" content=\"Novena Sesi\u00f3n Ordinaria: Se trata la actualizaci\u00f3n de la tarifa del transporte urbano, presidida por Cecilia Krivochen se hizo la reuni\u00f3n\" \/>\n<meta property=\"og:url\" content=\"https:\/\/experienciadevida.com.ar\/portalurbano\/novena-sesion-ordinaria-se-trata-la-actualizacion-de-la-tarifa-del-transporte-urbano\/\" \/>\n<meta property=\"article:publisher\" content=\"https:\/\/www.facebook.com\/Portal-Urbano-171542830093757\/\" \/>\n<meta property=\"article:published_time\" content=\"2022-07-06T19:31:25+00:00\" \/>\n<meta property=\"article:modified_time\" content=\"2022-07-06T19:32:26+00:00\" \/>\n<meta property=\"og:image\" content=\"https:\/\/experienciadevida.com.ar\/portalurbano\/wp-content\/uploads\/2022\/07\/Novena-Sesion-Ordinaria.jpg\" \/>\n\t<meta property=\"og:image:width\" content=\"1864\" \/>\n\t<meta property=\"og:image:height\" content=\"1049\" \/>\n\t<meta property=\"og:image:type\" content=\"image\/jpeg\" \/>\n<meta name=\"author\" content=\"admpu17wp\" \/>\n<meta name=\"twitter:card\" content=\"summary_large_image\" \/>\n<meta name=\"twitter:creator\" content=\"@portalurbanook\" \/>\n<meta name=\"twitter:site\" content=\"@portalurbanook\" \/>\n<meta name=\"twitter:label1\" content=\"Escrito por\" \/>\n\t<meta name=\"twitter:data1\" content=\"admpu17wp\" \/>\n\t<meta name=\"twitter:label2\" content=\"Tiempo de lectura\" \/>\n\t<meta name=\"twitter:data2\" content=\"3 minutos\" \/>\n<script type=\"application\/ld+json\" class=\"yoast-schema-graph\">{\"@context\":\"https:\/\/schema.org\",\"@graph\":[{\"@type\":\"Article\",\"@id\":\"https:\/\/experienciadevida.com.ar\/portalurbano\/novena-sesion-ordinaria-se-trata-la-actualizacion-de-la-tarifa-del-transporte-urbano\/#article\",\"isPartOf\":{\"@id\":\"https:\/\/experienciadevida.com.ar\/portalurbano\/novena-sesion-ordinaria-se-trata-la-actualizacion-de-la-tarifa-del-transporte-urbano\/\"},\"author\":{\"name\":\"admpu17wp\",\"@id\":\"https:\/\/experienciadevida.com.ar\/portalurbano\/#\/schema\/person\/02dd326b1c4b056e9cc972486934a3a7\"},\"headline\":\"Novena Sesi\u00f3n Ordinaria: Se trata la actualizaci\u00f3n de la tarifa del transporte urbano\",\"datePublished\":\"2022-07-06T19:31:25+00:00\",\"dateModified\":\"2022-07-06T19:32:26+00:00\",\"mainEntityOfPage\":{\"@id\":\"https:\/\/experienciadevida.com.ar\/portalurbano\/novena-sesion-ordinaria-se-trata-la-actualizacion-de-la-tarifa-del-transporte-urbano\/\"},\"wordCount\":577,\"publisher\":{\"@id\":\"https:\/\/experienciadevida.com.ar\/portalurbano\/#organization\"},\"articleSection\":[\"Ciudad\"],\"inLanguage\":\"es\"},{\"@type\":\"WebPage\",\"@id\":\"https:\/\/experienciadevida.com.ar\/portalurbano\/novena-sesion-ordinaria-se-trata-la-actualizacion-de-la-tarifa-del-transporte-urbano\/\",\"url\":\"https:\/\/experienciadevida.com.ar\/portalurbano\/novena-sesion-ordinaria-se-trata-la-actualizacion-de-la-tarifa-del-transporte-urbano\/\",\"name\":\"Novena sesi\u00f3n ordinaria: Se trata la actualizaci\u00f3n de la tarifa de transporte\",\"isPartOf\":{\"@id\":\"https:\/\/experienciadevida.com.ar\/portalurbano\/#website\"},\"datePublished\":\"2022-07-06T19:31:25+00:00\",\"dateModified\":\"2022-07-06T19:32:26+00:00\",\"description\":\"Novena Sesi\u00f3n Ordinaria: Se trata la actualizaci\u00f3n de la tarifa del transporte urbano, presidida por Cecilia Krivochen se hizo la reuni\u00f3n\",\"breadcrumb\":{\"@id\":\"https:\/\/experienciadevida.com.ar\/portalurbano\/novena-sesion-ordinaria-se-trata-la-actualizacion-de-la-tarifa-del-transporte-urbano\/#breadcrumb\"},\"inLanguage\":\"es\",\"potentialAction\":[{\"@type\":\"ReadAction\",\"target\":[\"https:\/\/experienciadevida.com.ar\/portalurbano\/novena-sesion-ordinaria-se-trata-la-actualizacion-de-la-tarifa-del-transporte-urbano\/\"]}]},{\"@type\":\"BreadcrumbList\",\"@id\":\"https:\/\/experienciadevida.com.ar\/portalurbano\/novena-sesion-ordinaria-se-trata-la-actualizacion-de-la-tarifa-del-transporte-urbano\/#breadcrumb\",\"itemListElement\":[{\"@type\":\"ListItem\",\"position\":1,\"name\":\"Portada\",\"item\":\"https:\/\/experienciadevida.com.ar\/portalurbano\/\"},{\"@type\":\"ListItem\",\"position\":2,\"name\":\"Novena Sesi\u00f3n Ordinaria: Se trata la actualizaci\u00f3n de la tarifa del transporte urbano\"}]},{\"@type\":\"WebSite\",\"@id\":\"https:\/\/experienciadevida.com.ar\/portalurbano\/#website\",\"url\":\"https:\/\/experienciadevida.com.ar\/portalurbano\/\",\"name\":\"\",\"description\":\"\",\"publisher\":{\"@id\":\"https:\/\/experienciadevida.com.ar\/portalurbano\/#organization\"},\"potentialAction\":[{\"@type\":\"SearchAction\",\"target\":{\"@type\":\"EntryPoint\",\"urlTemplate\":\"https:\/\/experienciadevida.com.ar\/portalurbano\/?s={search_term_string}\"},\"query-input\":\"required name=search_term_string\"}],\"inLanguage\":\"es\"},{\"@type\":\"Organization\",\"@id\":\"https:\/\/experienciadevida.com.ar\/portalurbano\/#organization\",\"name\":\"Portal Urbano\",\"url\":\"https:\/\/experienciadevida.com.ar\/portalurbano\/\",\"logo\":{\"@type\":\"ImageObject\",\"inLanguage\":\"es\",\"@id\":\"https:\/\/experienciadevida.com.ar\/portalurbano\/#\/schema\/logo\/image\/\",\"url\":\"https:\/\/experienciadevida.com.ar\/portalurbano\/wp-content\/uploads\/2019\/09\/Logo-Original.png\",\"contentUrl\":\"https:\/\/experienciadevida.com.ar\/portalurbano\/wp-content\/uploads\/2019\/09\/Logo-Original.png\",\"width\":2236,\"height\":1216,\"caption\":\"Portal Urbano\"},\"image\":{\"@id\":\"https:\/\/experienciadevida.com.ar\/portalurbano\/#\/schema\/logo\/image\/\"},\"sameAs\":[\"https:\/\/www.facebook.com\/Portal-Urbano-171542830093757\/\",\"https:\/\/twitter.com\/portalurbanook\",\"https:\/\/www.instagram.com\/_portalurbano\/\",\"https:\/\/www.youtube.com\/channel\/UCXhagIfszH8KxFiOok79zbA?view_as=subscriber\"]},{\"@type\":\"Person\",\"@id\":\"https:\/\/experienciadevida.com.ar\/portalurbano\/#\/schema\/person\/02dd326b1c4b056e9cc972486934a3a7\",\"name\":\"admpu17wp\",\"image\":{\"@type\":\"ImageObject\",\"inLanguage\":\"es\",\"@id\":\"https:\/\/experienciadevida.com.ar\/portalurbano\/#\/schema\/person\/image\/\",\"url\":\"https:\/\/secure.gravatar.com\/avatar\/830d4c57adaae6630765e449a6908047?s=96&d=mm&r=g\",\"contentUrl\":\"https:\/\/secure.gravatar.com\/avatar\/830d4c57adaae6630765e449a6908047?s=96&d=mm&r=g\",\"caption\":\"admpu17wp\"}}]}<\/script>\n<!-- \/ Yoast SEO plugin. -->","yoast_head_json":{"title":"Novena sesi\u00f3n ordinaria: Se trata la actualizaci\u00f3n de la tarifa de transporte","description":"Novena Sesi\u00f3n Ordinaria: Se trata la actualizaci\u00f3n de la tarifa del transporte urbano, presidida por Cecilia Krivochen se hizo la reuni\u00f3n","robots":{"index":"index","follow":"follow","max-snippet":"max-snippet:-1","max-image-preview":"max-image-preview:large","max-video-preview":"max-video-preview:-1"},"canonical":"https:\/\/experienciadevida.com.ar\/portalurbano\/novena-sesion-ordinaria-se-trata-la-actualizacion-de-la-tarifa-del-transporte-urbano\/","og_locale":"es_ES","og_type":"article","og_title":"Novena sesi\u00f3n ordinaria: Se trata la actualizaci\u00f3n de la tarifa de transporte","og_description":"Novena Sesi\u00f3n Ordinaria: Se trata la actualizaci\u00f3n de la tarifa del transporte urbano, presidida por Cecilia Krivochen se hizo la reuni\u00f3n","og_url":"https:\/\/experienciadevida.com.ar\/portalurbano\/novena-sesion-ordinaria-se-trata-la-actualizacion-de-la-tarifa-del-transporte-urbano\/","article_publisher":"https:\/\/www.facebook.com\/Portal-Urbano-171542830093757\/","article_published_time":"2022-07-06T19:31:25+00:00","article_modified_time":"2022-07-06T19:32:26+00:00","og_image":[{"width":1864,"height":1049,"url":"https:\/\/experienciadevida.com.ar\/portalurbano\/wp-content\/uploads\/2022\/07\/Novena-Sesion-Ordinaria.jpg","type":"image\/jpeg"}],"author":"admpu17wp","twitter_card":"summary_large_image","twitter_creator":"@portalurbanook","twitter_site":"@portalurbanook","twitter_misc":{"Escrito por":"admpu17wp","Tiempo de lectura":"3 minutos"},"schema":{"@context":"https:\/\/schema.org","@graph":[{"@type":"Article","@id":"https:\/\/experienciadevida.com.ar\/portalurbano\/novena-sesion-ordinaria-se-trata-la-actualizacion-de-la-tarifa-del-transporte-urbano\/#article","isPartOf":{"@id":"https:\/\/experienciadevida.com.ar\/portalurbano\/novena-sesion-ordinaria-se-trata-la-actualizacion-de-la-tarifa-del-transporte-urbano\/"},"author":{"name":"admpu17wp","@id":"https:\/\/experienciadevida.com.ar\/portalurbano\/#\/schema\/person\/02dd326b1c4b056e9cc972486934a3a7"},"headline":"Novena Sesi\u00f3n Ordinaria: Se trata la actualizaci\u00f3n de la tarifa del transporte urbano","datePublished":"2022-07-06T19:31:25+00:00","dateModified":"2022-07-06T19:32:26+00:00","mainEntityOfPage":{"@id":"https:\/\/experienciadevida.com.ar\/portalurbano\/novena-sesion-ordinaria-se-trata-la-actualizacion-de-la-tarifa-del-transporte-urbano\/"},"wordCount":577,"publisher":{"@id":"https:\/\/experienciadevida.com.ar\/portalurbano\/#organization"},"articleSection":["Ciudad"],"inLanguage":"es"},{"@type":"WebPage","@id":"https:\/\/experienciadevida.com.ar\/portalurbano\/novena-sesion-ordinaria-se-trata-la-actualizacion-de-la-tarifa-del-transporte-urbano\/","url":"https:\/\/experienciadevida.com.ar\/portalurbano\/novena-sesion-ordinaria-se-trata-la-actualizacion-de-la-tarifa-del-transporte-urbano\/","name":"Novena sesi\u00f3n ordinaria: Se trata la actualizaci\u00f3n de la tarifa de transporte","isPartOf":{"@id":"https:\/\/experienciadevida.com.ar\/portalurbano\/#website"},"datePublished":"2022-07-06T19:31:25+00:00","dateModified":"2022-07-06T19:32:26+00:00","description":"Novena Sesi\u00f3n Ordinaria: Se trata la actualizaci\u00f3n de la tarifa del transporte urbano, presidida por Cecilia Krivochen se hizo la reuni\u00f3n","breadcrumb":{"@id":"https:\/\/experienciadevida.com.ar\/portalurbano\/novena-sesion-ordinaria-se-trata-la-actualizacion-de-la-tarifa-del-transporte-urbano\/#breadcrumb"},"inLanguage":"es","potentialAction":[{"@type":"ReadAction","target":["https:\/\/experienciadevida.com.ar\/portalurbano\/novena-sesion-ordinaria-se-trata-la-actualizacion-de-la-tarifa-del-transporte-urbano\/"]}]},{"@type":"BreadcrumbList","@id":"https:\/\/experienciadevida.com.ar\/portalurbano\/novena-sesion-ordinaria-se-trata-la-actualizacion-de-la-tarifa-del-transporte-urbano\/#breadcrumb","itemListElement":[{"@type":"ListItem","position":1,"name":"Portada","item":"https:\/\/experienciadevida.com.ar\/portalurbano\/"},{"@type":"ListItem","position":2,"name":"Novena Sesi\u00f3n Ordinaria: Se trata la actualizaci\u00f3n de la tarifa del transporte urbano"}]},{"@type":"WebSite","@id":"https:\/\/experienciadevida.com.ar\/portalurbano\/#website","url":"https:\/\/experienciadevida.com.ar\/portalurbano\/","name":"","description":"","publisher":{"@id":"https:\/\/experienciadevida.com.ar\/portalurbano\/#organization"},"potentialAction":[{"@type":"SearchAction","target":{"@type":"EntryPoint","urlTemplate":"https:\/\/experienciadevida.com.ar\/portalurbano\/?s={search_term_string}"},"query-input":"required name=search_term_string"}],"inLanguage":"es"},{"@type":"Organization","@id":"https:\/\/experienciadevida.com.ar\/portalurbano\/#organization","name":"Portal Urbano","url":"https:\/\/experienciadevida.com.ar\/portalurbano\/","logo":{"@type":"ImageObject","inLanguage":"es","@id":"https:\/\/experienciadevida.com.ar\/portalurbano\/#\/schema\/logo\/image\/","url":"https:\/\/experienciadevida.com.ar\/portalurbano\/wp-content\/uploads\/2019\/09\/Logo-Original.png","contentUrl":"https:\/\/experienciadevida.com.ar\/portalurbano\/wp-content\/uploads\/2019\/09\/Logo-Original.png","width":2236,"height":1216,"caption":"Portal Urbano"},"image":{"@id":"https:\/\/experienciadevida.com.ar\/portalurbano\/#\/schema\/logo\/image\/"},"sameAs":["https:\/\/www.facebook.com\/Portal-Urbano-171542830093757\/","https:\/\/twitter.com\/portalurbanook","https:\/\/www.instagram.com\/_portalurbano\/","https:\/\/www.youtube.com\/channel\/UCXhagIfszH8KxFiOok79zbA?view_as=subscriber"]},{"@type":"Person","@id":"https:\/\/experienciadevida.com.ar\/portalurbano\/#\/schema\/person\/02dd326b1c4b056e9cc972486934a3a7","name":"admpu17wp","image":{"@type":"ImageObject","inLanguage":"es","@id":"https:\/\/experienciadevida.com.ar\/portalurbano\/#\/schema\/person\/image\/","url":"https:\/\/secure.gravatar.com\/avatar\/830d4c57adaae6630765e449a6908047?s=96&d=mm&r=g","contentUrl":"https:\/\/secure.gravatar.com\/avatar\/830d4c57adaae6630765e449a6908047?s=96&d=mm&r=g","caption":"admpu17wp"}}]}},"featured_image_urls":{"full":["https:\/\/experienciadevida.com.ar\/portalurbano\/wp-content\/uploads\/2022\/07\/Novena-Sesion-Ordinaria.jpg",1864,1049,false],"thumbnail":["https:\/\/experienciadevida.com.ar\/portalurbano\/wp-content\/uploads\/2022\/07\/Novena-Sesion-Ordinaria-150x150.jpg",150,150,true],"medium":["https:\/\/experienciadevida.com.ar\/portalurbano\/wp-content\/uploads\/2022\/07\/Novena-Sesion-Ordinaria-300x169.jpg",300,169,true],"medium_large":["https:\/\/experienciadevida.com.ar\/portalurbano\/wp-content\/uploads\/2022\/07\/Novena-Sesion-Ordinaria-768x432.jpg",640,360,true],"large":["https:\/\/experienciadevida.com.ar\/portalurbano\/wp-content\/uploads\/2022\/07\/Novena-Sesion-Ordinaria-1024x576.jpg",640,360,true],"ug_big":["https:\/\/experienciadevida.com.ar\/portalurbano\/wp-content\/uploads\/2022\/07\/Novena-Sesion-Ordinaria-768x432.jpg",768,432,true],"1536x1536":["https:\/\/experienciadevida.com.ar\/portalurbano\/wp-content\/uploads\/2022\/07\/Novena-Sesion-Ordinaria-1536x864.jpg",1536,864,true],"2048x2048":["https:\/\/experienciadevida.com.ar\/portalurbano\/wp-content\/uploads\/2022\/07\/Novena-Sesion-Ordinaria.jpg",1864,1049,false],"newsever-slider-full":["https:\/\/experienciadevida.com.ar\/portalurbano\/wp-content\/uploads\/2022\/07\/Novena-Sesion-Ordinaria.jpg",1280,720,false],"newsever-featured":["https:\/\/experienciadevida.com.ar\/portalurbano\/wp-content\/uploads\/2022\/07\/Novena-Sesion-Ordinaria.jpg",1024,576,false],"newsever-medium":["https:\/\/experienciadevida.com.ar\/portalurbano\/wp-content\/uploads\/2022\/07\/Novena-Sesion-Ordinaria.jpg",720,405,false],"web-stories-poster-portrait":["https:\/\/experienciadevida.com.ar\/portalurbano\/wp-content\/uploads\/2022\/07\/Novena-Sesion-Ordinaria.jpg",640,360,false],"web-stories-publisher-logo":["https:\/\/experienciadevida.com.ar\/portalurbano\/wp-content\/uploads\/2022\/07\/Novena-Sesion-Ordinaria.jpg",96,54,false],"web-stories-thumbnail":["https:\/\/experienciadevida.com.ar\/portalurbano\/wp-content\/uploads\/2022\/07\/Novena-Sesion-Ordinaria.jpg",150,84,false]},"author_info":{"display_name":"admpu17wp","author_link":"https:\/\/experienciadevida.com.ar\/portalurbano\/author\/admpu17wp\/"},"category_info":"<a href=\"https:\/\/experienciadevida.com.ar\/portalurbano\/category\/ciudad\/\" rel=\"category tag\">Ciudad<\/a>","tag_info":"Ciudad","comment_count":"0","amp_enabled":true,"_links":{"self":[{"href":"https:\/\/experienciadevida.com.ar\/portalurbano\/wp-json\/wp\/v2\/posts\/170809"}],"collection":[{"href":"https:\/\/experienciadevida.com.ar\/portalurbano\/wp-json\/wp\/v2\/posts"}],"about":[{"href":"https:\/\/experienciadevida.com.ar\/portalurbano\/wp-json\/wp\/v2\/types\/post"}],"author":[{"embeddable":true,"href":"https:\/\/experienciadevida.com.ar\/portalurbano\/wp-json\/wp\/v2\/users\/1"}],"replies":[{"embeddable":true,"href":"https:\/\/experienciadevida.com.ar\/portalurbano\/wp-json\/wp\/v2\/comments?post=170809"}],"version-history":[{"count":1,"href":"https:\/\/experienciadevida.com.ar\/portalurbano\/wp-json\/wp\/v2\/posts\/170809\/revisions"}],"predecessor-version":[{"id":170811,"href":"https:\/\/experienciadevida.com.ar\/portalurbano\/wp-json\/wp\/v2\/posts\/170809\/revisions\/170811"}],"wp:featuredmedia":[{"embeddable":true,"href":"https:\/\/experienciadevida.com.ar\/portalurbano\/wp-json\/wp\/v2\/media\/170810"}],"wp:attachment":[{"href":"https:\/\/experienciadevida.com.ar\/portalurbano\/wp-json\/wp\/v2\/media?parent=170809"}],"wp:term":[{"taxonomy":"category","embeddable":true,"href":"https:\/\/experienciadevida.com.ar\/portalurbano\/wp-json\/wp\/v2\/categories?post=170809"},{"taxonomy":"post_tag","embeddable":true,"href":"https:\/\/experienciadevida.com.ar\/portalurbano\/wp-json\/wp\/v2\/tags?post=170809"}],"curies":[{"name":"wp","href":"https:\/\/api.w.org\/{rel}","templated":true}]}}