{"id":170802,"date":"2022-07-06T16:22:40","date_gmt":"2022-07-06T19:22:40","guid":{"rendered":"https:\/\/experienciadevida.com.ar\/portalurbano\/?p=170802"},"modified":"2022-07-06T16:23:08","modified_gmt":"2022-07-06T19:23:08","slug":"funcionaria-de-la-unidad-38-participo-de-las-jornadas-de-intercambio-de-experiencias-psicosociales-de-la-region","status":"publish","type":"post","link":"https:\/\/experienciadevida.com.ar\/portalurbano\/funcionaria-de-la-unidad-38-participo-de-las-jornadas-de-intercambio-de-experiencias-psicosociales-de-la-region\/","title":{"rendered":"Funcionaria de la Unidad 38 particip\u00f3 de las Jornadas  de Intercambio de Experiencias Psicosociales de la Regi\u00f3n"},"content":{"rendered":"<p>Funcionaria de la Unidad 38 particip\u00f3 de las Jornadas de Intercambio de Experiencias Psicosociales de la Regi\u00f3n, se trata de la T\u00e9cnica Superior en Psicolog\u00eda Social Patricia Cernak, quien d\u00edas pasados estuvo en la vecina ciudad de Azul para participar de las Jornadas de Intercambio de Experiencias Psicosociales de la Regi\u00f3n \u201cRepensando las Pr\u00e1cticas\u201d.<\/p>\n<p><a href=\"https:\/\/experienciadevida.com.ar\/portalurbano\/funcionaria-de-la-unidad-38-participo-de-las-jornadas-de-intercambio-de-experiencias-psicosociales-de-la-region\/funcionaria\/\" rel=\"attachment wp-att-170804\"><img decoding=\"async\" class=\"alignnone size-large wp-image-170804\" src=\"https:\/\/experienciadevida.com.ar\/portalurbano\/wp-content\/uploads\/2022\/07\/Funcionaria-1024x769.jpg\" alt=\"Funcionaria \" width=\"900\" height=\"676\" srcset=\"https:\/\/experienciadevida.com.ar\/portalurbano\/wp-content\/uploads\/2022\/07\/Funcionaria-1024x769.jpg 1024w, https:\/\/experienciadevida.com.ar\/portalurbano\/wp-content\/uploads\/2022\/07\/Funcionaria-300x225.jpg 300w, https:\/\/experienciadevida.com.ar\/portalurbano\/wp-content\/uploads\/2022\/07\/Funcionaria-768x576.jpg 768w, https:\/\/experienciadevida.com.ar\/portalurbano\/wp-content\/uploads\/2022\/07\/Funcionaria-1536x1153.jpg 1536w, https:\/\/experienciadevida.com.ar\/portalurbano\/wp-content\/uploads\/2022\/07\/Funcionaria.jpg 1600w\" sizes=\"(max-width: 900px) 100vw, 900px\" \/><\/a><\/p>\n<p>La actividad fue convocada por el Consejo de la Escuela de Psicolog\u00eda Social de Azul al celebrarse su 25 aniversario, en el marco del D\u00eda del Psic\u00f3logo Social y al celebrarse los 115 a\u00f1os del nacimiento del maestro Enrique Pich\u00f3n Rivi\u00e9re.<\/p>\n<p>El prop\u00f3sito del encuentro fue intercambiar y difundir experiencias de pr\u00e1cticas psicosociales que se est\u00e9n desarrollando para pensarlas y mejorarlas, fomentando el aprendizaje colaborativo y el debate.<\/p>\n<p>\u201cFue una jornada muy enriquecedora porque pudimos escuchar a colegas que ejercen en distintos \u00e1mbitos y espacios de reflexi\u00f3n -dijo Cernak- durante mi exposici\u00f3n destaqu\u00e9 la importancia de trabajar en contexto de encierro,<br \/>\nlo fundamental que resulta nuestro espacio desde los Centros de Acceso a Justicia y Asistencia a V\u00edctimas (CAJUS) que dependen del Ministerio de Justicia y Derechos Humanos, que facilitan el acceso a pol\u00edticas p\u00fablicas<br \/>\npara ayudar a solucionar diversas problem\u00e1ticas de los bonaerenses\u201d.<\/p>\n<p>Cernak hizo hincapi\u00e9 en la funci\u00f3n tratamental con los privados de la libertad, el intercambio de opiniones y la escucha, por eso, desde su espacio se han generado encuentros voluntarios con diferentes tem\u00e1ticas en<br \/>\nmodalidad taller: violencia, v\u00ednculos, padres, dar de vuelta y deconstruyendo masculinidades, este \u00faltimo realizado en conjunto con la Direcci\u00f3n de pol\u00edticas de G\u00e9nero de la Municipalidad de Olavarr\u00eda.<\/p>\n<p>Fuente y Fotos: Servicio Penitenciario Bonaerense<\/p>\n","protected":false},"excerpt":{"rendered":"<p>Funcionaria de la Unidad 38 particip\u00f3 de las Jornadas de Intercambio de Experiencias Psicosociales de&#8230;<\/p>\n","protected":false},"author":1,"featured_media":170803,"comment_status":"closed","ping_status":"closed","sticky":false,"template":"","format":"standard","meta":{"content-type":""},"categories":[27],"tags":[],"nelio_content":{"isAutoShareEnabled":false,"autoShareEndMode":"default","automationSources":{"useContentSentences":true,"useSocialTemplates":true,"useCustomSentences":false,"customSentences":[]},"followers":[1],"suggestedReferences":[],"includedReferences":[],"efiUrl":"","efiAlt":"","highlights":[]},"yoast_head":"<!-- This site is optimized with the Yoast SEO plugin v20.7 - https:\/\/yoast.com\/wordpress\/plugins\/seo\/ -->\n<title>Funcionaria de la Unidad 38 particip\u00f3 de las jornadas<\/title>\n<meta name=\"description\" content=\"Funcionaria de la Unidad 38 particip\u00f3 de las Jornadas de Intercambio de Experiencias Psicosociales de la Regi\u00f3n\" \/>\n<meta name=\"robots\" content=\"index, follow, max-snippet:-1, max-image-preview:large, max-video-preview:-1\" \/>\n<link rel=\"canonical\" href=\"https:\/\/experienciadevida.com.ar\/portalurbano\/funcionaria-de-la-unidad-38-participo-de-las-jornadas-de-intercambio-de-experiencias-psicosociales-de-la-region\/\" \/>\n<meta property=\"og:locale\" content=\"es_ES\" \/>\n<meta property=\"og:type\" content=\"article\" \/>\n<meta property=\"og:title\" content=\"Funcionaria de la Unidad 38 particip\u00f3 de las jornadas\" \/>\n<meta property=\"og:description\" content=\"Funcionaria de la Unidad 38 particip\u00f3 de las Jornadas de Intercambio de Experiencias Psicosociales de la Regi\u00f3n\" \/>\n<meta property=\"og:url\" content=\"https:\/\/experienciadevida.com.ar\/portalurbano\/funcionaria-de-la-unidad-38-participo-de-las-jornadas-de-intercambio-de-experiencias-psicosociales-de-la-region\/\" \/>\n<meta property=\"article:publisher\" content=\"https:\/\/www.facebook.com\/Portal-Urbano-171542830093757\/\" \/>\n<meta property=\"article:published_time\" content=\"2022-07-06T19:22:40+00:00\" \/>\n<meta property=\"article:modified_time\" content=\"2022-07-06T19:23:08+00:00\" \/>\n<meta property=\"og:image\" content=\"https:\/\/experienciadevida.com.ar\/portalurbano\/wp-content\/uploads\/2022\/07\/Funcionaria-de-la-Unidad.jpg\" \/>\n\t<meta property=\"og:image:width\" content=\"1280\" \/>\n\t<meta property=\"og:image:height\" content=\"853\" \/>\n\t<meta property=\"og:image:type\" content=\"image\/jpeg\" \/>\n<meta name=\"author\" content=\"admpu17wp\" \/>\n<meta name=\"twitter:card\" content=\"summary_large_image\" \/>\n<meta name=\"twitter:creator\" content=\"@portalurbanook\" \/>\n<meta name=\"twitter:site\" content=\"@portalurbanook\" \/>\n<meta name=\"twitter:label1\" content=\"Escrito por\" \/>\n\t<meta name=\"twitter:data1\" content=\"admpu17wp\" \/>\n\t<meta name=\"twitter:label2\" content=\"Tiempo de lectura\" \/>\n\t<meta name=\"twitter:data2\" content=\"2 minutos\" \/>\n<script type=\"application\/ld+json\" class=\"yoast-schema-graph\">{\"@context\":\"https:\/\/schema.org\",\"@graph\":[{\"@type\":\"Article\",\"@id\":\"https:\/\/experienciadevida.com.ar\/portalurbano\/funcionaria-de-la-unidad-38-participo-de-las-jornadas-de-intercambio-de-experiencias-psicosociales-de-la-region\/#article\",\"isPartOf\":{\"@id\":\"https:\/\/experienciadevida.com.ar\/portalurbano\/funcionaria-de-la-unidad-38-participo-de-las-jornadas-de-intercambio-de-experiencias-psicosociales-de-la-region\/\"},\"author\":{\"name\":\"admpu17wp\",\"@id\":\"https:\/\/experienciadevida.com.ar\/portalurbano\/#\/schema\/person\/02dd326b1c4b056e9cc972486934a3a7\"},\"headline\":\"Funcionaria de la Unidad 38 particip\u00f3 de las Jornadas de Intercambio de Experiencias Psicosociales de la Regi\u00f3n\",\"datePublished\":\"2022-07-06T19:22:40+00:00\",\"dateModified\":\"2022-07-06T19:23:08+00:00\",\"mainEntityOfPage\":{\"@id\":\"https:\/\/experienciadevida.com.ar\/portalurbano\/funcionaria-de-la-unidad-38-participo-de-las-jornadas-de-intercambio-de-experiencias-psicosociales-de-la-region\/\"},\"wordCount\":308,\"publisher\":{\"@id\":\"https:\/\/experienciadevida.com.ar\/portalurbano\/#organization\"},\"articleSection\":[\"Ciudad\"],\"inLanguage\":\"es\"},{\"@type\":\"WebPage\",\"@id\":\"https:\/\/experienciadevida.com.ar\/portalurbano\/funcionaria-de-la-unidad-38-participo-de-las-jornadas-de-intercambio-de-experiencias-psicosociales-de-la-region\/\",\"url\":\"https:\/\/experienciadevida.com.ar\/portalurbano\/funcionaria-de-la-unidad-38-participo-de-las-jornadas-de-intercambio-de-experiencias-psicosociales-de-la-region\/\",\"name\":\"Funcionaria de la Unidad 38 particip\u00f3 de las jornadas\",\"isPartOf\":{\"@id\":\"https:\/\/experienciadevida.com.ar\/portalurbano\/#website\"},\"datePublished\":\"2022-07-06T19:22:40+00:00\",\"dateModified\":\"2022-07-06T19:23:08+00:00\",\"description\":\"Funcionaria de la Unidad 38 particip\u00f3 de las Jornadas de Intercambio de Experiencias Psicosociales de la Regi\u00f3n\",\"breadcrumb\":{\"@id\":\"https:\/\/experienciadevida.com.ar\/portalurbano\/funcionaria-de-la-unidad-38-participo-de-las-jornadas-de-intercambio-de-experiencias-psicosociales-de-la-region\/#breadcrumb\"},\"inLanguage\":\"es\",\"potentialAction\":[{\"@type\":\"ReadAction\",\"target\":[\"https:\/\/experienciadevida.com.ar\/portalurbano\/funcionaria-de-la-unidad-38-participo-de-las-jornadas-de-intercambio-de-experiencias-psicosociales-de-la-region\/\"]}]},{\"@type\":\"BreadcrumbList\",\"@id\":\"https:\/\/experienciadevida.com.ar\/portalurbano\/funcionaria-de-la-unidad-38-participo-de-las-jornadas-de-intercambio-de-experiencias-psicosociales-de-la-region\/#breadcrumb\",\"itemListElement\":[{\"@type\":\"ListItem\",\"position\":1,\"name\":\"Portada\",\"item\":\"https:\/\/experienciadevida.com.ar\/portalurbano\/\"},{\"@type\":\"ListItem\",\"position\":2,\"name\":\"Funcionaria de la Unidad 38 particip\u00f3 de las Jornadas de Intercambio de Experiencias Psicosociales de la Regi\u00f3n\"}]},{\"@type\":\"WebSite\",\"@id\":\"https:\/\/experienciadevida.com.ar\/portalurbano\/#website\",\"url\":\"https:\/\/experienciadevida.com.ar\/portalurbano\/\",\"name\":\"\",\"description\":\"\",\"publisher\":{\"@id\":\"https:\/\/experienciadevida.com.ar\/portalurbano\/#organization\"},\"potentialAction\":[{\"@type\":\"SearchAction\",\"target\":{\"@type\":\"EntryPoint\",\"urlTemplate\":\"https:\/\/experienciadevida.com.ar\/portalurbano\/?s={search_term_string}\"},\"query-input\":\"required name=search_term_string\"}],\"inLanguage\":\"es\"},{\"@type\":\"Organization\",\"@id\":\"https:\/\/experienciadevida.com.ar\/portalurbano\/#organization\",\"name\":\"Portal Urbano\",\"url\":\"https:\/\/experienciadevida.com.ar\/portalurbano\/\",\"logo\":{\"@type\":\"ImageObject\",\"inLanguage\":\"es\",\"@id\":\"https:\/\/experienciadevida.com.ar\/portalurbano\/#\/schema\/logo\/image\/\",\"url\":\"https:\/\/experienciadevida.com.ar\/portalurbano\/wp-content\/uploads\/2019\/09\/Logo-Original.png\",\"contentUrl\":\"https:\/\/experienciadevida.com.ar\/portalurbano\/wp-content\/uploads\/2019\/09\/Logo-Original.png\",\"width\":2236,\"height\":1216,\"caption\":\"Portal Urbano\"},\"image\":{\"@id\":\"https:\/\/experienciadevida.com.ar\/portalurbano\/#\/schema\/logo\/image\/\"},\"sameAs\":[\"https:\/\/www.facebook.com\/Portal-Urbano-171542830093757\/\",\"https:\/\/twitter.com\/portalurbanook\",\"https:\/\/www.instagram.com\/_portalurbano\/\",\"https:\/\/www.youtube.com\/channel\/UCXhagIfszH8KxFiOok79zbA?view_as=subscriber\"]},{\"@type\":\"Person\",\"@id\":\"https:\/\/experienciadevida.com.ar\/portalurbano\/#\/schema\/person\/02dd326b1c4b056e9cc972486934a3a7\",\"name\":\"admpu17wp\",\"image\":{\"@type\":\"ImageObject\",\"inLanguage\":\"es\",\"@id\":\"https:\/\/experienciadevida.com.ar\/portalurbano\/#\/schema\/person\/image\/\",\"url\":\"https:\/\/secure.gravatar.com\/avatar\/830d4c57adaae6630765e449a6908047?s=96&d=mm&r=g\",\"contentUrl\":\"https:\/\/secure.gravatar.com\/avatar\/830d4c57adaae6630765e449a6908047?s=96&d=mm&r=g\",\"caption\":\"admpu17wp\"}}]}<\/script>\n<!-- \/ Yoast SEO plugin. -->","yoast_head_json":{"title":"Funcionaria de la Unidad 38 particip\u00f3 de las jornadas","description":"Funcionaria de la Unidad 38 particip\u00f3 de las Jornadas de Intercambio de Experiencias Psicosociales de la Regi\u00f3n","robots":{"index":"index","follow":"follow","max-snippet":"max-snippet:-1","max-image-preview":"max-image-preview:large","max-video-preview":"max-video-preview:-1"},"canonical":"https:\/\/experienciadevida.com.ar\/portalurbano\/funcionaria-de-la-unidad-38-participo-de-las-jornadas-de-intercambio-de-experiencias-psicosociales-de-la-region\/","og_locale":"es_ES","og_type":"article","og_title":"Funcionaria de la Unidad 38 particip\u00f3 de las jornadas","og_description":"Funcionaria de la Unidad 38 particip\u00f3 de las Jornadas de Intercambio de Experiencias Psicosociales de la Regi\u00f3n","og_url":"https:\/\/experienciadevida.com.ar\/portalurbano\/funcionaria-de-la-unidad-38-participo-de-las-jornadas-de-intercambio-de-experiencias-psicosociales-de-la-region\/","article_publisher":"https:\/\/www.facebook.com\/Portal-Urbano-171542830093757\/","article_published_time":"2022-07-06T19:22:40+00:00","article_modified_time":"2022-07-06T19:23:08+00:00","og_image":[{"width":1280,"height":853,"url":"https:\/\/experienciadevida.com.ar\/portalurbano\/wp-content\/uploads\/2022\/07\/Funcionaria-de-la-Unidad.jpg","type":"image\/jpeg"}],"author":"admpu17wp","twitter_card":"summary_large_image","twitter_creator":"@portalurbanook","twitter_site":"@portalurbanook","twitter_misc":{"Escrito por":"admpu17wp","Tiempo de lectura":"2 minutos"},"schema":{"@context":"https:\/\/schema.org","@graph":[{"@type":"Article","@id":"https:\/\/experienciadevida.com.ar\/portalurbano\/funcionaria-de-la-unidad-38-participo-de-las-jornadas-de-intercambio-de-experiencias-psicosociales-de-la-region\/#article","isPartOf":{"@id":"https:\/\/experienciadevida.com.ar\/portalurbano\/funcionaria-de-la-unidad-38-participo-de-las-jornadas-de-intercambio-de-experiencias-psicosociales-de-la-region\/"},"author":{"name":"admpu17wp","@id":"https:\/\/experienciadevida.com.ar\/portalurbano\/#\/schema\/person\/02dd326b1c4b056e9cc972486934a3a7"},"headline":"Funcionaria de la Unidad 38 particip\u00f3 de las Jornadas de Intercambio de Experiencias Psicosociales de la Regi\u00f3n","datePublished":"2022-07-06T19:22:40+00:00","dateModified":"2022-07-06T19:23:08+00:00","mainEntityOfPage":{"@id":"https:\/\/experienciadevida.com.ar\/portalurbano\/funcionaria-de-la-unidad-38-participo-de-las-jornadas-de-intercambio-de-experiencias-psicosociales-de-la-region\/"},"wordCount":308,"publisher":{"@id":"https:\/\/experienciadevida.com.ar\/portalurbano\/#organization"},"articleSection":["Ciudad"],"inLanguage":"es"},{"@type":"WebPage","@id":"https:\/\/experienciadevida.com.ar\/portalurbano\/funcionaria-de-la-unidad-38-participo-de-las-jornadas-de-intercambio-de-experiencias-psicosociales-de-la-region\/","url":"https:\/\/experienciadevida.com.ar\/portalurbano\/funcionaria-de-la-unidad-38-participo-de-las-jornadas-de-intercambio-de-experiencias-psicosociales-de-la-region\/","name":"Funcionaria de la Unidad 38 particip\u00f3 de las jornadas","isPartOf":{"@id":"https:\/\/experienciadevida.com.ar\/portalurbano\/#website"},"datePublished":"2022-07-06T19:22:40+00:00","dateModified":"2022-07-06T19:23:08+00:00","description":"Funcionaria de la Unidad 38 particip\u00f3 de las Jornadas de Intercambio de Experiencias Psicosociales de la Regi\u00f3n","breadcrumb":{"@id":"https:\/\/experienciadevida.com.ar\/portalurbano\/funcionaria-de-la-unidad-38-participo-de-las-jornadas-de-intercambio-de-experiencias-psicosociales-de-la-region\/#breadcrumb"},"inLanguage":"es","potentialAction":[{"@type":"ReadAction","target":["https:\/\/experienciadevida.com.ar\/portalurbano\/funcionaria-de-la-unidad-38-participo-de-las-jornadas-de-intercambio-de-experiencias-psicosociales-de-la-region\/"]}]},{"@type":"BreadcrumbList","@id":"https:\/\/experienciadevida.com.ar\/portalurbano\/funcionaria-de-la-unidad-38-participo-de-las-jornadas-de-intercambio-de-experiencias-psicosociales-de-la-region\/#breadcrumb","itemListElement":[{"@type":"ListItem","position":1,"name":"Portada","item":"https:\/\/experienciadevida.com.ar\/portalurbano\/"},{"@type":"ListItem","position":2,"name":"Funcionaria de la Unidad 38 particip\u00f3 de las Jornadas de Intercambio de Experiencias Psicosociales de la Regi\u00f3n"}]},{"@type":"WebSite","@id":"https:\/\/experienciadevida.com.ar\/portalurbano\/#website","url":"https:\/\/experienciadevida.com.ar\/portalurbano\/","name":"","description":"","publisher":{"@id":"https:\/\/experienciadevida.com.ar\/portalurbano\/#organization"},"potentialAction":[{"@type":"SearchAction","target":{"@type":"EntryPoint","urlTemplate":"https:\/\/experienciadevida.com.ar\/portalurbano\/?s={search_term_string}"},"query-input":"required name=search_term_string"}],"inLanguage":"es"},{"@type":"Organization","@id":"https:\/\/experienciadevida.com.ar\/portalurbano\/#organization","name":"Portal Urbano","url":"https:\/\/experienciadevida.com.ar\/portalurbano\/","logo":{"@type":"ImageObject","inLanguage":"es","@id":"https:\/\/experienciadevida.com.ar\/portalurbano\/#\/schema\/logo\/image\/","url":"https:\/\/experienciadevida.com.ar\/portalurbano\/wp-content\/uploads\/2019\/09\/Logo-Original.png","contentUrl":"https:\/\/experienciadevida.com.ar\/portalurbano\/wp-content\/uploads\/2019\/09\/Logo-Original.png","width":2236,"height":1216,"caption":"Portal Urbano"},"image":{"@id":"https:\/\/experienciadevida.com.ar\/portalurbano\/#\/schema\/logo\/image\/"},"sameAs":["https:\/\/www.facebook.com\/Portal-Urbano-171542830093757\/","https:\/\/twitter.com\/portalurbanook","https:\/\/www.instagram.com\/_portalurbano\/","https:\/\/www.youtube.com\/channel\/UCXhagIfszH8KxFiOok79zbA?view_as=subscriber"]},{"@type":"Person","@id":"https:\/\/experienciadevida.com.ar\/portalurbano\/#\/schema\/person\/02dd326b1c4b056e9cc972486934a3a7","name":"admpu17wp","image":{"@type":"ImageObject","inLanguage":"es","@id":"https:\/\/experienciadevida.com.ar\/portalurbano\/#\/schema\/person\/image\/","url":"https:\/\/secure.gravatar.com\/avatar\/830d4c57adaae6630765e449a6908047?s=96&d=mm&r=g","contentUrl":"https:\/\/secure.gravatar.com\/avatar\/830d4c57adaae6630765e449a6908047?s=96&d=mm&r=g","caption":"admpu17wp"}}]}},"featured_image_urls":{"full":["https:\/\/experienciadevida.com.ar\/portalurbano\/wp-content\/uploads\/2022\/07\/Funcionaria-de-la-Unidad.jpg",1280,853,false],"thumbnail":["https:\/\/experienciadevida.com.ar\/portalurbano\/wp-content\/uploads\/2022\/07\/Funcionaria-de-la-Unidad-150x150.jpg",150,150,true],"medium":["https:\/\/experienciadevida.com.ar\/portalurbano\/wp-content\/uploads\/2022\/07\/Funcionaria-de-la-Unidad-300x200.jpg",300,200,true],"medium_large":["https:\/\/experienciadevida.com.ar\/portalurbano\/wp-content\/uploads\/2022\/07\/Funcionaria-de-la-Unidad-768x512.jpg",640,427,true],"large":["https:\/\/experienciadevida.com.ar\/portalurbano\/wp-content\/uploads\/2022\/07\/Funcionaria-de-la-Unidad-1024x682.jpg",640,426,true],"ug_big":["https:\/\/experienciadevida.com.ar\/portalurbano\/wp-content\/uploads\/2022\/07\/Funcionaria-de-la-Unidad-768x512.jpg",768,512,true],"1536x1536":["https:\/\/experienciadevida.com.ar\/portalurbano\/wp-content\/uploads\/2022\/07\/Funcionaria-de-la-Unidad.jpg",1280,853,false],"2048x2048":["https:\/\/experienciadevida.com.ar\/portalurbano\/wp-content\/uploads\/2022\/07\/Funcionaria-de-la-Unidad.jpg",1280,853,false],"newsever-slider-full":["https:\/\/experienciadevida.com.ar\/portalurbano\/wp-content\/uploads\/2022\/07\/Funcionaria-de-la-Unidad.jpg",1268,845,false],"newsever-featured":["https:\/\/experienciadevida.com.ar\/portalurbano\/wp-content\/uploads\/2022\/07\/Funcionaria-de-la-Unidad.jpg",1024,682,false],"newsever-medium":["https:\/\/experienciadevida.com.ar\/portalurbano\/wp-content\/uploads\/2022\/07\/Funcionaria-de-la-Unidad.jpg",713,475,false],"web-stories-poster-portrait":["https:\/\/experienciadevida.com.ar\/portalurbano\/wp-content\/uploads\/2022\/07\/Funcionaria-de-la-Unidad.jpg",640,427,false],"web-stories-publisher-logo":["https:\/\/experienciadevida.com.ar\/portalurbano\/wp-content\/uploads\/2022\/07\/Funcionaria-de-la-Unidad.jpg",96,64,false],"web-stories-thumbnail":["https:\/\/experienciadevida.com.ar\/portalurbano\/wp-content\/uploads\/2022\/07\/Funcionaria-de-la-Unidad.jpg",150,100,false]},"author_info":{"display_name":"admpu17wp","author_link":"https:\/\/experienciadevida.com.ar\/portalurbano\/author\/admpu17wp\/"},"category_info":"<a href=\"https:\/\/experienciadevida.com.ar\/portalurbano\/category\/ciudad\/\" rel=\"category tag\">Ciudad<\/a>","tag_info":"Ciudad","comment_count":"0","amp_enabled":true,"_links":{"self":[{"href":"https:\/\/experienciadevida.com.ar\/portalurbano\/wp-json\/wp\/v2\/posts\/170802"}],"collection":[{"href":"https:\/\/experienciadevida.com.ar\/portalurbano\/wp-json\/wp\/v2\/posts"}],"about":[{"href":"https:\/\/experienciadevida.com.ar\/portalurbano\/wp-json\/wp\/v2\/types\/post"}],"author":[{"embeddable":true,"href":"https:\/\/experienciadevida.com.ar\/portalurbano\/wp-json\/wp\/v2\/users\/1"}],"replies":[{"embeddable":true,"href":"https:\/\/experienciadevida.com.ar\/portalurbano\/wp-json\/wp\/v2\/comments?post=170802"}],"version-history":[{"count":2,"href":"https:\/\/experienciadevida.com.ar\/portalurbano\/wp-json\/wp\/v2\/posts\/170802\/revisions"}],"predecessor-version":[{"id":170806,"href":"https:\/\/experienciadevida.com.ar\/portalurbano\/wp-json\/wp\/v2\/posts\/170802\/revisions\/170806"}],"wp:featuredmedia":[{"embeddable":true,"href":"https:\/\/experienciadevida.com.ar\/portalurbano\/wp-json\/wp\/v2\/media\/170803"}],"wp:attachment":[{"href":"https:\/\/experienciadevida.com.ar\/portalurbano\/wp-json\/wp\/v2\/media?parent=170802"}],"wp:term":[{"taxonomy":"category","embeddable":true,"href":"https:\/\/experienciadevida.com.ar\/portalurbano\/wp-json\/wp\/v2\/categories?post=170802"},{"taxonomy":"post_tag","embeddable":true,"href":"https:\/\/experienciadevida.com.ar\/portalurbano\/wp-json\/wp\/v2\/tags?post=170802"}],"curies":[{"name":"wp","href":"https:\/\/api.w.org\/{rel}","templated":true}]}}