{"id":170796,"date":"2022-07-06T15:44:41","date_gmt":"2022-07-06T18:44:41","guid":{"rendered":"https:\/\/experienciadevida.com.ar\/portalurbano\/?p=170796"},"modified":"2022-07-06T16:03:17","modified_gmt":"2022-07-06T19:03:17","slug":"municipio-inicio-tareas-de-apertura-de-calles-de-barrio-la-arana","status":"publish","type":"post","link":"https:\/\/experienciadevida.com.ar\/portalurbano\/municipio-inicio-tareas-de-apertura-de-calles-de-barrio-la-arana\/","title":{"rendered":"Municipio inici\u00f3 tareas de apertura de calles de barrio La Ara\u00f1a"},"content":{"rendered":"<p>Municipio inici\u00f3 tareas de apertura de calles de barrio La Ara\u00f1a, desde la Secretar\u00eda de Mantenimiento y Obras P\u00fablicas se inform\u00f3 que este martes se iniciaron los trabajos de apertura de calles en el barrio La Ara\u00f1a, con maquinaria vial de la Municipalidad.<\/p>\n<p>Los mismos son el resultado de un trabajo conjunto entre la Direcci\u00f3n de Mantenimiento Urbano y la Direcci\u00f3n de Catastro, con la finalidad de mejorar el trazado urbano de calles.<\/p>\n<p>Desde Catastro se llev\u00f3 a cabo en primer lugar el relevamiento t\u00e9cnico para posteriormente determinar los ejes de calles. Una vez realizado el procedimiento de amojonamiento, personal de Mantenimiento Urbano dio comienzo a las tareas de apertura de calles para luego realizar el entoscado de la traza.<\/p>\n<p>Al respecto, cabe recordar que en el mes de junio se realiz\u00f3 la apertura de la licitaci\u00f3n de la pavimentaci\u00f3n de prolongaci\u00f3n sur de calle Rivadavia, que beneficiar\u00e1 a familias de los barrios La Ara\u00f1a, Los Robles, Municipales, Plan Novios, Plan Abuelos y zonas aleda\u00f1as.<\/p>\n<p>En dicha zona, en los \u00faltimos a\u00f1os se ha registrado un importante crecimiento demogr\u00e1fico, por lo cual la pavimentaci\u00f3n permitir\u00e1 mejorar las condiciones de transitabilidad y de accesibilidad tanto del transporte p\u00fablico, como de las unidades asistenciales de emergencias.<\/p>\n<p>Estas obras proyectadas en dicho sector de la ciudad, por parte de la gesti\u00f3n del intendente Galli y que fueron incluidas en el Presupuesto 2022, tendr\u00e1n un impacto significativo en la mejora de la calidad de vida de la comunidad.<\/p>\n<p>Mantenimiento en Lourdes y San Lorenzo<\/p>\n<p>Durante la jornada del mi\u00e9rcoles, adem\u00e1s de continuar los trabajos de apertura de calles en barrio La Ara\u00f1a, se inici\u00f3 la limpieza de cordones cuentas en barrio Lourdes y de banquinas en Av. Ituzaing\u00f3, a la altura del barrio San Lorenzo.<\/p>\n<p>Todas estas acciones forman parte del Plan de Mantenimiento Integral 2022 que tiene por finalidad, por un lado, mejorar el estado de las calles, la transitabilidad, la accesibilidad tanto para los vecinos del sector, como as\u00ed tambi\u00e9n para el ingreso de los servicios de emergencias, y por otro, mejorar la evacuaci\u00f3n del agua, especialmente en el per\u00edodo de lluvias, cuando se originan mayores complicaciones.<\/p>\n<p>Cabe resaltar que este tipo de obras son ejecutadas con personal, recursos y equipamiento vial propio, bajo la supervisi\u00f3n de la Direcci\u00f3n de Mantenimiento Urbano.<\/p>\n<p>&nbsp;<\/p>\n","protected":false},"excerpt":{"rendered":"<p>Municipio inici\u00f3 tareas de apertura de calles de barrio La Ara\u00f1a, desde la Secretar\u00eda de&#8230;<\/p>\n","protected":false},"author":1,"featured_media":170797,"comment_status":"closed","ping_status":"closed","sticky":false,"template":"","format":"standard","meta":{"content-type":""},"categories":[27,51],"tags":[],"nelio_content":{"isAutoShareEnabled":false,"autoShareEndMode":"default","automationSources":{"useContentSentences":true,"useSocialTemplates":true,"useCustomSentences":false,"customSentences":[]},"followers":[1],"suggestedReferences":[],"includedReferences":[],"efiUrl":"","efiAlt":"","highlights":[]},"yoast_head":"<!-- This site is optimized with the Yoast SEO plugin v20.7 - https:\/\/yoast.com\/wordpress\/plugins\/seo\/ -->\n<title>Municipio inici\u00f3 tareas de apertura de calles de Barrio La Ara\u00f1a<\/title>\n<meta name=\"description\" content=\"Municipio inici\u00f3 tareas de apertura de calles de barrio La Ara\u00f1a, desde la Secretar\u00eda de Mantenimiento y Obras P\u00fablicas\" \/>\n<meta name=\"robots\" content=\"index, follow, max-snippet:-1, max-image-preview:large, max-video-preview:-1\" \/>\n<link rel=\"canonical\" href=\"https:\/\/experienciadevida.com.ar\/portalurbano\/municipio-inicio-tareas-de-apertura-de-calles-de-barrio-la-arana\/\" \/>\n<meta property=\"og:locale\" content=\"es_ES\" \/>\n<meta property=\"og:type\" content=\"article\" \/>\n<meta property=\"og:title\" content=\"Municipio inici\u00f3 tareas de apertura de calles de Barrio La Ara\u00f1a\" \/>\n<meta property=\"og:description\" content=\"Municipio inici\u00f3 tareas de apertura de calles de barrio La Ara\u00f1a, desde la Secretar\u00eda de Mantenimiento y Obras P\u00fablicas\" \/>\n<meta property=\"og:url\" content=\"https:\/\/experienciadevida.com.ar\/portalurbano\/municipio-inicio-tareas-de-apertura-de-calles-de-barrio-la-arana\/\" \/>\n<meta property=\"article:publisher\" content=\"https:\/\/www.facebook.com\/Portal-Urbano-171542830093757\/\" \/>\n<meta property=\"article:published_time\" content=\"2022-07-06T18:44:41+00:00\" \/>\n<meta property=\"article:modified_time\" content=\"2022-07-06T19:03:17+00:00\" \/>\n<meta property=\"og:image\" content=\"https:\/\/experienciadevida.com.ar\/portalurbano\/wp-content\/uploads\/2022\/07\/Municipio-inicio-tareas-de.jpeg\" \/>\n\t<meta property=\"og:image:width\" content=\"1600\" \/>\n\t<meta property=\"og:image:height\" content=\"900\" \/>\n\t<meta property=\"og:image:type\" content=\"image\/jpeg\" \/>\n<meta name=\"author\" content=\"admpu17wp\" \/>\n<meta name=\"twitter:card\" content=\"summary_large_image\" \/>\n<meta name=\"twitter:creator\" content=\"@portalurbanook\" \/>\n<meta name=\"twitter:site\" content=\"@portalurbanook\" \/>\n<meta name=\"twitter:label1\" content=\"Escrito por\" \/>\n\t<meta name=\"twitter:data1\" content=\"admpu17wp\" \/>\n\t<meta name=\"twitter:label2\" content=\"Tiempo de lectura\" \/>\n\t<meta name=\"twitter:data2\" content=\"2 minutos\" \/>\n<script type=\"application\/ld+json\" class=\"yoast-schema-graph\">{\"@context\":\"https:\/\/schema.org\",\"@graph\":[{\"@type\":\"Article\",\"@id\":\"https:\/\/experienciadevida.com.ar\/portalurbano\/municipio-inicio-tareas-de-apertura-de-calles-de-barrio-la-arana\/#article\",\"isPartOf\":{\"@id\":\"https:\/\/experienciadevida.com.ar\/portalurbano\/municipio-inicio-tareas-de-apertura-de-calles-de-barrio-la-arana\/\"},\"author\":{\"name\":\"admpu17wp\",\"@id\":\"https:\/\/experienciadevida.com.ar\/portalurbano\/#\/schema\/person\/02dd326b1c4b056e9cc972486934a3a7\"},\"headline\":\"Municipio inici\u00f3 tareas de apertura de calles de barrio La Ara\u00f1a\",\"datePublished\":\"2022-07-06T18:44:41+00:00\",\"dateModified\":\"2022-07-06T19:03:17+00:00\",\"mainEntityOfPage\":{\"@id\":\"https:\/\/experienciadevida.com.ar\/portalurbano\/municipio-inicio-tareas-de-apertura-de-calles-de-barrio-la-arana\/\"},\"wordCount\":417,\"publisher\":{\"@id\":\"https:\/\/experienciadevida.com.ar\/portalurbano\/#organization\"},\"articleSection\":[\"Ciudad\",\"Destacadas\"],\"inLanguage\":\"es\"},{\"@type\":\"WebPage\",\"@id\":\"https:\/\/experienciadevida.com.ar\/portalurbano\/municipio-inicio-tareas-de-apertura-de-calles-de-barrio-la-arana\/\",\"url\":\"https:\/\/experienciadevida.com.ar\/portalurbano\/municipio-inicio-tareas-de-apertura-de-calles-de-barrio-la-arana\/\",\"name\":\"Municipio inici\u00f3 tareas de apertura de calles de Barrio La Ara\u00f1a\",\"isPartOf\":{\"@id\":\"https:\/\/experienciadevida.com.ar\/portalurbano\/#website\"},\"datePublished\":\"2022-07-06T18:44:41+00:00\",\"dateModified\":\"2022-07-06T19:03:17+00:00\",\"description\":\"Municipio inici\u00f3 tareas de apertura de calles de barrio La Ara\u00f1a, desde la Secretar\u00eda de Mantenimiento y Obras P\u00fablicas\",\"breadcrumb\":{\"@id\":\"https:\/\/experienciadevida.com.ar\/portalurbano\/municipio-inicio-tareas-de-apertura-de-calles-de-barrio-la-arana\/#breadcrumb\"},\"inLanguage\":\"es\",\"potentialAction\":[{\"@type\":\"ReadAction\",\"target\":[\"https:\/\/experienciadevida.com.ar\/portalurbano\/municipio-inicio-tareas-de-apertura-de-calles-de-barrio-la-arana\/\"]}]},{\"@type\":\"BreadcrumbList\",\"@id\":\"https:\/\/experienciadevida.com.ar\/portalurbano\/municipio-inicio-tareas-de-apertura-de-calles-de-barrio-la-arana\/#breadcrumb\",\"itemListElement\":[{\"@type\":\"ListItem\",\"position\":1,\"name\":\"Portada\",\"item\":\"https:\/\/experienciadevida.com.ar\/portalurbano\/\"},{\"@type\":\"ListItem\",\"position\":2,\"name\":\"Municipio inici\u00f3 tareas de apertura de calles de barrio La Ara\u00f1a\"}]},{\"@type\":\"WebSite\",\"@id\":\"https:\/\/experienciadevida.com.ar\/portalurbano\/#website\",\"url\":\"https:\/\/experienciadevida.com.ar\/portalurbano\/\",\"name\":\"\",\"description\":\"\",\"publisher\":{\"@id\":\"https:\/\/experienciadevida.com.ar\/portalurbano\/#organization\"},\"potentialAction\":[{\"@type\":\"SearchAction\",\"target\":{\"@type\":\"EntryPoint\",\"urlTemplate\":\"https:\/\/experienciadevida.com.ar\/portalurbano\/?s={search_term_string}\"},\"query-input\":\"required name=search_term_string\"}],\"inLanguage\":\"es\"},{\"@type\":\"Organization\",\"@id\":\"https:\/\/experienciadevida.com.ar\/portalurbano\/#organization\",\"name\":\"Portal Urbano\",\"url\":\"https:\/\/experienciadevida.com.ar\/portalurbano\/\",\"logo\":{\"@type\":\"ImageObject\",\"inLanguage\":\"es\",\"@id\":\"https:\/\/experienciadevida.com.ar\/portalurbano\/#\/schema\/logo\/image\/\",\"url\":\"https:\/\/experienciadevida.com.ar\/portalurbano\/wp-content\/uploads\/2019\/09\/Logo-Original.png\",\"contentUrl\":\"https:\/\/experienciadevida.com.ar\/portalurbano\/wp-content\/uploads\/2019\/09\/Logo-Original.png\",\"width\":2236,\"height\":1216,\"caption\":\"Portal Urbano\"},\"image\":{\"@id\":\"https:\/\/experienciadevida.com.ar\/portalurbano\/#\/schema\/logo\/image\/\"},\"sameAs\":[\"https:\/\/www.facebook.com\/Portal-Urbano-171542830093757\/\",\"https:\/\/twitter.com\/portalurbanook\",\"https:\/\/www.instagram.com\/_portalurbano\/\",\"https:\/\/www.youtube.com\/channel\/UCXhagIfszH8KxFiOok79zbA?view_as=subscriber\"]},{\"@type\":\"Person\",\"@id\":\"https:\/\/experienciadevida.com.ar\/portalurbano\/#\/schema\/person\/02dd326b1c4b056e9cc972486934a3a7\",\"name\":\"admpu17wp\",\"image\":{\"@type\":\"ImageObject\",\"inLanguage\":\"es\",\"@id\":\"https:\/\/experienciadevida.com.ar\/portalurbano\/#\/schema\/person\/image\/\",\"url\":\"https:\/\/secure.gravatar.com\/avatar\/830d4c57adaae6630765e449a6908047?s=96&d=mm&r=g\",\"contentUrl\":\"https:\/\/secure.gravatar.com\/avatar\/830d4c57adaae6630765e449a6908047?s=96&d=mm&r=g\",\"caption\":\"admpu17wp\"}}]}<\/script>\n<!-- \/ Yoast SEO plugin. -->","yoast_head_json":{"title":"Municipio inici\u00f3 tareas de apertura de calles de Barrio La Ara\u00f1a","description":"Municipio inici\u00f3 tareas de apertura de calles de barrio La Ara\u00f1a, desde la Secretar\u00eda de Mantenimiento y Obras P\u00fablicas","robots":{"index":"index","follow":"follow","max-snippet":"max-snippet:-1","max-image-preview":"max-image-preview:large","max-video-preview":"max-video-preview:-1"},"canonical":"https:\/\/experienciadevida.com.ar\/portalurbano\/municipio-inicio-tareas-de-apertura-de-calles-de-barrio-la-arana\/","og_locale":"es_ES","og_type":"article","og_title":"Municipio inici\u00f3 tareas de apertura de calles de Barrio La Ara\u00f1a","og_description":"Municipio inici\u00f3 tareas de apertura de calles de barrio La Ara\u00f1a, desde la Secretar\u00eda de Mantenimiento y Obras P\u00fablicas","og_url":"https:\/\/experienciadevida.com.ar\/portalurbano\/municipio-inicio-tareas-de-apertura-de-calles-de-barrio-la-arana\/","article_publisher":"https:\/\/www.facebook.com\/Portal-Urbano-171542830093757\/","article_published_time":"2022-07-06T18:44:41+00:00","article_modified_time":"2022-07-06T19:03:17+00:00","og_image":[{"width":1600,"height":900,"url":"https:\/\/experienciadevida.com.ar\/portalurbano\/wp-content\/uploads\/2022\/07\/Municipio-inicio-tareas-de.jpeg","type":"image\/jpeg"}],"author":"admpu17wp","twitter_card":"summary_large_image","twitter_creator":"@portalurbanook","twitter_site":"@portalurbanook","twitter_misc":{"Escrito por":"admpu17wp","Tiempo de lectura":"2 minutos"},"schema":{"@context":"https:\/\/schema.org","@graph":[{"@type":"Article","@id":"https:\/\/experienciadevida.com.ar\/portalurbano\/municipio-inicio-tareas-de-apertura-de-calles-de-barrio-la-arana\/#article","isPartOf":{"@id":"https:\/\/experienciadevida.com.ar\/portalurbano\/municipio-inicio-tareas-de-apertura-de-calles-de-barrio-la-arana\/"},"author":{"name":"admpu17wp","@id":"https:\/\/experienciadevida.com.ar\/portalurbano\/#\/schema\/person\/02dd326b1c4b056e9cc972486934a3a7"},"headline":"Municipio inici\u00f3 tareas de apertura de calles de barrio La Ara\u00f1a","datePublished":"2022-07-06T18:44:41+00:00","dateModified":"2022-07-06T19:03:17+00:00","mainEntityOfPage":{"@id":"https:\/\/experienciadevida.com.ar\/portalurbano\/municipio-inicio-tareas-de-apertura-de-calles-de-barrio-la-arana\/"},"wordCount":417,"publisher":{"@id":"https:\/\/experienciadevida.com.ar\/portalurbano\/#organization"},"articleSection":["Ciudad","Destacadas"],"inLanguage":"es"},{"@type":"WebPage","@id":"https:\/\/experienciadevida.com.ar\/portalurbano\/municipio-inicio-tareas-de-apertura-de-calles-de-barrio-la-arana\/","url":"https:\/\/experienciadevida.com.ar\/portalurbano\/municipio-inicio-tareas-de-apertura-de-calles-de-barrio-la-arana\/","name":"Municipio inici\u00f3 tareas de apertura de calles de Barrio La Ara\u00f1a","isPartOf":{"@id":"https:\/\/experienciadevida.com.ar\/portalurbano\/#website"},"datePublished":"2022-07-06T18:44:41+00:00","dateModified":"2022-07-06T19:03:17+00:00","description":"Municipio inici\u00f3 tareas de apertura de calles de barrio La Ara\u00f1a, desde la Secretar\u00eda de Mantenimiento y Obras P\u00fablicas","breadcrumb":{"@id":"https:\/\/experienciadevida.com.ar\/portalurbano\/municipio-inicio-tareas-de-apertura-de-calles-de-barrio-la-arana\/#breadcrumb"},"inLanguage":"es","potentialAction":[{"@type":"ReadAction","target":["https:\/\/experienciadevida.com.ar\/portalurbano\/municipio-inicio-tareas-de-apertura-de-calles-de-barrio-la-arana\/"]}]},{"@type":"BreadcrumbList","@id":"https:\/\/experienciadevida.com.ar\/portalurbano\/municipio-inicio-tareas-de-apertura-de-calles-de-barrio-la-arana\/#breadcrumb","itemListElement":[{"@type":"ListItem","position":1,"name":"Portada","item":"https:\/\/experienciadevida.com.ar\/portalurbano\/"},{"@type":"ListItem","position":2,"name":"Municipio inici\u00f3 tareas de apertura de calles de barrio La Ara\u00f1a"}]},{"@type":"WebSite","@id":"https:\/\/experienciadevida.com.ar\/portalurbano\/#website","url":"https:\/\/experienciadevida.com.ar\/portalurbano\/","name":"","description":"","publisher":{"@id":"https:\/\/experienciadevida.com.ar\/portalurbano\/#organization"},"potentialAction":[{"@type":"SearchAction","target":{"@type":"EntryPoint","urlTemplate":"https:\/\/experienciadevida.com.ar\/portalurbano\/?s={search_term_string}"},"query-input":"required name=search_term_string"}],"inLanguage":"es"},{"@type":"Organization","@id":"https:\/\/experienciadevida.com.ar\/portalurbano\/#organization","name":"Portal Urbano","url":"https:\/\/experienciadevida.com.ar\/portalurbano\/","logo":{"@type":"ImageObject","inLanguage":"es","@id":"https:\/\/experienciadevida.com.ar\/portalurbano\/#\/schema\/logo\/image\/","url":"https:\/\/experienciadevida.com.ar\/portalurbano\/wp-content\/uploads\/2019\/09\/Logo-Original.png","contentUrl":"https:\/\/experienciadevida.com.ar\/portalurbano\/wp-content\/uploads\/2019\/09\/Logo-Original.png","width":2236,"height":1216,"caption":"Portal Urbano"},"image":{"@id":"https:\/\/experienciadevida.com.ar\/portalurbano\/#\/schema\/logo\/image\/"},"sameAs":["https:\/\/www.facebook.com\/Portal-Urbano-171542830093757\/","https:\/\/twitter.com\/portalurbanook","https:\/\/www.instagram.com\/_portalurbano\/","https:\/\/www.youtube.com\/channel\/UCXhagIfszH8KxFiOok79zbA?view_as=subscriber"]},{"@type":"Person","@id":"https:\/\/experienciadevida.com.ar\/portalurbano\/#\/schema\/person\/02dd326b1c4b056e9cc972486934a3a7","name":"admpu17wp","image":{"@type":"ImageObject","inLanguage":"es","@id":"https:\/\/experienciadevida.com.ar\/portalurbano\/#\/schema\/person\/image\/","url":"https:\/\/secure.gravatar.com\/avatar\/830d4c57adaae6630765e449a6908047?s=96&d=mm&r=g","contentUrl":"https:\/\/secure.gravatar.com\/avatar\/830d4c57adaae6630765e449a6908047?s=96&d=mm&r=g","caption":"admpu17wp"}}]}},"featured_image_urls":{"full":["https:\/\/experienciadevida.com.ar\/portalurbano\/wp-content\/uploads\/2022\/07\/Municipio-inicio-tareas-de.jpeg",1600,900,false],"thumbnail":["https:\/\/experienciadevida.com.ar\/portalurbano\/wp-content\/uploads\/2022\/07\/Municipio-inicio-tareas-de-150x150.jpeg",150,150,true],"medium":["https:\/\/experienciadevida.com.ar\/portalurbano\/wp-content\/uploads\/2022\/07\/Municipio-inicio-tareas-de-300x169.jpeg",300,169,true],"medium_large":["https:\/\/experienciadevida.com.ar\/portalurbano\/wp-content\/uploads\/2022\/07\/Municipio-inicio-tareas-de-768x432.jpeg",640,360,true],"large":["https:\/\/experienciadevida.com.ar\/portalurbano\/wp-content\/uploads\/2022\/07\/Municipio-inicio-tareas-de-1024x576.jpeg",640,360,true],"ug_big":["https:\/\/experienciadevida.com.ar\/portalurbano\/wp-content\/uploads\/2022\/07\/Municipio-inicio-tareas-de-768x432.jpeg",768,432,true],"1536x1536":["https:\/\/experienciadevida.com.ar\/portalurbano\/wp-content\/uploads\/2022\/07\/Municipio-inicio-tareas-de-1536x864.jpeg",1536,864,true],"2048x2048":["https:\/\/experienciadevida.com.ar\/portalurbano\/wp-content\/uploads\/2022\/07\/Municipio-inicio-tareas-de.jpeg",1600,900,false],"newsever-slider-full":["https:\/\/experienciadevida.com.ar\/portalurbano\/wp-content\/uploads\/2022\/07\/Municipio-inicio-tareas-de.jpeg",1280,720,false],"newsever-featured":["https:\/\/experienciadevida.com.ar\/portalurbano\/wp-content\/uploads\/2022\/07\/Municipio-inicio-tareas-de.jpeg",1024,576,false],"newsever-medium":["https:\/\/experienciadevida.com.ar\/portalurbano\/wp-content\/uploads\/2022\/07\/Municipio-inicio-tareas-de.jpeg",720,405,false],"web-stories-poster-portrait":["https:\/\/experienciadevida.com.ar\/portalurbano\/wp-content\/uploads\/2022\/07\/Municipio-inicio-tareas-de.jpeg",640,360,false],"web-stories-publisher-logo":["https:\/\/experienciadevida.com.ar\/portalurbano\/wp-content\/uploads\/2022\/07\/Municipio-inicio-tareas-de.jpeg",96,54,false],"web-stories-thumbnail":["https:\/\/experienciadevida.com.ar\/portalurbano\/wp-content\/uploads\/2022\/07\/Municipio-inicio-tareas-de.jpeg",150,84,false]},"author_info":{"display_name":"admpu17wp","author_link":"https:\/\/experienciadevida.com.ar\/portalurbano\/author\/admpu17wp\/"},"category_info":"<a href=\"https:\/\/experienciadevida.com.ar\/portalurbano\/category\/ciudad\/\" rel=\"category tag\">Ciudad<\/a> <a href=\"https:\/\/experienciadevida.com.ar\/portalurbano\/category\/destacadas\/\" rel=\"category tag\">Destacadas<\/a>","tag_info":"Destacadas","comment_count":"0","amp_enabled":true,"_links":{"self":[{"href":"https:\/\/experienciadevida.com.ar\/portalurbano\/wp-json\/wp\/v2\/posts\/170796"}],"collection":[{"href":"https:\/\/experienciadevida.com.ar\/portalurbano\/wp-json\/wp\/v2\/posts"}],"about":[{"href":"https:\/\/experienciadevida.com.ar\/portalurbano\/wp-json\/wp\/v2\/types\/post"}],"author":[{"embeddable":true,"href":"https:\/\/experienciadevida.com.ar\/portalurbano\/wp-json\/wp\/v2\/users\/1"}],"replies":[{"embeddable":true,"href":"https:\/\/experienciadevida.com.ar\/portalurbano\/wp-json\/wp\/v2\/comments?post=170796"}],"version-history":[{"count":1,"href":"https:\/\/experienciadevida.com.ar\/portalurbano\/wp-json\/wp\/v2\/posts\/170796\/revisions"}],"predecessor-version":[{"id":170798,"href":"https:\/\/experienciadevida.com.ar\/portalurbano\/wp-json\/wp\/v2\/posts\/170796\/revisions\/170798"}],"wp:featuredmedia":[{"embeddable":true,"href":"https:\/\/experienciadevida.com.ar\/portalurbano\/wp-json\/wp\/v2\/media\/170797"}],"wp:attachment":[{"href":"https:\/\/experienciadevida.com.ar\/portalurbano\/wp-json\/wp\/v2\/media?parent=170796"}],"wp:term":[{"taxonomy":"category","embeddable":true,"href":"https:\/\/experienciadevida.com.ar\/portalurbano\/wp-json\/wp\/v2\/categories?post=170796"},{"taxonomy":"post_tag","embeddable":true,"href":"https:\/\/experienciadevida.com.ar\/portalurbano\/wp-json\/wp\/v2\/tags?post=170796"}],"curies":[{"name":"wp","href":"https:\/\/api.w.org\/{rel}","templated":true}]}}