{"id":170782,"date":"2022-07-06T09:52:53","date_gmt":"2022-07-06T12:52:53","guid":{"rendered":"https:\/\/experienciadevida.com.ar\/portalurbano\/?p=170782"},"modified":"2022-07-06T09:54:46","modified_gmt":"2022-07-06T12:54:46","slug":"desarrollo-sustentable-julio-libre-de-plasticos","status":"publish","type":"post","link":"https:\/\/experienciadevida.com.ar\/portalurbano\/desarrollo-sustentable-julio-libre-de-plasticos\/","title":{"rendered":"Desarrollo Sustentable: julio libre de pl\u00e1sticos"},"content":{"rendered":"<p>Desarrollo Sustentable: julio libre de pl\u00e1sticos, el Municipio de Olavarr\u00eda adhiere al movimiento global Plastic Free July (Julio libre de pl\u00e1sticos), el cual plantea un desaf\u00edo a la poblaci\u00f3n: durante el mes de julio desechar el menor n\u00famero posible de pl\u00e1sticos. Plastic Free July es una iniciativa que surgi\u00f3 en el a\u00f1o 2011, y busca proporcionar recursos e ideas a la poblaci\u00f3n para reducir los desechos pl\u00e1sticos de un solo uso en el hogar, el trabajo o la escuela.<\/p>\n<p>En este sentido, desde la Direcci\u00f3n de Desarrollo Sustentable de la Secretar\u00eda de Desarrollo Econ\u00f3mico se plantean posibles acciones a llevar a cabo:<\/p>\n<p>Prestar atenci\u00f3n a los objetos de uso cotidiano: esta acci\u00f3n nos permite tomar conciencia sobre cu\u00e1ntos de nuestros objetos de uso cotidiano son de pl\u00e1stico. Si es posible, buscar una alternativa a estos objetos (que no est\u00e9 hecha de pl\u00e1stico).<br \/>\nHigiene personal sin pl\u00e1sticos: cambiar a peine de madera, cepillo de dientes de bamb\u00fa, shampoo y acondicionador s\u00f3lidos, hisopos biodegradables, esponja vegetal, copa menstrual de silicona.<br \/>\nCocina libre de pl\u00e1sticos: elegir consumir productos naturales y que no est\u00e9n envasados. Usar cubiertos reutilizables y sorbetes met\u00e1licos, realizar compras a granel, utilizar botellas o vasos reutilizables.<br \/>\nCompras libres de pl\u00e1sticos: realizar las compras a granel reutilizando los frascos de vidrio, elegir productos libres o con poco envoltorio, utilizar bolsa de tela para los mandados.<\/p>\n","protected":false},"excerpt":{"rendered":"<p>Desarrollo Sustentable: julio libre de pl\u00e1sticos, el Municipio de Olavarr\u00eda adhiere al movimiento global Plastic&#8230;<\/p>\n","protected":false},"author":1,"featured_media":170783,"comment_status":"closed","ping_status":"closed","sticky":false,"template":"","format":"standard","meta":{"content-type":""},"categories":[27,51],"tags":[],"nelio_content":{"isAutoShareEnabled":false,"autoShareEndMode":"default","automationSources":{"useContentSentences":true,"useSocialTemplates":true,"useCustomSentences":false,"customSentences":[]},"followers":[1],"suggestedReferences":[],"includedReferences":[],"efiUrl":"","efiAlt":"","highlights":[]},"yoast_head":"<!-- This site is optimized with the Yoast SEO plugin v20.7 - https:\/\/yoast.com\/wordpress\/plugins\/seo\/ -->\n<title>Desarrollo sustentable: julio libre de pl\u00e1sticos<\/title>\n<meta name=\"description\" content=\"Desarrollo Sustentable: julio libre de pl\u00e1sticos, el Municipio de Olavarr\u00eda adhiere al movimiento global Plastic Free (libre de pl\u00e1sticos)\" \/>\n<meta name=\"robots\" content=\"index, follow, max-snippet:-1, max-image-preview:large, max-video-preview:-1\" \/>\n<link rel=\"canonical\" href=\"https:\/\/experienciadevida.com.ar\/portalurbano\/desarrollo-sustentable-julio-libre-de-plasticos\/\" \/>\n<meta property=\"og:locale\" content=\"es_ES\" \/>\n<meta property=\"og:type\" content=\"article\" \/>\n<meta property=\"og:title\" content=\"Desarrollo sustentable: julio libre de pl\u00e1sticos\" \/>\n<meta property=\"og:description\" content=\"Desarrollo Sustentable: julio libre de pl\u00e1sticos, el Municipio de Olavarr\u00eda adhiere al movimiento global Plastic Free (libre de pl\u00e1sticos)\" \/>\n<meta property=\"og:url\" content=\"https:\/\/experienciadevida.com.ar\/portalurbano\/desarrollo-sustentable-julio-libre-de-plasticos\/\" \/>\n<meta property=\"article:publisher\" content=\"https:\/\/www.facebook.com\/Portal-Urbano-171542830093757\/\" \/>\n<meta property=\"article:published_time\" content=\"2022-07-06T12:52:53+00:00\" \/>\n<meta property=\"article:modified_time\" content=\"2022-07-06T12:54:46+00:00\" \/>\n<meta property=\"og:image\" content=\"https:\/\/experienciadevida.com.ar\/portalurbano\/wp-content\/uploads\/2022\/07\/Desarrollo-sustentable.jpg\" \/>\n\t<meta property=\"og:image:width\" content=\"1024\" \/>\n\t<meta property=\"og:image:height\" content=\"978\" \/>\n\t<meta property=\"og:image:type\" content=\"image\/jpeg\" \/>\n<meta name=\"author\" content=\"admpu17wp\" \/>\n<meta name=\"twitter:card\" content=\"summary_large_image\" \/>\n<meta name=\"twitter:creator\" content=\"@portalurbanook\" \/>\n<meta name=\"twitter:site\" content=\"@portalurbanook\" \/>\n<meta name=\"twitter:label1\" content=\"Escrito por\" \/>\n\t<meta name=\"twitter:data1\" content=\"admpu17wp\" \/>\n\t<meta name=\"twitter:label2\" content=\"Tiempo de lectura\" \/>\n\t<meta name=\"twitter:data2\" content=\"1 minuto\" \/>\n<script type=\"application\/ld+json\" class=\"yoast-schema-graph\">{\"@context\":\"https:\/\/schema.org\",\"@graph\":[{\"@type\":\"Article\",\"@id\":\"https:\/\/experienciadevida.com.ar\/portalurbano\/desarrollo-sustentable-julio-libre-de-plasticos\/#article\",\"isPartOf\":{\"@id\":\"https:\/\/experienciadevida.com.ar\/portalurbano\/desarrollo-sustentable-julio-libre-de-plasticos\/\"},\"author\":{\"name\":\"admpu17wp\",\"@id\":\"https:\/\/experienciadevida.com.ar\/portalurbano\/#\/schema\/person\/02dd326b1c4b056e9cc972486934a3a7\"},\"headline\":\"Desarrollo Sustentable: julio libre de pl\u00e1sticos\",\"datePublished\":\"2022-07-06T12:52:53+00:00\",\"dateModified\":\"2022-07-06T12:54:46+00:00\",\"mainEntityOfPage\":{\"@id\":\"https:\/\/experienciadevida.com.ar\/portalurbano\/desarrollo-sustentable-julio-libre-de-plasticos\/\"},\"wordCount\":254,\"publisher\":{\"@id\":\"https:\/\/experienciadevida.com.ar\/portalurbano\/#organization\"},\"articleSection\":[\"Ciudad\",\"Destacadas\"],\"inLanguage\":\"es\"},{\"@type\":\"WebPage\",\"@id\":\"https:\/\/experienciadevida.com.ar\/portalurbano\/desarrollo-sustentable-julio-libre-de-plasticos\/\",\"url\":\"https:\/\/experienciadevida.com.ar\/portalurbano\/desarrollo-sustentable-julio-libre-de-plasticos\/\",\"name\":\"Desarrollo sustentable: julio libre de pl\u00e1sticos\",\"isPartOf\":{\"@id\":\"https:\/\/experienciadevida.com.ar\/portalurbano\/#website\"},\"datePublished\":\"2022-07-06T12:52:53+00:00\",\"dateModified\":\"2022-07-06T12:54:46+00:00\",\"description\":\"Desarrollo Sustentable: julio libre de pl\u00e1sticos, el Municipio de Olavarr\u00eda adhiere al movimiento global Plastic Free (libre de pl\u00e1sticos)\",\"breadcrumb\":{\"@id\":\"https:\/\/experienciadevida.com.ar\/portalurbano\/desarrollo-sustentable-julio-libre-de-plasticos\/#breadcrumb\"},\"inLanguage\":\"es\",\"potentialAction\":[{\"@type\":\"ReadAction\",\"target\":[\"https:\/\/experienciadevida.com.ar\/portalurbano\/desarrollo-sustentable-julio-libre-de-plasticos\/\"]}]},{\"@type\":\"BreadcrumbList\",\"@id\":\"https:\/\/experienciadevida.com.ar\/portalurbano\/desarrollo-sustentable-julio-libre-de-plasticos\/#breadcrumb\",\"itemListElement\":[{\"@type\":\"ListItem\",\"position\":1,\"name\":\"Portada\",\"item\":\"https:\/\/experienciadevida.com.ar\/portalurbano\/\"},{\"@type\":\"ListItem\",\"position\":2,\"name\":\"Desarrollo Sustentable: julio libre de pl\u00e1sticos\"}]},{\"@type\":\"WebSite\",\"@id\":\"https:\/\/experienciadevida.com.ar\/portalurbano\/#website\",\"url\":\"https:\/\/experienciadevida.com.ar\/portalurbano\/\",\"name\":\"\",\"description\":\"\",\"publisher\":{\"@id\":\"https:\/\/experienciadevida.com.ar\/portalurbano\/#organization\"},\"potentialAction\":[{\"@type\":\"SearchAction\",\"target\":{\"@type\":\"EntryPoint\",\"urlTemplate\":\"https:\/\/experienciadevida.com.ar\/portalurbano\/?s={search_term_string}\"},\"query-input\":\"required name=search_term_string\"}],\"inLanguage\":\"es\"},{\"@type\":\"Organization\",\"@id\":\"https:\/\/experienciadevida.com.ar\/portalurbano\/#organization\",\"name\":\"Portal Urbano\",\"url\":\"https:\/\/experienciadevida.com.ar\/portalurbano\/\",\"logo\":{\"@type\":\"ImageObject\",\"inLanguage\":\"es\",\"@id\":\"https:\/\/experienciadevida.com.ar\/portalurbano\/#\/schema\/logo\/image\/\",\"url\":\"https:\/\/experienciadevida.com.ar\/portalurbano\/wp-content\/uploads\/2019\/09\/Logo-Original.png\",\"contentUrl\":\"https:\/\/experienciadevida.com.ar\/portalurbano\/wp-content\/uploads\/2019\/09\/Logo-Original.png\",\"width\":2236,\"height\":1216,\"caption\":\"Portal Urbano\"},\"image\":{\"@id\":\"https:\/\/experienciadevida.com.ar\/portalurbano\/#\/schema\/logo\/image\/\"},\"sameAs\":[\"https:\/\/www.facebook.com\/Portal-Urbano-171542830093757\/\",\"https:\/\/twitter.com\/portalurbanook\",\"https:\/\/www.instagram.com\/_portalurbano\/\",\"https:\/\/www.youtube.com\/channel\/UCXhagIfszH8KxFiOok79zbA?view_as=subscriber\"]},{\"@type\":\"Person\",\"@id\":\"https:\/\/experienciadevida.com.ar\/portalurbano\/#\/schema\/person\/02dd326b1c4b056e9cc972486934a3a7\",\"name\":\"admpu17wp\",\"image\":{\"@type\":\"ImageObject\",\"inLanguage\":\"es\",\"@id\":\"https:\/\/experienciadevida.com.ar\/portalurbano\/#\/schema\/person\/image\/\",\"url\":\"https:\/\/secure.gravatar.com\/avatar\/830d4c57adaae6630765e449a6908047?s=96&d=mm&r=g\",\"contentUrl\":\"https:\/\/secure.gravatar.com\/avatar\/830d4c57adaae6630765e449a6908047?s=96&d=mm&r=g\",\"caption\":\"admpu17wp\"}}]}<\/script>\n<!-- \/ Yoast SEO plugin. -->","yoast_head_json":{"title":"Desarrollo sustentable: julio libre de pl\u00e1sticos","description":"Desarrollo Sustentable: julio libre de pl\u00e1sticos, el Municipio de Olavarr\u00eda adhiere al movimiento global Plastic Free (libre de pl\u00e1sticos)","robots":{"index":"index","follow":"follow","max-snippet":"max-snippet:-1","max-image-preview":"max-image-preview:large","max-video-preview":"max-video-preview:-1"},"canonical":"https:\/\/experienciadevida.com.ar\/portalurbano\/desarrollo-sustentable-julio-libre-de-plasticos\/","og_locale":"es_ES","og_type":"article","og_title":"Desarrollo sustentable: julio libre de pl\u00e1sticos","og_description":"Desarrollo Sustentable: julio libre de pl\u00e1sticos, el Municipio de Olavarr\u00eda adhiere al movimiento global Plastic Free (libre de pl\u00e1sticos)","og_url":"https:\/\/experienciadevida.com.ar\/portalurbano\/desarrollo-sustentable-julio-libre-de-plasticos\/","article_publisher":"https:\/\/www.facebook.com\/Portal-Urbano-171542830093757\/","article_published_time":"2022-07-06T12:52:53+00:00","article_modified_time":"2022-07-06T12:54:46+00:00","og_image":[{"width":1024,"height":978,"url":"https:\/\/experienciadevida.com.ar\/portalurbano\/wp-content\/uploads\/2022\/07\/Desarrollo-sustentable.jpg","type":"image\/jpeg"}],"author":"admpu17wp","twitter_card":"summary_large_image","twitter_creator":"@portalurbanook","twitter_site":"@portalurbanook","twitter_misc":{"Escrito por":"admpu17wp","Tiempo de lectura":"1 minuto"},"schema":{"@context":"https:\/\/schema.org","@graph":[{"@type":"Article","@id":"https:\/\/experienciadevida.com.ar\/portalurbano\/desarrollo-sustentable-julio-libre-de-plasticos\/#article","isPartOf":{"@id":"https:\/\/experienciadevida.com.ar\/portalurbano\/desarrollo-sustentable-julio-libre-de-plasticos\/"},"author":{"name":"admpu17wp","@id":"https:\/\/experienciadevida.com.ar\/portalurbano\/#\/schema\/person\/02dd326b1c4b056e9cc972486934a3a7"},"headline":"Desarrollo Sustentable: julio libre de pl\u00e1sticos","datePublished":"2022-07-06T12:52:53+00:00","dateModified":"2022-07-06T12:54:46+00:00","mainEntityOfPage":{"@id":"https:\/\/experienciadevida.com.ar\/portalurbano\/desarrollo-sustentable-julio-libre-de-plasticos\/"},"wordCount":254,"publisher":{"@id":"https:\/\/experienciadevida.com.ar\/portalurbano\/#organization"},"articleSection":["Ciudad","Destacadas"],"inLanguage":"es"},{"@type":"WebPage","@id":"https:\/\/experienciadevida.com.ar\/portalurbano\/desarrollo-sustentable-julio-libre-de-plasticos\/","url":"https:\/\/experienciadevida.com.ar\/portalurbano\/desarrollo-sustentable-julio-libre-de-plasticos\/","name":"Desarrollo sustentable: julio libre de pl\u00e1sticos","isPartOf":{"@id":"https:\/\/experienciadevida.com.ar\/portalurbano\/#website"},"datePublished":"2022-07-06T12:52:53+00:00","dateModified":"2022-07-06T12:54:46+00:00","description":"Desarrollo Sustentable: julio libre de pl\u00e1sticos, el Municipio de Olavarr\u00eda adhiere al movimiento global Plastic Free (libre de pl\u00e1sticos)","breadcrumb":{"@id":"https:\/\/experienciadevida.com.ar\/portalurbano\/desarrollo-sustentable-julio-libre-de-plasticos\/#breadcrumb"},"inLanguage":"es","potentialAction":[{"@type":"ReadAction","target":["https:\/\/experienciadevida.com.ar\/portalurbano\/desarrollo-sustentable-julio-libre-de-plasticos\/"]}]},{"@type":"BreadcrumbList","@id":"https:\/\/experienciadevida.com.ar\/portalurbano\/desarrollo-sustentable-julio-libre-de-plasticos\/#breadcrumb","itemListElement":[{"@type":"ListItem","position":1,"name":"Portada","item":"https:\/\/experienciadevida.com.ar\/portalurbano\/"},{"@type":"ListItem","position":2,"name":"Desarrollo Sustentable: julio libre de pl\u00e1sticos"}]},{"@type":"WebSite","@id":"https:\/\/experienciadevida.com.ar\/portalurbano\/#website","url":"https:\/\/experienciadevida.com.ar\/portalurbano\/","name":"","description":"","publisher":{"@id":"https:\/\/experienciadevida.com.ar\/portalurbano\/#organization"},"potentialAction":[{"@type":"SearchAction","target":{"@type":"EntryPoint","urlTemplate":"https:\/\/experienciadevida.com.ar\/portalurbano\/?s={search_term_string}"},"query-input":"required name=search_term_string"}],"inLanguage":"es"},{"@type":"Organization","@id":"https:\/\/experienciadevida.com.ar\/portalurbano\/#organization","name":"Portal Urbano","url":"https:\/\/experienciadevida.com.ar\/portalurbano\/","logo":{"@type":"ImageObject","inLanguage":"es","@id":"https:\/\/experienciadevida.com.ar\/portalurbano\/#\/schema\/logo\/image\/","url":"https:\/\/experienciadevida.com.ar\/portalurbano\/wp-content\/uploads\/2019\/09\/Logo-Original.png","contentUrl":"https:\/\/experienciadevida.com.ar\/portalurbano\/wp-content\/uploads\/2019\/09\/Logo-Original.png","width":2236,"height":1216,"caption":"Portal Urbano"},"image":{"@id":"https:\/\/experienciadevida.com.ar\/portalurbano\/#\/schema\/logo\/image\/"},"sameAs":["https:\/\/www.facebook.com\/Portal-Urbano-171542830093757\/","https:\/\/twitter.com\/portalurbanook","https:\/\/www.instagram.com\/_portalurbano\/","https:\/\/www.youtube.com\/channel\/UCXhagIfszH8KxFiOok79zbA?view_as=subscriber"]},{"@type":"Person","@id":"https:\/\/experienciadevida.com.ar\/portalurbano\/#\/schema\/person\/02dd326b1c4b056e9cc972486934a3a7","name":"admpu17wp","image":{"@type":"ImageObject","inLanguage":"es","@id":"https:\/\/experienciadevida.com.ar\/portalurbano\/#\/schema\/person\/image\/","url":"https:\/\/secure.gravatar.com\/avatar\/830d4c57adaae6630765e449a6908047?s=96&d=mm&r=g","contentUrl":"https:\/\/secure.gravatar.com\/avatar\/830d4c57adaae6630765e449a6908047?s=96&d=mm&r=g","caption":"admpu17wp"}}]}},"featured_image_urls":{"full":["https:\/\/experienciadevida.com.ar\/portalurbano\/wp-content\/uploads\/2022\/07\/Desarrollo-sustentable.jpg",1024,978,false],"thumbnail":["https:\/\/experienciadevida.com.ar\/portalurbano\/wp-content\/uploads\/2022\/07\/Desarrollo-sustentable-150x150.jpg",150,150,true],"medium":["https:\/\/experienciadevida.com.ar\/portalurbano\/wp-content\/uploads\/2022\/07\/Desarrollo-sustentable-300x287.jpg",300,287,true],"medium_large":["https:\/\/experienciadevida.com.ar\/portalurbano\/wp-content\/uploads\/2022\/07\/Desarrollo-sustentable-768x734.jpg",640,612,true],"large":["https:\/\/experienciadevida.com.ar\/portalurbano\/wp-content\/uploads\/2022\/07\/Desarrollo-sustentable.jpg",640,611,false],"ug_big":["https:\/\/experienciadevida.com.ar\/portalurbano\/wp-content\/uploads\/2022\/07\/Desarrollo-sustentable-768x734.jpg",768,734,true],"1536x1536":["https:\/\/experienciadevida.com.ar\/portalurbano\/wp-content\/uploads\/2022\/07\/Desarrollo-sustentable.jpg",1024,978,false],"2048x2048":["https:\/\/experienciadevida.com.ar\/portalurbano\/wp-content\/uploads\/2022\/07\/Desarrollo-sustentable.jpg",1024,978,false],"newsever-slider-full":["https:\/\/experienciadevida.com.ar\/portalurbano\/wp-content\/uploads\/2022\/07\/Desarrollo-sustentable.jpg",885,845,false],"newsever-featured":["https:\/\/experienciadevida.com.ar\/portalurbano\/wp-content\/uploads\/2022\/07\/Desarrollo-sustentable.jpg",1024,978,false],"newsever-medium":["https:\/\/experienciadevida.com.ar\/portalurbano\/wp-content\/uploads\/2022\/07\/Desarrollo-sustentable.jpg",497,475,false],"web-stories-poster-portrait":["https:\/\/experienciadevida.com.ar\/portalurbano\/wp-content\/uploads\/2022\/07\/Desarrollo-sustentable.jpg",640,611,false],"web-stories-publisher-logo":["https:\/\/experienciadevida.com.ar\/portalurbano\/wp-content\/uploads\/2022\/07\/Desarrollo-sustentable.jpg",96,92,false],"web-stories-thumbnail":["https:\/\/experienciadevida.com.ar\/portalurbano\/wp-content\/uploads\/2022\/07\/Desarrollo-sustentable.jpg",150,143,false]},"author_info":{"display_name":"admpu17wp","author_link":"https:\/\/experienciadevida.com.ar\/portalurbano\/author\/admpu17wp\/"},"category_info":"<a href=\"https:\/\/experienciadevida.com.ar\/portalurbano\/category\/ciudad\/\" rel=\"category tag\">Ciudad<\/a> <a href=\"https:\/\/experienciadevida.com.ar\/portalurbano\/category\/destacadas\/\" rel=\"category tag\">Destacadas<\/a>","tag_info":"Destacadas","comment_count":"0","amp_enabled":true,"_links":{"self":[{"href":"https:\/\/experienciadevida.com.ar\/portalurbano\/wp-json\/wp\/v2\/posts\/170782"}],"collection":[{"href":"https:\/\/experienciadevida.com.ar\/portalurbano\/wp-json\/wp\/v2\/posts"}],"about":[{"href":"https:\/\/experienciadevida.com.ar\/portalurbano\/wp-json\/wp\/v2\/types\/post"}],"author":[{"embeddable":true,"href":"https:\/\/experienciadevida.com.ar\/portalurbano\/wp-json\/wp\/v2\/users\/1"}],"replies":[{"embeddable":true,"href":"https:\/\/experienciadevida.com.ar\/portalurbano\/wp-json\/wp\/v2\/comments?post=170782"}],"version-history":[{"count":1,"href":"https:\/\/experienciadevida.com.ar\/portalurbano\/wp-json\/wp\/v2\/posts\/170782\/revisions"}],"predecessor-version":[{"id":170784,"href":"https:\/\/experienciadevida.com.ar\/portalurbano\/wp-json\/wp\/v2\/posts\/170782\/revisions\/170784"}],"wp:featuredmedia":[{"embeddable":true,"href":"https:\/\/experienciadevida.com.ar\/portalurbano\/wp-json\/wp\/v2\/media\/170783"}],"wp:attachment":[{"href":"https:\/\/experienciadevida.com.ar\/portalurbano\/wp-json\/wp\/v2\/media?parent=170782"}],"wp:term":[{"taxonomy":"category","embeddable":true,"href":"https:\/\/experienciadevida.com.ar\/portalurbano\/wp-json\/wp\/v2\/categories?post=170782"},{"taxonomy":"post_tag","embeddable":true,"href":"https:\/\/experienciadevida.com.ar\/portalurbano\/wp-json\/wp\/v2\/tags?post=170782"}],"curies":[{"name":"wp","href":"https:\/\/api.w.org\/{rel}","templated":true}]}}