{"id":170754,"date":"2022-07-05T19:09:31","date_gmt":"2022-07-05T22:09:31","guid":{"rendered":"https:\/\/experienciadevida.com.ar\/portalurbano\/?p=170754"},"modified":"2022-07-05T19:09:57","modified_gmt":"2022-07-05T22:09:57","slug":"charla-para-monitor-de-basquet-en-la-unidad-2","status":"publish","type":"post","link":"https:\/\/experienciadevida.com.ar\/portalurbano\/charla-para-monitor-de-basquet-en-la-unidad-2\/","title":{"rendered":"Charla para Monitor de B\u00e1squet en la Unidad 2"},"content":{"rendered":"<p>Charla para Monitor de B\u00e1squet en la Unidad 2, d\u00edas pasados, Federico Mar\u00edn y Nicol\u00e1s Lorenzo jugadores de b\u00e1squet de Pe\u00f1arol de Mar del Plata y de Racing A. Club de Olavarr\u00eda, brindaron una charla en el marco del curso de Monitor de B\u00e1squet a los internos estudiantes alojados en la Unidad Penitenciaria N\u00ba 2 de Sierra Chica.<\/p>\n<p><a href=\"https:\/\/experienciadevida.com.ar\/portalurbano\/charla-para-monitor-de-basquet-en-la-unidad-2\/charla-5\/\" rel=\"attachment wp-att-170756\"><img decoding=\"async\" class=\"alignnone size-large wp-image-170756\" src=\"https:\/\/experienciadevida.com.ar\/portalurbano\/wp-content\/uploads\/2022\/07\/Charla-1024x768.jpg\" alt=\"Charla \" width=\"900\" height=\"675\" srcset=\"https:\/\/experienciadevida.com.ar\/portalurbano\/wp-content\/uploads\/2022\/07\/Charla-1024x768.jpg 1024w, https:\/\/experienciadevida.com.ar\/portalurbano\/wp-content\/uploads\/2022\/07\/Charla-300x225.jpg 300w, https:\/\/experienciadevida.com.ar\/portalurbano\/wp-content\/uploads\/2022\/07\/Charla-768x576.jpg 768w, https:\/\/experienciadevida.com.ar\/portalurbano\/wp-content\/uploads\/2022\/07\/Charla-1536x1152.jpg 1536w, https:\/\/experienciadevida.com.ar\/portalurbano\/wp-content\/uploads\/2022\/07\/Charla-2048x1536.jpg 2048w\" sizes=\"(max-width: 900px) 100vw, 900px\" \/><\/a><\/p>\n<p>Este curso es dictado por el CEF N\u00b0100 junto al Programa Integral de Asistencia y Tratamiento para J\u00f3venes Adultos (PIATJA), el Centro de Acceso a la Justicia (CAJUS) y el \u00e1rea de deportes de la Unidad 2.<\/p>\n<p>Estuvieron presentes el Director del CEF N\u00b0 100 H\u00e9ctor Burghini y el profesor Ra\u00fal M\u00e9ndez, quienes dictan el curso, el Coordinador General de Educaci\u00f3n, Cultura y Deportes del Complejo Penitenciario Centro Zona Sur, Alejandro Luj\u00e1n, el Subjefe de Tratamiento Facundo Luna, la psic\u00f3loga Alejandra De Lazzer que integra el CAJUS, y del espacio de PIATJA estuvieron presentes la psic\u00f3loga y coordinadora t\u00e9cnica Julieta Videla y el psicopedagogo Gast\u00f3n Tolosa. El coordinador de deporte de la Unidad N\u00b02 Santiago Casey y el profesor de educaci\u00f3n f\u00edsica H\u00e9ctor Quiroga.<\/p>\n<p>Los basquetbolistas Mar\u00edn y Lorenzo fueron presentados por el Director del CEF 100 quien agradeci\u00f3 \u201ca todos por el espacio y al Servicio Penitenciario. Debemos rescatar de las historias de estos jugadores el sacrificio que hacen desde chicos, cuando tuvieron que dejar sus casas para ir a un club y tener la posibilidad de competir en las grandes ligas.<br \/>\nMientras est\u00e1n compitiendo, pasan meses sin ver a la familia, deben cuidarse, entrenar mientras no juegan. M\u00e1s all\u00e1 del talento deportivo hay un sacrificio, no se llega porque salieron sorteados. Se llega y se mantiene por la disciplina y la constancia. Esto es lo que esperamos que se lleven de la charla\u201d.<\/p>\n<p>El encuentro se realiz\u00f3 en el sal\u00f3n del PIATJA, alrededor de una mesa con desayuno especial. Todos los presentes fueron agasajados con medialunas, tortas, pasta frola, gaseosa y mate. Ambos jugadores de b\u00e1squet contaron<br \/>\nsus vidas, los esfuerzos y situaciones que dejaron postergadas para jugar a nivel profesional. Los estudiantes del curso interactuaron con los jugadores profesionales y se gener\u00f3 un encuentro desde el respeto y aprendizaje.<\/p>\n<p>Charla para Monitor de B\u00e1squet en la Unidad 2, el curso de Monitor de B\u00e1squet recibe a 25 privados de la libertad que han finalizado sus estudios secundarios, se trata de una propuesta orientada a la capacitaci\u00f3n de los detenidos y abre la posibilidad de realizar la carrera de entrenador para obtener una salida laboral al momento de obtener<br \/>\nla libertad, un instrumento concreto de reinserci\u00f3n social y prevenci\u00f3n de la reincidencia en el delito. Aporta nociones de equipo, nociones b\u00e1sicas sobre roles, supuestos b\u00e1sicos de los aconteceres grupales, como as\u00ed<br \/>\ntambi\u00e9n el rol del monitor\/coordinador, su lugar y su funci\u00f3n. Por estos motivos la Jefatura de la Unidad N\u00b02 apoya y apuntala esta actividad desde sus inicios.<\/p>\n<p>Fuente y Fotos: Servicio\u00a0 Penitenciario Bonaerense<\/p>\n<p><a href=\"https:\/\/experienciadevida.com.ar\/portalurbano\/charla-para-monitor-de-basquet-en-la-unidad-2\/para-5\/\" rel=\"attachment wp-att-170757\"><img decoding=\"async\" class=\"alignnone size-large wp-image-170757\" src=\"https:\/\/experienciadevida.com.ar\/portalurbano\/wp-content\/uploads\/2022\/07\/para-1024x768.jpg\" alt=\"para \" width=\"900\" height=\"675\" srcset=\"https:\/\/experienciadevida.com.ar\/portalurbano\/wp-content\/uploads\/2022\/07\/para-1024x768.jpg 1024w, https:\/\/experienciadevida.com.ar\/portalurbano\/wp-content\/uploads\/2022\/07\/para-300x225.jpg 300w, https:\/\/experienciadevida.com.ar\/portalurbano\/wp-content\/uploads\/2022\/07\/para-768x576.jpg 768w, https:\/\/experienciadevida.com.ar\/portalurbano\/wp-content\/uploads\/2022\/07\/para-1536x1152.jpg 1536w, https:\/\/experienciadevida.com.ar\/portalurbano\/wp-content\/uploads\/2022\/07\/para-2048x1536.jpg 2048w\" sizes=\"(max-width: 900px) 100vw, 900px\" \/><\/a><\/p>\n","protected":false},"excerpt":{"rendered":"<p>Charla para Monitor de B\u00e1squet en la Unidad 2, d\u00edas pasados, Federico Mar\u00edn y Nicol\u00e1s&#8230;<\/p>\n","protected":false},"author":1,"featured_media":170755,"comment_status":"closed","ping_status":"closed","sticky":false,"template":"","format":"standard","meta":{"content-type":""},"categories":[27],"tags":[],"nelio_content":{"isAutoShareEnabled":false,"autoShareEndMode":"default","automationSources":{"useContentSentences":true,"useSocialTemplates":true,"useCustomSentences":false,"customSentences":[]},"followers":[1],"suggestedReferences":[],"includedReferences":[],"efiUrl":"","efiAlt":"","highlights":[]},"yoast_head":"<!-- This site is optimized with the Yoast SEO plugin v20.7 - https:\/\/yoast.com\/wordpress\/plugins\/seo\/ -->\n<title>Charla para monitor de b\u00e1squet en la Unidad 2<\/title>\n<meta name=\"description\" content=\"Charla para Monitor de B\u00e1squet en la Unidad 2, d\u00edas pasados, Federico Mar\u00edn y Nicol\u00e1s Lorenzo jugadores de b\u00e1squet de Pe\u00f1arol de Mar del Plata\" \/>\n<meta name=\"robots\" content=\"index, follow, max-snippet:-1, max-image-preview:large, max-video-preview:-1\" \/>\n<link rel=\"canonical\" href=\"https:\/\/experienciadevida.com.ar\/portalurbano\/charla-para-monitor-de-basquet-en-la-unidad-2\/\" \/>\n<meta property=\"og:locale\" content=\"es_ES\" \/>\n<meta property=\"og:type\" content=\"article\" \/>\n<meta property=\"og:title\" content=\"Charla para monitor de b\u00e1squet en la Unidad 2\" \/>\n<meta property=\"og:description\" content=\"Charla para Monitor de B\u00e1squet en la Unidad 2, d\u00edas pasados, Federico Mar\u00edn y Nicol\u00e1s Lorenzo jugadores de b\u00e1squet de Pe\u00f1arol de Mar del Plata\" \/>\n<meta property=\"og:url\" content=\"https:\/\/experienciadevida.com.ar\/portalurbano\/charla-para-monitor-de-basquet-en-la-unidad-2\/\" \/>\n<meta property=\"article:publisher\" content=\"https:\/\/www.facebook.com\/Portal-Urbano-171542830093757\/\" \/>\n<meta property=\"article:published_time\" content=\"2022-07-05T22:09:31+00:00\" \/>\n<meta property=\"article:modified_time\" content=\"2022-07-05T22:09:57+00:00\" \/>\n<meta property=\"og:image\" content=\"https:\/\/experienciadevida.com.ar\/portalurbano\/wp-content\/uploads\/2022\/07\/Charla-para-Monitor-de-scaled.jpg\" \/>\n\t<meta property=\"og:image:width\" content=\"2560\" \/>\n\t<meta property=\"og:image:height\" content=\"2084\" \/>\n\t<meta property=\"og:image:type\" content=\"image\/jpeg\" \/>\n<meta name=\"author\" content=\"admpu17wp\" \/>\n<meta name=\"twitter:card\" content=\"summary_large_image\" \/>\n<meta name=\"twitter:creator\" content=\"@portalurbanook\" \/>\n<meta name=\"twitter:site\" content=\"@portalurbanook\" \/>\n<meta name=\"twitter:label1\" content=\"Escrito por\" \/>\n\t<meta name=\"twitter:data1\" content=\"admpu17wp\" \/>\n\t<meta name=\"twitter:label2\" content=\"Tiempo de lectura\" \/>\n\t<meta name=\"twitter:data2\" content=\"3 minutos\" \/>\n<script type=\"application\/ld+json\" class=\"yoast-schema-graph\">{\"@context\":\"https:\/\/schema.org\",\"@graph\":[{\"@type\":\"Article\",\"@id\":\"https:\/\/experienciadevida.com.ar\/portalurbano\/charla-para-monitor-de-basquet-en-la-unidad-2\/#article\",\"isPartOf\":{\"@id\":\"https:\/\/experienciadevida.com.ar\/portalurbano\/charla-para-monitor-de-basquet-en-la-unidad-2\/\"},\"author\":{\"name\":\"admpu17wp\",\"@id\":\"https:\/\/experienciadevida.com.ar\/portalurbano\/#\/schema\/person\/02dd326b1c4b056e9cc972486934a3a7\"},\"headline\":\"Charla para Monitor de B\u00e1squet en la Unidad 2\",\"datePublished\":\"2022-07-05T22:09:31+00:00\",\"dateModified\":\"2022-07-05T22:09:57+00:00\",\"mainEntityOfPage\":{\"@id\":\"https:\/\/experienciadevida.com.ar\/portalurbano\/charla-para-monitor-de-basquet-en-la-unidad-2\/\"},\"wordCount\":522,\"publisher\":{\"@id\":\"https:\/\/experienciadevida.com.ar\/portalurbano\/#organization\"},\"articleSection\":[\"Ciudad\"],\"inLanguage\":\"es\"},{\"@type\":\"WebPage\",\"@id\":\"https:\/\/experienciadevida.com.ar\/portalurbano\/charla-para-monitor-de-basquet-en-la-unidad-2\/\",\"url\":\"https:\/\/experienciadevida.com.ar\/portalurbano\/charla-para-monitor-de-basquet-en-la-unidad-2\/\",\"name\":\"Charla para monitor de b\u00e1squet en la Unidad 2\",\"isPartOf\":{\"@id\":\"https:\/\/experienciadevida.com.ar\/portalurbano\/#website\"},\"datePublished\":\"2022-07-05T22:09:31+00:00\",\"dateModified\":\"2022-07-05T22:09:57+00:00\",\"description\":\"Charla para Monitor de B\u00e1squet en la Unidad 2, d\u00edas pasados, Federico Mar\u00edn y Nicol\u00e1s Lorenzo jugadores de b\u00e1squet de Pe\u00f1arol de Mar del Plata\",\"breadcrumb\":{\"@id\":\"https:\/\/experienciadevida.com.ar\/portalurbano\/charla-para-monitor-de-basquet-en-la-unidad-2\/#breadcrumb\"},\"inLanguage\":\"es\",\"potentialAction\":[{\"@type\":\"ReadAction\",\"target\":[\"https:\/\/experienciadevida.com.ar\/portalurbano\/charla-para-monitor-de-basquet-en-la-unidad-2\/\"]}]},{\"@type\":\"BreadcrumbList\",\"@id\":\"https:\/\/experienciadevida.com.ar\/portalurbano\/charla-para-monitor-de-basquet-en-la-unidad-2\/#breadcrumb\",\"itemListElement\":[{\"@type\":\"ListItem\",\"position\":1,\"name\":\"Portada\",\"item\":\"https:\/\/experienciadevida.com.ar\/portalurbano\/\"},{\"@type\":\"ListItem\",\"position\":2,\"name\":\"Charla para Monitor de B\u00e1squet en la Unidad 2\"}]},{\"@type\":\"WebSite\",\"@id\":\"https:\/\/experienciadevida.com.ar\/portalurbano\/#website\",\"url\":\"https:\/\/experienciadevida.com.ar\/portalurbano\/\",\"name\":\"\",\"description\":\"\",\"publisher\":{\"@id\":\"https:\/\/experienciadevida.com.ar\/portalurbano\/#organization\"},\"potentialAction\":[{\"@type\":\"SearchAction\",\"target\":{\"@type\":\"EntryPoint\",\"urlTemplate\":\"https:\/\/experienciadevida.com.ar\/portalurbano\/?s={search_term_string}\"},\"query-input\":\"required name=search_term_string\"}],\"inLanguage\":\"es\"},{\"@type\":\"Organization\",\"@id\":\"https:\/\/experienciadevida.com.ar\/portalurbano\/#organization\",\"name\":\"Portal Urbano\",\"url\":\"https:\/\/experienciadevida.com.ar\/portalurbano\/\",\"logo\":{\"@type\":\"ImageObject\",\"inLanguage\":\"es\",\"@id\":\"https:\/\/experienciadevida.com.ar\/portalurbano\/#\/schema\/logo\/image\/\",\"url\":\"https:\/\/experienciadevida.com.ar\/portalurbano\/wp-content\/uploads\/2019\/09\/Logo-Original.png\",\"contentUrl\":\"https:\/\/experienciadevida.com.ar\/portalurbano\/wp-content\/uploads\/2019\/09\/Logo-Original.png\",\"width\":2236,\"height\":1216,\"caption\":\"Portal Urbano\"},\"image\":{\"@id\":\"https:\/\/experienciadevida.com.ar\/portalurbano\/#\/schema\/logo\/image\/\"},\"sameAs\":[\"https:\/\/www.facebook.com\/Portal-Urbano-171542830093757\/\",\"https:\/\/twitter.com\/portalurbanook\",\"https:\/\/www.instagram.com\/_portalurbano\/\",\"https:\/\/www.youtube.com\/channel\/UCXhagIfszH8KxFiOok79zbA?view_as=subscriber\"]},{\"@type\":\"Person\",\"@id\":\"https:\/\/experienciadevida.com.ar\/portalurbano\/#\/schema\/person\/02dd326b1c4b056e9cc972486934a3a7\",\"name\":\"admpu17wp\",\"image\":{\"@type\":\"ImageObject\",\"inLanguage\":\"es\",\"@id\":\"https:\/\/experienciadevida.com.ar\/portalurbano\/#\/schema\/person\/image\/\",\"url\":\"https:\/\/secure.gravatar.com\/avatar\/830d4c57adaae6630765e449a6908047?s=96&d=mm&r=g\",\"contentUrl\":\"https:\/\/secure.gravatar.com\/avatar\/830d4c57adaae6630765e449a6908047?s=96&d=mm&r=g\",\"caption\":\"admpu17wp\"}}]}<\/script>\n<!-- \/ Yoast SEO plugin. -->","yoast_head_json":{"title":"Charla para monitor de b\u00e1squet en la Unidad 2","description":"Charla para Monitor de B\u00e1squet en la Unidad 2, d\u00edas pasados, Federico Mar\u00edn y Nicol\u00e1s Lorenzo jugadores de b\u00e1squet de Pe\u00f1arol de Mar del Plata","robots":{"index":"index","follow":"follow","max-snippet":"max-snippet:-1","max-image-preview":"max-image-preview:large","max-video-preview":"max-video-preview:-1"},"canonical":"https:\/\/experienciadevida.com.ar\/portalurbano\/charla-para-monitor-de-basquet-en-la-unidad-2\/","og_locale":"es_ES","og_type":"article","og_title":"Charla para monitor de b\u00e1squet en la Unidad 2","og_description":"Charla para Monitor de B\u00e1squet en la Unidad 2, d\u00edas pasados, Federico Mar\u00edn y Nicol\u00e1s Lorenzo jugadores de b\u00e1squet de Pe\u00f1arol de Mar del Plata","og_url":"https:\/\/experienciadevida.com.ar\/portalurbano\/charla-para-monitor-de-basquet-en-la-unidad-2\/","article_publisher":"https:\/\/www.facebook.com\/Portal-Urbano-171542830093757\/","article_published_time":"2022-07-05T22:09:31+00:00","article_modified_time":"2022-07-05T22:09:57+00:00","og_image":[{"width":2560,"height":2084,"url":"https:\/\/experienciadevida.com.ar\/portalurbano\/wp-content\/uploads\/2022\/07\/Charla-para-Monitor-de-scaled.jpg","type":"image\/jpeg"}],"author":"admpu17wp","twitter_card":"summary_large_image","twitter_creator":"@portalurbanook","twitter_site":"@portalurbanook","twitter_misc":{"Escrito por":"admpu17wp","Tiempo de lectura":"3 minutos"},"schema":{"@context":"https:\/\/schema.org","@graph":[{"@type":"Article","@id":"https:\/\/experienciadevida.com.ar\/portalurbano\/charla-para-monitor-de-basquet-en-la-unidad-2\/#article","isPartOf":{"@id":"https:\/\/experienciadevida.com.ar\/portalurbano\/charla-para-monitor-de-basquet-en-la-unidad-2\/"},"author":{"name":"admpu17wp","@id":"https:\/\/experienciadevida.com.ar\/portalurbano\/#\/schema\/person\/02dd326b1c4b056e9cc972486934a3a7"},"headline":"Charla para Monitor de B\u00e1squet en la Unidad 2","datePublished":"2022-07-05T22:09:31+00:00","dateModified":"2022-07-05T22:09:57+00:00","mainEntityOfPage":{"@id":"https:\/\/experienciadevida.com.ar\/portalurbano\/charla-para-monitor-de-basquet-en-la-unidad-2\/"},"wordCount":522,"publisher":{"@id":"https:\/\/experienciadevida.com.ar\/portalurbano\/#organization"},"articleSection":["Ciudad"],"inLanguage":"es"},{"@type":"WebPage","@id":"https:\/\/experienciadevida.com.ar\/portalurbano\/charla-para-monitor-de-basquet-en-la-unidad-2\/","url":"https:\/\/experienciadevida.com.ar\/portalurbano\/charla-para-monitor-de-basquet-en-la-unidad-2\/","name":"Charla para monitor de b\u00e1squet en la Unidad 2","isPartOf":{"@id":"https:\/\/experienciadevida.com.ar\/portalurbano\/#website"},"datePublished":"2022-07-05T22:09:31+00:00","dateModified":"2022-07-05T22:09:57+00:00","description":"Charla para Monitor de B\u00e1squet en la Unidad 2, d\u00edas pasados, Federico Mar\u00edn y Nicol\u00e1s Lorenzo jugadores de b\u00e1squet de Pe\u00f1arol de Mar del Plata","breadcrumb":{"@id":"https:\/\/experienciadevida.com.ar\/portalurbano\/charla-para-monitor-de-basquet-en-la-unidad-2\/#breadcrumb"},"inLanguage":"es","potentialAction":[{"@type":"ReadAction","target":["https:\/\/experienciadevida.com.ar\/portalurbano\/charla-para-monitor-de-basquet-en-la-unidad-2\/"]}]},{"@type":"BreadcrumbList","@id":"https:\/\/experienciadevida.com.ar\/portalurbano\/charla-para-monitor-de-basquet-en-la-unidad-2\/#breadcrumb","itemListElement":[{"@type":"ListItem","position":1,"name":"Portada","item":"https:\/\/experienciadevida.com.ar\/portalurbano\/"},{"@type":"ListItem","position":2,"name":"Charla para Monitor de B\u00e1squet en la Unidad 2"}]},{"@type":"WebSite","@id":"https:\/\/experienciadevida.com.ar\/portalurbano\/#website","url":"https:\/\/experienciadevida.com.ar\/portalurbano\/","name":"","description":"","publisher":{"@id":"https:\/\/experienciadevida.com.ar\/portalurbano\/#organization"},"potentialAction":[{"@type":"SearchAction","target":{"@type":"EntryPoint","urlTemplate":"https:\/\/experienciadevida.com.ar\/portalurbano\/?s={search_term_string}"},"query-input":"required name=search_term_string"}],"inLanguage":"es"},{"@type":"Organization","@id":"https:\/\/experienciadevida.com.ar\/portalurbano\/#organization","name":"Portal Urbano","url":"https:\/\/experienciadevida.com.ar\/portalurbano\/","logo":{"@type":"ImageObject","inLanguage":"es","@id":"https:\/\/experienciadevida.com.ar\/portalurbano\/#\/schema\/logo\/image\/","url":"https:\/\/experienciadevida.com.ar\/portalurbano\/wp-content\/uploads\/2019\/09\/Logo-Original.png","contentUrl":"https:\/\/experienciadevida.com.ar\/portalurbano\/wp-content\/uploads\/2019\/09\/Logo-Original.png","width":2236,"height":1216,"caption":"Portal Urbano"},"image":{"@id":"https:\/\/experienciadevida.com.ar\/portalurbano\/#\/schema\/logo\/image\/"},"sameAs":["https:\/\/www.facebook.com\/Portal-Urbano-171542830093757\/","https:\/\/twitter.com\/portalurbanook","https:\/\/www.instagram.com\/_portalurbano\/","https:\/\/www.youtube.com\/channel\/UCXhagIfszH8KxFiOok79zbA?view_as=subscriber"]},{"@type":"Person","@id":"https:\/\/experienciadevida.com.ar\/portalurbano\/#\/schema\/person\/02dd326b1c4b056e9cc972486934a3a7","name":"admpu17wp","image":{"@type":"ImageObject","inLanguage":"es","@id":"https:\/\/experienciadevida.com.ar\/portalurbano\/#\/schema\/person\/image\/","url":"https:\/\/secure.gravatar.com\/avatar\/830d4c57adaae6630765e449a6908047?s=96&d=mm&r=g","contentUrl":"https:\/\/secure.gravatar.com\/avatar\/830d4c57adaae6630765e449a6908047?s=96&d=mm&r=g","caption":"admpu17wp"}}]}},"featured_image_urls":{"full":["https:\/\/experienciadevida.com.ar\/portalurbano\/wp-content\/uploads\/2022\/07\/Charla-para-Monitor-de-scaled.jpg",2560,2084,false],"thumbnail":["https:\/\/experienciadevida.com.ar\/portalurbano\/wp-content\/uploads\/2022\/07\/Charla-para-Monitor-de-150x150.jpg",150,150,true],"medium":["https:\/\/experienciadevida.com.ar\/portalurbano\/wp-content\/uploads\/2022\/07\/Charla-para-Monitor-de-300x244.jpg",300,244,true],"medium_large":["https:\/\/experienciadevida.com.ar\/portalurbano\/wp-content\/uploads\/2022\/07\/Charla-para-Monitor-de-768x625.jpg",640,521,true],"large":["https:\/\/experienciadevida.com.ar\/portalurbano\/wp-content\/uploads\/2022\/07\/Charla-para-Monitor-de-1024x834.jpg",640,521,true],"ug_big":["https:\/\/experienciadevida.com.ar\/portalurbano\/wp-content\/uploads\/2022\/07\/Charla-para-Monitor-de-768x625.jpg",768,625,true],"1536x1536":["https:\/\/experienciadevida.com.ar\/portalurbano\/wp-content\/uploads\/2022\/07\/Charla-para-Monitor-de-1536x1251.jpg",1536,1251,true],"2048x2048":["https:\/\/experienciadevida.com.ar\/portalurbano\/wp-content\/uploads\/2022\/07\/Charla-para-Monitor-de-2048x1668.jpg",2048,1668,true],"newsever-slider-full":["https:\/\/experienciadevida.com.ar\/portalurbano\/wp-content\/uploads\/2022\/07\/Charla-para-Monitor-de-scaled.jpg",1038,845,false],"newsever-featured":["https:\/\/experienciadevida.com.ar\/portalurbano\/wp-content\/uploads\/2022\/07\/Charla-para-Monitor-de-scaled.jpg",1024,834,false],"newsever-medium":["https:\/\/experienciadevida.com.ar\/portalurbano\/wp-content\/uploads\/2022\/07\/Charla-para-Monitor-de-scaled.jpg",583,475,false],"web-stories-poster-portrait":["https:\/\/experienciadevida.com.ar\/portalurbano\/wp-content\/uploads\/2022\/07\/Charla-para-Monitor-de-scaled.jpg",640,521,false],"web-stories-publisher-logo":["https:\/\/experienciadevida.com.ar\/portalurbano\/wp-content\/uploads\/2022\/07\/Charla-para-Monitor-de-scaled.jpg",96,78,false],"web-stories-thumbnail":["https:\/\/experienciadevida.com.ar\/portalurbano\/wp-content\/uploads\/2022\/07\/Charla-para-Monitor-de-scaled.jpg",150,122,false]},"author_info":{"display_name":"admpu17wp","author_link":"https:\/\/experienciadevida.com.ar\/portalurbano\/author\/admpu17wp\/"},"category_info":"<a href=\"https:\/\/experienciadevida.com.ar\/portalurbano\/category\/ciudad\/\" rel=\"category tag\">Ciudad<\/a>","tag_info":"Ciudad","comment_count":"0","amp_enabled":true,"_links":{"self":[{"href":"https:\/\/experienciadevida.com.ar\/portalurbano\/wp-json\/wp\/v2\/posts\/170754"}],"collection":[{"href":"https:\/\/experienciadevida.com.ar\/portalurbano\/wp-json\/wp\/v2\/posts"}],"about":[{"href":"https:\/\/experienciadevida.com.ar\/portalurbano\/wp-json\/wp\/v2\/types\/post"}],"author":[{"embeddable":true,"href":"https:\/\/experienciadevida.com.ar\/portalurbano\/wp-json\/wp\/v2\/users\/1"}],"replies":[{"embeddable":true,"href":"https:\/\/experienciadevida.com.ar\/portalurbano\/wp-json\/wp\/v2\/comments?post=170754"}],"version-history":[{"count":2,"href":"https:\/\/experienciadevida.com.ar\/portalurbano\/wp-json\/wp\/v2\/posts\/170754\/revisions"}],"predecessor-version":[{"id":170759,"href":"https:\/\/experienciadevida.com.ar\/portalurbano\/wp-json\/wp\/v2\/posts\/170754\/revisions\/170759"}],"wp:featuredmedia":[{"embeddable":true,"href":"https:\/\/experienciadevida.com.ar\/portalurbano\/wp-json\/wp\/v2\/media\/170755"}],"wp:attachment":[{"href":"https:\/\/experienciadevida.com.ar\/portalurbano\/wp-json\/wp\/v2\/media?parent=170754"}],"wp:term":[{"taxonomy":"category","embeddable":true,"href":"https:\/\/experienciadevida.com.ar\/portalurbano\/wp-json\/wp\/v2\/categories?post=170754"},{"taxonomy":"post_tag","embeddable":true,"href":"https:\/\/experienciadevida.com.ar\/portalurbano\/wp-json\/wp\/v2\/tags?post=170754"}],"curies":[{"name":"wp","href":"https:\/\/api.w.org\/{rel}","templated":true}]}}