{"id":170720,"date":"2022-07-05T09:46:24","date_gmt":"2022-07-05T12:46:24","guid":{"rendered":"https:\/\/experienciadevida.com.ar\/portalurbano\/?p=170720"},"modified":"2022-07-05T09:53:16","modified_gmt":"2022-07-05T12:53:16","slug":"licencias-de-conducir-extienden-el-horario-de-atencion-en-la-maxima","status":"publish","type":"post","link":"https:\/\/experienciadevida.com.ar\/portalurbano\/licencias-de-conducir-extienden-el-horario-de-atencion-en-la-maxima\/","title":{"rendered":"Licencias de Conducir: Extienden el horario de atenci\u00f3n en La M\u00e1xima"},"content":{"rendered":"<p>Licencias de Conducir: Extienden el horario de atenci\u00f3n en La M\u00e1xima, desde la Direcci\u00f3n de Licencias de Conducir se informa que se extendi\u00f3 el horario de atenci\u00f3n en la pista ubicada en el predio del Bioparque La M\u00e1xima, con el objetivo de poder regularizaci\u00f3n la situaci\u00f3n en materia de ex\u00e1menes habilitantes tras la medida gremial desarrollada en el lugar.<\/p>\n<p>El responsable del \u00e1rea, Leandro Lanceta, explic\u00f3 que se a\u00f1adi\u00f3 el turno de las 13 horas en las jornadas de los martes y los jueves, algo que ya se hab\u00eda aplicado en los lunes, mi\u00e9rcoles y viernes. Es por ello que de lunes a viernes estar\u00e1n disponibles cinco turnos (7.30, 8:45, 10, 11:30 y 13 horas), lo que permitir\u00e1 atender 100 personas por d\u00eda.<\/p>\n<p>Por \u00faltimo, Lanceta agreg\u00f3 que se le est\u00e1 dando prioridad a aquellas personas que no pudieron hacer la prueba durante la medida gremial, a quienes ya se los est\u00e1 notificando de los nuevos turnos.<\/p>\n<p>&nbsp;<\/p>\n","protected":false},"excerpt":{"rendered":"<p>Licencias de Conducir: Extienden el horario de atenci\u00f3n en La M\u00e1xima, desde la Direcci\u00f3n de&#8230;<\/p>\n","protected":false},"author":1,"featured_media":170721,"comment_status":"closed","ping_status":"closed","sticky":false,"template":"","format":"standard","meta":{"content-type":""},"categories":[27,64],"tags":[],"nelio_content":{"isAutoShareEnabled":false,"autoShareEndMode":"default","automationSources":{"useContentSentences":true,"useSocialTemplates":true,"useCustomSentences":false,"customSentences":[]},"followers":[1],"suggestedReferences":[],"includedReferences":[],"efiUrl":"","efiAlt":"","highlights":[]},"yoast_head":"<!-- This site is optimized with the Yoast SEO plugin v20.7 - https:\/\/yoast.com\/wordpress\/plugins\/seo\/ -->\n<title>Licencias de conducir: Extienden el horario de atenci\u00f3n en la m\u00e1xima<\/title>\n<meta name=\"description\" content=\"Licencias de Conducir: Extienden el horario de atenci\u00f3n en La M\u00e1xima, se informa que se extendi\u00f3 el horario de atenci\u00f3n en la pista\" \/>\n<meta name=\"robots\" content=\"index, follow, max-snippet:-1, max-image-preview:large, max-video-preview:-1\" \/>\n<link rel=\"canonical\" href=\"https:\/\/experienciadevida.com.ar\/portalurbano\/licencias-de-conducir-extienden-el-horario-de-atencion-en-la-maxima\/\" \/>\n<meta property=\"og:locale\" content=\"es_ES\" \/>\n<meta property=\"og:type\" content=\"article\" \/>\n<meta property=\"og:title\" content=\"Licencias de conducir: Extienden el horario de atenci\u00f3n en la m\u00e1xima\" \/>\n<meta property=\"og:description\" content=\"Licencias de Conducir: Extienden el horario de atenci\u00f3n en La M\u00e1xima, se informa que se extendi\u00f3 el horario de atenci\u00f3n en la pista\" \/>\n<meta property=\"og:url\" content=\"https:\/\/experienciadevida.com.ar\/portalurbano\/licencias-de-conducir-extienden-el-horario-de-atencion-en-la-maxima\/\" \/>\n<meta property=\"article:publisher\" content=\"https:\/\/www.facebook.com\/Portal-Urbano-171542830093757\/\" \/>\n<meta property=\"article:published_time\" content=\"2022-07-05T12:46:24+00:00\" \/>\n<meta property=\"article:modified_time\" content=\"2022-07-05T12:53:16+00:00\" \/>\n<meta property=\"og:image\" content=\"https:\/\/experienciadevida.com.ar\/portalurbano\/wp-content\/uploads\/2022\/07\/Licencias-de-conducir.jpg\" \/>\n\t<meta property=\"og:image:width\" content=\"1024\" \/>\n\t<meta property=\"og:image:height\" content=\"682\" \/>\n\t<meta property=\"og:image:type\" content=\"image\/jpeg\" \/>\n<meta name=\"author\" content=\"admpu17wp\" \/>\n<meta name=\"twitter:card\" content=\"summary_large_image\" \/>\n<meta name=\"twitter:creator\" content=\"@portalurbanook\" \/>\n<meta name=\"twitter:site\" content=\"@portalurbanook\" \/>\n<meta name=\"twitter:label1\" content=\"Escrito por\" \/>\n\t<meta name=\"twitter:data1\" content=\"admpu17wp\" \/>\n\t<meta name=\"twitter:label2\" content=\"Tiempo de lectura\" \/>\n\t<meta name=\"twitter:data2\" content=\"1 minuto\" \/>\n<script type=\"application\/ld+json\" class=\"yoast-schema-graph\">{\"@context\":\"https:\/\/schema.org\",\"@graph\":[{\"@type\":\"Article\",\"@id\":\"https:\/\/experienciadevida.com.ar\/portalurbano\/licencias-de-conducir-extienden-el-horario-de-atencion-en-la-maxima\/#article\",\"isPartOf\":{\"@id\":\"https:\/\/experienciadevida.com.ar\/portalurbano\/licencias-de-conducir-extienden-el-horario-de-atencion-en-la-maxima\/\"},\"author\":{\"name\":\"admpu17wp\",\"@id\":\"https:\/\/experienciadevida.com.ar\/portalurbano\/#\/schema\/person\/02dd326b1c4b056e9cc972486934a3a7\"},\"headline\":\"Licencias de Conducir: Extienden el horario de atenci\u00f3n en La M\u00e1xima\",\"datePublished\":\"2022-07-05T12:46:24+00:00\",\"dateModified\":\"2022-07-05T12:53:16+00:00\",\"mainEntityOfPage\":{\"@id\":\"https:\/\/experienciadevida.com.ar\/portalurbano\/licencias-de-conducir-extienden-el-horario-de-atencion-en-la-maxima\/\"},\"wordCount\":177,\"publisher\":{\"@id\":\"https:\/\/experienciadevida.com.ar\/portalurbano\/#organization\"},\"articleSection\":[\"Ciudad\",\"Destacadas 2\"],\"inLanguage\":\"es\"},{\"@type\":\"WebPage\",\"@id\":\"https:\/\/experienciadevida.com.ar\/portalurbano\/licencias-de-conducir-extienden-el-horario-de-atencion-en-la-maxima\/\",\"url\":\"https:\/\/experienciadevida.com.ar\/portalurbano\/licencias-de-conducir-extienden-el-horario-de-atencion-en-la-maxima\/\",\"name\":\"Licencias de conducir: Extienden el horario de atenci\u00f3n en la m\u00e1xima\",\"isPartOf\":{\"@id\":\"https:\/\/experienciadevida.com.ar\/portalurbano\/#website\"},\"datePublished\":\"2022-07-05T12:46:24+00:00\",\"dateModified\":\"2022-07-05T12:53:16+00:00\",\"description\":\"Licencias de Conducir: Extienden el horario de atenci\u00f3n en La M\u00e1xima, se informa que se extendi\u00f3 el horario de atenci\u00f3n en la pista\",\"breadcrumb\":{\"@id\":\"https:\/\/experienciadevida.com.ar\/portalurbano\/licencias-de-conducir-extienden-el-horario-de-atencion-en-la-maxima\/#breadcrumb\"},\"inLanguage\":\"es\",\"potentialAction\":[{\"@type\":\"ReadAction\",\"target\":[\"https:\/\/experienciadevida.com.ar\/portalurbano\/licencias-de-conducir-extienden-el-horario-de-atencion-en-la-maxima\/\"]}]},{\"@type\":\"BreadcrumbList\",\"@id\":\"https:\/\/experienciadevida.com.ar\/portalurbano\/licencias-de-conducir-extienden-el-horario-de-atencion-en-la-maxima\/#breadcrumb\",\"itemListElement\":[{\"@type\":\"ListItem\",\"position\":1,\"name\":\"Portada\",\"item\":\"https:\/\/experienciadevida.com.ar\/portalurbano\/\"},{\"@type\":\"ListItem\",\"position\":2,\"name\":\"Licencias de Conducir: Extienden el horario de atenci\u00f3n en La M\u00e1xima\"}]},{\"@type\":\"WebSite\",\"@id\":\"https:\/\/experienciadevida.com.ar\/portalurbano\/#website\",\"url\":\"https:\/\/experienciadevida.com.ar\/portalurbano\/\",\"name\":\"\",\"description\":\"\",\"publisher\":{\"@id\":\"https:\/\/experienciadevida.com.ar\/portalurbano\/#organization\"},\"potentialAction\":[{\"@type\":\"SearchAction\",\"target\":{\"@type\":\"EntryPoint\",\"urlTemplate\":\"https:\/\/experienciadevida.com.ar\/portalurbano\/?s={search_term_string}\"},\"query-input\":\"required name=search_term_string\"}],\"inLanguage\":\"es\"},{\"@type\":\"Organization\",\"@id\":\"https:\/\/experienciadevida.com.ar\/portalurbano\/#organization\",\"name\":\"Portal Urbano\",\"url\":\"https:\/\/experienciadevida.com.ar\/portalurbano\/\",\"logo\":{\"@type\":\"ImageObject\",\"inLanguage\":\"es\",\"@id\":\"https:\/\/experienciadevida.com.ar\/portalurbano\/#\/schema\/logo\/image\/\",\"url\":\"https:\/\/experienciadevida.com.ar\/portalurbano\/wp-content\/uploads\/2019\/09\/Logo-Original.png\",\"contentUrl\":\"https:\/\/experienciadevida.com.ar\/portalurbano\/wp-content\/uploads\/2019\/09\/Logo-Original.png\",\"width\":2236,\"height\":1216,\"caption\":\"Portal Urbano\"},\"image\":{\"@id\":\"https:\/\/experienciadevida.com.ar\/portalurbano\/#\/schema\/logo\/image\/\"},\"sameAs\":[\"https:\/\/www.facebook.com\/Portal-Urbano-171542830093757\/\",\"https:\/\/twitter.com\/portalurbanook\",\"https:\/\/www.instagram.com\/_portalurbano\/\",\"https:\/\/www.youtube.com\/channel\/UCXhagIfszH8KxFiOok79zbA?view_as=subscriber\"]},{\"@type\":\"Person\",\"@id\":\"https:\/\/experienciadevida.com.ar\/portalurbano\/#\/schema\/person\/02dd326b1c4b056e9cc972486934a3a7\",\"name\":\"admpu17wp\",\"image\":{\"@type\":\"ImageObject\",\"inLanguage\":\"es\",\"@id\":\"https:\/\/experienciadevida.com.ar\/portalurbano\/#\/schema\/person\/image\/\",\"url\":\"https:\/\/secure.gravatar.com\/avatar\/830d4c57adaae6630765e449a6908047?s=96&d=mm&r=g\",\"contentUrl\":\"https:\/\/secure.gravatar.com\/avatar\/830d4c57adaae6630765e449a6908047?s=96&d=mm&r=g\",\"caption\":\"admpu17wp\"}}]}<\/script>\n<!-- \/ Yoast SEO plugin. -->","yoast_head_json":{"title":"Licencias de conducir: Extienden el horario de atenci\u00f3n en la m\u00e1xima","description":"Licencias de Conducir: Extienden el horario de atenci\u00f3n en La M\u00e1xima, se informa que se extendi\u00f3 el horario de atenci\u00f3n en la pista","robots":{"index":"index","follow":"follow","max-snippet":"max-snippet:-1","max-image-preview":"max-image-preview:large","max-video-preview":"max-video-preview:-1"},"canonical":"https:\/\/experienciadevida.com.ar\/portalurbano\/licencias-de-conducir-extienden-el-horario-de-atencion-en-la-maxima\/","og_locale":"es_ES","og_type":"article","og_title":"Licencias de conducir: Extienden el horario de atenci\u00f3n en la m\u00e1xima","og_description":"Licencias de Conducir: Extienden el horario de atenci\u00f3n en La M\u00e1xima, se informa que se extendi\u00f3 el horario de atenci\u00f3n en la pista","og_url":"https:\/\/experienciadevida.com.ar\/portalurbano\/licencias-de-conducir-extienden-el-horario-de-atencion-en-la-maxima\/","article_publisher":"https:\/\/www.facebook.com\/Portal-Urbano-171542830093757\/","article_published_time":"2022-07-05T12:46:24+00:00","article_modified_time":"2022-07-05T12:53:16+00:00","og_image":[{"width":1024,"height":682,"url":"https:\/\/experienciadevida.com.ar\/portalurbano\/wp-content\/uploads\/2022\/07\/Licencias-de-conducir.jpg","type":"image\/jpeg"}],"author":"admpu17wp","twitter_card":"summary_large_image","twitter_creator":"@portalurbanook","twitter_site":"@portalurbanook","twitter_misc":{"Escrito por":"admpu17wp","Tiempo de lectura":"1 minuto"},"schema":{"@context":"https:\/\/schema.org","@graph":[{"@type":"Article","@id":"https:\/\/experienciadevida.com.ar\/portalurbano\/licencias-de-conducir-extienden-el-horario-de-atencion-en-la-maxima\/#article","isPartOf":{"@id":"https:\/\/experienciadevida.com.ar\/portalurbano\/licencias-de-conducir-extienden-el-horario-de-atencion-en-la-maxima\/"},"author":{"name":"admpu17wp","@id":"https:\/\/experienciadevida.com.ar\/portalurbano\/#\/schema\/person\/02dd326b1c4b056e9cc972486934a3a7"},"headline":"Licencias de Conducir: Extienden el horario de atenci\u00f3n en La M\u00e1xima","datePublished":"2022-07-05T12:46:24+00:00","dateModified":"2022-07-05T12:53:16+00:00","mainEntityOfPage":{"@id":"https:\/\/experienciadevida.com.ar\/portalurbano\/licencias-de-conducir-extienden-el-horario-de-atencion-en-la-maxima\/"},"wordCount":177,"publisher":{"@id":"https:\/\/experienciadevida.com.ar\/portalurbano\/#organization"},"articleSection":["Ciudad","Destacadas 2"],"inLanguage":"es"},{"@type":"WebPage","@id":"https:\/\/experienciadevida.com.ar\/portalurbano\/licencias-de-conducir-extienden-el-horario-de-atencion-en-la-maxima\/","url":"https:\/\/experienciadevida.com.ar\/portalurbano\/licencias-de-conducir-extienden-el-horario-de-atencion-en-la-maxima\/","name":"Licencias de conducir: Extienden el horario de atenci\u00f3n en la m\u00e1xima","isPartOf":{"@id":"https:\/\/experienciadevida.com.ar\/portalurbano\/#website"},"datePublished":"2022-07-05T12:46:24+00:00","dateModified":"2022-07-05T12:53:16+00:00","description":"Licencias de Conducir: Extienden el horario de atenci\u00f3n en La M\u00e1xima, se informa que se extendi\u00f3 el horario de atenci\u00f3n en la pista","breadcrumb":{"@id":"https:\/\/experienciadevida.com.ar\/portalurbano\/licencias-de-conducir-extienden-el-horario-de-atencion-en-la-maxima\/#breadcrumb"},"inLanguage":"es","potentialAction":[{"@type":"ReadAction","target":["https:\/\/experienciadevida.com.ar\/portalurbano\/licencias-de-conducir-extienden-el-horario-de-atencion-en-la-maxima\/"]}]},{"@type":"BreadcrumbList","@id":"https:\/\/experienciadevida.com.ar\/portalurbano\/licencias-de-conducir-extienden-el-horario-de-atencion-en-la-maxima\/#breadcrumb","itemListElement":[{"@type":"ListItem","position":1,"name":"Portada","item":"https:\/\/experienciadevida.com.ar\/portalurbano\/"},{"@type":"ListItem","position":2,"name":"Licencias de Conducir: Extienden el horario de atenci\u00f3n en La M\u00e1xima"}]},{"@type":"WebSite","@id":"https:\/\/experienciadevida.com.ar\/portalurbano\/#website","url":"https:\/\/experienciadevida.com.ar\/portalurbano\/","name":"","description":"","publisher":{"@id":"https:\/\/experienciadevida.com.ar\/portalurbano\/#organization"},"potentialAction":[{"@type":"SearchAction","target":{"@type":"EntryPoint","urlTemplate":"https:\/\/experienciadevida.com.ar\/portalurbano\/?s={search_term_string}"},"query-input":"required name=search_term_string"}],"inLanguage":"es"},{"@type":"Organization","@id":"https:\/\/experienciadevida.com.ar\/portalurbano\/#organization","name":"Portal Urbano","url":"https:\/\/experienciadevida.com.ar\/portalurbano\/","logo":{"@type":"ImageObject","inLanguage":"es","@id":"https:\/\/experienciadevida.com.ar\/portalurbano\/#\/schema\/logo\/image\/","url":"https:\/\/experienciadevida.com.ar\/portalurbano\/wp-content\/uploads\/2019\/09\/Logo-Original.png","contentUrl":"https:\/\/experienciadevida.com.ar\/portalurbano\/wp-content\/uploads\/2019\/09\/Logo-Original.png","width":2236,"height":1216,"caption":"Portal Urbano"},"image":{"@id":"https:\/\/experienciadevida.com.ar\/portalurbano\/#\/schema\/logo\/image\/"},"sameAs":["https:\/\/www.facebook.com\/Portal-Urbano-171542830093757\/","https:\/\/twitter.com\/portalurbanook","https:\/\/www.instagram.com\/_portalurbano\/","https:\/\/www.youtube.com\/channel\/UCXhagIfszH8KxFiOok79zbA?view_as=subscriber"]},{"@type":"Person","@id":"https:\/\/experienciadevida.com.ar\/portalurbano\/#\/schema\/person\/02dd326b1c4b056e9cc972486934a3a7","name":"admpu17wp","image":{"@type":"ImageObject","inLanguage":"es","@id":"https:\/\/experienciadevida.com.ar\/portalurbano\/#\/schema\/person\/image\/","url":"https:\/\/secure.gravatar.com\/avatar\/830d4c57adaae6630765e449a6908047?s=96&d=mm&r=g","contentUrl":"https:\/\/secure.gravatar.com\/avatar\/830d4c57adaae6630765e449a6908047?s=96&d=mm&r=g","caption":"admpu17wp"}}]}},"featured_image_urls":{"full":["https:\/\/experienciadevida.com.ar\/portalurbano\/wp-content\/uploads\/2022\/07\/Licencias-de-conducir.jpg",1024,682,false],"thumbnail":["https:\/\/experienciadevida.com.ar\/portalurbano\/wp-content\/uploads\/2022\/07\/Licencias-de-conducir-150x150.jpg",150,150,true],"medium":["https:\/\/experienciadevida.com.ar\/portalurbano\/wp-content\/uploads\/2022\/07\/Licencias-de-conducir-300x200.jpg",300,200,true],"medium_large":["https:\/\/experienciadevida.com.ar\/portalurbano\/wp-content\/uploads\/2022\/07\/Licencias-de-conducir-768x512.jpg",640,427,true],"large":["https:\/\/experienciadevida.com.ar\/portalurbano\/wp-content\/uploads\/2022\/07\/Licencias-de-conducir.jpg",640,426,false],"ug_big":["https:\/\/experienciadevida.com.ar\/portalurbano\/wp-content\/uploads\/2022\/07\/Licencias-de-conducir-768x512.jpg",768,512,true],"1536x1536":["https:\/\/experienciadevida.com.ar\/portalurbano\/wp-content\/uploads\/2022\/07\/Licencias-de-conducir.jpg",1024,682,false],"2048x2048":["https:\/\/experienciadevida.com.ar\/portalurbano\/wp-content\/uploads\/2022\/07\/Licencias-de-conducir.jpg",1024,682,false],"newsever-slider-full":["https:\/\/experienciadevida.com.ar\/portalurbano\/wp-content\/uploads\/2022\/07\/Licencias-de-conducir.jpg",1024,682,false],"newsever-featured":["https:\/\/experienciadevida.com.ar\/portalurbano\/wp-content\/uploads\/2022\/07\/Licencias-de-conducir.jpg",1024,682,false],"newsever-medium":["https:\/\/experienciadevida.com.ar\/portalurbano\/wp-content\/uploads\/2022\/07\/Licencias-de-conducir.jpg",713,475,false],"web-stories-poster-portrait":["https:\/\/experienciadevida.com.ar\/portalurbano\/wp-content\/uploads\/2022\/07\/Licencias-de-conducir.jpg",640,426,false],"web-stories-publisher-logo":["https:\/\/experienciadevida.com.ar\/portalurbano\/wp-content\/uploads\/2022\/07\/Licencias-de-conducir.jpg",96,64,false],"web-stories-thumbnail":["https:\/\/experienciadevida.com.ar\/portalurbano\/wp-content\/uploads\/2022\/07\/Licencias-de-conducir.jpg",150,100,false]},"author_info":{"display_name":"admpu17wp","author_link":"https:\/\/experienciadevida.com.ar\/portalurbano\/author\/admpu17wp\/"},"category_info":"<a href=\"https:\/\/experienciadevida.com.ar\/portalurbano\/category\/ciudad\/\" rel=\"category tag\">Ciudad<\/a> <a href=\"https:\/\/experienciadevida.com.ar\/portalurbano\/category\/destacadas-2\/\" rel=\"category tag\">Destacadas 2<\/a>","tag_info":"Destacadas 2","comment_count":"0","amp_enabled":true,"_links":{"self":[{"href":"https:\/\/experienciadevida.com.ar\/portalurbano\/wp-json\/wp\/v2\/posts\/170720"}],"collection":[{"href":"https:\/\/experienciadevida.com.ar\/portalurbano\/wp-json\/wp\/v2\/posts"}],"about":[{"href":"https:\/\/experienciadevida.com.ar\/portalurbano\/wp-json\/wp\/v2\/types\/post"}],"author":[{"embeddable":true,"href":"https:\/\/experienciadevida.com.ar\/portalurbano\/wp-json\/wp\/v2\/users\/1"}],"replies":[{"embeddable":true,"href":"https:\/\/experienciadevida.com.ar\/portalurbano\/wp-json\/wp\/v2\/comments?post=170720"}],"version-history":[{"count":1,"href":"https:\/\/experienciadevida.com.ar\/portalurbano\/wp-json\/wp\/v2\/posts\/170720\/revisions"}],"predecessor-version":[{"id":170722,"href":"https:\/\/experienciadevida.com.ar\/portalurbano\/wp-json\/wp\/v2\/posts\/170720\/revisions\/170722"}],"wp:featuredmedia":[{"embeddable":true,"href":"https:\/\/experienciadevida.com.ar\/portalurbano\/wp-json\/wp\/v2\/media\/170721"}],"wp:attachment":[{"href":"https:\/\/experienciadevida.com.ar\/portalurbano\/wp-json\/wp\/v2\/media?parent=170720"}],"wp:term":[{"taxonomy":"category","embeddable":true,"href":"https:\/\/experienciadevida.com.ar\/portalurbano\/wp-json\/wp\/v2\/categories?post=170720"},{"taxonomy":"post_tag","embeddable":true,"href":"https:\/\/experienciadevida.com.ar\/portalurbano\/wp-json\/wp\/v2\/tags?post=170720"}],"curies":[{"name":"wp","href":"https:\/\/api.w.org\/{rel}","templated":true}]}}