{"id":170702,"date":"2022-07-04T15:59:40","date_gmt":"2022-07-04T18:59:40","guid":{"rendered":"https:\/\/experienciadevida.com.ar\/portalurbano\/?p=170702"},"modified":"2022-07-04T16:01:41","modified_gmt":"2022-07-04T19:01:41","slug":"anuncian-corte-de-energia-para-este-martes-en-varios-barrios-de-la-ciudad","status":"publish","type":"post","link":"https:\/\/experienciadevida.com.ar\/portalurbano\/anuncian-corte-de-energia-para-este-martes-en-varios-barrios-de-la-ciudad\/","title":{"rendered":"Anuncian corte de energ\u00eda para este martes en varios barrios de la ciudad"},"content":{"rendered":"<p>Anuncian corte de energ\u00eda para este martes en varios barrios de la ciudad, es por mantenimiento. As\u00ed fue informado en un comunicado por Coopelectric, es importante mencionar que en caso de que las condiciones clim\u00e1ticas sean adversas deber\u00e1 ser reprogramado.<\/p>\n<p>El corte ser\u00e1 en el horario de las 8:30 a 10:30 hs en los siguientes sectores:<\/p>\n<p>SECTOR 1: Saavedra &#8211; Av. Del Valle &#8211; C. Mu\u00f1oz &#8211; Av. Pueyrred\u00f3n<br \/>\nSECTOR 2: V\u00edas FFCC &#8211; Av. Avellaneda &#8211; Saavedra &#8211; Calle 18<br \/>\nSECTOR 3: Av. Urquiza &#8211; Av. Pueyrred\u00f3n &#8211; Av. Pellegrini &#8211; Av. Avellaneda<br \/>\nSECTOR 4: Aguilar- Av. Pueyrred\u00f3n &#8211; Av. Urquiza &#8211; Av. Avellaneda<\/p>\n","protected":false},"excerpt":{"rendered":"<p>Anuncian corte de energ\u00eda para este martes en varios barrios de la ciudad, es por&#8230;<\/p>\n","protected":false},"author":1,"featured_media":41407,"comment_status":"closed","ping_status":"closed","sticky":false,"template":"","format":"standard","meta":{"content-type":""},"categories":[27],"tags":[],"nelio_content":{"isAutoShareEnabled":false,"autoShareEndMode":"default","automationSources":{"useContentSentences":true,"useSocialTemplates":true,"useCustomSentences":false,"customSentences":[]},"followers":[1],"suggestedReferences":[],"includedReferences":[],"efiUrl":"","efiAlt":"","highlights":[]},"yoast_head":"<!-- This site is optimized with the Yoast SEO plugin v20.7 - https:\/\/yoast.com\/wordpress\/plugins\/seo\/ -->\n<title>Anuncian corte de energ\u00eda para este martes en varios barrios de la ciudad<\/title>\n<meta name=\"description\" content=\"Anuncian corte de energ\u00eda para este martes en varios barrios de la ciudad, es por mantenimiento. As\u00ed fue informado en un comunicado\" \/>\n<meta name=\"robots\" content=\"index, follow, max-snippet:-1, max-image-preview:large, max-video-preview:-1\" \/>\n<link rel=\"canonical\" href=\"https:\/\/experienciadevida.com.ar\/portalurbano\/anuncian-corte-de-energia-para-este-martes-en-varios-barrios-de-la-ciudad\/\" \/>\n<meta property=\"og:locale\" content=\"es_ES\" \/>\n<meta property=\"og:type\" content=\"article\" \/>\n<meta property=\"og:title\" content=\"Anuncian corte de energ\u00eda para este martes en varios barrios de la ciudad\" \/>\n<meta property=\"og:description\" content=\"Anuncian corte de energ\u00eda para este martes en varios barrios de la ciudad, es por mantenimiento. As\u00ed fue informado en un comunicado\" \/>\n<meta property=\"og:url\" content=\"https:\/\/experienciadevida.com.ar\/portalurbano\/anuncian-corte-de-energia-para-este-martes-en-varios-barrios-de-la-ciudad\/\" \/>\n<meta property=\"article:publisher\" content=\"https:\/\/www.facebook.com\/Portal-Urbano-171542830093757\/\" \/>\n<meta property=\"article:published_time\" content=\"2022-07-04T18:59:40+00:00\" \/>\n<meta property=\"article:modified_time\" content=\"2022-07-04T19:01:41+00:00\" \/>\n<meta property=\"og:image\" content=\"https:\/\/experienciadevida.com.ar\/portalurbano\/wp-content\/uploads\/2018\/09\/PARO2-1-3.jpg\" \/>\n\t<meta property=\"og:image:width\" content=\"667\" \/>\n\t<meta property=\"og:image:height\" content=\"445\" \/>\n\t<meta property=\"og:image:type\" content=\"image\/jpeg\" \/>\n<meta name=\"author\" content=\"admpu17wp\" \/>\n<meta name=\"twitter:card\" content=\"summary_large_image\" \/>\n<meta name=\"twitter:creator\" content=\"@portalurbanook\" \/>\n<meta name=\"twitter:site\" content=\"@portalurbanook\" \/>\n<meta name=\"twitter:label1\" content=\"Escrito por\" \/>\n\t<meta name=\"twitter:data1\" content=\"admpu17wp\" \/>\n\t<meta name=\"twitter:label2\" content=\"Tiempo de lectura\" \/>\n\t<meta name=\"twitter:data2\" content=\"1 minuto\" \/>\n<script type=\"application\/ld+json\" class=\"yoast-schema-graph\">{\"@context\":\"https:\/\/schema.org\",\"@graph\":[{\"@type\":\"Article\",\"@id\":\"https:\/\/experienciadevida.com.ar\/portalurbano\/anuncian-corte-de-energia-para-este-martes-en-varios-barrios-de-la-ciudad\/#article\",\"isPartOf\":{\"@id\":\"https:\/\/experienciadevida.com.ar\/portalurbano\/anuncian-corte-de-energia-para-este-martes-en-varios-barrios-de-la-ciudad\/\"},\"author\":{\"name\":\"admpu17wp\",\"@id\":\"https:\/\/experienciadevida.com.ar\/portalurbano\/#\/schema\/person\/02dd326b1c4b056e9cc972486934a3a7\"},\"headline\":\"Anuncian corte de energ\u00eda para este martes en varios barrios de la ciudad\",\"datePublished\":\"2022-07-04T18:59:40+00:00\",\"dateModified\":\"2022-07-04T19:01:41+00:00\",\"mainEntityOfPage\":{\"@id\":\"https:\/\/experienciadevida.com.ar\/portalurbano\/anuncian-corte-de-energia-para-este-martes-en-varios-barrios-de-la-ciudad\/\"},\"wordCount\":119,\"publisher\":{\"@id\":\"https:\/\/experienciadevida.com.ar\/portalurbano\/#organization\"},\"articleSection\":[\"Ciudad\"],\"inLanguage\":\"es\"},{\"@type\":\"WebPage\",\"@id\":\"https:\/\/experienciadevida.com.ar\/portalurbano\/anuncian-corte-de-energia-para-este-martes-en-varios-barrios-de-la-ciudad\/\",\"url\":\"https:\/\/experienciadevida.com.ar\/portalurbano\/anuncian-corte-de-energia-para-este-martes-en-varios-barrios-de-la-ciudad\/\",\"name\":\"Anuncian corte de energ\u00eda para este martes en varios barrios de la ciudad\",\"isPartOf\":{\"@id\":\"https:\/\/experienciadevida.com.ar\/portalurbano\/#website\"},\"datePublished\":\"2022-07-04T18:59:40+00:00\",\"dateModified\":\"2022-07-04T19:01:41+00:00\",\"description\":\"Anuncian corte de energ\u00eda para este martes en varios barrios de la ciudad, es por mantenimiento. As\u00ed fue informado en un comunicado\",\"breadcrumb\":{\"@id\":\"https:\/\/experienciadevida.com.ar\/portalurbano\/anuncian-corte-de-energia-para-este-martes-en-varios-barrios-de-la-ciudad\/#breadcrumb\"},\"inLanguage\":\"es\",\"potentialAction\":[{\"@type\":\"ReadAction\",\"target\":[\"https:\/\/experienciadevida.com.ar\/portalurbano\/anuncian-corte-de-energia-para-este-martes-en-varios-barrios-de-la-ciudad\/\"]}]},{\"@type\":\"BreadcrumbList\",\"@id\":\"https:\/\/experienciadevida.com.ar\/portalurbano\/anuncian-corte-de-energia-para-este-martes-en-varios-barrios-de-la-ciudad\/#breadcrumb\",\"itemListElement\":[{\"@type\":\"ListItem\",\"position\":1,\"name\":\"Portada\",\"item\":\"https:\/\/experienciadevida.com.ar\/portalurbano\/\"},{\"@type\":\"ListItem\",\"position\":2,\"name\":\"Anuncian corte de energ\u00eda para este martes en varios barrios de la ciudad\"}]},{\"@type\":\"WebSite\",\"@id\":\"https:\/\/experienciadevida.com.ar\/portalurbano\/#website\",\"url\":\"https:\/\/experienciadevida.com.ar\/portalurbano\/\",\"name\":\"\",\"description\":\"\",\"publisher\":{\"@id\":\"https:\/\/experienciadevida.com.ar\/portalurbano\/#organization\"},\"potentialAction\":[{\"@type\":\"SearchAction\",\"target\":{\"@type\":\"EntryPoint\",\"urlTemplate\":\"https:\/\/experienciadevida.com.ar\/portalurbano\/?s={search_term_string}\"},\"query-input\":\"required name=search_term_string\"}],\"inLanguage\":\"es\"},{\"@type\":\"Organization\",\"@id\":\"https:\/\/experienciadevida.com.ar\/portalurbano\/#organization\",\"name\":\"Portal Urbano\",\"url\":\"https:\/\/experienciadevida.com.ar\/portalurbano\/\",\"logo\":{\"@type\":\"ImageObject\",\"inLanguage\":\"es\",\"@id\":\"https:\/\/experienciadevida.com.ar\/portalurbano\/#\/schema\/logo\/image\/\",\"url\":\"https:\/\/experienciadevida.com.ar\/portalurbano\/wp-content\/uploads\/2019\/09\/Logo-Original.png\",\"contentUrl\":\"https:\/\/experienciadevida.com.ar\/portalurbano\/wp-content\/uploads\/2019\/09\/Logo-Original.png\",\"width\":2236,\"height\":1216,\"caption\":\"Portal Urbano\"},\"image\":{\"@id\":\"https:\/\/experienciadevida.com.ar\/portalurbano\/#\/schema\/logo\/image\/\"},\"sameAs\":[\"https:\/\/www.facebook.com\/Portal-Urbano-171542830093757\/\",\"https:\/\/twitter.com\/portalurbanook\",\"https:\/\/www.instagram.com\/_portalurbano\/\",\"https:\/\/www.youtube.com\/channel\/UCXhagIfszH8KxFiOok79zbA?view_as=subscriber\"]},{\"@type\":\"Person\",\"@id\":\"https:\/\/experienciadevida.com.ar\/portalurbano\/#\/schema\/person\/02dd326b1c4b056e9cc972486934a3a7\",\"name\":\"admpu17wp\",\"image\":{\"@type\":\"ImageObject\",\"inLanguage\":\"es\",\"@id\":\"https:\/\/experienciadevida.com.ar\/portalurbano\/#\/schema\/person\/image\/\",\"url\":\"https:\/\/secure.gravatar.com\/avatar\/830d4c57adaae6630765e449a6908047?s=96&d=mm&r=g\",\"contentUrl\":\"https:\/\/secure.gravatar.com\/avatar\/830d4c57adaae6630765e449a6908047?s=96&d=mm&r=g\",\"caption\":\"admpu17wp\"}}]}<\/script>\n<!-- \/ Yoast SEO plugin. -->","yoast_head_json":{"title":"Anuncian corte de energ\u00eda para este martes en varios barrios de la ciudad","description":"Anuncian corte de energ\u00eda para este martes en varios barrios de la ciudad, es por mantenimiento. As\u00ed fue informado en un comunicado","robots":{"index":"index","follow":"follow","max-snippet":"max-snippet:-1","max-image-preview":"max-image-preview:large","max-video-preview":"max-video-preview:-1"},"canonical":"https:\/\/experienciadevida.com.ar\/portalurbano\/anuncian-corte-de-energia-para-este-martes-en-varios-barrios-de-la-ciudad\/","og_locale":"es_ES","og_type":"article","og_title":"Anuncian corte de energ\u00eda para este martes en varios barrios de la ciudad","og_description":"Anuncian corte de energ\u00eda para este martes en varios barrios de la ciudad, es por mantenimiento. As\u00ed fue informado en un comunicado","og_url":"https:\/\/experienciadevida.com.ar\/portalurbano\/anuncian-corte-de-energia-para-este-martes-en-varios-barrios-de-la-ciudad\/","article_publisher":"https:\/\/www.facebook.com\/Portal-Urbano-171542830093757\/","article_published_time":"2022-07-04T18:59:40+00:00","article_modified_time":"2022-07-04T19:01:41+00:00","og_image":[{"width":667,"height":445,"url":"https:\/\/experienciadevida.com.ar\/portalurbano\/wp-content\/uploads\/2018\/09\/PARO2-1-3.jpg","type":"image\/jpeg"}],"author":"admpu17wp","twitter_card":"summary_large_image","twitter_creator":"@portalurbanook","twitter_site":"@portalurbanook","twitter_misc":{"Escrito por":"admpu17wp","Tiempo de lectura":"1 minuto"},"schema":{"@context":"https:\/\/schema.org","@graph":[{"@type":"Article","@id":"https:\/\/experienciadevida.com.ar\/portalurbano\/anuncian-corte-de-energia-para-este-martes-en-varios-barrios-de-la-ciudad\/#article","isPartOf":{"@id":"https:\/\/experienciadevida.com.ar\/portalurbano\/anuncian-corte-de-energia-para-este-martes-en-varios-barrios-de-la-ciudad\/"},"author":{"name":"admpu17wp","@id":"https:\/\/experienciadevida.com.ar\/portalurbano\/#\/schema\/person\/02dd326b1c4b056e9cc972486934a3a7"},"headline":"Anuncian corte de energ\u00eda para este martes en varios barrios de la ciudad","datePublished":"2022-07-04T18:59:40+00:00","dateModified":"2022-07-04T19:01:41+00:00","mainEntityOfPage":{"@id":"https:\/\/experienciadevida.com.ar\/portalurbano\/anuncian-corte-de-energia-para-este-martes-en-varios-barrios-de-la-ciudad\/"},"wordCount":119,"publisher":{"@id":"https:\/\/experienciadevida.com.ar\/portalurbano\/#organization"},"articleSection":["Ciudad"],"inLanguage":"es"},{"@type":"WebPage","@id":"https:\/\/experienciadevida.com.ar\/portalurbano\/anuncian-corte-de-energia-para-este-martes-en-varios-barrios-de-la-ciudad\/","url":"https:\/\/experienciadevida.com.ar\/portalurbano\/anuncian-corte-de-energia-para-este-martes-en-varios-barrios-de-la-ciudad\/","name":"Anuncian corte de energ\u00eda para este martes en varios barrios de la ciudad","isPartOf":{"@id":"https:\/\/experienciadevida.com.ar\/portalurbano\/#website"},"datePublished":"2022-07-04T18:59:40+00:00","dateModified":"2022-07-04T19:01:41+00:00","description":"Anuncian corte de energ\u00eda para este martes en varios barrios de la ciudad, es por mantenimiento. As\u00ed fue informado en un comunicado","breadcrumb":{"@id":"https:\/\/experienciadevida.com.ar\/portalurbano\/anuncian-corte-de-energia-para-este-martes-en-varios-barrios-de-la-ciudad\/#breadcrumb"},"inLanguage":"es","potentialAction":[{"@type":"ReadAction","target":["https:\/\/experienciadevida.com.ar\/portalurbano\/anuncian-corte-de-energia-para-este-martes-en-varios-barrios-de-la-ciudad\/"]}]},{"@type":"BreadcrumbList","@id":"https:\/\/experienciadevida.com.ar\/portalurbano\/anuncian-corte-de-energia-para-este-martes-en-varios-barrios-de-la-ciudad\/#breadcrumb","itemListElement":[{"@type":"ListItem","position":1,"name":"Portada","item":"https:\/\/experienciadevida.com.ar\/portalurbano\/"},{"@type":"ListItem","position":2,"name":"Anuncian corte de energ\u00eda para este martes en varios barrios de la ciudad"}]},{"@type":"WebSite","@id":"https:\/\/experienciadevida.com.ar\/portalurbano\/#website","url":"https:\/\/experienciadevida.com.ar\/portalurbano\/","name":"","description":"","publisher":{"@id":"https:\/\/experienciadevida.com.ar\/portalurbano\/#organization"},"potentialAction":[{"@type":"SearchAction","target":{"@type":"EntryPoint","urlTemplate":"https:\/\/experienciadevida.com.ar\/portalurbano\/?s={search_term_string}"},"query-input":"required name=search_term_string"}],"inLanguage":"es"},{"@type":"Organization","@id":"https:\/\/experienciadevida.com.ar\/portalurbano\/#organization","name":"Portal Urbano","url":"https:\/\/experienciadevida.com.ar\/portalurbano\/","logo":{"@type":"ImageObject","inLanguage":"es","@id":"https:\/\/experienciadevida.com.ar\/portalurbano\/#\/schema\/logo\/image\/","url":"https:\/\/experienciadevida.com.ar\/portalurbano\/wp-content\/uploads\/2019\/09\/Logo-Original.png","contentUrl":"https:\/\/experienciadevida.com.ar\/portalurbano\/wp-content\/uploads\/2019\/09\/Logo-Original.png","width":2236,"height":1216,"caption":"Portal Urbano"},"image":{"@id":"https:\/\/experienciadevida.com.ar\/portalurbano\/#\/schema\/logo\/image\/"},"sameAs":["https:\/\/www.facebook.com\/Portal-Urbano-171542830093757\/","https:\/\/twitter.com\/portalurbanook","https:\/\/www.instagram.com\/_portalurbano\/","https:\/\/www.youtube.com\/channel\/UCXhagIfszH8KxFiOok79zbA?view_as=subscriber"]},{"@type":"Person","@id":"https:\/\/experienciadevida.com.ar\/portalurbano\/#\/schema\/person\/02dd326b1c4b056e9cc972486934a3a7","name":"admpu17wp","image":{"@type":"ImageObject","inLanguage":"es","@id":"https:\/\/experienciadevida.com.ar\/portalurbano\/#\/schema\/person\/image\/","url":"https:\/\/secure.gravatar.com\/avatar\/830d4c57adaae6630765e449a6908047?s=96&d=mm&r=g","contentUrl":"https:\/\/secure.gravatar.com\/avatar\/830d4c57adaae6630765e449a6908047?s=96&d=mm&r=g","caption":"admpu17wp"}}]}},"featured_image_urls":{"full":["https:\/\/experienciadevida.com.ar\/portalurbano\/wp-content\/uploads\/2018\/09\/PARO2-1-3.jpg",667,445,false],"thumbnail":["https:\/\/experienciadevida.com.ar\/portalurbano\/wp-content\/uploads\/2018\/09\/PARO2-1-3-150x150.jpg",150,150,true],"medium":["https:\/\/experienciadevida.com.ar\/portalurbano\/wp-content\/uploads\/2018\/09\/PARO2-1-3-300x200.jpg",300,200,true],"medium_large":["https:\/\/experienciadevida.com.ar\/portalurbano\/wp-content\/uploads\/2018\/09\/PARO2-1-3.jpg",640,427,false],"large":["https:\/\/experienciadevida.com.ar\/portalurbano\/wp-content\/uploads\/2018\/09\/PARO2-1-3.jpg",640,427,false],"ug_big":["https:\/\/experienciadevida.com.ar\/portalurbano\/wp-content\/uploads\/2018\/09\/PARO2-1-3.jpg",667,445,false],"1536x1536":["https:\/\/experienciadevida.com.ar\/portalurbano\/wp-content\/uploads\/2018\/09\/PARO2-1-3.jpg",667,445,false],"2048x2048":["https:\/\/experienciadevida.com.ar\/portalurbano\/wp-content\/uploads\/2018\/09\/PARO2-1-3.jpg",667,445,false],"newsever-slider-full":["https:\/\/experienciadevida.com.ar\/portalurbano\/wp-content\/uploads\/2018\/09\/PARO2-1-3.jpg",667,445,false],"newsever-featured":["https:\/\/experienciadevida.com.ar\/portalurbano\/wp-content\/uploads\/2018\/09\/PARO2-1-3.jpg",667,445,false],"newsever-medium":["https:\/\/experienciadevida.com.ar\/portalurbano\/wp-content\/uploads\/2018\/09\/PARO2-1-3.jpg",667,445,false],"web-stories-poster-portrait":["https:\/\/experienciadevida.com.ar\/portalurbano\/wp-content\/uploads\/2018\/09\/PARO2-1-3.jpg",640,427,false],"web-stories-publisher-logo":["https:\/\/experienciadevida.com.ar\/portalurbano\/wp-content\/uploads\/2018\/09\/PARO2-1-3.jpg",96,64,false],"web-stories-thumbnail":["https:\/\/experienciadevida.com.ar\/portalurbano\/wp-content\/uploads\/2018\/09\/PARO2-1-3.jpg",150,100,false]},"author_info":{"display_name":"admpu17wp","author_link":"https:\/\/experienciadevida.com.ar\/portalurbano\/author\/admpu17wp\/"},"category_info":"<a href=\"https:\/\/experienciadevida.com.ar\/portalurbano\/category\/ciudad\/\" rel=\"category tag\">Ciudad<\/a>","tag_info":"Ciudad","comment_count":"0","amp_enabled":true,"_links":{"self":[{"href":"https:\/\/experienciadevida.com.ar\/portalurbano\/wp-json\/wp\/v2\/posts\/170702"}],"collection":[{"href":"https:\/\/experienciadevida.com.ar\/portalurbano\/wp-json\/wp\/v2\/posts"}],"about":[{"href":"https:\/\/experienciadevida.com.ar\/portalurbano\/wp-json\/wp\/v2\/types\/post"}],"author":[{"embeddable":true,"href":"https:\/\/experienciadevida.com.ar\/portalurbano\/wp-json\/wp\/v2\/users\/1"}],"replies":[{"embeddable":true,"href":"https:\/\/experienciadevida.com.ar\/portalurbano\/wp-json\/wp\/v2\/comments?post=170702"}],"version-history":[{"count":1,"href":"https:\/\/experienciadevida.com.ar\/portalurbano\/wp-json\/wp\/v2\/posts\/170702\/revisions"}],"predecessor-version":[{"id":170703,"href":"https:\/\/experienciadevida.com.ar\/portalurbano\/wp-json\/wp\/v2\/posts\/170702\/revisions\/170703"}],"wp:featuredmedia":[{"embeddable":true,"href":"https:\/\/experienciadevida.com.ar\/portalurbano\/wp-json\/wp\/v2\/media\/41407"}],"wp:attachment":[{"href":"https:\/\/experienciadevida.com.ar\/portalurbano\/wp-json\/wp\/v2\/media?parent=170702"}],"wp:term":[{"taxonomy":"category","embeddable":true,"href":"https:\/\/experienciadevida.com.ar\/portalurbano\/wp-json\/wp\/v2\/categories?post=170702"},{"taxonomy":"post_tag","embeddable":true,"href":"https:\/\/experienciadevida.com.ar\/portalurbano\/wp-json\/wp\/v2\/tags?post=170702"}],"curies":[{"name":"wp","href":"https:\/\/api.w.org\/{rel}","templated":true}]}}