{"id":170607,"date":"2022-07-02T18:54:28","date_gmt":"2022-07-02T21:54:28","guid":{"rendered":"https:\/\/experienciadevida.com.ar\/portalurbano\/?p=170607"},"modified":"2022-07-02T18:55:14","modified_gmt":"2022-07-02T21:55:14","slug":"el-concejal-gaston-sarachu-presentara-pedido-de-agua-potable-para-el-barrio-ara-san-juan-tras-reunion-con-vecinos","status":"publish","type":"post","link":"https:\/\/experienciadevida.com.ar\/portalurbano\/el-concejal-gaston-sarachu-presentara-pedido-de-agua-potable-para-el-barrio-ara-san-juan-tras-reunion-con-vecinos\/","title":{"rendered":"El concejal Gast\u00f3n Sarachu presentar\u00e1 pedido de agua potable para el Barrio \u201cAra San Juan\u201d tras reuni\u00f3n con vecinos"},"content":{"rendered":"<p>El concejal Gast\u00f3n Sarachu presentar\u00e1 pedido de agua potable para el Barrio \u201cAra San Juan\u201d tras reuni\u00f3n con vecinos, el concejal Gast\u00f3n Sarachu del bloque Foro Olavarr\u00eda &#8211; FR, en el interbloque Frente de Todos, se reuni\u00f3 con vecinos del barrio quienes le hicieron llegar sus reclamos ante la falta de agua, gas, alumbrado p\u00fablico, entre otras necesidades.<\/p>\n<p>Esta semana, el concejal Gast\u00f3n Sarachu del Foro Olavarr\u00eda &#8211; Frente Renovador, en el interbloque Frente de Todos, recorri\u00f3 el Barrio \u201cAra San Juan\u201d junto a vecinos que le extendieron sus reclamos ante la falta de servicios esenciales. Las demandas impulsaron un proyecto de ordenanza que solicita al Ejecutivo Municipal los medios necesarios para satisfacer las necesidades del barrio, el cual ser\u00e1 tratado en la pr\u00f3xima sesi\u00f3n del Concejo Deliberante.<\/p>\n<p>Ante la falta de redes de agua, gas y alumbrado p\u00fablico, el concejal Sarachu se\u00f1al\u00f3 que \u201ces responsabilidad del Municipio garantizar el acceso a estos servicios p\u00fablicos esenciales\u201d. \u201cLos vecinos del Barrio Ara San Juan<br \/>\nno cuentan con acceso f\u00edsico al agua potable\u201d, advirti\u00f3.<\/p>\n<p>Por otra parte, el edil indic\u00f3 que \u201cal no contar con red de gas, la econom\u00eda de los vecinos se ve impactada al tener que recurrir a la compra de gas envasado\u201d. A su vez, \u201cla falta de luminaria es un punto preocupante porque aumenta la posibilidad de hechos delictivos y siniestros viales\u201d, explic\u00f3 Sarachu.<\/p>\n<p>Otro de los reclamos que los vecinos del Barrio \u201cAra San Juan\u201d manifestaron est\u00e1 relacionado a la construcci\u00f3n de cordones cuneta. \u201cConstituye un principio de urbanizaci\u00f3n que da l\u00edneas y niveles definitivos, asegura los<br \/>\ndesag\u00fces y permite la construcci\u00f3n de veredas en el sector\u201d, manifest\u00f3 el concejal a la vez que agreg\u00f3 \u201cla ausencia del mismo propicia la acumulaci\u00f3n de residuos, y entendemos que la construcci\u00f3n de cord\u00f3n cuneta beneficiaria<br \/>\nal desagote del agua que se acumula en las calles del barrio\u201d.<\/p>\n<p>\u201cResulta urgente atender estas necesidades para que los vecinos puedan vivir en condiciones dignas, con la garant\u00eda de un m\u00ednimo bienestar y salubridad\u201d, dijo Sarachu.<\/p>\n","protected":false},"excerpt":{"rendered":"<p>El concejal Gast\u00f3n Sarachu presentar\u00e1 pedido de agua potable para el Barrio \u201cAra San Juan\u201d&#8230;<\/p>\n","protected":false},"author":1,"featured_media":170608,"comment_status":"closed","ping_status":"closed","sticky":false,"template":"","format":"standard","meta":{"content-type":""},"categories":[27,64],"tags":[],"nelio_content":{"isAutoShareEnabled":false,"autoShareEndMode":"default","automationSources":{"useContentSentences":true,"useSocialTemplates":true,"useCustomSentences":false,"customSentences":[]},"followers":[1],"suggestedReferences":[],"includedReferences":[],"efiUrl":"","efiAlt":"","highlights":[]},"yoast_head":"<!-- This site is optimized with the Yoast SEO plugin v20.7 - https:\/\/yoast.com\/wordpress\/plugins\/seo\/ -->\n<title>El concejal Gast\u00f3n Sarachu presentar\u00e1 pedido de agua potable para el Barrio \u201cAra San Juan\u201d tras reuni\u00f3n con vecinos -<\/title>\n<meta name=\"robots\" content=\"index, follow, max-snippet:-1, max-image-preview:large, max-video-preview:-1\" \/>\n<link rel=\"canonical\" href=\"https:\/\/experienciadevida.com.ar\/portalurbano\/el-concejal-gaston-sarachu-presentara-pedido-de-agua-potable-para-el-barrio-ara-san-juan-tras-reunion-con-vecinos\/\" \/>\n<meta property=\"og:locale\" content=\"es_ES\" \/>\n<meta property=\"og:type\" content=\"article\" \/>\n<meta property=\"og:title\" content=\"El concejal Gast\u00f3n Sarachu presentar\u00e1 pedido de agua potable para el Barrio \u201cAra San Juan\u201d tras reuni\u00f3n con vecinos -\" \/>\n<meta property=\"og:description\" content=\"El concejal Gast\u00f3n Sarachu presentar\u00e1 pedido de agua potable para el Barrio \u201cAra San Juan\u201d...\" \/>\n<meta property=\"og:url\" content=\"https:\/\/experienciadevida.com.ar\/portalurbano\/el-concejal-gaston-sarachu-presentara-pedido-de-agua-potable-para-el-barrio-ara-san-juan-tras-reunion-con-vecinos\/\" \/>\n<meta property=\"article:publisher\" content=\"https:\/\/www.facebook.com\/Portal-Urbano-171542830093757\/\" \/>\n<meta property=\"article:published_time\" content=\"2022-07-02T21:54:28+00:00\" \/>\n<meta property=\"article:modified_time\" content=\"2022-07-02T21:55:14+00:00\" \/>\n<meta property=\"og:image\" content=\"https:\/\/experienciadevida.com.ar\/portalurbano\/wp-content\/uploads\/2022\/07\/El-concejal-Gaston-Sarachu.jpeg\" \/>\n\t<meta property=\"og:image:width\" content=\"800\" \/>\n\t<meta property=\"og:image:height\" content=\"500\" \/>\n\t<meta property=\"og:image:type\" content=\"image\/jpeg\" \/>\n<meta name=\"author\" content=\"admpu17wp\" \/>\n<meta name=\"twitter:card\" content=\"summary_large_image\" \/>\n<meta name=\"twitter:creator\" content=\"@portalurbanook\" \/>\n<meta name=\"twitter:site\" content=\"@portalurbanook\" \/>\n<meta name=\"twitter:label1\" content=\"Escrito por\" \/>\n\t<meta name=\"twitter:data1\" content=\"admpu17wp\" \/>\n\t<meta name=\"twitter:label2\" content=\"Tiempo de lectura\" \/>\n\t<meta name=\"twitter:data2\" content=\"2 minutos\" \/>\n<script type=\"application\/ld+json\" class=\"yoast-schema-graph\">{\"@context\":\"https:\/\/schema.org\",\"@graph\":[{\"@type\":\"Article\",\"@id\":\"https:\/\/experienciadevida.com.ar\/portalurbano\/el-concejal-gaston-sarachu-presentara-pedido-de-agua-potable-para-el-barrio-ara-san-juan-tras-reunion-con-vecinos\/#article\",\"isPartOf\":{\"@id\":\"https:\/\/experienciadevida.com.ar\/portalurbano\/el-concejal-gaston-sarachu-presentara-pedido-de-agua-potable-para-el-barrio-ara-san-juan-tras-reunion-con-vecinos\/\"},\"author\":{\"name\":\"admpu17wp\",\"@id\":\"https:\/\/experienciadevida.com.ar\/portalurbano\/#\/schema\/person\/02dd326b1c4b056e9cc972486934a3a7\"},\"headline\":\"El concejal Gast\u00f3n Sarachu presentar\u00e1 pedido de agua potable para el Barrio \u201cAra San Juan\u201d tras reuni\u00f3n con vecinos\",\"datePublished\":\"2022-07-02T21:54:28+00:00\",\"dateModified\":\"2022-07-02T21:55:14+00:00\",\"mainEntityOfPage\":{\"@id\":\"https:\/\/experienciadevida.com.ar\/portalurbano\/el-concejal-gaston-sarachu-presentara-pedido-de-agua-potable-para-el-barrio-ara-san-juan-tras-reunion-con-vecinos\/\"},\"wordCount\":379,\"publisher\":{\"@id\":\"https:\/\/experienciadevida.com.ar\/portalurbano\/#organization\"},\"articleSection\":[\"Ciudad\",\"Destacadas 2\"],\"inLanguage\":\"es\"},{\"@type\":\"WebPage\",\"@id\":\"https:\/\/experienciadevida.com.ar\/portalurbano\/el-concejal-gaston-sarachu-presentara-pedido-de-agua-potable-para-el-barrio-ara-san-juan-tras-reunion-con-vecinos\/\",\"url\":\"https:\/\/experienciadevida.com.ar\/portalurbano\/el-concejal-gaston-sarachu-presentara-pedido-de-agua-potable-para-el-barrio-ara-san-juan-tras-reunion-con-vecinos\/\",\"name\":\"El concejal Gast\u00f3n Sarachu presentar\u00e1 pedido de agua potable para el Barrio \u201cAra San Juan\u201d tras reuni\u00f3n con vecinos -\",\"isPartOf\":{\"@id\":\"https:\/\/experienciadevida.com.ar\/portalurbano\/#website\"},\"datePublished\":\"2022-07-02T21:54:28+00:00\",\"dateModified\":\"2022-07-02T21:55:14+00:00\",\"breadcrumb\":{\"@id\":\"https:\/\/experienciadevida.com.ar\/portalurbano\/el-concejal-gaston-sarachu-presentara-pedido-de-agua-potable-para-el-barrio-ara-san-juan-tras-reunion-con-vecinos\/#breadcrumb\"},\"inLanguage\":\"es\",\"potentialAction\":[{\"@type\":\"ReadAction\",\"target\":[\"https:\/\/experienciadevida.com.ar\/portalurbano\/el-concejal-gaston-sarachu-presentara-pedido-de-agua-potable-para-el-barrio-ara-san-juan-tras-reunion-con-vecinos\/\"]}]},{\"@type\":\"BreadcrumbList\",\"@id\":\"https:\/\/experienciadevida.com.ar\/portalurbano\/el-concejal-gaston-sarachu-presentara-pedido-de-agua-potable-para-el-barrio-ara-san-juan-tras-reunion-con-vecinos\/#breadcrumb\",\"itemListElement\":[{\"@type\":\"ListItem\",\"position\":1,\"name\":\"Portada\",\"item\":\"https:\/\/experienciadevida.com.ar\/portalurbano\/\"},{\"@type\":\"ListItem\",\"position\":2,\"name\":\"El concejal Gast\u00f3n Sarachu presentar\u00e1 pedido de agua potable para el Barrio \u201cAra San Juan\u201d tras reuni\u00f3n con vecinos\"}]},{\"@type\":\"WebSite\",\"@id\":\"https:\/\/experienciadevida.com.ar\/portalurbano\/#website\",\"url\":\"https:\/\/experienciadevida.com.ar\/portalurbano\/\",\"name\":\"\",\"description\":\"\",\"publisher\":{\"@id\":\"https:\/\/experienciadevida.com.ar\/portalurbano\/#organization\"},\"potentialAction\":[{\"@type\":\"SearchAction\",\"target\":{\"@type\":\"EntryPoint\",\"urlTemplate\":\"https:\/\/experienciadevida.com.ar\/portalurbano\/?s={search_term_string}\"},\"query-input\":\"required name=search_term_string\"}],\"inLanguage\":\"es\"},{\"@type\":\"Organization\",\"@id\":\"https:\/\/experienciadevida.com.ar\/portalurbano\/#organization\",\"name\":\"Portal Urbano\",\"url\":\"https:\/\/experienciadevida.com.ar\/portalurbano\/\",\"logo\":{\"@type\":\"ImageObject\",\"inLanguage\":\"es\",\"@id\":\"https:\/\/experienciadevida.com.ar\/portalurbano\/#\/schema\/logo\/image\/\",\"url\":\"https:\/\/experienciadevida.com.ar\/portalurbano\/wp-content\/uploads\/2019\/09\/Logo-Original.png\",\"contentUrl\":\"https:\/\/experienciadevida.com.ar\/portalurbano\/wp-content\/uploads\/2019\/09\/Logo-Original.png\",\"width\":2236,\"height\":1216,\"caption\":\"Portal Urbano\"},\"image\":{\"@id\":\"https:\/\/experienciadevida.com.ar\/portalurbano\/#\/schema\/logo\/image\/\"},\"sameAs\":[\"https:\/\/www.facebook.com\/Portal-Urbano-171542830093757\/\",\"https:\/\/twitter.com\/portalurbanook\",\"https:\/\/www.instagram.com\/_portalurbano\/\",\"https:\/\/www.youtube.com\/channel\/UCXhagIfszH8KxFiOok79zbA?view_as=subscriber\"]},{\"@type\":\"Person\",\"@id\":\"https:\/\/experienciadevida.com.ar\/portalurbano\/#\/schema\/person\/02dd326b1c4b056e9cc972486934a3a7\",\"name\":\"admpu17wp\",\"image\":{\"@type\":\"ImageObject\",\"inLanguage\":\"es\",\"@id\":\"https:\/\/experienciadevida.com.ar\/portalurbano\/#\/schema\/person\/image\/\",\"url\":\"https:\/\/secure.gravatar.com\/avatar\/830d4c57adaae6630765e449a6908047?s=96&d=mm&r=g\",\"contentUrl\":\"https:\/\/secure.gravatar.com\/avatar\/830d4c57adaae6630765e449a6908047?s=96&d=mm&r=g\",\"caption\":\"admpu17wp\"}}]}<\/script>\n<!-- \/ Yoast SEO plugin. -->","yoast_head_json":{"title":"El concejal Gast\u00f3n Sarachu presentar\u00e1 pedido de agua potable para el Barrio \u201cAra San Juan\u201d tras reuni\u00f3n con vecinos -","robots":{"index":"index","follow":"follow","max-snippet":"max-snippet:-1","max-image-preview":"max-image-preview:large","max-video-preview":"max-video-preview:-1"},"canonical":"https:\/\/experienciadevida.com.ar\/portalurbano\/el-concejal-gaston-sarachu-presentara-pedido-de-agua-potable-para-el-barrio-ara-san-juan-tras-reunion-con-vecinos\/","og_locale":"es_ES","og_type":"article","og_title":"El concejal Gast\u00f3n Sarachu presentar\u00e1 pedido de agua potable para el Barrio \u201cAra San Juan\u201d tras reuni\u00f3n con vecinos -","og_description":"El concejal Gast\u00f3n Sarachu presentar\u00e1 pedido de agua potable para el Barrio \u201cAra San Juan\u201d...","og_url":"https:\/\/experienciadevida.com.ar\/portalurbano\/el-concejal-gaston-sarachu-presentara-pedido-de-agua-potable-para-el-barrio-ara-san-juan-tras-reunion-con-vecinos\/","article_publisher":"https:\/\/www.facebook.com\/Portal-Urbano-171542830093757\/","article_published_time":"2022-07-02T21:54:28+00:00","article_modified_time":"2022-07-02T21:55:14+00:00","og_image":[{"width":800,"height":500,"url":"https:\/\/experienciadevida.com.ar\/portalurbano\/wp-content\/uploads\/2022\/07\/El-concejal-Gaston-Sarachu.jpeg","type":"image\/jpeg"}],"author":"admpu17wp","twitter_card":"summary_large_image","twitter_creator":"@portalurbanook","twitter_site":"@portalurbanook","twitter_misc":{"Escrito por":"admpu17wp","Tiempo de lectura":"2 minutos"},"schema":{"@context":"https:\/\/schema.org","@graph":[{"@type":"Article","@id":"https:\/\/experienciadevida.com.ar\/portalurbano\/el-concejal-gaston-sarachu-presentara-pedido-de-agua-potable-para-el-barrio-ara-san-juan-tras-reunion-con-vecinos\/#article","isPartOf":{"@id":"https:\/\/experienciadevida.com.ar\/portalurbano\/el-concejal-gaston-sarachu-presentara-pedido-de-agua-potable-para-el-barrio-ara-san-juan-tras-reunion-con-vecinos\/"},"author":{"name":"admpu17wp","@id":"https:\/\/experienciadevida.com.ar\/portalurbano\/#\/schema\/person\/02dd326b1c4b056e9cc972486934a3a7"},"headline":"El concejal Gast\u00f3n Sarachu presentar\u00e1 pedido de agua potable para el Barrio \u201cAra San Juan\u201d tras reuni\u00f3n con vecinos","datePublished":"2022-07-02T21:54:28+00:00","dateModified":"2022-07-02T21:55:14+00:00","mainEntityOfPage":{"@id":"https:\/\/experienciadevida.com.ar\/portalurbano\/el-concejal-gaston-sarachu-presentara-pedido-de-agua-potable-para-el-barrio-ara-san-juan-tras-reunion-con-vecinos\/"},"wordCount":379,"publisher":{"@id":"https:\/\/experienciadevida.com.ar\/portalurbano\/#organization"},"articleSection":["Ciudad","Destacadas 2"],"inLanguage":"es"},{"@type":"WebPage","@id":"https:\/\/experienciadevida.com.ar\/portalurbano\/el-concejal-gaston-sarachu-presentara-pedido-de-agua-potable-para-el-barrio-ara-san-juan-tras-reunion-con-vecinos\/","url":"https:\/\/experienciadevida.com.ar\/portalurbano\/el-concejal-gaston-sarachu-presentara-pedido-de-agua-potable-para-el-barrio-ara-san-juan-tras-reunion-con-vecinos\/","name":"El concejal Gast\u00f3n Sarachu presentar\u00e1 pedido de agua potable para el Barrio \u201cAra San Juan\u201d tras reuni\u00f3n con vecinos -","isPartOf":{"@id":"https:\/\/experienciadevida.com.ar\/portalurbano\/#website"},"datePublished":"2022-07-02T21:54:28+00:00","dateModified":"2022-07-02T21:55:14+00:00","breadcrumb":{"@id":"https:\/\/experienciadevida.com.ar\/portalurbano\/el-concejal-gaston-sarachu-presentara-pedido-de-agua-potable-para-el-barrio-ara-san-juan-tras-reunion-con-vecinos\/#breadcrumb"},"inLanguage":"es","potentialAction":[{"@type":"ReadAction","target":["https:\/\/experienciadevida.com.ar\/portalurbano\/el-concejal-gaston-sarachu-presentara-pedido-de-agua-potable-para-el-barrio-ara-san-juan-tras-reunion-con-vecinos\/"]}]},{"@type":"BreadcrumbList","@id":"https:\/\/experienciadevida.com.ar\/portalurbano\/el-concejal-gaston-sarachu-presentara-pedido-de-agua-potable-para-el-barrio-ara-san-juan-tras-reunion-con-vecinos\/#breadcrumb","itemListElement":[{"@type":"ListItem","position":1,"name":"Portada","item":"https:\/\/experienciadevida.com.ar\/portalurbano\/"},{"@type":"ListItem","position":2,"name":"El concejal Gast\u00f3n Sarachu presentar\u00e1 pedido de agua potable para el Barrio \u201cAra San Juan\u201d tras reuni\u00f3n con vecinos"}]},{"@type":"WebSite","@id":"https:\/\/experienciadevida.com.ar\/portalurbano\/#website","url":"https:\/\/experienciadevida.com.ar\/portalurbano\/","name":"","description":"","publisher":{"@id":"https:\/\/experienciadevida.com.ar\/portalurbano\/#organization"},"potentialAction":[{"@type":"SearchAction","target":{"@type":"EntryPoint","urlTemplate":"https:\/\/experienciadevida.com.ar\/portalurbano\/?s={search_term_string}"},"query-input":"required name=search_term_string"}],"inLanguage":"es"},{"@type":"Organization","@id":"https:\/\/experienciadevida.com.ar\/portalurbano\/#organization","name":"Portal Urbano","url":"https:\/\/experienciadevida.com.ar\/portalurbano\/","logo":{"@type":"ImageObject","inLanguage":"es","@id":"https:\/\/experienciadevida.com.ar\/portalurbano\/#\/schema\/logo\/image\/","url":"https:\/\/experienciadevida.com.ar\/portalurbano\/wp-content\/uploads\/2019\/09\/Logo-Original.png","contentUrl":"https:\/\/experienciadevida.com.ar\/portalurbano\/wp-content\/uploads\/2019\/09\/Logo-Original.png","width":2236,"height":1216,"caption":"Portal Urbano"},"image":{"@id":"https:\/\/experienciadevida.com.ar\/portalurbano\/#\/schema\/logo\/image\/"},"sameAs":["https:\/\/www.facebook.com\/Portal-Urbano-171542830093757\/","https:\/\/twitter.com\/portalurbanook","https:\/\/www.instagram.com\/_portalurbano\/","https:\/\/www.youtube.com\/channel\/UCXhagIfszH8KxFiOok79zbA?view_as=subscriber"]},{"@type":"Person","@id":"https:\/\/experienciadevida.com.ar\/portalurbano\/#\/schema\/person\/02dd326b1c4b056e9cc972486934a3a7","name":"admpu17wp","image":{"@type":"ImageObject","inLanguage":"es","@id":"https:\/\/experienciadevida.com.ar\/portalurbano\/#\/schema\/person\/image\/","url":"https:\/\/secure.gravatar.com\/avatar\/830d4c57adaae6630765e449a6908047?s=96&d=mm&r=g","contentUrl":"https:\/\/secure.gravatar.com\/avatar\/830d4c57adaae6630765e449a6908047?s=96&d=mm&r=g","caption":"admpu17wp"}}]}},"featured_image_urls":{"full":["https:\/\/experienciadevida.com.ar\/portalurbano\/wp-content\/uploads\/2022\/07\/El-concejal-Gaston-Sarachu.jpeg",800,500,false],"thumbnail":["https:\/\/experienciadevida.com.ar\/portalurbano\/wp-content\/uploads\/2022\/07\/El-concejal-Gaston-Sarachu-150x150.jpeg",150,150,true],"medium":["https:\/\/experienciadevida.com.ar\/portalurbano\/wp-content\/uploads\/2022\/07\/El-concejal-Gaston-Sarachu-300x188.jpeg",300,188,true],"medium_large":["https:\/\/experienciadevida.com.ar\/portalurbano\/wp-content\/uploads\/2022\/07\/El-concejal-Gaston-Sarachu-768x480.jpeg",640,400,true],"large":["https:\/\/experienciadevida.com.ar\/portalurbano\/wp-content\/uploads\/2022\/07\/El-concejal-Gaston-Sarachu.jpeg",640,400,false],"ug_big":["https:\/\/experienciadevida.com.ar\/portalurbano\/wp-content\/uploads\/2022\/07\/El-concejal-Gaston-Sarachu-768x480.jpeg",768,480,true],"1536x1536":["https:\/\/experienciadevida.com.ar\/portalurbano\/wp-content\/uploads\/2022\/07\/El-concejal-Gaston-Sarachu.jpeg",800,500,false],"2048x2048":["https:\/\/experienciadevida.com.ar\/portalurbano\/wp-content\/uploads\/2022\/07\/El-concejal-Gaston-Sarachu.jpeg",800,500,false],"newsever-slider-full":["https:\/\/experienciadevida.com.ar\/portalurbano\/wp-content\/uploads\/2022\/07\/El-concejal-Gaston-Sarachu.jpeg",800,500,false],"newsever-featured":["https:\/\/experienciadevida.com.ar\/portalurbano\/wp-content\/uploads\/2022\/07\/El-concejal-Gaston-Sarachu.jpeg",800,500,false],"newsever-medium":["https:\/\/experienciadevida.com.ar\/portalurbano\/wp-content\/uploads\/2022\/07\/El-concejal-Gaston-Sarachu.jpeg",720,450,false],"web-stories-poster-portrait":["https:\/\/experienciadevida.com.ar\/portalurbano\/wp-content\/uploads\/2022\/07\/El-concejal-Gaston-Sarachu.jpeg",640,400,false],"web-stories-publisher-logo":["https:\/\/experienciadevida.com.ar\/portalurbano\/wp-content\/uploads\/2022\/07\/El-concejal-Gaston-Sarachu.jpeg",96,60,false],"web-stories-thumbnail":["https:\/\/experienciadevida.com.ar\/portalurbano\/wp-content\/uploads\/2022\/07\/El-concejal-Gaston-Sarachu.jpeg",150,94,false]},"author_info":{"display_name":"admpu17wp","author_link":"https:\/\/experienciadevida.com.ar\/portalurbano\/author\/admpu17wp\/"},"category_info":"<a href=\"https:\/\/experienciadevida.com.ar\/portalurbano\/category\/ciudad\/\" rel=\"category tag\">Ciudad<\/a> <a href=\"https:\/\/experienciadevida.com.ar\/portalurbano\/category\/destacadas-2\/\" rel=\"category tag\">Destacadas 2<\/a>","tag_info":"Destacadas 2","comment_count":"0","amp_enabled":true,"_links":{"self":[{"href":"https:\/\/experienciadevida.com.ar\/portalurbano\/wp-json\/wp\/v2\/posts\/170607"}],"collection":[{"href":"https:\/\/experienciadevida.com.ar\/portalurbano\/wp-json\/wp\/v2\/posts"}],"about":[{"href":"https:\/\/experienciadevida.com.ar\/portalurbano\/wp-json\/wp\/v2\/types\/post"}],"author":[{"embeddable":true,"href":"https:\/\/experienciadevida.com.ar\/portalurbano\/wp-json\/wp\/v2\/users\/1"}],"replies":[{"embeddable":true,"href":"https:\/\/experienciadevida.com.ar\/portalurbano\/wp-json\/wp\/v2\/comments?post=170607"}],"version-history":[{"count":2,"href":"https:\/\/experienciadevida.com.ar\/portalurbano\/wp-json\/wp\/v2\/posts\/170607\/revisions"}],"predecessor-version":[{"id":170610,"href":"https:\/\/experienciadevida.com.ar\/portalurbano\/wp-json\/wp\/v2\/posts\/170607\/revisions\/170610"}],"wp:featuredmedia":[{"embeddable":true,"href":"https:\/\/experienciadevida.com.ar\/portalurbano\/wp-json\/wp\/v2\/media\/170608"}],"wp:attachment":[{"href":"https:\/\/experienciadevida.com.ar\/portalurbano\/wp-json\/wp\/v2\/media?parent=170607"}],"wp:term":[{"taxonomy":"category","embeddable":true,"href":"https:\/\/experienciadevida.com.ar\/portalurbano\/wp-json\/wp\/v2\/categories?post=170607"},{"taxonomy":"post_tag","embeddable":true,"href":"https:\/\/experienciadevida.com.ar\/portalurbano\/wp-json\/wp\/v2\/tags?post=170607"}],"curies":[{"name":"wp","href":"https:\/\/api.w.org\/{rel}","templated":true}]}}