{"id":170596,"date":"2022-07-02T11:47:48","date_gmt":"2022-07-02T14:47:48","guid":{"rendered":"https:\/\/experienciadevida.com.ar\/portalurbano\/?p=170596"},"modified":"2022-07-02T11:50:11","modified_gmt":"2022-07-02T14:50:11","slug":"cnrt-olavarria-se-suma-al-inicio-del-operativo-de-invierno-en-todo-el-pais","status":"publish","type":"post","link":"https:\/\/experienciadevida.com.ar\/portalurbano\/cnrt-olavarria-se-suma-al-inicio-del-operativo-de-invierno-en-todo-el-pais\/","title":{"rendered":"CNRT Olavarr\u00eda se suma al inicio del Operativo de Invierno en todo el pa\u00eds"},"content":{"rendered":"<p>CNRT Olavarr\u00eda se suma al inicio del Operativo de Invierno en todo el pa\u00eds, consistir\u00e1 en la fiscalizaci\u00f3n al transporte de pasajeros y de cargas en\u00a0 puntos estrat\u00e9gicos. Sergio Feoli, subdelegado de CNRT Olavarr\u00eda, brind\u00f3 detalles sobre los controles en Olavarr\u00eda y la zona.<\/p>\n<p>La Comisi\u00f3n Nacional de Regulaci\u00f3n del Transporte (CNRT), organismo que depende del Ministerio de Transporte de Naci\u00f3n, dio comienzo en todas sus delegaciones al Operativo de Invierno donde fiscalizar\u00e1 al transporte de<br \/>\npasajeros y de cargas en puntos estrat\u00e9gicos. El subdelegado de CNRT en Olavarr\u00eda, Sergio Feoli, dio detalles acerca del trabajo que se realizar\u00e1 en Olavarr\u00eda y la zona<\/p>\n<p>\u201cUno de los puntos principales es la concientizaci\u00f3n sobre la obligatoriedad del uso del cintur\u00f3n de seguridad en micros y transportes personales\u201d, indic\u00f3 Feoli. En cuanto al control en micros de larga distancia, se har\u00e1 hincapi\u00e9 en \u201cel control del tac\u00f3grafo, que registra la velocidad de cada unidad, y tests de alcoholemia y de sustancias al personal de conducci\u00f3n\u201d, agreg\u00f3.<\/p>\n<p>La Subdelegaci\u00f3n de CNRT en Olavarr\u00eda tiene control sobre la Ruta Nacional N\u00ba 226 y Ruta Nacional N\u00ba 3, abarcando las ciudades de Olavarr\u00eda, Azul, Tandil y Bol\u00edvar.<\/p>\n<p>Jos\u00e9 Arteaga, director ejecutivo de la CNRT, se\u00f1al\u00f3 que \u201cesta nueva temporada de invierno estaremos presentes como organismo en puntos especiales donde confluya el gran flujo vehicular que se espera por el turismo. Como siempre, vamos a controlar al transporte y hacer especial hincapi\u00e9 en la concientizaci\u00f3n sobre el uso obligatorio del cintur\u00f3n de seguridad y el barbijo en micros durante todo el viaje\u201d.<\/p>\n","protected":false},"excerpt":{"rendered":"<p>CNRT Olavarr\u00eda se suma al inicio del Operativo de Invierno en todo el pa\u00eds, consistir\u00e1&#8230;<\/p>\n","protected":false},"author":1,"featured_media":170597,"comment_status":"closed","ping_status":"closed","sticky":false,"template":"","format":"standard","meta":{"content-type":""},"categories":[27,64],"tags":[],"nelio_content":{"isAutoShareEnabled":false,"autoShareEndMode":"default","automationSources":{"useContentSentences":true,"useSocialTemplates":true,"useCustomSentences":false,"customSentences":[]},"followers":[1],"suggestedReferences":[],"includedReferences":[],"efiUrl":"","efiAlt":"","highlights":[]},"yoast_head":"<!-- This site is optimized with the Yoast SEO plugin v20.7 - https:\/\/yoast.com\/wordpress\/plugins\/seo\/ -->\n<title>CNRT Olavarr\u00eda se suma al inicio del operativo de invierno en todo el pa\u00eds<\/title>\n<meta name=\"description\" content=\"CNRT Olavarr\u00eda se suma al inicio del Operativo de Invierno en todo el pa\u00eds, consistir\u00e1 en la fiscalizaci\u00f3n al transporte de pasajeros y cargas\" \/>\n<meta name=\"robots\" content=\"index, follow, max-snippet:-1, max-image-preview:large, max-video-preview:-1\" \/>\n<link rel=\"canonical\" href=\"https:\/\/experienciadevida.com.ar\/portalurbano\/cnrt-olavarria-se-suma-al-inicio-del-operativo-de-invierno-en-todo-el-pais\/\" \/>\n<meta property=\"og:locale\" content=\"es_ES\" \/>\n<meta property=\"og:type\" content=\"article\" \/>\n<meta property=\"og:title\" content=\"CNRT Olavarr\u00eda se suma al inicio del operativo de invierno en todo el pa\u00eds\" \/>\n<meta property=\"og:description\" content=\"CNRT Olavarr\u00eda se suma al inicio del Operativo de Invierno en todo el pa\u00eds, consistir\u00e1 en la fiscalizaci\u00f3n al transporte de pasajeros y cargas\" \/>\n<meta property=\"og:url\" content=\"https:\/\/experienciadevida.com.ar\/portalurbano\/cnrt-olavarria-se-suma-al-inicio-del-operativo-de-invierno-en-todo-el-pais\/\" \/>\n<meta property=\"article:publisher\" content=\"https:\/\/www.facebook.com\/Portal-Urbano-171542830093757\/\" \/>\n<meta property=\"article:published_time\" content=\"2022-07-02T14:47:48+00:00\" \/>\n<meta property=\"article:modified_time\" content=\"2022-07-02T14:50:11+00:00\" \/>\n<meta property=\"og:image\" content=\"https:\/\/experienciadevida.com.ar\/portalurbano\/wp-content\/uploads\/2022\/07\/CNRT-Olavarria-se-suma.jpeg\" \/>\n\t<meta property=\"og:image:width\" content=\"800\" \/>\n\t<meta property=\"og:image:height\" content=\"500\" \/>\n\t<meta property=\"og:image:type\" content=\"image\/jpeg\" \/>\n<meta name=\"author\" content=\"admpu17wp\" \/>\n<meta name=\"twitter:card\" content=\"summary_large_image\" \/>\n<meta name=\"twitter:creator\" content=\"@portalurbanook\" \/>\n<meta name=\"twitter:site\" content=\"@portalurbanook\" \/>\n<meta name=\"twitter:label1\" content=\"Escrito por\" \/>\n\t<meta name=\"twitter:data1\" content=\"admpu17wp\" \/>\n\t<meta name=\"twitter:label2\" content=\"Tiempo de lectura\" \/>\n\t<meta name=\"twitter:data2\" content=\"2 minutos\" \/>\n<script type=\"application\/ld+json\" class=\"yoast-schema-graph\">{\"@context\":\"https:\/\/schema.org\",\"@graph\":[{\"@type\":\"Article\",\"@id\":\"https:\/\/experienciadevida.com.ar\/portalurbano\/cnrt-olavarria-se-suma-al-inicio-del-operativo-de-invierno-en-todo-el-pais\/#article\",\"isPartOf\":{\"@id\":\"https:\/\/experienciadevida.com.ar\/portalurbano\/cnrt-olavarria-se-suma-al-inicio-del-operativo-de-invierno-en-todo-el-pais\/\"},\"author\":{\"name\":\"admpu17wp\",\"@id\":\"https:\/\/experienciadevida.com.ar\/portalurbano\/#\/schema\/person\/02dd326b1c4b056e9cc972486934a3a7\"},\"headline\":\"CNRT Olavarr\u00eda se suma al inicio del Operativo de Invierno en todo el pa\u00eds\",\"datePublished\":\"2022-07-02T14:47:48+00:00\",\"dateModified\":\"2022-07-02T14:50:11+00:00\",\"mainEntityOfPage\":{\"@id\":\"https:\/\/experienciadevida.com.ar\/portalurbano\/cnrt-olavarria-se-suma-al-inicio-del-operativo-de-invierno-en-todo-el-pais\/\"},\"wordCount\":293,\"publisher\":{\"@id\":\"https:\/\/experienciadevida.com.ar\/portalurbano\/#organization\"},\"articleSection\":[\"Ciudad\",\"Destacadas 2\"],\"inLanguage\":\"es\"},{\"@type\":\"WebPage\",\"@id\":\"https:\/\/experienciadevida.com.ar\/portalurbano\/cnrt-olavarria-se-suma-al-inicio-del-operativo-de-invierno-en-todo-el-pais\/\",\"url\":\"https:\/\/experienciadevida.com.ar\/portalurbano\/cnrt-olavarria-se-suma-al-inicio-del-operativo-de-invierno-en-todo-el-pais\/\",\"name\":\"CNRT Olavarr\u00eda se suma al inicio del operativo de invierno en todo el pa\u00eds\",\"isPartOf\":{\"@id\":\"https:\/\/experienciadevida.com.ar\/portalurbano\/#website\"},\"datePublished\":\"2022-07-02T14:47:48+00:00\",\"dateModified\":\"2022-07-02T14:50:11+00:00\",\"description\":\"CNRT Olavarr\u00eda se suma al inicio del Operativo de Invierno en todo el pa\u00eds, consistir\u00e1 en la fiscalizaci\u00f3n al transporte de pasajeros y cargas\",\"breadcrumb\":{\"@id\":\"https:\/\/experienciadevida.com.ar\/portalurbano\/cnrt-olavarria-se-suma-al-inicio-del-operativo-de-invierno-en-todo-el-pais\/#breadcrumb\"},\"inLanguage\":\"es\",\"potentialAction\":[{\"@type\":\"ReadAction\",\"target\":[\"https:\/\/experienciadevida.com.ar\/portalurbano\/cnrt-olavarria-se-suma-al-inicio-del-operativo-de-invierno-en-todo-el-pais\/\"]}]},{\"@type\":\"BreadcrumbList\",\"@id\":\"https:\/\/experienciadevida.com.ar\/portalurbano\/cnrt-olavarria-se-suma-al-inicio-del-operativo-de-invierno-en-todo-el-pais\/#breadcrumb\",\"itemListElement\":[{\"@type\":\"ListItem\",\"position\":1,\"name\":\"Portada\",\"item\":\"https:\/\/experienciadevida.com.ar\/portalurbano\/\"},{\"@type\":\"ListItem\",\"position\":2,\"name\":\"CNRT Olavarr\u00eda se suma al inicio del Operativo de Invierno en todo el pa\u00eds\"}]},{\"@type\":\"WebSite\",\"@id\":\"https:\/\/experienciadevida.com.ar\/portalurbano\/#website\",\"url\":\"https:\/\/experienciadevida.com.ar\/portalurbano\/\",\"name\":\"\",\"description\":\"\",\"publisher\":{\"@id\":\"https:\/\/experienciadevida.com.ar\/portalurbano\/#organization\"},\"potentialAction\":[{\"@type\":\"SearchAction\",\"target\":{\"@type\":\"EntryPoint\",\"urlTemplate\":\"https:\/\/experienciadevida.com.ar\/portalurbano\/?s={search_term_string}\"},\"query-input\":\"required name=search_term_string\"}],\"inLanguage\":\"es\"},{\"@type\":\"Organization\",\"@id\":\"https:\/\/experienciadevida.com.ar\/portalurbano\/#organization\",\"name\":\"Portal Urbano\",\"url\":\"https:\/\/experienciadevida.com.ar\/portalurbano\/\",\"logo\":{\"@type\":\"ImageObject\",\"inLanguage\":\"es\",\"@id\":\"https:\/\/experienciadevida.com.ar\/portalurbano\/#\/schema\/logo\/image\/\",\"url\":\"https:\/\/experienciadevida.com.ar\/portalurbano\/wp-content\/uploads\/2019\/09\/Logo-Original.png\",\"contentUrl\":\"https:\/\/experienciadevida.com.ar\/portalurbano\/wp-content\/uploads\/2019\/09\/Logo-Original.png\",\"width\":2236,\"height\":1216,\"caption\":\"Portal Urbano\"},\"image\":{\"@id\":\"https:\/\/experienciadevida.com.ar\/portalurbano\/#\/schema\/logo\/image\/\"},\"sameAs\":[\"https:\/\/www.facebook.com\/Portal-Urbano-171542830093757\/\",\"https:\/\/twitter.com\/portalurbanook\",\"https:\/\/www.instagram.com\/_portalurbano\/\",\"https:\/\/www.youtube.com\/channel\/UCXhagIfszH8KxFiOok79zbA?view_as=subscriber\"]},{\"@type\":\"Person\",\"@id\":\"https:\/\/experienciadevida.com.ar\/portalurbano\/#\/schema\/person\/02dd326b1c4b056e9cc972486934a3a7\",\"name\":\"admpu17wp\",\"image\":{\"@type\":\"ImageObject\",\"inLanguage\":\"es\",\"@id\":\"https:\/\/experienciadevida.com.ar\/portalurbano\/#\/schema\/person\/image\/\",\"url\":\"https:\/\/secure.gravatar.com\/avatar\/830d4c57adaae6630765e449a6908047?s=96&d=mm&r=g\",\"contentUrl\":\"https:\/\/secure.gravatar.com\/avatar\/830d4c57adaae6630765e449a6908047?s=96&d=mm&r=g\",\"caption\":\"admpu17wp\"}}]}<\/script>\n<!-- \/ Yoast SEO plugin. -->","yoast_head_json":{"title":"CNRT Olavarr\u00eda se suma al inicio del operativo de invierno en todo el pa\u00eds","description":"CNRT Olavarr\u00eda se suma al inicio del Operativo de Invierno en todo el pa\u00eds, consistir\u00e1 en la fiscalizaci\u00f3n al transporte de pasajeros y cargas","robots":{"index":"index","follow":"follow","max-snippet":"max-snippet:-1","max-image-preview":"max-image-preview:large","max-video-preview":"max-video-preview:-1"},"canonical":"https:\/\/experienciadevida.com.ar\/portalurbano\/cnrt-olavarria-se-suma-al-inicio-del-operativo-de-invierno-en-todo-el-pais\/","og_locale":"es_ES","og_type":"article","og_title":"CNRT Olavarr\u00eda se suma al inicio del operativo de invierno en todo el pa\u00eds","og_description":"CNRT Olavarr\u00eda se suma al inicio del Operativo de Invierno en todo el pa\u00eds, consistir\u00e1 en la fiscalizaci\u00f3n al transporte de pasajeros y cargas","og_url":"https:\/\/experienciadevida.com.ar\/portalurbano\/cnrt-olavarria-se-suma-al-inicio-del-operativo-de-invierno-en-todo-el-pais\/","article_publisher":"https:\/\/www.facebook.com\/Portal-Urbano-171542830093757\/","article_published_time":"2022-07-02T14:47:48+00:00","article_modified_time":"2022-07-02T14:50:11+00:00","og_image":[{"width":800,"height":500,"url":"https:\/\/experienciadevida.com.ar\/portalurbano\/wp-content\/uploads\/2022\/07\/CNRT-Olavarria-se-suma.jpeg","type":"image\/jpeg"}],"author":"admpu17wp","twitter_card":"summary_large_image","twitter_creator":"@portalurbanook","twitter_site":"@portalurbanook","twitter_misc":{"Escrito por":"admpu17wp","Tiempo de lectura":"2 minutos"},"schema":{"@context":"https:\/\/schema.org","@graph":[{"@type":"Article","@id":"https:\/\/experienciadevida.com.ar\/portalurbano\/cnrt-olavarria-se-suma-al-inicio-del-operativo-de-invierno-en-todo-el-pais\/#article","isPartOf":{"@id":"https:\/\/experienciadevida.com.ar\/portalurbano\/cnrt-olavarria-se-suma-al-inicio-del-operativo-de-invierno-en-todo-el-pais\/"},"author":{"name":"admpu17wp","@id":"https:\/\/experienciadevida.com.ar\/portalurbano\/#\/schema\/person\/02dd326b1c4b056e9cc972486934a3a7"},"headline":"CNRT Olavarr\u00eda se suma al inicio del Operativo de Invierno en todo el pa\u00eds","datePublished":"2022-07-02T14:47:48+00:00","dateModified":"2022-07-02T14:50:11+00:00","mainEntityOfPage":{"@id":"https:\/\/experienciadevida.com.ar\/portalurbano\/cnrt-olavarria-se-suma-al-inicio-del-operativo-de-invierno-en-todo-el-pais\/"},"wordCount":293,"publisher":{"@id":"https:\/\/experienciadevida.com.ar\/portalurbano\/#organization"},"articleSection":["Ciudad","Destacadas 2"],"inLanguage":"es"},{"@type":"WebPage","@id":"https:\/\/experienciadevida.com.ar\/portalurbano\/cnrt-olavarria-se-suma-al-inicio-del-operativo-de-invierno-en-todo-el-pais\/","url":"https:\/\/experienciadevida.com.ar\/portalurbano\/cnrt-olavarria-se-suma-al-inicio-del-operativo-de-invierno-en-todo-el-pais\/","name":"CNRT Olavarr\u00eda se suma al inicio del operativo de invierno en todo el pa\u00eds","isPartOf":{"@id":"https:\/\/experienciadevida.com.ar\/portalurbano\/#website"},"datePublished":"2022-07-02T14:47:48+00:00","dateModified":"2022-07-02T14:50:11+00:00","description":"CNRT Olavarr\u00eda se suma al inicio del Operativo de Invierno en todo el pa\u00eds, consistir\u00e1 en la fiscalizaci\u00f3n al transporte de pasajeros y cargas","breadcrumb":{"@id":"https:\/\/experienciadevida.com.ar\/portalurbano\/cnrt-olavarria-se-suma-al-inicio-del-operativo-de-invierno-en-todo-el-pais\/#breadcrumb"},"inLanguage":"es","potentialAction":[{"@type":"ReadAction","target":["https:\/\/experienciadevida.com.ar\/portalurbano\/cnrt-olavarria-se-suma-al-inicio-del-operativo-de-invierno-en-todo-el-pais\/"]}]},{"@type":"BreadcrumbList","@id":"https:\/\/experienciadevida.com.ar\/portalurbano\/cnrt-olavarria-se-suma-al-inicio-del-operativo-de-invierno-en-todo-el-pais\/#breadcrumb","itemListElement":[{"@type":"ListItem","position":1,"name":"Portada","item":"https:\/\/experienciadevida.com.ar\/portalurbano\/"},{"@type":"ListItem","position":2,"name":"CNRT Olavarr\u00eda se suma al inicio del Operativo de Invierno en todo el pa\u00eds"}]},{"@type":"WebSite","@id":"https:\/\/experienciadevida.com.ar\/portalurbano\/#website","url":"https:\/\/experienciadevida.com.ar\/portalurbano\/","name":"","description":"","publisher":{"@id":"https:\/\/experienciadevida.com.ar\/portalurbano\/#organization"},"potentialAction":[{"@type":"SearchAction","target":{"@type":"EntryPoint","urlTemplate":"https:\/\/experienciadevida.com.ar\/portalurbano\/?s={search_term_string}"},"query-input":"required name=search_term_string"}],"inLanguage":"es"},{"@type":"Organization","@id":"https:\/\/experienciadevida.com.ar\/portalurbano\/#organization","name":"Portal Urbano","url":"https:\/\/experienciadevida.com.ar\/portalurbano\/","logo":{"@type":"ImageObject","inLanguage":"es","@id":"https:\/\/experienciadevida.com.ar\/portalurbano\/#\/schema\/logo\/image\/","url":"https:\/\/experienciadevida.com.ar\/portalurbano\/wp-content\/uploads\/2019\/09\/Logo-Original.png","contentUrl":"https:\/\/experienciadevida.com.ar\/portalurbano\/wp-content\/uploads\/2019\/09\/Logo-Original.png","width":2236,"height":1216,"caption":"Portal Urbano"},"image":{"@id":"https:\/\/experienciadevida.com.ar\/portalurbano\/#\/schema\/logo\/image\/"},"sameAs":["https:\/\/www.facebook.com\/Portal-Urbano-171542830093757\/","https:\/\/twitter.com\/portalurbanook","https:\/\/www.instagram.com\/_portalurbano\/","https:\/\/www.youtube.com\/channel\/UCXhagIfszH8KxFiOok79zbA?view_as=subscriber"]},{"@type":"Person","@id":"https:\/\/experienciadevida.com.ar\/portalurbano\/#\/schema\/person\/02dd326b1c4b056e9cc972486934a3a7","name":"admpu17wp","image":{"@type":"ImageObject","inLanguage":"es","@id":"https:\/\/experienciadevida.com.ar\/portalurbano\/#\/schema\/person\/image\/","url":"https:\/\/secure.gravatar.com\/avatar\/830d4c57adaae6630765e449a6908047?s=96&d=mm&r=g","contentUrl":"https:\/\/secure.gravatar.com\/avatar\/830d4c57adaae6630765e449a6908047?s=96&d=mm&r=g","caption":"admpu17wp"}}]}},"featured_image_urls":{"full":["https:\/\/experienciadevida.com.ar\/portalurbano\/wp-content\/uploads\/2022\/07\/CNRT-Olavarria-se-suma.jpeg",800,500,false],"thumbnail":["https:\/\/experienciadevida.com.ar\/portalurbano\/wp-content\/uploads\/2022\/07\/CNRT-Olavarria-se-suma-150x150.jpeg",150,150,true],"medium":["https:\/\/experienciadevida.com.ar\/portalurbano\/wp-content\/uploads\/2022\/07\/CNRT-Olavarria-se-suma-300x188.jpeg",300,188,true],"medium_large":["https:\/\/experienciadevida.com.ar\/portalurbano\/wp-content\/uploads\/2022\/07\/CNRT-Olavarria-se-suma-768x480.jpeg",640,400,true],"large":["https:\/\/experienciadevida.com.ar\/portalurbano\/wp-content\/uploads\/2022\/07\/CNRT-Olavarria-se-suma.jpeg",640,400,false],"ug_big":["https:\/\/experienciadevida.com.ar\/portalurbano\/wp-content\/uploads\/2022\/07\/CNRT-Olavarria-se-suma-768x480.jpeg",768,480,true],"1536x1536":["https:\/\/experienciadevida.com.ar\/portalurbano\/wp-content\/uploads\/2022\/07\/CNRT-Olavarria-se-suma.jpeg",800,500,false],"2048x2048":["https:\/\/experienciadevida.com.ar\/portalurbano\/wp-content\/uploads\/2022\/07\/CNRT-Olavarria-se-suma.jpeg",800,500,false],"newsever-slider-full":["https:\/\/experienciadevida.com.ar\/portalurbano\/wp-content\/uploads\/2022\/07\/CNRT-Olavarria-se-suma.jpeg",800,500,false],"newsever-featured":["https:\/\/experienciadevida.com.ar\/portalurbano\/wp-content\/uploads\/2022\/07\/CNRT-Olavarria-se-suma.jpeg",800,500,false],"newsever-medium":["https:\/\/experienciadevida.com.ar\/portalurbano\/wp-content\/uploads\/2022\/07\/CNRT-Olavarria-se-suma.jpeg",720,450,false],"web-stories-poster-portrait":["https:\/\/experienciadevida.com.ar\/portalurbano\/wp-content\/uploads\/2022\/07\/CNRT-Olavarria-se-suma.jpeg",640,400,false],"web-stories-publisher-logo":["https:\/\/experienciadevida.com.ar\/portalurbano\/wp-content\/uploads\/2022\/07\/CNRT-Olavarria-se-suma.jpeg",96,60,false],"web-stories-thumbnail":["https:\/\/experienciadevida.com.ar\/portalurbano\/wp-content\/uploads\/2022\/07\/CNRT-Olavarria-se-suma.jpeg",150,94,false]},"author_info":{"display_name":"admpu17wp","author_link":"https:\/\/experienciadevida.com.ar\/portalurbano\/author\/admpu17wp\/"},"category_info":"<a href=\"https:\/\/experienciadevida.com.ar\/portalurbano\/category\/ciudad\/\" rel=\"category tag\">Ciudad<\/a> <a href=\"https:\/\/experienciadevida.com.ar\/portalurbano\/category\/destacadas-2\/\" rel=\"category tag\">Destacadas 2<\/a>","tag_info":"Destacadas 2","comment_count":"0","amp_enabled":true,"_links":{"self":[{"href":"https:\/\/experienciadevida.com.ar\/portalurbano\/wp-json\/wp\/v2\/posts\/170596"}],"collection":[{"href":"https:\/\/experienciadevida.com.ar\/portalurbano\/wp-json\/wp\/v2\/posts"}],"about":[{"href":"https:\/\/experienciadevida.com.ar\/portalurbano\/wp-json\/wp\/v2\/types\/post"}],"author":[{"embeddable":true,"href":"https:\/\/experienciadevida.com.ar\/portalurbano\/wp-json\/wp\/v2\/users\/1"}],"replies":[{"embeddable":true,"href":"https:\/\/experienciadevida.com.ar\/portalurbano\/wp-json\/wp\/v2\/comments?post=170596"}],"version-history":[{"count":2,"href":"https:\/\/experienciadevida.com.ar\/portalurbano\/wp-json\/wp\/v2\/posts\/170596\/revisions"}],"predecessor-version":[{"id":170599,"href":"https:\/\/experienciadevida.com.ar\/portalurbano\/wp-json\/wp\/v2\/posts\/170596\/revisions\/170599"}],"wp:featuredmedia":[{"embeddable":true,"href":"https:\/\/experienciadevida.com.ar\/portalurbano\/wp-json\/wp\/v2\/media\/170597"}],"wp:attachment":[{"href":"https:\/\/experienciadevida.com.ar\/portalurbano\/wp-json\/wp\/v2\/media?parent=170596"}],"wp:term":[{"taxonomy":"category","embeddable":true,"href":"https:\/\/experienciadevida.com.ar\/portalurbano\/wp-json\/wp\/v2\/categories?post=170596"},{"taxonomy":"post_tag","embeddable":true,"href":"https:\/\/experienciadevida.com.ar\/portalurbano\/wp-json\/wp\/v2\/tags?post=170596"}],"curies":[{"name":"wp","href":"https:\/\/api.w.org\/{rel}","templated":true}]}}