{"id":170591,"date":"2022-07-02T11:37:31","date_gmt":"2022-07-02T14:37:31","guid":{"rendered":"https:\/\/experienciadevida.com.ar\/portalurbano\/?p=170591"},"modified":"2022-07-02T11:38:07","modified_gmt":"2022-07-02T14:38:07","slug":"la-importancia-de-trabajar-sobre-esi-en-espacios-municipales","status":"publish","type":"post","link":"https:\/\/experienciadevida.com.ar\/portalurbano\/la-importancia-de-trabajar-sobre-esi-en-espacios-municipales\/","title":{"rendered":"La importancia de trabajar sobre ESI en espacios municipales"},"content":{"rendered":"<p>La importancia de trabajar sobre ESI en espacios <a href=\"https:\/\/www.facebook.com\/municipiodeolavarria\">municipales<\/a>, en el centro de d\u00eda N\u00ba 4, durante el mes de junio, se trabaj\u00f3 en el marco de un proyecto institucional sobre Educaci\u00f3n Sexual Integral, con ni\u00f1os, ni\u00f1as y adolescentes, que concurren al espacio.<\/p>\n<p>La propuesta incluy\u00f3 a distintos grupos de edad desde los 3 a los 14 a\u00f1os de edad y cont\u00f3 con la participaci\u00f3n de profesores de educaci\u00f3n f\u00edsica, psic\u00f3loga y trabajadora social.<\/p>\n<p>Las actividades estuvieron divididas en turno ma\u00f1ana con tres grupos: jard\u00edn, de 6 a 9 a\u00f1os, y de 9 a\u00f1os en adelante. Con los m\u00e1s peque\u00f1os se trabaj\u00f3 con todo lo relacionado con la exploraci\u00f3n motora a trav\u00e9s de elementos. Mientras que para el grupo de 6 a 9 a\u00f1os se proyect\u00f3 un video explicativo acorde a la edad, y luego se realiz\u00f3 una producci\u00f3n donde ellos deb\u00edan dibujar su propio cuerpo, a partir de la percepci\u00f3n propia. Por \u00faltimo, con el grupo de 9 a\u00f1os de edad en adelante se propuso una actividad donde ni\u00f1os y ni\u00f1as deb\u00edan especificar aquellas frases referidas al aspecto f\u00edsico, tanto positivas como negativas.<\/p>\n<p>Mientras que con el turno tarde, con los m\u00e1s peque\u00f1os se reconocieron las diferentes partes del cuerpo, que fueron pegando en dos torsos dibujados por la docente en el pizarr\u00f3n. Por \u00faltimo, con el grupo de los m\u00e1s grandes de la tarde se realiz\u00f3 un taller donde relacionaban actividades cotidianas con el g\u00e9nero y al finalizar el profesor brind\u00f3 una charla sobre los supuestos, roles y preconceptos. Al final, los ni\u00f1os participaron de un taller con las familias donde se debati\u00f3 la importancia de trabajar la Educaci\u00f3n Sexual Integral desde el hogar.<\/p>\n<p>En el marco del proyecto sobre ESI, en el Centro de D\u00eda N\u00ba 4 se abordaron distintos aspectos en relaci\u00f3n a construcciones sociales y cuidado y respeto del cuerpo propio y de los dem\u00e1s.<\/p>\n<p>En el marco de los talleres se trabaj\u00f3 con los profesores Emilio Ciochi y Nicol\u00e1s Vedelini, especialmente con los m\u00e1s peque\u00f1os, que ten\u00edan que dibujar y reconocer las diferentes parte del cuerpo.<\/p>\n<p>A modo de cierre se realiz\u00f3 una jornada con las familias, donde se convers\u00f3 acerca de la ESI, la importancia de trabajar la tem\u00e1tica en casa, en el marco de un encuentro a cargo del profesor Mariano Arrondo, la psic\u00f3loga Melisa Barrionuevo y la trabajadora social Andrea Catanzaro.<\/p>\n<p><a href=\"https:\/\/experienciadevida.com.ar\/portalurbano\/la-importancia-de-trabajar-sobre-esi-en-espacios-municipales\/la-importancia\/\" rel=\"attachment wp-att-170593\"><img decoding=\"async\" class=\"alignnone size-large wp-image-170593\" src=\"https:\/\/experienciadevida.com.ar\/portalurbano\/wp-content\/uploads\/2022\/07\/La-importancia-1024x682.jpg\" alt=\"La importancia \" width=\"900\" height=\"599\" srcset=\"https:\/\/experienciadevida.com.ar\/portalurbano\/wp-content\/uploads\/2022\/07\/La-importancia-1024x682.jpg 1024w, https:\/\/experienciadevida.com.ar\/portalurbano\/wp-content\/uploads\/2022\/07\/La-importancia-300x200.jpg 300w, https:\/\/experienciadevida.com.ar\/portalurbano\/wp-content\/uploads\/2022\/07\/La-importancia-768x512.jpg 768w, https:\/\/experienciadevida.com.ar\/portalurbano\/wp-content\/uploads\/2022\/07\/La-importancia-1536x1024.jpg 1536w, https:\/\/experienciadevida.com.ar\/portalurbano\/wp-content\/uploads\/2022\/07\/La-importancia.jpg 1772w\" sizes=\"(max-width: 900px) 100vw, 900px\" \/><\/a><\/p>\n","protected":false},"excerpt":{"rendered":"<p>La importancia de trabajar sobre ESI en espacios municipales, en el centro de d\u00eda N\u00ba&#8230;<\/p>\n","protected":false},"author":1,"featured_media":170592,"comment_status":"closed","ping_status":"closed","sticky":false,"template":"","format":"standard","meta":{"content-type":""},"categories":[27],"tags":[],"nelio_content":{"isAutoShareEnabled":false,"autoShareEndMode":"default","automationSources":{"useContentSentences":true,"useSocialTemplates":true,"useCustomSentences":false,"customSentences":[]},"followers":[1],"suggestedReferences":[],"includedReferences":[],"efiUrl":"","efiAlt":"","highlights":[]},"yoast_head":"<!-- This site is optimized with the Yoast SEO plugin v20.7 - https:\/\/yoast.com\/wordpress\/plugins\/seo\/ -->\n<title>La importancia de trabajar sobre ESI en espacios Municipales<\/title>\n<meta name=\"description\" content=\"La importancia de trabajar sobre ESI en espacios municipales, en el centro de d\u00eda N\u00ba 4, durante el mes de junio, se trabaj\u00f3 en un proyecto\" \/>\n<meta name=\"robots\" content=\"index, follow, max-snippet:-1, max-image-preview:large, max-video-preview:-1\" \/>\n<link rel=\"canonical\" href=\"https:\/\/experienciadevida.com.ar\/portalurbano\/la-importancia-de-trabajar-sobre-esi-en-espacios-municipales\/\" \/>\n<meta property=\"og:locale\" content=\"es_ES\" \/>\n<meta property=\"og:type\" content=\"article\" \/>\n<meta property=\"og:title\" content=\"La importancia de trabajar sobre ESI en espacios Municipales\" \/>\n<meta property=\"og:description\" content=\"La importancia de trabajar sobre ESI en espacios municipales, en el centro de d\u00eda N\u00ba 4, durante el mes de junio, se trabaj\u00f3 en un proyecto\" \/>\n<meta property=\"og:url\" content=\"https:\/\/experienciadevida.com.ar\/portalurbano\/la-importancia-de-trabajar-sobre-esi-en-espacios-municipales\/\" \/>\n<meta property=\"article:publisher\" content=\"https:\/\/www.facebook.com\/Portal-Urbano-171542830093757\/\" \/>\n<meta property=\"article:published_time\" content=\"2022-07-02T14:37:31+00:00\" \/>\n<meta property=\"article:modified_time\" content=\"2022-07-02T14:38:07+00:00\" \/>\n<meta property=\"og:image\" content=\"https:\/\/experienciadevida.com.ar\/portalurbano\/wp-content\/uploads\/2022\/07\/La-importancia-de-trabajar.jpg\" \/>\n\t<meta property=\"og:image:width\" content=\"1772\" \/>\n\t<meta property=\"og:image:height\" content=\"1181\" \/>\n\t<meta property=\"og:image:type\" content=\"image\/jpeg\" \/>\n<meta name=\"author\" content=\"admpu17wp\" \/>\n<meta name=\"twitter:card\" content=\"summary_large_image\" \/>\n<meta name=\"twitter:creator\" content=\"@portalurbanook\" \/>\n<meta name=\"twitter:site\" content=\"@portalurbanook\" \/>\n<meta name=\"twitter:label1\" content=\"Escrito por\" \/>\n\t<meta name=\"twitter:data1\" content=\"admpu17wp\" \/>\n\t<meta name=\"twitter:label2\" content=\"Tiempo de lectura\" \/>\n\t<meta name=\"twitter:data2\" content=\"2 minutos\" \/>\n<script type=\"application\/ld+json\" class=\"yoast-schema-graph\">{\"@context\":\"https:\/\/schema.org\",\"@graph\":[{\"@type\":\"Article\",\"@id\":\"https:\/\/experienciadevida.com.ar\/portalurbano\/la-importancia-de-trabajar-sobre-esi-en-espacios-municipales\/#article\",\"isPartOf\":{\"@id\":\"https:\/\/experienciadevida.com.ar\/portalurbano\/la-importancia-de-trabajar-sobre-esi-en-espacios-municipales\/\"},\"author\":{\"name\":\"admpu17wp\",\"@id\":\"https:\/\/experienciadevida.com.ar\/portalurbano\/#\/schema\/person\/02dd326b1c4b056e9cc972486934a3a7\"},\"headline\":\"La importancia de trabajar sobre ESI en espacios municipales\",\"datePublished\":\"2022-07-02T14:37:31+00:00\",\"dateModified\":\"2022-07-02T14:38:07+00:00\",\"mainEntityOfPage\":{\"@id\":\"https:\/\/experienciadevida.com.ar\/portalurbano\/la-importancia-de-trabajar-sobre-esi-en-espacios-municipales\/\"},\"wordCount\":431,\"publisher\":{\"@id\":\"https:\/\/experienciadevida.com.ar\/portalurbano\/#organization\"},\"articleSection\":[\"Ciudad\"],\"inLanguage\":\"es\"},{\"@type\":\"WebPage\",\"@id\":\"https:\/\/experienciadevida.com.ar\/portalurbano\/la-importancia-de-trabajar-sobre-esi-en-espacios-municipales\/\",\"url\":\"https:\/\/experienciadevida.com.ar\/portalurbano\/la-importancia-de-trabajar-sobre-esi-en-espacios-municipales\/\",\"name\":\"La importancia de trabajar sobre ESI en espacios Municipales\",\"isPartOf\":{\"@id\":\"https:\/\/experienciadevida.com.ar\/portalurbano\/#website\"},\"datePublished\":\"2022-07-02T14:37:31+00:00\",\"dateModified\":\"2022-07-02T14:38:07+00:00\",\"description\":\"La importancia de trabajar sobre ESI en espacios municipales, en el centro de d\u00eda N\u00ba 4, durante el mes de junio, se trabaj\u00f3 en un proyecto\",\"breadcrumb\":{\"@id\":\"https:\/\/experienciadevida.com.ar\/portalurbano\/la-importancia-de-trabajar-sobre-esi-en-espacios-municipales\/#breadcrumb\"},\"inLanguage\":\"es\",\"potentialAction\":[{\"@type\":\"ReadAction\",\"target\":[\"https:\/\/experienciadevida.com.ar\/portalurbano\/la-importancia-de-trabajar-sobre-esi-en-espacios-municipales\/\"]}]},{\"@type\":\"BreadcrumbList\",\"@id\":\"https:\/\/experienciadevida.com.ar\/portalurbano\/la-importancia-de-trabajar-sobre-esi-en-espacios-municipales\/#breadcrumb\",\"itemListElement\":[{\"@type\":\"ListItem\",\"position\":1,\"name\":\"Portada\",\"item\":\"https:\/\/experienciadevida.com.ar\/portalurbano\/\"},{\"@type\":\"ListItem\",\"position\":2,\"name\":\"La importancia de trabajar sobre ESI en espacios municipales\"}]},{\"@type\":\"WebSite\",\"@id\":\"https:\/\/experienciadevida.com.ar\/portalurbano\/#website\",\"url\":\"https:\/\/experienciadevida.com.ar\/portalurbano\/\",\"name\":\"\",\"description\":\"\",\"publisher\":{\"@id\":\"https:\/\/experienciadevida.com.ar\/portalurbano\/#organization\"},\"potentialAction\":[{\"@type\":\"SearchAction\",\"target\":{\"@type\":\"EntryPoint\",\"urlTemplate\":\"https:\/\/experienciadevida.com.ar\/portalurbano\/?s={search_term_string}\"},\"query-input\":\"required name=search_term_string\"}],\"inLanguage\":\"es\"},{\"@type\":\"Organization\",\"@id\":\"https:\/\/experienciadevida.com.ar\/portalurbano\/#organization\",\"name\":\"Portal Urbano\",\"url\":\"https:\/\/experienciadevida.com.ar\/portalurbano\/\",\"logo\":{\"@type\":\"ImageObject\",\"inLanguage\":\"es\",\"@id\":\"https:\/\/experienciadevida.com.ar\/portalurbano\/#\/schema\/logo\/image\/\",\"url\":\"https:\/\/experienciadevida.com.ar\/portalurbano\/wp-content\/uploads\/2019\/09\/Logo-Original.png\",\"contentUrl\":\"https:\/\/experienciadevida.com.ar\/portalurbano\/wp-content\/uploads\/2019\/09\/Logo-Original.png\",\"width\":2236,\"height\":1216,\"caption\":\"Portal Urbano\"},\"image\":{\"@id\":\"https:\/\/experienciadevida.com.ar\/portalurbano\/#\/schema\/logo\/image\/\"},\"sameAs\":[\"https:\/\/www.facebook.com\/Portal-Urbano-171542830093757\/\",\"https:\/\/twitter.com\/portalurbanook\",\"https:\/\/www.instagram.com\/_portalurbano\/\",\"https:\/\/www.youtube.com\/channel\/UCXhagIfszH8KxFiOok79zbA?view_as=subscriber\"]},{\"@type\":\"Person\",\"@id\":\"https:\/\/experienciadevida.com.ar\/portalurbano\/#\/schema\/person\/02dd326b1c4b056e9cc972486934a3a7\",\"name\":\"admpu17wp\",\"image\":{\"@type\":\"ImageObject\",\"inLanguage\":\"es\",\"@id\":\"https:\/\/experienciadevida.com.ar\/portalurbano\/#\/schema\/person\/image\/\",\"url\":\"https:\/\/secure.gravatar.com\/avatar\/830d4c57adaae6630765e449a6908047?s=96&d=mm&r=g\",\"contentUrl\":\"https:\/\/secure.gravatar.com\/avatar\/830d4c57adaae6630765e449a6908047?s=96&d=mm&r=g\",\"caption\":\"admpu17wp\"}}]}<\/script>\n<!-- \/ Yoast SEO plugin. -->","yoast_head_json":{"title":"La importancia de trabajar sobre ESI en espacios Municipales","description":"La importancia de trabajar sobre ESI en espacios municipales, en el centro de d\u00eda N\u00ba 4, durante el mes de junio, se trabaj\u00f3 en un proyecto","robots":{"index":"index","follow":"follow","max-snippet":"max-snippet:-1","max-image-preview":"max-image-preview:large","max-video-preview":"max-video-preview:-1"},"canonical":"https:\/\/experienciadevida.com.ar\/portalurbano\/la-importancia-de-trabajar-sobre-esi-en-espacios-municipales\/","og_locale":"es_ES","og_type":"article","og_title":"La importancia de trabajar sobre ESI en espacios Municipales","og_description":"La importancia de trabajar sobre ESI en espacios municipales, en el centro de d\u00eda N\u00ba 4, durante el mes de junio, se trabaj\u00f3 en un proyecto","og_url":"https:\/\/experienciadevida.com.ar\/portalurbano\/la-importancia-de-trabajar-sobre-esi-en-espacios-municipales\/","article_publisher":"https:\/\/www.facebook.com\/Portal-Urbano-171542830093757\/","article_published_time":"2022-07-02T14:37:31+00:00","article_modified_time":"2022-07-02T14:38:07+00:00","og_image":[{"width":1772,"height":1181,"url":"https:\/\/experienciadevida.com.ar\/portalurbano\/wp-content\/uploads\/2022\/07\/La-importancia-de-trabajar.jpg","type":"image\/jpeg"}],"author":"admpu17wp","twitter_card":"summary_large_image","twitter_creator":"@portalurbanook","twitter_site":"@portalurbanook","twitter_misc":{"Escrito por":"admpu17wp","Tiempo de lectura":"2 minutos"},"schema":{"@context":"https:\/\/schema.org","@graph":[{"@type":"Article","@id":"https:\/\/experienciadevida.com.ar\/portalurbano\/la-importancia-de-trabajar-sobre-esi-en-espacios-municipales\/#article","isPartOf":{"@id":"https:\/\/experienciadevida.com.ar\/portalurbano\/la-importancia-de-trabajar-sobre-esi-en-espacios-municipales\/"},"author":{"name":"admpu17wp","@id":"https:\/\/experienciadevida.com.ar\/portalurbano\/#\/schema\/person\/02dd326b1c4b056e9cc972486934a3a7"},"headline":"La importancia de trabajar sobre ESI en espacios municipales","datePublished":"2022-07-02T14:37:31+00:00","dateModified":"2022-07-02T14:38:07+00:00","mainEntityOfPage":{"@id":"https:\/\/experienciadevida.com.ar\/portalurbano\/la-importancia-de-trabajar-sobre-esi-en-espacios-municipales\/"},"wordCount":431,"publisher":{"@id":"https:\/\/experienciadevida.com.ar\/portalurbano\/#organization"},"articleSection":["Ciudad"],"inLanguage":"es"},{"@type":"WebPage","@id":"https:\/\/experienciadevida.com.ar\/portalurbano\/la-importancia-de-trabajar-sobre-esi-en-espacios-municipales\/","url":"https:\/\/experienciadevida.com.ar\/portalurbano\/la-importancia-de-trabajar-sobre-esi-en-espacios-municipales\/","name":"La importancia de trabajar sobre ESI en espacios Municipales","isPartOf":{"@id":"https:\/\/experienciadevida.com.ar\/portalurbano\/#website"},"datePublished":"2022-07-02T14:37:31+00:00","dateModified":"2022-07-02T14:38:07+00:00","description":"La importancia de trabajar sobre ESI en espacios municipales, en el centro de d\u00eda N\u00ba 4, durante el mes de junio, se trabaj\u00f3 en un proyecto","breadcrumb":{"@id":"https:\/\/experienciadevida.com.ar\/portalurbano\/la-importancia-de-trabajar-sobre-esi-en-espacios-municipales\/#breadcrumb"},"inLanguage":"es","potentialAction":[{"@type":"ReadAction","target":["https:\/\/experienciadevida.com.ar\/portalurbano\/la-importancia-de-trabajar-sobre-esi-en-espacios-municipales\/"]}]},{"@type":"BreadcrumbList","@id":"https:\/\/experienciadevida.com.ar\/portalurbano\/la-importancia-de-trabajar-sobre-esi-en-espacios-municipales\/#breadcrumb","itemListElement":[{"@type":"ListItem","position":1,"name":"Portada","item":"https:\/\/experienciadevida.com.ar\/portalurbano\/"},{"@type":"ListItem","position":2,"name":"La importancia de trabajar sobre ESI en espacios municipales"}]},{"@type":"WebSite","@id":"https:\/\/experienciadevida.com.ar\/portalurbano\/#website","url":"https:\/\/experienciadevida.com.ar\/portalurbano\/","name":"","description":"","publisher":{"@id":"https:\/\/experienciadevida.com.ar\/portalurbano\/#organization"},"potentialAction":[{"@type":"SearchAction","target":{"@type":"EntryPoint","urlTemplate":"https:\/\/experienciadevida.com.ar\/portalurbano\/?s={search_term_string}"},"query-input":"required name=search_term_string"}],"inLanguage":"es"},{"@type":"Organization","@id":"https:\/\/experienciadevida.com.ar\/portalurbano\/#organization","name":"Portal Urbano","url":"https:\/\/experienciadevida.com.ar\/portalurbano\/","logo":{"@type":"ImageObject","inLanguage":"es","@id":"https:\/\/experienciadevida.com.ar\/portalurbano\/#\/schema\/logo\/image\/","url":"https:\/\/experienciadevida.com.ar\/portalurbano\/wp-content\/uploads\/2019\/09\/Logo-Original.png","contentUrl":"https:\/\/experienciadevida.com.ar\/portalurbano\/wp-content\/uploads\/2019\/09\/Logo-Original.png","width":2236,"height":1216,"caption":"Portal Urbano"},"image":{"@id":"https:\/\/experienciadevida.com.ar\/portalurbano\/#\/schema\/logo\/image\/"},"sameAs":["https:\/\/www.facebook.com\/Portal-Urbano-171542830093757\/","https:\/\/twitter.com\/portalurbanook","https:\/\/www.instagram.com\/_portalurbano\/","https:\/\/www.youtube.com\/channel\/UCXhagIfszH8KxFiOok79zbA?view_as=subscriber"]},{"@type":"Person","@id":"https:\/\/experienciadevida.com.ar\/portalurbano\/#\/schema\/person\/02dd326b1c4b056e9cc972486934a3a7","name":"admpu17wp","image":{"@type":"ImageObject","inLanguage":"es","@id":"https:\/\/experienciadevida.com.ar\/portalurbano\/#\/schema\/person\/image\/","url":"https:\/\/secure.gravatar.com\/avatar\/830d4c57adaae6630765e449a6908047?s=96&d=mm&r=g","contentUrl":"https:\/\/secure.gravatar.com\/avatar\/830d4c57adaae6630765e449a6908047?s=96&d=mm&r=g","caption":"admpu17wp"}}]}},"featured_image_urls":{"full":["https:\/\/experienciadevida.com.ar\/portalurbano\/wp-content\/uploads\/2022\/07\/La-importancia-de-trabajar.jpg",1772,1181,false],"thumbnail":["https:\/\/experienciadevida.com.ar\/portalurbano\/wp-content\/uploads\/2022\/07\/La-importancia-de-trabajar-150x150.jpg",150,150,true],"medium":["https:\/\/experienciadevida.com.ar\/portalurbano\/wp-content\/uploads\/2022\/07\/La-importancia-de-trabajar-300x200.jpg",300,200,true],"medium_large":["https:\/\/experienciadevida.com.ar\/portalurbano\/wp-content\/uploads\/2022\/07\/La-importancia-de-trabajar-768x512.jpg",640,427,true],"large":["https:\/\/experienciadevida.com.ar\/portalurbano\/wp-content\/uploads\/2022\/07\/La-importancia-de-trabajar-1024x682.jpg",640,426,true],"ug_big":["https:\/\/experienciadevida.com.ar\/portalurbano\/wp-content\/uploads\/2022\/07\/La-importancia-de-trabajar-768x512.jpg",768,512,true],"1536x1536":["https:\/\/experienciadevida.com.ar\/portalurbano\/wp-content\/uploads\/2022\/07\/La-importancia-de-trabajar-1536x1024.jpg",1536,1024,true],"2048x2048":["https:\/\/experienciadevida.com.ar\/portalurbano\/wp-content\/uploads\/2022\/07\/La-importancia-de-trabajar.jpg",1772,1181,false],"newsever-slider-full":["https:\/\/experienciadevida.com.ar\/portalurbano\/wp-content\/uploads\/2022\/07\/La-importancia-de-trabajar.jpg",1268,845,false],"newsever-featured":["https:\/\/experienciadevida.com.ar\/portalurbano\/wp-content\/uploads\/2022\/07\/La-importancia-de-trabajar.jpg",1024,682,false],"newsever-medium":["https:\/\/experienciadevida.com.ar\/portalurbano\/wp-content\/uploads\/2022\/07\/La-importancia-de-trabajar.jpg",713,475,false],"web-stories-poster-portrait":["https:\/\/experienciadevida.com.ar\/portalurbano\/wp-content\/uploads\/2022\/07\/La-importancia-de-trabajar.jpg",640,427,false],"web-stories-publisher-logo":["https:\/\/experienciadevida.com.ar\/portalurbano\/wp-content\/uploads\/2022\/07\/La-importancia-de-trabajar.jpg",96,64,false],"web-stories-thumbnail":["https:\/\/experienciadevida.com.ar\/portalurbano\/wp-content\/uploads\/2022\/07\/La-importancia-de-trabajar.jpg",150,100,false]},"author_info":{"display_name":"admpu17wp","author_link":"https:\/\/experienciadevida.com.ar\/portalurbano\/author\/admpu17wp\/"},"category_info":"<a href=\"https:\/\/experienciadevida.com.ar\/portalurbano\/category\/ciudad\/\" rel=\"category tag\">Ciudad<\/a>","tag_info":"Ciudad","comment_count":"0","amp_enabled":true,"_links":{"self":[{"href":"https:\/\/experienciadevida.com.ar\/portalurbano\/wp-json\/wp\/v2\/posts\/170591"}],"collection":[{"href":"https:\/\/experienciadevida.com.ar\/portalurbano\/wp-json\/wp\/v2\/posts"}],"about":[{"href":"https:\/\/experienciadevida.com.ar\/portalurbano\/wp-json\/wp\/v2\/types\/post"}],"author":[{"embeddable":true,"href":"https:\/\/experienciadevida.com.ar\/portalurbano\/wp-json\/wp\/v2\/users\/1"}],"replies":[{"embeddable":true,"href":"https:\/\/experienciadevida.com.ar\/portalurbano\/wp-json\/wp\/v2\/comments?post=170591"}],"version-history":[{"count":2,"href":"https:\/\/experienciadevida.com.ar\/portalurbano\/wp-json\/wp\/v2\/posts\/170591\/revisions"}],"predecessor-version":[{"id":170595,"href":"https:\/\/experienciadevida.com.ar\/portalurbano\/wp-json\/wp\/v2\/posts\/170591\/revisions\/170595"}],"wp:featuredmedia":[{"embeddable":true,"href":"https:\/\/experienciadevida.com.ar\/portalurbano\/wp-json\/wp\/v2\/media\/170592"}],"wp:attachment":[{"href":"https:\/\/experienciadevida.com.ar\/portalurbano\/wp-json\/wp\/v2\/media?parent=170591"}],"wp:term":[{"taxonomy":"category","embeddable":true,"href":"https:\/\/experienciadevida.com.ar\/portalurbano\/wp-json\/wp\/v2\/categories?post=170591"},{"taxonomy":"post_tag","embeddable":true,"href":"https:\/\/experienciadevida.com.ar\/portalurbano\/wp-json\/wp\/v2\/tags?post=170591"}],"curies":[{"name":"wp","href":"https:\/\/api.w.org\/{rel}","templated":true}]}}