{"id":170582,"date":"2022-07-02T11:22:28","date_gmt":"2022-07-02T14:22:28","guid":{"rendered":"https:\/\/experienciadevida.com.ar\/portalurbano\/?p=170582"},"modified":"2022-07-02T11:23:45","modified_gmt":"2022-07-02T14:23:45","slug":"coopelectric-se-reunio-con-las-sociedades-de-fomento-10-de-junio-y-villa-magdalena","status":"publish","type":"post","link":"https:\/\/experienciadevida.com.ar\/portalurbano\/coopelectric-se-reunio-con-las-sociedades-de-fomento-10-de-junio-y-villa-magdalena\/","title":{"rendered":"Coopelectric se reuni\u00f3 con las sociedades de fomento 10 de junio y Villa Magdalena"},"content":{"rendered":"<p>Coopelectric se reuni\u00f3 con las sociedades de fomento 10 de junio y Villa Magdalena, en el marco del programa \u201cDi\u00e1logos Comunitarios\u201d los integrantes del Consejo de Administraci\u00f3n de Coopelectric mantuvieron reuniones con los representantes de las Comisiones Directivas de las Sociedades de Fomento \u201c10 de Junio\u201d y \u201cVilla Magdalena\u201d.<\/p>\n<p>Cada encuentro constituy\u00f3 un espacio de fortalecimiento institucional en donde se abordaron aspectos del Servicio El\u00e9ctrico y Sanitario, se brindaron respuestas ante consultas e inquietudes y al mismo tiempo, desde las entidades compartieron el trabajo que llevan adelante y los proyectos futuros.<\/p>\n<p>Estuvieron presentes el titular del Consejo de Administraci\u00f3n Cruz Arouxet, el secretario Alberto Miotti, el tesorero Carlos D\u00edaz, el prosecretario Oscar Angeletti, el protesorero Jorge Rodr\u00edguez Setzes, el vocal Jos\u00e9 Mor\u00e1n, el vicepresidente del cuerpo de Delegados Jos\u00e9 Luis Veyrand, el gerente de Coordinaci\u00f3n Ejecutiva Oscar L\u00f3pez, la presidenta de la Sociedad de Fomento \u201c10 de Junio\u201d Isabel R\u00edos, y los vecinos Juan Carlos Brisa y Luc\u00eda Fuentes.<\/p>\n<p>La fomentista, destac\u00f3 el mantenimiento del Alumbrado P\u00fablico y realiz\u00f3 consultas sobre la tecnolog\u00eda LED, en tal sentido desde Coopelectric se inform\u00f3 sobre la conformaci\u00f3n del parque lum\u00ednico y el trabajo de operaci\u00f3n<br \/>\ny mantenimiento que se lleva a cabo habitualmente. Otro de los temas salientes consisti\u00f3 en las posibilidades que ofrece la Cooperativa para regularizar situaciones de deuda.<\/p>\n<p>En tanto, la segunda reuni\u00f3n cont\u00f3 con la presencia de Cruz Arouxet, Alberto Miotti, Oscar Angeletti, Jorge Rodr\u00edguez Setzes, Jos\u00e9 Mor\u00e1n, Oscar L\u00f3pez, el presidente del Cuerpo de Delgados Ignacio Pagano, el S\u00edndico Horacio Balbiani, el vocal de la sociedad de Fomento Villa Magdalena C\u00e9sar Saavedra y la vecina Romina Saavedra.<\/p>\n<p>En esta oportunidad, tambi\u00e9n se dialog\u00f3 sobre el servicio de Alumbrado P\u00fablico y ante la consulta de los vecinos se los asesor\u00f3 respecto de la expansi\u00f3n en los sectores que registran un gran crecimiento y a\u00fan no cuentan con iluminaci\u00f3n.<\/p>\n<p>El titular del Consejo de Administraci\u00f3n Cruz Arouxet exclam\u00f3 \u201csomos una entidad de puertas abiertas, cuya principal funci\u00f3n es trabajar al servicio de la comunidad, por eso consideramos fundamental el Programa Di\u00e1logos<br \/>\nComunitarios\u201d y a continuaci\u00f3n agreg\u00f3 \u201cnos permite estar cerca de las entidades intermedias y a trav\u00e9s de ellos de cada vecino, de ponernos a su disposici\u00f3n para colaborar en lo que necesiten, de dialogar y construir espacios de encuentro y trabajo conjunto\u201d.<\/p>\n<p><strong>C\u00f3mo sumarse al Programa \u201cDi\u00e1logos Comunitarios\u201d<\/strong><\/p>\n<p>Las entidades interesadas en participar pueden solicitar un encuentro acerc\u00e1ndose de lunes a viernes de 7:30 a 14:30 hs. al \u00e1rea de Secretar\u00eda en la sede de Belgrano N\u00b0 2850 o contact\u00e1ndose a trav\u00e9s de la casilla de correo<br \/>\nsecretariaadministracion@coopelectric.com.ar &lt;mailto:secretariaadministracion@coopelectric.com.ar&gt;<\/p>\n<p><a href=\"https:\/\/experienciadevida.com.ar\/portalurbano\/coopelectric-se-reunio-con-las-sociedades-de-fomento-10-de-junio-y-villa-magdalena\/coopelectric-se-2\/\" rel=\"attachment wp-att-170584\"><img decoding=\"async\" class=\"alignnone size-large wp-image-170584\" src=\"https:\/\/experienciadevida.com.ar\/portalurbano\/wp-content\/uploads\/2022\/07\/Coopelectric-se-1024x768.jpeg\" alt=\"Coopelectric se \" width=\"900\" height=\"675\" srcset=\"https:\/\/experienciadevida.com.ar\/portalurbano\/wp-content\/uploads\/2022\/07\/Coopelectric-se-1024x768.jpeg 1024w, https:\/\/experienciadevida.com.ar\/portalurbano\/wp-content\/uploads\/2022\/07\/Coopelectric-se-300x225.jpeg 300w, https:\/\/experienciadevida.com.ar\/portalurbano\/wp-content\/uploads\/2022\/07\/Coopelectric-se-768x576.jpeg 768w, https:\/\/experienciadevida.com.ar\/portalurbano\/wp-content\/uploads\/2022\/07\/Coopelectric-se.jpeg 1032w\" sizes=\"(max-width: 900px) 100vw, 900px\" \/><\/a><\/p>\n","protected":false},"excerpt":{"rendered":"<p>Coopelectric se reuni\u00f3 con las sociedades de fomento 10 de junio y Villa Magdalena, en&#8230;<\/p>\n","protected":false},"author":1,"featured_media":170583,"comment_status":"closed","ping_status":"closed","sticky":false,"template":"","format":"standard","meta":{"content-type":""},"categories":[27,64],"tags":[],"nelio_content":{"isAutoShareEnabled":false,"autoShareEndMode":"default","automationSources":{"useContentSentences":true,"useSocialTemplates":true,"useCustomSentences":false,"customSentences":[]},"followers":[1],"suggestedReferences":[],"includedReferences":[],"efiUrl":"","efiAlt":"","highlights":[]},"yoast_head":"<!-- This site is optimized with the Yoast SEO plugin v20.7 - https:\/\/yoast.com\/wordpress\/plugins\/seo\/ -->\n<title>Coopelectric se reuni\u00f3 con las sociedades de fomento 10 de junio<\/title>\n<meta name=\"description\" content=\"Coopelectric se reuni\u00f3 con las sociedades de fomento 10 de junio y Villa Magdalena, en el marco del programa \u201cDi\u00e1logos Comunitarios\u201d\" \/>\n<meta name=\"robots\" content=\"index, follow, max-snippet:-1, max-image-preview:large, max-video-preview:-1\" \/>\n<link rel=\"canonical\" href=\"https:\/\/experienciadevida.com.ar\/portalurbano\/coopelectric-se-reunio-con-las-sociedades-de-fomento-10-de-junio-y-villa-magdalena\/\" \/>\n<meta property=\"og:locale\" content=\"es_ES\" \/>\n<meta property=\"og:type\" content=\"article\" \/>\n<meta property=\"og:title\" content=\"Coopelectric se reuni\u00f3 con las sociedades de fomento 10 de junio\" \/>\n<meta property=\"og:description\" content=\"Coopelectric se reuni\u00f3 con las sociedades de fomento 10 de junio y Villa Magdalena, en el marco del programa \u201cDi\u00e1logos Comunitarios\u201d\" \/>\n<meta property=\"og:url\" content=\"https:\/\/experienciadevida.com.ar\/portalurbano\/coopelectric-se-reunio-con-las-sociedades-de-fomento-10-de-junio-y-villa-magdalena\/\" \/>\n<meta property=\"article:publisher\" content=\"https:\/\/www.facebook.com\/Portal-Urbano-171542830093757\/\" \/>\n<meta property=\"article:published_time\" content=\"2022-07-02T14:22:28+00:00\" \/>\n<meta property=\"article:modified_time\" content=\"2022-07-02T14:23:45+00:00\" \/>\n<meta property=\"og:image\" content=\"https:\/\/experienciadevida.com.ar\/portalurbano\/wp-content\/uploads\/2022\/07\/Coopelectric-se-reunio-con.jpeg\" \/>\n\t<meta property=\"og:image:width\" content=\"1032\" \/>\n\t<meta property=\"og:image:height\" content=\"774\" \/>\n\t<meta property=\"og:image:type\" content=\"image\/jpeg\" \/>\n<meta name=\"author\" content=\"admpu17wp\" \/>\n<meta name=\"twitter:card\" content=\"summary_large_image\" \/>\n<meta name=\"twitter:creator\" content=\"@portalurbanook\" \/>\n<meta name=\"twitter:site\" content=\"@portalurbanook\" \/>\n<meta name=\"twitter:label1\" content=\"Escrito por\" \/>\n\t<meta name=\"twitter:data1\" content=\"admpu17wp\" \/>\n\t<meta name=\"twitter:label2\" content=\"Tiempo de lectura\" \/>\n\t<meta name=\"twitter:data2\" content=\"3 minutos\" \/>\n<script type=\"application\/ld+json\" class=\"yoast-schema-graph\">{\"@context\":\"https:\/\/schema.org\",\"@graph\":[{\"@type\":\"Article\",\"@id\":\"https:\/\/experienciadevida.com.ar\/portalurbano\/coopelectric-se-reunio-con-las-sociedades-de-fomento-10-de-junio-y-villa-magdalena\/#article\",\"isPartOf\":{\"@id\":\"https:\/\/experienciadevida.com.ar\/portalurbano\/coopelectric-se-reunio-con-las-sociedades-de-fomento-10-de-junio-y-villa-magdalena\/\"},\"author\":{\"name\":\"admpu17wp\",\"@id\":\"https:\/\/experienciadevida.com.ar\/portalurbano\/#\/schema\/person\/02dd326b1c4b056e9cc972486934a3a7\"},\"headline\":\"Coopelectric se reuni\u00f3 con las sociedades de fomento 10 de junio y Villa Magdalena\",\"datePublished\":\"2022-07-02T14:22:28+00:00\",\"dateModified\":\"2022-07-02T14:23:45+00:00\",\"mainEntityOfPage\":{\"@id\":\"https:\/\/experienciadevida.com.ar\/portalurbano\/coopelectric-se-reunio-con-las-sociedades-de-fomento-10-de-junio-y-villa-magdalena\/\"},\"wordCount\":485,\"publisher\":{\"@id\":\"https:\/\/experienciadevida.com.ar\/portalurbano\/#organization\"},\"articleSection\":[\"Ciudad\",\"Destacadas 2\"],\"inLanguage\":\"es\"},{\"@type\":\"WebPage\",\"@id\":\"https:\/\/experienciadevida.com.ar\/portalurbano\/coopelectric-se-reunio-con-las-sociedades-de-fomento-10-de-junio-y-villa-magdalena\/\",\"url\":\"https:\/\/experienciadevida.com.ar\/portalurbano\/coopelectric-se-reunio-con-las-sociedades-de-fomento-10-de-junio-y-villa-magdalena\/\",\"name\":\"Coopelectric se reuni\u00f3 con las sociedades de fomento 10 de junio\",\"isPartOf\":{\"@id\":\"https:\/\/experienciadevida.com.ar\/portalurbano\/#website\"},\"datePublished\":\"2022-07-02T14:22:28+00:00\",\"dateModified\":\"2022-07-02T14:23:45+00:00\",\"description\":\"Coopelectric se reuni\u00f3 con las sociedades de fomento 10 de junio y Villa Magdalena, en el marco del programa \u201cDi\u00e1logos Comunitarios\u201d\",\"breadcrumb\":{\"@id\":\"https:\/\/experienciadevida.com.ar\/portalurbano\/coopelectric-se-reunio-con-las-sociedades-de-fomento-10-de-junio-y-villa-magdalena\/#breadcrumb\"},\"inLanguage\":\"es\",\"potentialAction\":[{\"@type\":\"ReadAction\",\"target\":[\"https:\/\/experienciadevida.com.ar\/portalurbano\/coopelectric-se-reunio-con-las-sociedades-de-fomento-10-de-junio-y-villa-magdalena\/\"]}]},{\"@type\":\"BreadcrumbList\",\"@id\":\"https:\/\/experienciadevida.com.ar\/portalurbano\/coopelectric-se-reunio-con-las-sociedades-de-fomento-10-de-junio-y-villa-magdalena\/#breadcrumb\",\"itemListElement\":[{\"@type\":\"ListItem\",\"position\":1,\"name\":\"Portada\",\"item\":\"https:\/\/experienciadevida.com.ar\/portalurbano\/\"},{\"@type\":\"ListItem\",\"position\":2,\"name\":\"Coopelectric se reuni\u00f3 con las sociedades de fomento 10 de junio y Villa Magdalena\"}]},{\"@type\":\"WebSite\",\"@id\":\"https:\/\/experienciadevida.com.ar\/portalurbano\/#website\",\"url\":\"https:\/\/experienciadevida.com.ar\/portalurbano\/\",\"name\":\"\",\"description\":\"\",\"publisher\":{\"@id\":\"https:\/\/experienciadevida.com.ar\/portalurbano\/#organization\"},\"potentialAction\":[{\"@type\":\"SearchAction\",\"target\":{\"@type\":\"EntryPoint\",\"urlTemplate\":\"https:\/\/experienciadevida.com.ar\/portalurbano\/?s={search_term_string}\"},\"query-input\":\"required name=search_term_string\"}],\"inLanguage\":\"es\"},{\"@type\":\"Organization\",\"@id\":\"https:\/\/experienciadevida.com.ar\/portalurbano\/#organization\",\"name\":\"Portal Urbano\",\"url\":\"https:\/\/experienciadevida.com.ar\/portalurbano\/\",\"logo\":{\"@type\":\"ImageObject\",\"inLanguage\":\"es\",\"@id\":\"https:\/\/experienciadevida.com.ar\/portalurbano\/#\/schema\/logo\/image\/\",\"url\":\"https:\/\/experienciadevida.com.ar\/portalurbano\/wp-content\/uploads\/2019\/09\/Logo-Original.png\",\"contentUrl\":\"https:\/\/experienciadevida.com.ar\/portalurbano\/wp-content\/uploads\/2019\/09\/Logo-Original.png\",\"width\":2236,\"height\":1216,\"caption\":\"Portal Urbano\"},\"image\":{\"@id\":\"https:\/\/experienciadevida.com.ar\/portalurbano\/#\/schema\/logo\/image\/\"},\"sameAs\":[\"https:\/\/www.facebook.com\/Portal-Urbano-171542830093757\/\",\"https:\/\/twitter.com\/portalurbanook\",\"https:\/\/www.instagram.com\/_portalurbano\/\",\"https:\/\/www.youtube.com\/channel\/UCXhagIfszH8KxFiOok79zbA?view_as=subscriber\"]},{\"@type\":\"Person\",\"@id\":\"https:\/\/experienciadevida.com.ar\/portalurbano\/#\/schema\/person\/02dd326b1c4b056e9cc972486934a3a7\",\"name\":\"admpu17wp\",\"image\":{\"@type\":\"ImageObject\",\"inLanguage\":\"es\",\"@id\":\"https:\/\/experienciadevida.com.ar\/portalurbano\/#\/schema\/person\/image\/\",\"url\":\"https:\/\/secure.gravatar.com\/avatar\/830d4c57adaae6630765e449a6908047?s=96&d=mm&r=g\",\"contentUrl\":\"https:\/\/secure.gravatar.com\/avatar\/830d4c57adaae6630765e449a6908047?s=96&d=mm&r=g\",\"caption\":\"admpu17wp\"}}]}<\/script>\n<!-- \/ Yoast SEO plugin. -->","yoast_head_json":{"title":"Coopelectric se reuni\u00f3 con las sociedades de fomento 10 de junio","description":"Coopelectric se reuni\u00f3 con las sociedades de fomento 10 de junio y Villa Magdalena, en el marco del programa \u201cDi\u00e1logos Comunitarios\u201d","robots":{"index":"index","follow":"follow","max-snippet":"max-snippet:-1","max-image-preview":"max-image-preview:large","max-video-preview":"max-video-preview:-1"},"canonical":"https:\/\/experienciadevida.com.ar\/portalurbano\/coopelectric-se-reunio-con-las-sociedades-de-fomento-10-de-junio-y-villa-magdalena\/","og_locale":"es_ES","og_type":"article","og_title":"Coopelectric se reuni\u00f3 con las sociedades de fomento 10 de junio","og_description":"Coopelectric se reuni\u00f3 con las sociedades de fomento 10 de junio y Villa Magdalena, en el marco del programa \u201cDi\u00e1logos Comunitarios\u201d","og_url":"https:\/\/experienciadevida.com.ar\/portalurbano\/coopelectric-se-reunio-con-las-sociedades-de-fomento-10-de-junio-y-villa-magdalena\/","article_publisher":"https:\/\/www.facebook.com\/Portal-Urbano-171542830093757\/","article_published_time":"2022-07-02T14:22:28+00:00","article_modified_time":"2022-07-02T14:23:45+00:00","og_image":[{"width":1032,"height":774,"url":"https:\/\/experienciadevida.com.ar\/portalurbano\/wp-content\/uploads\/2022\/07\/Coopelectric-se-reunio-con.jpeg","type":"image\/jpeg"}],"author":"admpu17wp","twitter_card":"summary_large_image","twitter_creator":"@portalurbanook","twitter_site":"@portalurbanook","twitter_misc":{"Escrito por":"admpu17wp","Tiempo de lectura":"3 minutos"},"schema":{"@context":"https:\/\/schema.org","@graph":[{"@type":"Article","@id":"https:\/\/experienciadevida.com.ar\/portalurbano\/coopelectric-se-reunio-con-las-sociedades-de-fomento-10-de-junio-y-villa-magdalena\/#article","isPartOf":{"@id":"https:\/\/experienciadevida.com.ar\/portalurbano\/coopelectric-se-reunio-con-las-sociedades-de-fomento-10-de-junio-y-villa-magdalena\/"},"author":{"name":"admpu17wp","@id":"https:\/\/experienciadevida.com.ar\/portalurbano\/#\/schema\/person\/02dd326b1c4b056e9cc972486934a3a7"},"headline":"Coopelectric se reuni\u00f3 con las sociedades de fomento 10 de junio y Villa Magdalena","datePublished":"2022-07-02T14:22:28+00:00","dateModified":"2022-07-02T14:23:45+00:00","mainEntityOfPage":{"@id":"https:\/\/experienciadevida.com.ar\/portalurbano\/coopelectric-se-reunio-con-las-sociedades-de-fomento-10-de-junio-y-villa-magdalena\/"},"wordCount":485,"publisher":{"@id":"https:\/\/experienciadevida.com.ar\/portalurbano\/#organization"},"articleSection":["Ciudad","Destacadas 2"],"inLanguage":"es"},{"@type":"WebPage","@id":"https:\/\/experienciadevida.com.ar\/portalurbano\/coopelectric-se-reunio-con-las-sociedades-de-fomento-10-de-junio-y-villa-magdalena\/","url":"https:\/\/experienciadevida.com.ar\/portalurbano\/coopelectric-se-reunio-con-las-sociedades-de-fomento-10-de-junio-y-villa-magdalena\/","name":"Coopelectric se reuni\u00f3 con las sociedades de fomento 10 de junio","isPartOf":{"@id":"https:\/\/experienciadevida.com.ar\/portalurbano\/#website"},"datePublished":"2022-07-02T14:22:28+00:00","dateModified":"2022-07-02T14:23:45+00:00","description":"Coopelectric se reuni\u00f3 con las sociedades de fomento 10 de junio y Villa Magdalena, en el marco del programa \u201cDi\u00e1logos Comunitarios\u201d","breadcrumb":{"@id":"https:\/\/experienciadevida.com.ar\/portalurbano\/coopelectric-se-reunio-con-las-sociedades-de-fomento-10-de-junio-y-villa-magdalena\/#breadcrumb"},"inLanguage":"es","potentialAction":[{"@type":"ReadAction","target":["https:\/\/experienciadevida.com.ar\/portalurbano\/coopelectric-se-reunio-con-las-sociedades-de-fomento-10-de-junio-y-villa-magdalena\/"]}]},{"@type":"BreadcrumbList","@id":"https:\/\/experienciadevida.com.ar\/portalurbano\/coopelectric-se-reunio-con-las-sociedades-de-fomento-10-de-junio-y-villa-magdalena\/#breadcrumb","itemListElement":[{"@type":"ListItem","position":1,"name":"Portada","item":"https:\/\/experienciadevida.com.ar\/portalurbano\/"},{"@type":"ListItem","position":2,"name":"Coopelectric se reuni\u00f3 con las sociedades de fomento 10 de junio y Villa Magdalena"}]},{"@type":"WebSite","@id":"https:\/\/experienciadevida.com.ar\/portalurbano\/#website","url":"https:\/\/experienciadevida.com.ar\/portalurbano\/","name":"","description":"","publisher":{"@id":"https:\/\/experienciadevida.com.ar\/portalurbano\/#organization"},"potentialAction":[{"@type":"SearchAction","target":{"@type":"EntryPoint","urlTemplate":"https:\/\/experienciadevida.com.ar\/portalurbano\/?s={search_term_string}"},"query-input":"required name=search_term_string"}],"inLanguage":"es"},{"@type":"Organization","@id":"https:\/\/experienciadevida.com.ar\/portalurbano\/#organization","name":"Portal Urbano","url":"https:\/\/experienciadevida.com.ar\/portalurbano\/","logo":{"@type":"ImageObject","inLanguage":"es","@id":"https:\/\/experienciadevida.com.ar\/portalurbano\/#\/schema\/logo\/image\/","url":"https:\/\/experienciadevida.com.ar\/portalurbano\/wp-content\/uploads\/2019\/09\/Logo-Original.png","contentUrl":"https:\/\/experienciadevida.com.ar\/portalurbano\/wp-content\/uploads\/2019\/09\/Logo-Original.png","width":2236,"height":1216,"caption":"Portal Urbano"},"image":{"@id":"https:\/\/experienciadevida.com.ar\/portalurbano\/#\/schema\/logo\/image\/"},"sameAs":["https:\/\/www.facebook.com\/Portal-Urbano-171542830093757\/","https:\/\/twitter.com\/portalurbanook","https:\/\/www.instagram.com\/_portalurbano\/","https:\/\/www.youtube.com\/channel\/UCXhagIfszH8KxFiOok79zbA?view_as=subscriber"]},{"@type":"Person","@id":"https:\/\/experienciadevida.com.ar\/portalurbano\/#\/schema\/person\/02dd326b1c4b056e9cc972486934a3a7","name":"admpu17wp","image":{"@type":"ImageObject","inLanguage":"es","@id":"https:\/\/experienciadevida.com.ar\/portalurbano\/#\/schema\/person\/image\/","url":"https:\/\/secure.gravatar.com\/avatar\/830d4c57adaae6630765e449a6908047?s=96&d=mm&r=g","contentUrl":"https:\/\/secure.gravatar.com\/avatar\/830d4c57adaae6630765e449a6908047?s=96&d=mm&r=g","caption":"admpu17wp"}}]}},"featured_image_urls":{"full":["https:\/\/experienciadevida.com.ar\/portalurbano\/wp-content\/uploads\/2022\/07\/Coopelectric-se-reunio-con.jpeg",1032,774,false],"thumbnail":["https:\/\/experienciadevida.com.ar\/portalurbano\/wp-content\/uploads\/2022\/07\/Coopelectric-se-reunio-con-150x150.jpeg",150,150,true],"medium":["https:\/\/experienciadevida.com.ar\/portalurbano\/wp-content\/uploads\/2022\/07\/Coopelectric-se-reunio-con-300x225.jpeg",300,225,true],"medium_large":["https:\/\/experienciadevida.com.ar\/portalurbano\/wp-content\/uploads\/2022\/07\/Coopelectric-se-reunio-con-768x576.jpeg",640,480,true],"large":["https:\/\/experienciadevida.com.ar\/portalurbano\/wp-content\/uploads\/2022\/07\/Coopelectric-se-reunio-con-1024x768.jpeg",640,480,true],"ug_big":["https:\/\/experienciadevida.com.ar\/portalurbano\/wp-content\/uploads\/2022\/07\/Coopelectric-se-reunio-con-768x576.jpeg",768,576,true],"1536x1536":["https:\/\/experienciadevida.com.ar\/portalurbano\/wp-content\/uploads\/2022\/07\/Coopelectric-se-reunio-con.jpeg",1032,774,false],"2048x2048":["https:\/\/experienciadevida.com.ar\/portalurbano\/wp-content\/uploads\/2022\/07\/Coopelectric-se-reunio-con.jpeg",1032,774,false],"newsever-slider-full":["https:\/\/experienciadevida.com.ar\/portalurbano\/wp-content\/uploads\/2022\/07\/Coopelectric-se-reunio-con.jpeg",1032,774,false],"newsever-featured":["https:\/\/experienciadevida.com.ar\/portalurbano\/wp-content\/uploads\/2022\/07\/Coopelectric-se-reunio-con.jpeg",1024,768,false],"newsever-medium":["https:\/\/experienciadevida.com.ar\/portalurbano\/wp-content\/uploads\/2022\/07\/Coopelectric-se-reunio-con.jpeg",633,475,false],"web-stories-poster-portrait":["https:\/\/experienciadevida.com.ar\/portalurbano\/wp-content\/uploads\/2022\/07\/Coopelectric-se-reunio-con.jpeg",640,480,false],"web-stories-publisher-logo":["https:\/\/experienciadevida.com.ar\/portalurbano\/wp-content\/uploads\/2022\/07\/Coopelectric-se-reunio-con.jpeg",96,72,false],"web-stories-thumbnail":["https:\/\/experienciadevida.com.ar\/portalurbano\/wp-content\/uploads\/2022\/07\/Coopelectric-se-reunio-con.jpeg",150,113,false]},"author_info":{"display_name":"admpu17wp","author_link":"https:\/\/experienciadevida.com.ar\/portalurbano\/author\/admpu17wp\/"},"category_info":"<a href=\"https:\/\/experienciadevida.com.ar\/portalurbano\/category\/ciudad\/\" rel=\"category tag\">Ciudad<\/a> <a href=\"https:\/\/experienciadevida.com.ar\/portalurbano\/category\/destacadas-2\/\" rel=\"category tag\">Destacadas 2<\/a>","tag_info":"Destacadas 2","comment_count":"0","amp_enabled":true,"_links":{"self":[{"href":"https:\/\/experienciadevida.com.ar\/portalurbano\/wp-json\/wp\/v2\/posts\/170582"}],"collection":[{"href":"https:\/\/experienciadevida.com.ar\/portalurbano\/wp-json\/wp\/v2\/posts"}],"about":[{"href":"https:\/\/experienciadevida.com.ar\/portalurbano\/wp-json\/wp\/v2\/types\/post"}],"author":[{"embeddable":true,"href":"https:\/\/experienciadevida.com.ar\/portalurbano\/wp-json\/wp\/v2\/users\/1"}],"replies":[{"embeddable":true,"href":"https:\/\/experienciadevida.com.ar\/portalurbano\/wp-json\/wp\/v2\/comments?post=170582"}],"version-history":[{"count":2,"href":"https:\/\/experienciadevida.com.ar\/portalurbano\/wp-json\/wp\/v2\/posts\/170582\/revisions"}],"predecessor-version":[{"id":170586,"href":"https:\/\/experienciadevida.com.ar\/portalurbano\/wp-json\/wp\/v2\/posts\/170582\/revisions\/170586"}],"wp:featuredmedia":[{"embeddable":true,"href":"https:\/\/experienciadevida.com.ar\/portalurbano\/wp-json\/wp\/v2\/media\/170583"}],"wp:attachment":[{"href":"https:\/\/experienciadevida.com.ar\/portalurbano\/wp-json\/wp\/v2\/media?parent=170582"}],"wp:term":[{"taxonomy":"category","embeddable":true,"href":"https:\/\/experienciadevida.com.ar\/portalurbano\/wp-json\/wp\/v2\/categories?post=170582"},{"taxonomy":"post_tag","embeddable":true,"href":"https:\/\/experienciadevida.com.ar\/portalurbano\/wp-json\/wp\/v2\/tags?post=170582"}],"curies":[{"name":"wp","href":"https:\/\/api.w.org\/{rel}","templated":true}]}}