{"id":170573,"date":"2022-07-02T10:55:09","date_gmt":"2022-07-02T13:55:09","guid":{"rendered":"https:\/\/experienciadevida.com.ar\/portalurbano\/?p=170573"},"modified":"2022-07-02T10:55:36","modified_gmt":"2022-07-02T13:55:36","slug":"inscripcion-abierta-a-la-diplomatura-universitaria-en-educacion-para-la-paz-y-el-abordaje-de-la-conflictividad-social-2","status":"publish","type":"post","link":"https:\/\/experienciadevida.com.ar\/portalurbano\/inscripcion-abierta-a-la-diplomatura-universitaria-en-educacion-para-la-paz-y-el-abordaje-de-la-conflictividad-social-2\/","title":{"rendered":"Inscripci\u00f3n abierta a la Diplomatura Universitaria en Educaci\u00f3n para la Paz y el Abordaje de la Conflictividad Social"},"content":{"rendered":"<p>Inscripci\u00f3n abierta a la Diplomatura Universitaria en Educaci\u00f3n para la Paz y el Abordaje de la Conflictividad Social, entre el 13 de junio y el 15 de julio pr\u00f3ximo estar\u00e1 abierta la pre-inscripci\u00f3n para una nueva edici\u00f3n de la propuesta que se dicta en la Unidad de Ense\u00f1anza Universitaria Quequ\u00e9n. Las cursadas comenzar\u00e1n a dictarse el 13 de agosto de 2022 en modalidad presencial.<\/p>\n<p>La Diplomatura Universitaria en Educaci\u00f3n para la Paz y el Abordaje de la Conflictividad Social surgi\u00f3 como una experiencia de articulaci\u00f3n entre la Asociaci\u00f3n Civil Alfredo Marcenac y la Facultad de Ciencias Sociales. Este trayecto formativo es dictado por docentes de la C\u00e1tedra Abierta de dicha asociaci\u00f3n y docentes e investigadores\/as del Grupo de Estudios Socioculturales del Conflicto (GESC) de la <a href=\"https:\/\/www.facebook.com\/facultadcienciassociales.unicen\">FACSO<\/a>, en el marco de un acuerdo de colaboraci\u00f3n entre la Municipalidad de Necochea, la UNICEN y la C\u00e1tedra Abierta de la Asociaci\u00f3n Marcenac.<\/p>\n<p>La propuesta nace del desaf\u00edo que asumi\u00f3 la Universidad Nacional del Centro de la Provincia de Buenos Aires ante la presencia permanente de la violencia en el colectivo social, con el fin de contribuir a la discusi\u00f3n cr\u00edtica y al abordaje de la conflictividad social y a la formaci\u00f3n para una cultura de paz desde una perspectiva cient\u00edfico &#8211; acad\u00e9mica.<\/p>\n<p>La Diplomatura tiene un enfoque pedag\u00f3gico transdisciplinario, con propuestas \u00e1ulicas innovadoras y con experiencias de trabajo territorial que promueven la implicaci\u00f3n y el compromiso de los estudiantes con la tem\u00e1tica, con una extensi\u00f3n de cursada de 2 a\u00f1os.<\/p>\n<p>Los\/as interesados\/as s\u00f3lo deben cumplir con el requisito de haber completado el nivel secundario. Est\u00e1 dirigida a docentes de todos los niveles y modalidades, funcionarios\/as y empleados\/as del sector p\u00fablico, comunicadores\/as, referentes comunitarios, agentes de salud, miembros del poder judicial, representantes sindicales y pol\u00edticos, estudiantes de nivel superior de todas las disciplinas.<\/p>\n<p>La pre-inscripci\u00f3n para la tercera edici\u00f3n del trayecto formativo estar\u00e1 abierta hasta el 15 de julio de 2022, y la cursada comenzar\u00e1 el 13 de agosto en la subsede de la UNICEN en Quequ\u00e9n, calle 508 N\u00b0 881. Se realizar\u00e1n encuentros presenciales quincenales obligatorios, talleres de lectura quincenales optativos y actividades no presenciales. Obligatoriedad del 70 % de asistencia y aprobaci\u00f3n de las instancias de evaluaci\u00f3n. Las materias se cursar\u00e1n los d\u00edas s\u00e1bados de 8.30 a 12.30 horas.<\/p>\n<p>La Diplomatura es arancelada y tiene un costo de una (1) matr\u00edcula anual y once (11) cuotas mensuales de $ 2500 cada una. La matr\u00edcula m\u00ednima es de 35 personas y la matr\u00edcula m\u00e1xima de 50 personas.<\/p>\n<p>Para pre-inscripci\u00f3n, informes y consultas es posible ingresar a www.quequen.unicen.edu.ar, comunicarse a alumnos@quequen.unicen.edu.ar, acercarse a la Unidad de Ense\u00f1anza Universitaria Quequ\u00e9n o comunicarse a los tel\u00e9fonos (02262) 451499 \u00f3 453232.<\/p>\n","protected":false},"excerpt":{"rendered":"<p>Inscripci\u00f3n abierta a la Diplomatura Universitaria en Educaci\u00f3n para la Paz y el Abordaje de&#8230;<\/p>\n","protected":false},"author":1,"featured_media":170574,"comment_status":"closed","ping_status":"closed","sticky":false,"template":"","format":"standard","meta":{"content-type":""},"categories":[31],"tags":[],"nelio_content":{"isAutoShareEnabled":false,"autoShareEndMode":"default","automationSources":{"useContentSentences":true,"useSocialTemplates":true,"useCustomSentences":false,"customSentences":[]},"followers":[1],"suggestedReferences":[],"includedReferences":[],"efiUrl":"","efiAlt":"","highlights":[]},"yoast_head":"<!-- This site is optimized with the Yoast SEO plugin v20.7 - https:\/\/yoast.com\/wordpress\/plugins\/seo\/ -->\n<title>Inscripci\u00f3n abierta a la diplomatura universitaria en educaci\u00f3n<\/title>\n<meta name=\"description\" content=\"Inscripci\u00f3n abierta a la Diplomatura Universitaria en Educaci\u00f3n para la Paz y el Abordaje de la Conflictividad Social, entre el 13 de junio\" \/>\n<meta name=\"robots\" content=\"index, follow, max-snippet:-1, max-image-preview:large, max-video-preview:-1\" \/>\n<link rel=\"canonical\" href=\"https:\/\/experienciadevida.com.ar\/portalurbano\/inscripcion-abierta-a-la-diplomatura-universitaria-en-educacion-para-la-paz-y-el-abordaje-de-la-conflictividad-social-2\/\" \/>\n<meta property=\"og:locale\" content=\"es_ES\" \/>\n<meta property=\"og:type\" content=\"article\" \/>\n<meta property=\"og:title\" content=\"Inscripci\u00f3n abierta a la diplomatura universitaria en educaci\u00f3n\" \/>\n<meta property=\"og:description\" content=\"Inscripci\u00f3n abierta a la Diplomatura Universitaria en Educaci\u00f3n para la Paz y el Abordaje de la Conflictividad Social, entre el 13 de junio\" \/>\n<meta property=\"og:url\" content=\"https:\/\/experienciadevida.com.ar\/portalurbano\/inscripcion-abierta-a-la-diplomatura-universitaria-en-educacion-para-la-paz-y-el-abordaje-de-la-conflictividad-social-2\/\" \/>\n<meta property=\"article:publisher\" content=\"https:\/\/www.facebook.com\/Portal-Urbano-171542830093757\/\" \/>\n<meta property=\"article:published_time\" content=\"2022-07-02T13:55:09+00:00\" \/>\n<meta property=\"article:modified_time\" content=\"2022-07-02T13:55:36+00:00\" \/>\n<meta property=\"og:image\" content=\"https:\/\/experienciadevida.com.ar\/portalurbano\/wp-content\/uploads\/2022\/07\/Inscripcion-abierta-a-la.jpg\" \/>\n\t<meta property=\"og:image:width\" content=\"1026\" \/>\n\t<meta property=\"og:image:height\" content=\"1028\" \/>\n\t<meta property=\"og:image:type\" content=\"image\/jpeg\" \/>\n<meta name=\"author\" content=\"admpu17wp\" \/>\n<meta name=\"twitter:card\" content=\"summary_large_image\" \/>\n<meta name=\"twitter:creator\" content=\"@portalurbanook\" \/>\n<meta name=\"twitter:site\" content=\"@portalurbanook\" \/>\n<meta name=\"twitter:label1\" content=\"Escrito por\" \/>\n\t<meta name=\"twitter:data1\" content=\"admpu17wp\" \/>\n\t<meta name=\"twitter:label2\" content=\"Tiempo de lectura\" \/>\n\t<meta name=\"twitter:data2\" content=\"3 minutos\" \/>\n<script type=\"application\/ld+json\" class=\"yoast-schema-graph\">{\"@context\":\"https:\/\/schema.org\",\"@graph\":[{\"@type\":\"Article\",\"@id\":\"https:\/\/experienciadevida.com.ar\/portalurbano\/inscripcion-abierta-a-la-diplomatura-universitaria-en-educacion-para-la-paz-y-el-abordaje-de-la-conflictividad-social-2\/#article\",\"isPartOf\":{\"@id\":\"https:\/\/experienciadevida.com.ar\/portalurbano\/inscripcion-abierta-a-la-diplomatura-universitaria-en-educacion-para-la-paz-y-el-abordaje-de-la-conflictividad-social-2\/\"},\"author\":{\"name\":\"admpu17wp\",\"@id\":\"https:\/\/experienciadevida.com.ar\/portalurbano\/#\/schema\/person\/02dd326b1c4b056e9cc972486934a3a7\"},\"headline\":\"Inscripci\u00f3n abierta a la Diplomatura Universitaria en Educaci\u00f3n para la Paz y el Abordaje de la Conflictividad Social\",\"datePublished\":\"2022-07-02T13:55:09+00:00\",\"dateModified\":\"2022-07-02T13:55:36+00:00\",\"mainEntityOfPage\":{\"@id\":\"https:\/\/experienciadevida.com.ar\/portalurbano\/inscripcion-abierta-a-la-diplomatura-universitaria-en-educacion-para-la-paz-y-el-abordaje-de-la-conflictividad-social-2\/\"},\"wordCount\":502,\"publisher\":{\"@id\":\"https:\/\/experienciadevida.com.ar\/portalurbano\/#organization\"},\"articleSection\":[\"Educaci\u00f3n\"],\"inLanguage\":\"es\"},{\"@type\":\"WebPage\",\"@id\":\"https:\/\/experienciadevida.com.ar\/portalurbano\/inscripcion-abierta-a-la-diplomatura-universitaria-en-educacion-para-la-paz-y-el-abordaje-de-la-conflictividad-social-2\/\",\"url\":\"https:\/\/experienciadevida.com.ar\/portalurbano\/inscripcion-abierta-a-la-diplomatura-universitaria-en-educacion-para-la-paz-y-el-abordaje-de-la-conflictividad-social-2\/\",\"name\":\"Inscripci\u00f3n abierta a la diplomatura universitaria en educaci\u00f3n\",\"isPartOf\":{\"@id\":\"https:\/\/experienciadevida.com.ar\/portalurbano\/#website\"},\"datePublished\":\"2022-07-02T13:55:09+00:00\",\"dateModified\":\"2022-07-02T13:55:36+00:00\",\"description\":\"Inscripci\u00f3n abierta a la Diplomatura Universitaria en Educaci\u00f3n para la Paz y el Abordaje de la Conflictividad Social, entre el 13 de junio\",\"breadcrumb\":{\"@id\":\"https:\/\/experienciadevida.com.ar\/portalurbano\/inscripcion-abierta-a-la-diplomatura-universitaria-en-educacion-para-la-paz-y-el-abordaje-de-la-conflictividad-social-2\/#breadcrumb\"},\"inLanguage\":\"es\",\"potentialAction\":[{\"@type\":\"ReadAction\",\"target\":[\"https:\/\/experienciadevida.com.ar\/portalurbano\/inscripcion-abierta-a-la-diplomatura-universitaria-en-educacion-para-la-paz-y-el-abordaje-de-la-conflictividad-social-2\/\"]}]},{\"@type\":\"BreadcrumbList\",\"@id\":\"https:\/\/experienciadevida.com.ar\/portalurbano\/inscripcion-abierta-a-la-diplomatura-universitaria-en-educacion-para-la-paz-y-el-abordaje-de-la-conflictividad-social-2\/#breadcrumb\",\"itemListElement\":[{\"@type\":\"ListItem\",\"position\":1,\"name\":\"Portada\",\"item\":\"https:\/\/experienciadevida.com.ar\/portalurbano\/\"},{\"@type\":\"ListItem\",\"position\":2,\"name\":\"Inscripci\u00f3n abierta a la Diplomatura Universitaria en Educaci\u00f3n para la Paz y el Abordaje de la Conflictividad Social\"}]},{\"@type\":\"WebSite\",\"@id\":\"https:\/\/experienciadevida.com.ar\/portalurbano\/#website\",\"url\":\"https:\/\/experienciadevida.com.ar\/portalurbano\/\",\"name\":\"\",\"description\":\"\",\"publisher\":{\"@id\":\"https:\/\/experienciadevida.com.ar\/portalurbano\/#organization\"},\"potentialAction\":[{\"@type\":\"SearchAction\",\"target\":{\"@type\":\"EntryPoint\",\"urlTemplate\":\"https:\/\/experienciadevida.com.ar\/portalurbano\/?s={search_term_string}\"},\"query-input\":\"required name=search_term_string\"}],\"inLanguage\":\"es\"},{\"@type\":\"Organization\",\"@id\":\"https:\/\/experienciadevida.com.ar\/portalurbano\/#organization\",\"name\":\"Portal Urbano\",\"url\":\"https:\/\/experienciadevida.com.ar\/portalurbano\/\",\"logo\":{\"@type\":\"ImageObject\",\"inLanguage\":\"es\",\"@id\":\"https:\/\/experienciadevida.com.ar\/portalurbano\/#\/schema\/logo\/image\/\",\"url\":\"https:\/\/experienciadevida.com.ar\/portalurbano\/wp-content\/uploads\/2019\/09\/Logo-Original.png\",\"contentUrl\":\"https:\/\/experienciadevida.com.ar\/portalurbano\/wp-content\/uploads\/2019\/09\/Logo-Original.png\",\"width\":2236,\"height\":1216,\"caption\":\"Portal Urbano\"},\"image\":{\"@id\":\"https:\/\/experienciadevida.com.ar\/portalurbano\/#\/schema\/logo\/image\/\"},\"sameAs\":[\"https:\/\/www.facebook.com\/Portal-Urbano-171542830093757\/\",\"https:\/\/twitter.com\/portalurbanook\",\"https:\/\/www.instagram.com\/_portalurbano\/\",\"https:\/\/www.youtube.com\/channel\/UCXhagIfszH8KxFiOok79zbA?view_as=subscriber\"]},{\"@type\":\"Person\",\"@id\":\"https:\/\/experienciadevida.com.ar\/portalurbano\/#\/schema\/person\/02dd326b1c4b056e9cc972486934a3a7\",\"name\":\"admpu17wp\",\"image\":{\"@type\":\"ImageObject\",\"inLanguage\":\"es\",\"@id\":\"https:\/\/experienciadevida.com.ar\/portalurbano\/#\/schema\/person\/image\/\",\"url\":\"https:\/\/secure.gravatar.com\/avatar\/830d4c57adaae6630765e449a6908047?s=96&d=mm&r=g\",\"contentUrl\":\"https:\/\/secure.gravatar.com\/avatar\/830d4c57adaae6630765e449a6908047?s=96&d=mm&r=g\",\"caption\":\"admpu17wp\"}}]}<\/script>\n<!-- \/ Yoast SEO plugin. -->","yoast_head_json":{"title":"Inscripci\u00f3n abierta a la diplomatura universitaria en educaci\u00f3n","description":"Inscripci\u00f3n abierta a la Diplomatura Universitaria en Educaci\u00f3n para la Paz y el Abordaje de la Conflictividad Social, entre el 13 de junio","robots":{"index":"index","follow":"follow","max-snippet":"max-snippet:-1","max-image-preview":"max-image-preview:large","max-video-preview":"max-video-preview:-1"},"canonical":"https:\/\/experienciadevida.com.ar\/portalurbano\/inscripcion-abierta-a-la-diplomatura-universitaria-en-educacion-para-la-paz-y-el-abordaje-de-la-conflictividad-social-2\/","og_locale":"es_ES","og_type":"article","og_title":"Inscripci\u00f3n abierta a la diplomatura universitaria en educaci\u00f3n","og_description":"Inscripci\u00f3n abierta a la Diplomatura Universitaria en Educaci\u00f3n para la Paz y el Abordaje de la Conflictividad Social, entre el 13 de junio","og_url":"https:\/\/experienciadevida.com.ar\/portalurbano\/inscripcion-abierta-a-la-diplomatura-universitaria-en-educacion-para-la-paz-y-el-abordaje-de-la-conflictividad-social-2\/","article_publisher":"https:\/\/www.facebook.com\/Portal-Urbano-171542830093757\/","article_published_time":"2022-07-02T13:55:09+00:00","article_modified_time":"2022-07-02T13:55:36+00:00","og_image":[{"width":1026,"height":1028,"url":"https:\/\/experienciadevida.com.ar\/portalurbano\/wp-content\/uploads\/2022\/07\/Inscripcion-abierta-a-la.jpg","type":"image\/jpeg"}],"author":"admpu17wp","twitter_card":"summary_large_image","twitter_creator":"@portalurbanook","twitter_site":"@portalurbanook","twitter_misc":{"Escrito por":"admpu17wp","Tiempo de lectura":"3 minutos"},"schema":{"@context":"https:\/\/schema.org","@graph":[{"@type":"Article","@id":"https:\/\/experienciadevida.com.ar\/portalurbano\/inscripcion-abierta-a-la-diplomatura-universitaria-en-educacion-para-la-paz-y-el-abordaje-de-la-conflictividad-social-2\/#article","isPartOf":{"@id":"https:\/\/experienciadevida.com.ar\/portalurbano\/inscripcion-abierta-a-la-diplomatura-universitaria-en-educacion-para-la-paz-y-el-abordaje-de-la-conflictividad-social-2\/"},"author":{"name":"admpu17wp","@id":"https:\/\/experienciadevida.com.ar\/portalurbano\/#\/schema\/person\/02dd326b1c4b056e9cc972486934a3a7"},"headline":"Inscripci\u00f3n abierta a la Diplomatura Universitaria en Educaci\u00f3n para la Paz y el Abordaje de la Conflictividad Social","datePublished":"2022-07-02T13:55:09+00:00","dateModified":"2022-07-02T13:55:36+00:00","mainEntityOfPage":{"@id":"https:\/\/experienciadevida.com.ar\/portalurbano\/inscripcion-abierta-a-la-diplomatura-universitaria-en-educacion-para-la-paz-y-el-abordaje-de-la-conflictividad-social-2\/"},"wordCount":502,"publisher":{"@id":"https:\/\/experienciadevida.com.ar\/portalurbano\/#organization"},"articleSection":["Educaci\u00f3n"],"inLanguage":"es"},{"@type":"WebPage","@id":"https:\/\/experienciadevida.com.ar\/portalurbano\/inscripcion-abierta-a-la-diplomatura-universitaria-en-educacion-para-la-paz-y-el-abordaje-de-la-conflictividad-social-2\/","url":"https:\/\/experienciadevida.com.ar\/portalurbano\/inscripcion-abierta-a-la-diplomatura-universitaria-en-educacion-para-la-paz-y-el-abordaje-de-la-conflictividad-social-2\/","name":"Inscripci\u00f3n abierta a la diplomatura universitaria en educaci\u00f3n","isPartOf":{"@id":"https:\/\/experienciadevida.com.ar\/portalurbano\/#website"},"datePublished":"2022-07-02T13:55:09+00:00","dateModified":"2022-07-02T13:55:36+00:00","description":"Inscripci\u00f3n abierta a la Diplomatura Universitaria en Educaci\u00f3n para la Paz y el Abordaje de la Conflictividad Social, entre el 13 de junio","breadcrumb":{"@id":"https:\/\/experienciadevida.com.ar\/portalurbano\/inscripcion-abierta-a-la-diplomatura-universitaria-en-educacion-para-la-paz-y-el-abordaje-de-la-conflictividad-social-2\/#breadcrumb"},"inLanguage":"es","potentialAction":[{"@type":"ReadAction","target":["https:\/\/experienciadevida.com.ar\/portalurbano\/inscripcion-abierta-a-la-diplomatura-universitaria-en-educacion-para-la-paz-y-el-abordaje-de-la-conflictividad-social-2\/"]}]},{"@type":"BreadcrumbList","@id":"https:\/\/experienciadevida.com.ar\/portalurbano\/inscripcion-abierta-a-la-diplomatura-universitaria-en-educacion-para-la-paz-y-el-abordaje-de-la-conflictividad-social-2\/#breadcrumb","itemListElement":[{"@type":"ListItem","position":1,"name":"Portada","item":"https:\/\/experienciadevida.com.ar\/portalurbano\/"},{"@type":"ListItem","position":2,"name":"Inscripci\u00f3n abierta a la Diplomatura Universitaria en Educaci\u00f3n para la Paz y el Abordaje de la Conflictividad Social"}]},{"@type":"WebSite","@id":"https:\/\/experienciadevida.com.ar\/portalurbano\/#website","url":"https:\/\/experienciadevida.com.ar\/portalurbano\/","name":"","description":"","publisher":{"@id":"https:\/\/experienciadevida.com.ar\/portalurbano\/#organization"},"potentialAction":[{"@type":"SearchAction","target":{"@type":"EntryPoint","urlTemplate":"https:\/\/experienciadevida.com.ar\/portalurbano\/?s={search_term_string}"},"query-input":"required name=search_term_string"}],"inLanguage":"es"},{"@type":"Organization","@id":"https:\/\/experienciadevida.com.ar\/portalurbano\/#organization","name":"Portal Urbano","url":"https:\/\/experienciadevida.com.ar\/portalurbano\/","logo":{"@type":"ImageObject","inLanguage":"es","@id":"https:\/\/experienciadevida.com.ar\/portalurbano\/#\/schema\/logo\/image\/","url":"https:\/\/experienciadevida.com.ar\/portalurbano\/wp-content\/uploads\/2019\/09\/Logo-Original.png","contentUrl":"https:\/\/experienciadevida.com.ar\/portalurbano\/wp-content\/uploads\/2019\/09\/Logo-Original.png","width":2236,"height":1216,"caption":"Portal Urbano"},"image":{"@id":"https:\/\/experienciadevida.com.ar\/portalurbano\/#\/schema\/logo\/image\/"},"sameAs":["https:\/\/www.facebook.com\/Portal-Urbano-171542830093757\/","https:\/\/twitter.com\/portalurbanook","https:\/\/www.instagram.com\/_portalurbano\/","https:\/\/www.youtube.com\/channel\/UCXhagIfszH8KxFiOok79zbA?view_as=subscriber"]},{"@type":"Person","@id":"https:\/\/experienciadevida.com.ar\/portalurbano\/#\/schema\/person\/02dd326b1c4b056e9cc972486934a3a7","name":"admpu17wp","image":{"@type":"ImageObject","inLanguage":"es","@id":"https:\/\/experienciadevida.com.ar\/portalurbano\/#\/schema\/person\/image\/","url":"https:\/\/secure.gravatar.com\/avatar\/830d4c57adaae6630765e449a6908047?s=96&d=mm&r=g","contentUrl":"https:\/\/secure.gravatar.com\/avatar\/830d4c57adaae6630765e449a6908047?s=96&d=mm&r=g","caption":"admpu17wp"}}]}},"featured_image_urls":{"full":["https:\/\/experienciadevida.com.ar\/portalurbano\/wp-content\/uploads\/2022\/07\/Inscripcion-abierta-a-la.jpg",1026,1028,false],"thumbnail":["https:\/\/experienciadevida.com.ar\/portalurbano\/wp-content\/uploads\/2022\/07\/Inscripcion-abierta-a-la-150x150.jpg",150,150,true],"medium":["https:\/\/experienciadevida.com.ar\/portalurbano\/wp-content\/uploads\/2022\/07\/Inscripcion-abierta-a-la-300x300.jpg",300,300,true],"medium_large":["https:\/\/experienciadevida.com.ar\/portalurbano\/wp-content\/uploads\/2022\/07\/Inscripcion-abierta-a-la-768x769.jpg",640,641,true],"large":["https:\/\/experienciadevida.com.ar\/portalurbano\/wp-content\/uploads\/2022\/07\/Inscripcion-abierta-a-la-1022x1024.jpg",640,641,true],"ug_big":["https:\/\/experienciadevida.com.ar\/portalurbano\/wp-content\/uploads\/2022\/07\/Inscripcion-abierta-a-la-768x768.jpg",768,768,true],"1536x1536":["https:\/\/experienciadevida.com.ar\/portalurbano\/wp-content\/uploads\/2022\/07\/Inscripcion-abierta-a-la.jpg",1026,1028,false],"2048x2048":["https:\/\/experienciadevida.com.ar\/portalurbano\/wp-content\/uploads\/2022\/07\/Inscripcion-abierta-a-la.jpg",1026,1028,false],"newsever-slider-full":["https:\/\/experienciadevida.com.ar\/portalurbano\/wp-content\/uploads\/2022\/07\/Inscripcion-abierta-a-la.jpg",843,845,false],"newsever-featured":["https:\/\/experienciadevida.com.ar\/portalurbano\/wp-content\/uploads\/2022\/07\/Inscripcion-abierta-a-la.jpg",1024,1026,false],"newsever-medium":["https:\/\/experienciadevida.com.ar\/portalurbano\/wp-content\/uploads\/2022\/07\/Inscripcion-abierta-a-la.jpg",474,475,false],"web-stories-poster-portrait":["https:\/\/experienciadevida.com.ar\/portalurbano\/wp-content\/uploads\/2022\/07\/Inscripcion-abierta-a-la.jpg",640,641,false],"web-stories-publisher-logo":["https:\/\/experienciadevida.com.ar\/portalurbano\/wp-content\/uploads\/2022\/07\/Inscripcion-abierta-a-la.jpg",96,96,false],"web-stories-thumbnail":["https:\/\/experienciadevida.com.ar\/portalurbano\/wp-content\/uploads\/2022\/07\/Inscripcion-abierta-a-la.jpg",150,150,false]},"author_info":{"display_name":"admpu17wp","author_link":"https:\/\/experienciadevida.com.ar\/portalurbano\/author\/admpu17wp\/"},"category_info":"<a href=\"https:\/\/experienciadevida.com.ar\/portalurbano\/category\/ciudad\/educacion\/\" rel=\"category tag\">Educaci\u00f3n<\/a>","tag_info":"Educaci\u00f3n","comment_count":"0","amp_enabled":true,"_links":{"self":[{"href":"https:\/\/experienciadevida.com.ar\/portalurbano\/wp-json\/wp\/v2\/posts\/170573"}],"collection":[{"href":"https:\/\/experienciadevida.com.ar\/portalurbano\/wp-json\/wp\/v2\/posts"}],"about":[{"href":"https:\/\/experienciadevida.com.ar\/portalurbano\/wp-json\/wp\/v2\/types\/post"}],"author":[{"embeddable":true,"href":"https:\/\/experienciadevida.com.ar\/portalurbano\/wp-json\/wp\/v2\/users\/1"}],"replies":[{"embeddable":true,"href":"https:\/\/experienciadevida.com.ar\/portalurbano\/wp-json\/wp\/v2\/comments?post=170573"}],"version-history":[{"count":2,"href":"https:\/\/experienciadevida.com.ar\/portalurbano\/wp-json\/wp\/v2\/posts\/170573\/revisions"}],"predecessor-version":[{"id":170576,"href":"https:\/\/experienciadevida.com.ar\/portalurbano\/wp-json\/wp\/v2\/posts\/170573\/revisions\/170576"}],"wp:featuredmedia":[{"embeddable":true,"href":"https:\/\/experienciadevida.com.ar\/portalurbano\/wp-json\/wp\/v2\/media\/170574"}],"wp:attachment":[{"href":"https:\/\/experienciadevida.com.ar\/portalurbano\/wp-json\/wp\/v2\/media?parent=170573"}],"wp:term":[{"taxonomy":"category","embeddable":true,"href":"https:\/\/experienciadevida.com.ar\/portalurbano\/wp-json\/wp\/v2\/categories?post=170573"},{"taxonomy":"post_tag","embeddable":true,"href":"https:\/\/experienciadevida.com.ar\/portalurbano\/wp-json\/wp\/v2\/tags?post=170573"}],"curies":[{"name":"wp","href":"https:\/\/api.w.org\/{rel}","templated":true}]}}