{"id":170568,"date":"2022-07-02T10:50:04","date_gmt":"2022-07-02T13:50:04","guid":{"rendered":"https:\/\/experienciadevida.com.ar\/portalurbano\/?p=170568"},"modified":"2022-07-02T10:52:18","modified_gmt":"2022-07-02T13:52:18","slug":"se-realizo-el-conversatorio-practicas-saberes-y-disputas-politico-pedagogicas","status":"publish","type":"post","link":"https:\/\/experienciadevida.com.ar\/portalurbano\/se-realizo-el-conversatorio-practicas-saberes-y-disputas-politico-pedagogicas\/","title":{"rendered":"Se realiz\u00f3 el conversatorio \u201cPr\u00e1cticas, saberes y disputas pol\u00edtico-pedag\u00f3gicas\u201d"},"content":{"rendered":"<p>Se realiz\u00f3 el conversatorio \u201cPr\u00e1cticas, saberes y disputas pol\u00edtico-pedag\u00f3gicas\u201d, en el marco de la c\u00e1tedra Pol\u00edtica Educativa del departamento de Educaci\u00f3n, se llev\u00f3 a cabo en la <a href=\"https:\/\/www.facebook.com\/facultadcienciassociales.unicen\">Facultad<\/a> de Ciencias Sociales el conversatorio \u201cPr\u00e1cticas, saberes y disputas pol\u00edtico-pedag\u00f3gicas\u201d.<\/p>\n<p>El mismo estuvo organizado y coordinado por estudiantes del Profesorado de Antropolog\u00eda: Renata Bueno, Edgardo Zouza, Mat\u00edas Pietronave y Camila Newbery, con el acompa\u00f1amiento de las docentes Gabriela Gamberini, Fabiana Caruso y Florencia Torregiani.<\/p>\n<p>El encuentro que se realiz\u00f3 el mi\u00e9rcoles 22 de junio cont\u00f3 con la participaci\u00f3n de referentes sociales y educativos que compartieron miradas y experiencias en relaci\u00f3n a temas abordados previamente desde la perspectiva legal: protecci\u00f3n de derechos de ni\u00f1os, ni\u00f1as y adolescentes, educaci\u00f3n sexual integral, educaci\u00f3n ambiental integral y educaci\u00f3n como derecho (bachilleratos populares).<\/p>\n<p>Participaron del conversatorio Carlos Rodr\u00edguez y Carla Di Francesco, integrantes del Programa de Extensi\u00f3n CheSida; \u00c1lvaro \u00c1lvarez, quien forma parte del Centro de Investigaciones Geogr\u00e1ficas del Instituto de Geograf\u00eda e Historia y Ciencias Sociales de FCH-UNICEN; Soledad Boggi, miembro del Bachillerato Popular en Barrio Villa Piazza (Azul) y docente en Contextos de Encierro; Yanina Lardapide, Profesora de Ciencias Pol\u00edticas en el Bachillerato Popular en Barrio Villa Piazza (Azul) y referente del Movimiento Evita (Olavarr\u00eda); Tamara Cervino, referente del Proyecto de Espacio de Primeras Infancias (EPI) en el Movimiento Evita (Olavarr\u00eda); y Camila Ricciuto y Miranda Vazquez, del proyecto Jard\u00edn del Frente de Organizaciones en Lucha (FOL, Olavarr\u00eda).<\/p>\n<p>Desde la c\u00e1tedra destacaron que la jornada propici\u00f3 un activo intercambio acerca de las experiencias en territorio, vinculadas con la formaci\u00f3n, la investigaci\u00f3n y las articulaciones sociocomunitarias. La dimensi\u00f3n pol\u00edtica de las pr\u00e1cticas, la integralidad y la promoci\u00f3n de derechos (como estudiantes, profesores\/as, trabajadores\/as, padres, madres, militantes) fueron los hilos que construyeron el di\u00e1logo entre participantes y abrieron nuevas oportunidades de encuentros colectivos.<\/p>\n","protected":false},"excerpt":{"rendered":"<p>Se realiz\u00f3 el conversatorio \u201cPr\u00e1cticas, saberes y disputas pol\u00edtico-pedag\u00f3gicas\u201d, en el marco de la c\u00e1tedra&#8230;<\/p>\n","protected":false},"author":1,"featured_media":170569,"comment_status":"closed","ping_status":"closed","sticky":false,"template":"","format":"standard","meta":{"content-type":""},"categories":[31],"tags":[],"nelio_content":{"isAutoShareEnabled":false,"autoShareEndMode":"default","automationSources":{"useContentSentences":true,"useSocialTemplates":true,"useCustomSentences":false,"customSentences":[]},"followers":[1],"suggestedReferences":[],"includedReferences":[],"efiUrl":"","efiAlt":"","highlights":[]},"yoast_head":"<!-- This site is optimized with the Yoast SEO plugin v20.7 - https:\/\/yoast.com\/wordpress\/plugins\/seo\/ -->\n<title>Se realiz\u00f3 el conversatorio &quot;pr\u00e1ctica saberes y disputas pol\u00edtico&quot;<\/title>\n<meta name=\"description\" content=\"Se realiz\u00f3 el conversatorio \u201cPr\u00e1cticas, saberes y disputas pol\u00edtico-pedag\u00f3gicas\u201d, en el marco de la c\u00e1tedra Pol\u00edtica Educativa\" \/>\n<meta name=\"robots\" content=\"index, follow, max-snippet:-1, max-image-preview:large, max-video-preview:-1\" \/>\n<link rel=\"canonical\" href=\"https:\/\/experienciadevida.com.ar\/portalurbano\/se-realizo-el-conversatorio-practicas-saberes-y-disputas-politico-pedagogicas\/\" \/>\n<meta property=\"og:locale\" content=\"es_ES\" \/>\n<meta property=\"og:type\" content=\"article\" \/>\n<meta property=\"og:title\" content=\"Se realiz\u00f3 el conversatorio &quot;pr\u00e1ctica saberes y disputas pol\u00edtico&quot;\" \/>\n<meta property=\"og:description\" content=\"Se realiz\u00f3 el conversatorio \u201cPr\u00e1cticas, saberes y disputas pol\u00edtico-pedag\u00f3gicas\u201d, en el marco de la c\u00e1tedra Pol\u00edtica Educativa\" \/>\n<meta property=\"og:url\" content=\"https:\/\/experienciadevida.com.ar\/portalurbano\/se-realizo-el-conversatorio-practicas-saberes-y-disputas-politico-pedagogicas\/\" \/>\n<meta property=\"article:publisher\" content=\"https:\/\/www.facebook.com\/Portal-Urbano-171542830093757\/\" \/>\n<meta property=\"article:published_time\" content=\"2022-07-02T13:50:04+00:00\" \/>\n<meta property=\"article:modified_time\" content=\"2022-07-02T13:52:18+00:00\" \/>\n<meta property=\"og:image\" content=\"https:\/\/experienciadevida.com.ar\/portalurbano\/wp-content\/uploads\/2022\/07\/Se-realizo-el-conversatorio.jpg\" \/>\n\t<meta property=\"og:image:width\" content=\"1480\" \/>\n\t<meta property=\"og:image:height\" content=\"893\" \/>\n\t<meta property=\"og:image:type\" content=\"image\/jpeg\" \/>\n<meta name=\"author\" content=\"admpu17wp\" \/>\n<meta name=\"twitter:card\" content=\"summary_large_image\" \/>\n<meta name=\"twitter:creator\" content=\"@portalurbanook\" \/>\n<meta name=\"twitter:site\" content=\"@portalurbanook\" \/>\n<meta name=\"twitter:label1\" content=\"Escrito por\" \/>\n\t<meta name=\"twitter:data1\" content=\"admpu17wp\" \/>\n\t<meta name=\"twitter:label2\" content=\"Tiempo de lectura\" \/>\n\t<meta name=\"twitter:data2\" content=\"2 minutos\" \/>\n<script type=\"application\/ld+json\" class=\"yoast-schema-graph\">{\"@context\":\"https:\/\/schema.org\",\"@graph\":[{\"@type\":\"Article\",\"@id\":\"https:\/\/experienciadevida.com.ar\/portalurbano\/se-realizo-el-conversatorio-practicas-saberes-y-disputas-politico-pedagogicas\/#article\",\"isPartOf\":{\"@id\":\"https:\/\/experienciadevida.com.ar\/portalurbano\/se-realizo-el-conversatorio-practicas-saberes-y-disputas-politico-pedagogicas\/\"},\"author\":{\"name\":\"admpu17wp\",\"@id\":\"https:\/\/experienciadevida.com.ar\/portalurbano\/#\/schema\/person\/02dd326b1c4b056e9cc972486934a3a7\"},\"headline\":\"Se realiz\u00f3 el conversatorio \u201cPr\u00e1cticas, saberes y disputas pol\u00edtico-pedag\u00f3gicas\u201d\",\"datePublished\":\"2022-07-02T13:50:04+00:00\",\"dateModified\":\"2022-07-02T13:52:18+00:00\",\"mainEntityOfPage\":{\"@id\":\"https:\/\/experienciadevida.com.ar\/portalurbano\/se-realizo-el-conversatorio-practicas-saberes-y-disputas-politico-pedagogicas\/\"},\"wordCount\":347,\"publisher\":{\"@id\":\"https:\/\/experienciadevida.com.ar\/portalurbano\/#organization\"},\"articleSection\":[\"Educaci\u00f3n\"],\"inLanguage\":\"es\"},{\"@type\":\"WebPage\",\"@id\":\"https:\/\/experienciadevida.com.ar\/portalurbano\/se-realizo-el-conversatorio-practicas-saberes-y-disputas-politico-pedagogicas\/\",\"url\":\"https:\/\/experienciadevida.com.ar\/portalurbano\/se-realizo-el-conversatorio-practicas-saberes-y-disputas-politico-pedagogicas\/\",\"name\":\"Se realiz\u00f3 el conversatorio \\\"pr\u00e1ctica saberes y disputas pol\u00edtico\\\"\",\"isPartOf\":{\"@id\":\"https:\/\/experienciadevida.com.ar\/portalurbano\/#website\"},\"datePublished\":\"2022-07-02T13:50:04+00:00\",\"dateModified\":\"2022-07-02T13:52:18+00:00\",\"description\":\"Se realiz\u00f3 el conversatorio \u201cPr\u00e1cticas, saberes y disputas pol\u00edtico-pedag\u00f3gicas\u201d, en el marco de la c\u00e1tedra Pol\u00edtica Educativa\",\"breadcrumb\":{\"@id\":\"https:\/\/experienciadevida.com.ar\/portalurbano\/se-realizo-el-conversatorio-practicas-saberes-y-disputas-politico-pedagogicas\/#breadcrumb\"},\"inLanguage\":\"es\",\"potentialAction\":[{\"@type\":\"ReadAction\",\"target\":[\"https:\/\/experienciadevida.com.ar\/portalurbano\/se-realizo-el-conversatorio-practicas-saberes-y-disputas-politico-pedagogicas\/\"]}]},{\"@type\":\"BreadcrumbList\",\"@id\":\"https:\/\/experienciadevida.com.ar\/portalurbano\/se-realizo-el-conversatorio-practicas-saberes-y-disputas-politico-pedagogicas\/#breadcrumb\",\"itemListElement\":[{\"@type\":\"ListItem\",\"position\":1,\"name\":\"Portada\",\"item\":\"https:\/\/experienciadevida.com.ar\/portalurbano\/\"},{\"@type\":\"ListItem\",\"position\":2,\"name\":\"Se realiz\u00f3 el conversatorio \u201cPr\u00e1cticas, saberes y disputas pol\u00edtico-pedag\u00f3gicas\u201d\"}]},{\"@type\":\"WebSite\",\"@id\":\"https:\/\/experienciadevida.com.ar\/portalurbano\/#website\",\"url\":\"https:\/\/experienciadevida.com.ar\/portalurbano\/\",\"name\":\"\",\"description\":\"\",\"publisher\":{\"@id\":\"https:\/\/experienciadevida.com.ar\/portalurbano\/#organization\"},\"potentialAction\":[{\"@type\":\"SearchAction\",\"target\":{\"@type\":\"EntryPoint\",\"urlTemplate\":\"https:\/\/experienciadevida.com.ar\/portalurbano\/?s={search_term_string}\"},\"query-input\":\"required name=search_term_string\"}],\"inLanguage\":\"es\"},{\"@type\":\"Organization\",\"@id\":\"https:\/\/experienciadevida.com.ar\/portalurbano\/#organization\",\"name\":\"Portal Urbano\",\"url\":\"https:\/\/experienciadevida.com.ar\/portalurbano\/\",\"logo\":{\"@type\":\"ImageObject\",\"inLanguage\":\"es\",\"@id\":\"https:\/\/experienciadevida.com.ar\/portalurbano\/#\/schema\/logo\/image\/\",\"url\":\"https:\/\/experienciadevida.com.ar\/portalurbano\/wp-content\/uploads\/2019\/09\/Logo-Original.png\",\"contentUrl\":\"https:\/\/experienciadevida.com.ar\/portalurbano\/wp-content\/uploads\/2019\/09\/Logo-Original.png\",\"width\":2236,\"height\":1216,\"caption\":\"Portal Urbano\"},\"image\":{\"@id\":\"https:\/\/experienciadevida.com.ar\/portalurbano\/#\/schema\/logo\/image\/\"},\"sameAs\":[\"https:\/\/www.facebook.com\/Portal-Urbano-171542830093757\/\",\"https:\/\/twitter.com\/portalurbanook\",\"https:\/\/www.instagram.com\/_portalurbano\/\",\"https:\/\/www.youtube.com\/channel\/UCXhagIfszH8KxFiOok79zbA?view_as=subscriber\"]},{\"@type\":\"Person\",\"@id\":\"https:\/\/experienciadevida.com.ar\/portalurbano\/#\/schema\/person\/02dd326b1c4b056e9cc972486934a3a7\",\"name\":\"admpu17wp\",\"image\":{\"@type\":\"ImageObject\",\"inLanguage\":\"es\",\"@id\":\"https:\/\/experienciadevida.com.ar\/portalurbano\/#\/schema\/person\/image\/\",\"url\":\"https:\/\/secure.gravatar.com\/avatar\/830d4c57adaae6630765e449a6908047?s=96&d=mm&r=g\",\"contentUrl\":\"https:\/\/secure.gravatar.com\/avatar\/830d4c57adaae6630765e449a6908047?s=96&d=mm&r=g\",\"caption\":\"admpu17wp\"}}]}<\/script>\n<!-- \/ Yoast SEO plugin. -->","yoast_head_json":{"title":"Se realiz\u00f3 el conversatorio \"pr\u00e1ctica saberes y disputas pol\u00edtico\"","description":"Se realiz\u00f3 el conversatorio \u201cPr\u00e1cticas, saberes y disputas pol\u00edtico-pedag\u00f3gicas\u201d, en el marco de la c\u00e1tedra Pol\u00edtica Educativa","robots":{"index":"index","follow":"follow","max-snippet":"max-snippet:-1","max-image-preview":"max-image-preview:large","max-video-preview":"max-video-preview:-1"},"canonical":"https:\/\/experienciadevida.com.ar\/portalurbano\/se-realizo-el-conversatorio-practicas-saberes-y-disputas-politico-pedagogicas\/","og_locale":"es_ES","og_type":"article","og_title":"Se realiz\u00f3 el conversatorio \"pr\u00e1ctica saberes y disputas pol\u00edtico\"","og_description":"Se realiz\u00f3 el conversatorio \u201cPr\u00e1cticas, saberes y disputas pol\u00edtico-pedag\u00f3gicas\u201d, en el marco de la c\u00e1tedra Pol\u00edtica Educativa","og_url":"https:\/\/experienciadevida.com.ar\/portalurbano\/se-realizo-el-conversatorio-practicas-saberes-y-disputas-politico-pedagogicas\/","article_publisher":"https:\/\/www.facebook.com\/Portal-Urbano-171542830093757\/","article_published_time":"2022-07-02T13:50:04+00:00","article_modified_time":"2022-07-02T13:52:18+00:00","og_image":[{"width":1480,"height":893,"url":"https:\/\/experienciadevida.com.ar\/portalurbano\/wp-content\/uploads\/2022\/07\/Se-realizo-el-conversatorio.jpg","type":"image\/jpeg"}],"author":"admpu17wp","twitter_card":"summary_large_image","twitter_creator":"@portalurbanook","twitter_site":"@portalurbanook","twitter_misc":{"Escrito por":"admpu17wp","Tiempo de lectura":"2 minutos"},"schema":{"@context":"https:\/\/schema.org","@graph":[{"@type":"Article","@id":"https:\/\/experienciadevida.com.ar\/portalurbano\/se-realizo-el-conversatorio-practicas-saberes-y-disputas-politico-pedagogicas\/#article","isPartOf":{"@id":"https:\/\/experienciadevida.com.ar\/portalurbano\/se-realizo-el-conversatorio-practicas-saberes-y-disputas-politico-pedagogicas\/"},"author":{"name":"admpu17wp","@id":"https:\/\/experienciadevida.com.ar\/portalurbano\/#\/schema\/person\/02dd326b1c4b056e9cc972486934a3a7"},"headline":"Se realiz\u00f3 el conversatorio \u201cPr\u00e1cticas, saberes y disputas pol\u00edtico-pedag\u00f3gicas\u201d","datePublished":"2022-07-02T13:50:04+00:00","dateModified":"2022-07-02T13:52:18+00:00","mainEntityOfPage":{"@id":"https:\/\/experienciadevida.com.ar\/portalurbano\/se-realizo-el-conversatorio-practicas-saberes-y-disputas-politico-pedagogicas\/"},"wordCount":347,"publisher":{"@id":"https:\/\/experienciadevida.com.ar\/portalurbano\/#organization"},"articleSection":["Educaci\u00f3n"],"inLanguage":"es"},{"@type":"WebPage","@id":"https:\/\/experienciadevida.com.ar\/portalurbano\/se-realizo-el-conversatorio-practicas-saberes-y-disputas-politico-pedagogicas\/","url":"https:\/\/experienciadevida.com.ar\/portalurbano\/se-realizo-el-conversatorio-practicas-saberes-y-disputas-politico-pedagogicas\/","name":"Se realiz\u00f3 el conversatorio \"pr\u00e1ctica saberes y disputas pol\u00edtico\"","isPartOf":{"@id":"https:\/\/experienciadevida.com.ar\/portalurbano\/#website"},"datePublished":"2022-07-02T13:50:04+00:00","dateModified":"2022-07-02T13:52:18+00:00","description":"Se realiz\u00f3 el conversatorio \u201cPr\u00e1cticas, saberes y disputas pol\u00edtico-pedag\u00f3gicas\u201d, en el marco de la c\u00e1tedra Pol\u00edtica Educativa","breadcrumb":{"@id":"https:\/\/experienciadevida.com.ar\/portalurbano\/se-realizo-el-conversatorio-practicas-saberes-y-disputas-politico-pedagogicas\/#breadcrumb"},"inLanguage":"es","potentialAction":[{"@type":"ReadAction","target":["https:\/\/experienciadevida.com.ar\/portalurbano\/se-realizo-el-conversatorio-practicas-saberes-y-disputas-politico-pedagogicas\/"]}]},{"@type":"BreadcrumbList","@id":"https:\/\/experienciadevida.com.ar\/portalurbano\/se-realizo-el-conversatorio-practicas-saberes-y-disputas-politico-pedagogicas\/#breadcrumb","itemListElement":[{"@type":"ListItem","position":1,"name":"Portada","item":"https:\/\/experienciadevida.com.ar\/portalurbano\/"},{"@type":"ListItem","position":2,"name":"Se realiz\u00f3 el conversatorio \u201cPr\u00e1cticas, saberes y disputas pol\u00edtico-pedag\u00f3gicas\u201d"}]},{"@type":"WebSite","@id":"https:\/\/experienciadevida.com.ar\/portalurbano\/#website","url":"https:\/\/experienciadevida.com.ar\/portalurbano\/","name":"","description":"","publisher":{"@id":"https:\/\/experienciadevida.com.ar\/portalurbano\/#organization"},"potentialAction":[{"@type":"SearchAction","target":{"@type":"EntryPoint","urlTemplate":"https:\/\/experienciadevida.com.ar\/portalurbano\/?s={search_term_string}"},"query-input":"required name=search_term_string"}],"inLanguage":"es"},{"@type":"Organization","@id":"https:\/\/experienciadevida.com.ar\/portalurbano\/#organization","name":"Portal Urbano","url":"https:\/\/experienciadevida.com.ar\/portalurbano\/","logo":{"@type":"ImageObject","inLanguage":"es","@id":"https:\/\/experienciadevida.com.ar\/portalurbano\/#\/schema\/logo\/image\/","url":"https:\/\/experienciadevida.com.ar\/portalurbano\/wp-content\/uploads\/2019\/09\/Logo-Original.png","contentUrl":"https:\/\/experienciadevida.com.ar\/portalurbano\/wp-content\/uploads\/2019\/09\/Logo-Original.png","width":2236,"height":1216,"caption":"Portal Urbano"},"image":{"@id":"https:\/\/experienciadevida.com.ar\/portalurbano\/#\/schema\/logo\/image\/"},"sameAs":["https:\/\/www.facebook.com\/Portal-Urbano-171542830093757\/","https:\/\/twitter.com\/portalurbanook","https:\/\/www.instagram.com\/_portalurbano\/","https:\/\/www.youtube.com\/channel\/UCXhagIfszH8KxFiOok79zbA?view_as=subscriber"]},{"@type":"Person","@id":"https:\/\/experienciadevida.com.ar\/portalurbano\/#\/schema\/person\/02dd326b1c4b056e9cc972486934a3a7","name":"admpu17wp","image":{"@type":"ImageObject","inLanguage":"es","@id":"https:\/\/experienciadevida.com.ar\/portalurbano\/#\/schema\/person\/image\/","url":"https:\/\/secure.gravatar.com\/avatar\/830d4c57adaae6630765e449a6908047?s=96&d=mm&r=g","contentUrl":"https:\/\/secure.gravatar.com\/avatar\/830d4c57adaae6630765e449a6908047?s=96&d=mm&r=g","caption":"admpu17wp"}}]}},"featured_image_urls":{"full":["https:\/\/experienciadevida.com.ar\/portalurbano\/wp-content\/uploads\/2022\/07\/Se-realizo-el-conversatorio.jpg",1480,893,false],"thumbnail":["https:\/\/experienciadevida.com.ar\/portalurbano\/wp-content\/uploads\/2022\/07\/Se-realizo-el-conversatorio-150x150.jpg",150,150,true],"medium":["https:\/\/experienciadevida.com.ar\/portalurbano\/wp-content\/uploads\/2022\/07\/Se-realizo-el-conversatorio-300x181.jpg",300,181,true],"medium_large":["https:\/\/experienciadevida.com.ar\/portalurbano\/wp-content\/uploads\/2022\/07\/Se-realizo-el-conversatorio-768x463.jpg",640,386,true],"large":["https:\/\/experienciadevida.com.ar\/portalurbano\/wp-content\/uploads\/2022\/07\/Se-realizo-el-conversatorio-1024x618.jpg",640,386,true],"ug_big":["https:\/\/experienciadevida.com.ar\/portalurbano\/wp-content\/uploads\/2022\/07\/Se-realizo-el-conversatorio-768x463.jpg",768,463,true],"1536x1536":["https:\/\/experienciadevida.com.ar\/portalurbano\/wp-content\/uploads\/2022\/07\/Se-realizo-el-conversatorio.jpg",1480,893,false],"2048x2048":["https:\/\/experienciadevida.com.ar\/portalurbano\/wp-content\/uploads\/2022\/07\/Se-realizo-el-conversatorio.jpg",1480,893,false],"newsever-slider-full":["https:\/\/experienciadevida.com.ar\/portalurbano\/wp-content\/uploads\/2022\/07\/Se-realizo-el-conversatorio.jpg",1280,772,false],"newsever-featured":["https:\/\/experienciadevida.com.ar\/portalurbano\/wp-content\/uploads\/2022\/07\/Se-realizo-el-conversatorio.jpg",1024,618,false],"newsever-medium":["https:\/\/experienciadevida.com.ar\/portalurbano\/wp-content\/uploads\/2022\/07\/Se-realizo-el-conversatorio.jpg",720,434,false],"web-stories-poster-portrait":["https:\/\/experienciadevida.com.ar\/portalurbano\/wp-content\/uploads\/2022\/07\/Se-realizo-el-conversatorio.jpg",640,386,false],"web-stories-publisher-logo":["https:\/\/experienciadevida.com.ar\/portalurbano\/wp-content\/uploads\/2022\/07\/Se-realizo-el-conversatorio.jpg",96,58,false],"web-stories-thumbnail":["https:\/\/experienciadevida.com.ar\/portalurbano\/wp-content\/uploads\/2022\/07\/Se-realizo-el-conversatorio.jpg",150,91,false]},"author_info":{"display_name":"admpu17wp","author_link":"https:\/\/experienciadevida.com.ar\/portalurbano\/author\/admpu17wp\/"},"category_info":"<a href=\"https:\/\/experienciadevida.com.ar\/portalurbano\/category\/ciudad\/educacion\/\" rel=\"category tag\">Educaci\u00f3n<\/a>","tag_info":"Educaci\u00f3n","comment_count":"0","amp_enabled":true,"_links":{"self":[{"href":"https:\/\/experienciadevida.com.ar\/portalurbano\/wp-json\/wp\/v2\/posts\/170568"}],"collection":[{"href":"https:\/\/experienciadevida.com.ar\/portalurbano\/wp-json\/wp\/v2\/posts"}],"about":[{"href":"https:\/\/experienciadevida.com.ar\/portalurbano\/wp-json\/wp\/v2\/types\/post"}],"author":[{"embeddable":true,"href":"https:\/\/experienciadevida.com.ar\/portalurbano\/wp-json\/wp\/v2\/users\/1"}],"replies":[{"embeddable":true,"href":"https:\/\/experienciadevida.com.ar\/portalurbano\/wp-json\/wp\/v2\/comments?post=170568"}],"version-history":[{"count":3,"href":"https:\/\/experienciadevida.com.ar\/portalurbano\/wp-json\/wp\/v2\/posts\/170568\/revisions"}],"predecessor-version":[{"id":170572,"href":"https:\/\/experienciadevida.com.ar\/portalurbano\/wp-json\/wp\/v2\/posts\/170568\/revisions\/170572"}],"wp:featuredmedia":[{"embeddable":true,"href":"https:\/\/experienciadevida.com.ar\/portalurbano\/wp-json\/wp\/v2\/media\/170569"}],"wp:attachment":[{"href":"https:\/\/experienciadevida.com.ar\/portalurbano\/wp-json\/wp\/v2\/media?parent=170568"}],"wp:term":[{"taxonomy":"category","embeddable":true,"href":"https:\/\/experienciadevida.com.ar\/portalurbano\/wp-json\/wp\/v2\/categories?post=170568"},{"taxonomy":"post_tag","embeddable":true,"href":"https:\/\/experienciadevida.com.ar\/portalurbano\/wp-json\/wp\/v2\/tags?post=170568"}],"curies":[{"name":"wp","href":"https:\/\/api.w.org\/{rel}","templated":true}]}}