{"id":170565,"date":"2022-07-02T10:46:07","date_gmt":"2022-07-02T13:46:07","guid":{"rendered":"https:\/\/experienciadevida.com.ar\/portalurbano\/?p=170565"},"modified":"2022-07-02T10:46:36","modified_gmt":"2022-07-02T13:46:36","slug":"facso-e-inadi-presentaran-el-mapa-nacional-de-la-discriminacion","status":"publish","type":"post","link":"https:\/\/experienciadevida.com.ar\/portalurbano\/facso-e-inadi-presentaran-el-mapa-nacional-de-la-discriminacion\/","title":{"rendered":"FACSO e INADI presentar\u00e1n el Mapa Nacional de la Discriminaci\u00f3n"},"content":{"rendered":"<p><a href=\"https:\/\/www.facebook.com\/facultadcienciassociales.unicen\">FACSO<\/a> e INADI presentar\u00e1n el Mapa Nacional de la Discriminaci\u00f3n, el pr\u00f3ximo jueves 7 de julio se realizar\u00e1 en el Centro Cultural Universitario de Olavarr\u00eda la presentaci\u00f3n del Mapa Nacional de la Discriminaci\u00f3n del INADI. En el trabajo de campo se desempe\u00f1aron integrantes de la Facultad de Ciencias Sociales.<\/p>\n<p>El Mapa Nacional de la Discriminaci\u00f3n es un relevamiento que realiza peri\u00f3dicamente el Instituto Nacional contra la Discriminaci\u00f3n, la Xenofobia y el Racismo (INADI) con el objetivo de producir conocimiento sobre las formas en que se expresa la discriminaci\u00f3n en Argentina. El mismo fue presentado un mes atr\u00e1s en la Casa Rosada por funcionarios del INADI, mientras que el pr\u00f3ximo jueves se llevar\u00e1 adelante la presentaci\u00f3n en Olavarr\u00eda, actividad organizada de manera articulada entre FACSO y la Subdelegaci\u00f3n Regional de INADI.<\/p>\n<p>El mapa se actualiza regularmente con un equipo de trabajo que integran diferentes facultades y universidades de nuestro pa\u00eds, y en la tercer edici\u00f3n particip\u00f3 la Universidad Nacional del Centro de la provincia de Buenos Aires (UNICEN), a trav\u00e9s de la Secretar\u00eda de Extensi\u00f3n de Rectorado y la conformaci\u00f3n de un equipo de la Facultad de Ciencias Sociales y el Programa Permanente de Estudios de la Mujer (PPEM-FACSO).<\/p>\n<p>El encuentro se realizar\u00e1 el jueves 7 de julio desde las 17.30 en el Centro Cultural Universitario, San Mart\u00edn 1955. Se espera la participaci\u00f3n de autoridades del INADI a nivel regional, de la FACSO e integrantes de PPEM, quienes se referir\u00e1n al relevamiento realizado para la elaboraci\u00f3n del Mapa y sobre los datos regionales que fueron aportados. Para la presentaci\u00f3n del informe al INADI se llevaron a cabo 800 encuestas en el a\u00f1o 2019 en las localidades de Azul, Bah\u00eda Blanca, Mar del Plata, Necochea, Olavarr\u00eda, Tandil y Tres Arroyos.<\/p>\n<p>El car\u00e1cter federal de este Mapa posibilita realizar diagn\u00f3sticos m\u00e1s precisos que favorezcan la creaci\u00f3n y aplicaci\u00f3n de pol\u00edticas p\u00fablicas espec\u00edficas y eficaces. Tambi\u00e9n permite abordar la problem\u00e1tica con el trabajo articulado con los diferentes organismos e instituciones. Las distintas ediciones sirven para comparar, a su vez, c\u00f3mo se modificaron las distintas pr\u00e1cticas discriminatorias a trav\u00e9s de los a\u00f1os y cu\u00e1les son los estereotipos que se mantuvieron socialmente instalados.<\/p>\n","protected":false},"excerpt":{"rendered":"<p>FACSO e INADI presentar\u00e1n el Mapa Nacional de la Discriminaci\u00f3n, el pr\u00f3ximo jueves 7 de&#8230;<\/p>\n","protected":false},"author":1,"featured_media":170566,"comment_status":"closed","ping_status":"closed","sticky":false,"template":"","format":"standard","meta":{"content-type":""},"categories":[27],"tags":[],"nelio_content":{"isAutoShareEnabled":false,"autoShareEndMode":"default","automationSources":{"useContentSentences":true,"useSocialTemplates":true,"useCustomSentences":false,"customSentences":[]},"followers":[1],"suggestedReferences":[],"includedReferences":[],"efiUrl":"","efiAlt":"","highlights":[]},"yoast_head":"<!-- This site is optimized with the Yoast SEO plugin v20.7 - https:\/\/yoast.com\/wordpress\/plugins\/seo\/ -->\n<title>FACSO e INADI presentar\u00e1n el mapa nacional de la discriminaci\u00f3n<\/title>\n<meta name=\"description\" content=\"FACSO e INADI presentar\u00e1n el Mapa Nacional de la Discriminaci\u00f3n, el pr\u00f3ximo jueves 7 de julio se realizar\u00e1 en el Centro Cultural\" \/>\n<meta name=\"robots\" content=\"index, follow, max-snippet:-1, max-image-preview:large, max-video-preview:-1\" \/>\n<link rel=\"canonical\" href=\"https:\/\/experienciadevida.com.ar\/portalurbano\/facso-e-inadi-presentaran-el-mapa-nacional-de-la-discriminacion\/\" \/>\n<meta property=\"og:locale\" content=\"es_ES\" \/>\n<meta property=\"og:type\" content=\"article\" \/>\n<meta property=\"og:title\" content=\"FACSO e INADI presentar\u00e1n el mapa nacional de la discriminaci\u00f3n\" \/>\n<meta property=\"og:description\" content=\"FACSO e INADI presentar\u00e1n el Mapa Nacional de la Discriminaci\u00f3n, el pr\u00f3ximo jueves 7 de julio se realizar\u00e1 en el Centro Cultural\" \/>\n<meta property=\"og:url\" content=\"https:\/\/experienciadevida.com.ar\/portalurbano\/facso-e-inadi-presentaran-el-mapa-nacional-de-la-discriminacion\/\" \/>\n<meta property=\"article:publisher\" content=\"https:\/\/www.facebook.com\/Portal-Urbano-171542830093757\/\" \/>\n<meta property=\"article:published_time\" content=\"2022-07-02T13:46:07+00:00\" \/>\n<meta property=\"article:modified_time\" content=\"2022-07-02T13:46:36+00:00\" \/>\n<meta property=\"og:image\" content=\"https:\/\/experienciadevida.com.ar\/portalurbano\/wp-content\/uploads\/2022\/07\/FACSO-e-INADI-presentaran.jpg\" \/>\n\t<meta property=\"og:image:width\" content=\"1280\" \/>\n\t<meta property=\"og:image:height\" content=\"1280\" \/>\n\t<meta property=\"og:image:type\" content=\"image\/jpeg\" \/>\n<meta name=\"author\" content=\"admpu17wp\" \/>\n<meta name=\"twitter:card\" content=\"summary_large_image\" \/>\n<meta name=\"twitter:creator\" content=\"@portalurbanook\" \/>\n<meta name=\"twitter:site\" content=\"@portalurbanook\" \/>\n<meta name=\"twitter:label1\" content=\"Escrito por\" \/>\n\t<meta name=\"twitter:data1\" content=\"admpu17wp\" \/>\n\t<meta name=\"twitter:label2\" content=\"Tiempo de lectura\" \/>\n\t<meta name=\"twitter:data2\" content=\"2 minutos\" \/>\n<script type=\"application\/ld+json\" class=\"yoast-schema-graph\">{\"@context\":\"https:\/\/schema.org\",\"@graph\":[{\"@type\":\"Article\",\"@id\":\"https:\/\/experienciadevida.com.ar\/portalurbano\/facso-e-inadi-presentaran-el-mapa-nacional-de-la-discriminacion\/#article\",\"isPartOf\":{\"@id\":\"https:\/\/experienciadevida.com.ar\/portalurbano\/facso-e-inadi-presentaran-el-mapa-nacional-de-la-discriminacion\/\"},\"author\":{\"name\":\"admpu17wp\",\"@id\":\"https:\/\/experienciadevida.com.ar\/portalurbano\/#\/schema\/person\/02dd326b1c4b056e9cc972486934a3a7\"},\"headline\":\"FACSO e INADI presentar\u00e1n el Mapa Nacional de la Discriminaci\u00f3n\",\"datePublished\":\"2022-07-02T13:46:07+00:00\",\"dateModified\":\"2022-07-02T13:46:36+00:00\",\"mainEntityOfPage\":{\"@id\":\"https:\/\/experienciadevida.com.ar\/portalurbano\/facso-e-inadi-presentaran-el-mapa-nacional-de-la-discriminacion\/\"},\"wordCount\":408,\"publisher\":{\"@id\":\"https:\/\/experienciadevida.com.ar\/portalurbano\/#organization\"},\"articleSection\":[\"Ciudad\"],\"inLanguage\":\"es\"},{\"@type\":\"WebPage\",\"@id\":\"https:\/\/experienciadevida.com.ar\/portalurbano\/facso-e-inadi-presentaran-el-mapa-nacional-de-la-discriminacion\/\",\"url\":\"https:\/\/experienciadevida.com.ar\/portalurbano\/facso-e-inadi-presentaran-el-mapa-nacional-de-la-discriminacion\/\",\"name\":\"FACSO e INADI presentar\u00e1n el mapa nacional de la discriminaci\u00f3n\",\"isPartOf\":{\"@id\":\"https:\/\/experienciadevida.com.ar\/portalurbano\/#website\"},\"datePublished\":\"2022-07-02T13:46:07+00:00\",\"dateModified\":\"2022-07-02T13:46:36+00:00\",\"description\":\"FACSO e INADI presentar\u00e1n el Mapa Nacional de la Discriminaci\u00f3n, el pr\u00f3ximo jueves 7 de julio se realizar\u00e1 en el Centro Cultural\",\"breadcrumb\":{\"@id\":\"https:\/\/experienciadevida.com.ar\/portalurbano\/facso-e-inadi-presentaran-el-mapa-nacional-de-la-discriminacion\/#breadcrumb\"},\"inLanguage\":\"es\",\"potentialAction\":[{\"@type\":\"ReadAction\",\"target\":[\"https:\/\/experienciadevida.com.ar\/portalurbano\/facso-e-inadi-presentaran-el-mapa-nacional-de-la-discriminacion\/\"]}]},{\"@type\":\"BreadcrumbList\",\"@id\":\"https:\/\/experienciadevida.com.ar\/portalurbano\/facso-e-inadi-presentaran-el-mapa-nacional-de-la-discriminacion\/#breadcrumb\",\"itemListElement\":[{\"@type\":\"ListItem\",\"position\":1,\"name\":\"Portada\",\"item\":\"https:\/\/experienciadevida.com.ar\/portalurbano\/\"},{\"@type\":\"ListItem\",\"position\":2,\"name\":\"FACSO e INADI presentar\u00e1n el Mapa Nacional de la Discriminaci\u00f3n\"}]},{\"@type\":\"WebSite\",\"@id\":\"https:\/\/experienciadevida.com.ar\/portalurbano\/#website\",\"url\":\"https:\/\/experienciadevida.com.ar\/portalurbano\/\",\"name\":\"\",\"description\":\"\",\"publisher\":{\"@id\":\"https:\/\/experienciadevida.com.ar\/portalurbano\/#organization\"},\"potentialAction\":[{\"@type\":\"SearchAction\",\"target\":{\"@type\":\"EntryPoint\",\"urlTemplate\":\"https:\/\/experienciadevida.com.ar\/portalurbano\/?s={search_term_string}\"},\"query-input\":\"required name=search_term_string\"}],\"inLanguage\":\"es\"},{\"@type\":\"Organization\",\"@id\":\"https:\/\/experienciadevida.com.ar\/portalurbano\/#organization\",\"name\":\"Portal Urbano\",\"url\":\"https:\/\/experienciadevida.com.ar\/portalurbano\/\",\"logo\":{\"@type\":\"ImageObject\",\"inLanguage\":\"es\",\"@id\":\"https:\/\/experienciadevida.com.ar\/portalurbano\/#\/schema\/logo\/image\/\",\"url\":\"https:\/\/experienciadevida.com.ar\/portalurbano\/wp-content\/uploads\/2019\/09\/Logo-Original.png\",\"contentUrl\":\"https:\/\/experienciadevida.com.ar\/portalurbano\/wp-content\/uploads\/2019\/09\/Logo-Original.png\",\"width\":2236,\"height\":1216,\"caption\":\"Portal Urbano\"},\"image\":{\"@id\":\"https:\/\/experienciadevida.com.ar\/portalurbano\/#\/schema\/logo\/image\/\"},\"sameAs\":[\"https:\/\/www.facebook.com\/Portal-Urbano-171542830093757\/\",\"https:\/\/twitter.com\/portalurbanook\",\"https:\/\/www.instagram.com\/_portalurbano\/\",\"https:\/\/www.youtube.com\/channel\/UCXhagIfszH8KxFiOok79zbA?view_as=subscriber\"]},{\"@type\":\"Person\",\"@id\":\"https:\/\/experienciadevida.com.ar\/portalurbano\/#\/schema\/person\/02dd326b1c4b056e9cc972486934a3a7\",\"name\":\"admpu17wp\",\"image\":{\"@type\":\"ImageObject\",\"inLanguage\":\"es\",\"@id\":\"https:\/\/experienciadevida.com.ar\/portalurbano\/#\/schema\/person\/image\/\",\"url\":\"https:\/\/secure.gravatar.com\/avatar\/830d4c57adaae6630765e449a6908047?s=96&d=mm&r=g\",\"contentUrl\":\"https:\/\/secure.gravatar.com\/avatar\/830d4c57adaae6630765e449a6908047?s=96&d=mm&r=g\",\"caption\":\"admpu17wp\"}}]}<\/script>\n<!-- \/ Yoast SEO plugin. -->","yoast_head_json":{"title":"FACSO e INADI presentar\u00e1n el mapa nacional de la discriminaci\u00f3n","description":"FACSO e INADI presentar\u00e1n el Mapa Nacional de la Discriminaci\u00f3n, el pr\u00f3ximo jueves 7 de julio se realizar\u00e1 en el Centro Cultural","robots":{"index":"index","follow":"follow","max-snippet":"max-snippet:-1","max-image-preview":"max-image-preview:large","max-video-preview":"max-video-preview:-1"},"canonical":"https:\/\/experienciadevida.com.ar\/portalurbano\/facso-e-inadi-presentaran-el-mapa-nacional-de-la-discriminacion\/","og_locale":"es_ES","og_type":"article","og_title":"FACSO e INADI presentar\u00e1n el mapa nacional de la discriminaci\u00f3n","og_description":"FACSO e INADI presentar\u00e1n el Mapa Nacional de la Discriminaci\u00f3n, el pr\u00f3ximo jueves 7 de julio se realizar\u00e1 en el Centro Cultural","og_url":"https:\/\/experienciadevida.com.ar\/portalurbano\/facso-e-inadi-presentaran-el-mapa-nacional-de-la-discriminacion\/","article_publisher":"https:\/\/www.facebook.com\/Portal-Urbano-171542830093757\/","article_published_time":"2022-07-02T13:46:07+00:00","article_modified_time":"2022-07-02T13:46:36+00:00","og_image":[{"width":1280,"height":1280,"url":"https:\/\/experienciadevida.com.ar\/portalurbano\/wp-content\/uploads\/2022\/07\/FACSO-e-INADI-presentaran.jpg","type":"image\/jpeg"}],"author":"admpu17wp","twitter_card":"summary_large_image","twitter_creator":"@portalurbanook","twitter_site":"@portalurbanook","twitter_misc":{"Escrito por":"admpu17wp","Tiempo de lectura":"2 minutos"},"schema":{"@context":"https:\/\/schema.org","@graph":[{"@type":"Article","@id":"https:\/\/experienciadevida.com.ar\/portalurbano\/facso-e-inadi-presentaran-el-mapa-nacional-de-la-discriminacion\/#article","isPartOf":{"@id":"https:\/\/experienciadevida.com.ar\/portalurbano\/facso-e-inadi-presentaran-el-mapa-nacional-de-la-discriminacion\/"},"author":{"name":"admpu17wp","@id":"https:\/\/experienciadevida.com.ar\/portalurbano\/#\/schema\/person\/02dd326b1c4b056e9cc972486934a3a7"},"headline":"FACSO e INADI presentar\u00e1n el Mapa Nacional de la Discriminaci\u00f3n","datePublished":"2022-07-02T13:46:07+00:00","dateModified":"2022-07-02T13:46:36+00:00","mainEntityOfPage":{"@id":"https:\/\/experienciadevida.com.ar\/portalurbano\/facso-e-inadi-presentaran-el-mapa-nacional-de-la-discriminacion\/"},"wordCount":408,"publisher":{"@id":"https:\/\/experienciadevida.com.ar\/portalurbano\/#organization"},"articleSection":["Ciudad"],"inLanguage":"es"},{"@type":"WebPage","@id":"https:\/\/experienciadevida.com.ar\/portalurbano\/facso-e-inadi-presentaran-el-mapa-nacional-de-la-discriminacion\/","url":"https:\/\/experienciadevida.com.ar\/portalurbano\/facso-e-inadi-presentaran-el-mapa-nacional-de-la-discriminacion\/","name":"FACSO e INADI presentar\u00e1n el mapa nacional de la discriminaci\u00f3n","isPartOf":{"@id":"https:\/\/experienciadevida.com.ar\/portalurbano\/#website"},"datePublished":"2022-07-02T13:46:07+00:00","dateModified":"2022-07-02T13:46:36+00:00","description":"FACSO e INADI presentar\u00e1n el Mapa Nacional de la Discriminaci\u00f3n, el pr\u00f3ximo jueves 7 de julio se realizar\u00e1 en el Centro Cultural","breadcrumb":{"@id":"https:\/\/experienciadevida.com.ar\/portalurbano\/facso-e-inadi-presentaran-el-mapa-nacional-de-la-discriminacion\/#breadcrumb"},"inLanguage":"es","potentialAction":[{"@type":"ReadAction","target":["https:\/\/experienciadevida.com.ar\/portalurbano\/facso-e-inadi-presentaran-el-mapa-nacional-de-la-discriminacion\/"]}]},{"@type":"BreadcrumbList","@id":"https:\/\/experienciadevida.com.ar\/portalurbano\/facso-e-inadi-presentaran-el-mapa-nacional-de-la-discriminacion\/#breadcrumb","itemListElement":[{"@type":"ListItem","position":1,"name":"Portada","item":"https:\/\/experienciadevida.com.ar\/portalurbano\/"},{"@type":"ListItem","position":2,"name":"FACSO e INADI presentar\u00e1n el Mapa Nacional de la Discriminaci\u00f3n"}]},{"@type":"WebSite","@id":"https:\/\/experienciadevida.com.ar\/portalurbano\/#website","url":"https:\/\/experienciadevida.com.ar\/portalurbano\/","name":"","description":"","publisher":{"@id":"https:\/\/experienciadevida.com.ar\/portalurbano\/#organization"},"potentialAction":[{"@type":"SearchAction","target":{"@type":"EntryPoint","urlTemplate":"https:\/\/experienciadevida.com.ar\/portalurbano\/?s={search_term_string}"},"query-input":"required name=search_term_string"}],"inLanguage":"es"},{"@type":"Organization","@id":"https:\/\/experienciadevida.com.ar\/portalurbano\/#organization","name":"Portal Urbano","url":"https:\/\/experienciadevida.com.ar\/portalurbano\/","logo":{"@type":"ImageObject","inLanguage":"es","@id":"https:\/\/experienciadevida.com.ar\/portalurbano\/#\/schema\/logo\/image\/","url":"https:\/\/experienciadevida.com.ar\/portalurbano\/wp-content\/uploads\/2019\/09\/Logo-Original.png","contentUrl":"https:\/\/experienciadevida.com.ar\/portalurbano\/wp-content\/uploads\/2019\/09\/Logo-Original.png","width":2236,"height":1216,"caption":"Portal Urbano"},"image":{"@id":"https:\/\/experienciadevida.com.ar\/portalurbano\/#\/schema\/logo\/image\/"},"sameAs":["https:\/\/www.facebook.com\/Portal-Urbano-171542830093757\/","https:\/\/twitter.com\/portalurbanook","https:\/\/www.instagram.com\/_portalurbano\/","https:\/\/www.youtube.com\/channel\/UCXhagIfszH8KxFiOok79zbA?view_as=subscriber"]},{"@type":"Person","@id":"https:\/\/experienciadevida.com.ar\/portalurbano\/#\/schema\/person\/02dd326b1c4b056e9cc972486934a3a7","name":"admpu17wp","image":{"@type":"ImageObject","inLanguage":"es","@id":"https:\/\/experienciadevida.com.ar\/portalurbano\/#\/schema\/person\/image\/","url":"https:\/\/secure.gravatar.com\/avatar\/830d4c57adaae6630765e449a6908047?s=96&d=mm&r=g","contentUrl":"https:\/\/secure.gravatar.com\/avatar\/830d4c57adaae6630765e449a6908047?s=96&d=mm&r=g","caption":"admpu17wp"}}]}},"featured_image_urls":{"full":["https:\/\/experienciadevida.com.ar\/portalurbano\/wp-content\/uploads\/2022\/07\/FACSO-e-INADI-presentaran.jpg",1280,1280,false],"thumbnail":["https:\/\/experienciadevida.com.ar\/portalurbano\/wp-content\/uploads\/2022\/07\/FACSO-e-INADI-presentaran-150x150.jpg",150,150,true],"medium":["https:\/\/experienciadevida.com.ar\/portalurbano\/wp-content\/uploads\/2022\/07\/FACSO-e-INADI-presentaran-300x300.jpg",300,300,true],"medium_large":["https:\/\/experienciadevida.com.ar\/portalurbano\/wp-content\/uploads\/2022\/07\/FACSO-e-INADI-presentaran-768x768.jpg",640,640,true],"large":["https:\/\/experienciadevida.com.ar\/portalurbano\/wp-content\/uploads\/2022\/07\/FACSO-e-INADI-presentaran-1024x1024.jpg",640,640,true],"ug_big":["https:\/\/experienciadevida.com.ar\/portalurbano\/wp-content\/uploads\/2022\/07\/FACSO-e-INADI-presentaran-768x768.jpg",768,768,true],"1536x1536":["https:\/\/experienciadevida.com.ar\/portalurbano\/wp-content\/uploads\/2022\/07\/FACSO-e-INADI-presentaran.jpg",1280,1280,false],"2048x2048":["https:\/\/experienciadevida.com.ar\/portalurbano\/wp-content\/uploads\/2022\/07\/FACSO-e-INADI-presentaran.jpg",1280,1280,false],"newsever-slider-full":["https:\/\/experienciadevida.com.ar\/portalurbano\/wp-content\/uploads\/2022\/07\/FACSO-e-INADI-presentaran.jpg",845,845,false],"newsever-featured":["https:\/\/experienciadevida.com.ar\/portalurbano\/wp-content\/uploads\/2022\/07\/FACSO-e-INADI-presentaran.jpg",1024,1024,false],"newsever-medium":["https:\/\/experienciadevida.com.ar\/portalurbano\/wp-content\/uploads\/2022\/07\/FACSO-e-INADI-presentaran.jpg",475,475,false],"web-stories-poster-portrait":["https:\/\/experienciadevida.com.ar\/portalurbano\/wp-content\/uploads\/2022\/07\/FACSO-e-INADI-presentaran.jpg",640,640,false],"web-stories-publisher-logo":["https:\/\/experienciadevida.com.ar\/portalurbano\/wp-content\/uploads\/2022\/07\/FACSO-e-INADI-presentaran.jpg",96,96,false],"web-stories-thumbnail":["https:\/\/experienciadevida.com.ar\/portalurbano\/wp-content\/uploads\/2022\/07\/FACSO-e-INADI-presentaran.jpg",150,150,false]},"author_info":{"display_name":"admpu17wp","author_link":"https:\/\/experienciadevida.com.ar\/portalurbano\/author\/admpu17wp\/"},"category_info":"<a href=\"https:\/\/experienciadevida.com.ar\/portalurbano\/category\/ciudad\/\" rel=\"category tag\">Ciudad<\/a>","tag_info":"Ciudad","comment_count":"0","amp_enabled":true,"_links":{"self":[{"href":"https:\/\/experienciadevida.com.ar\/portalurbano\/wp-json\/wp\/v2\/posts\/170565"}],"collection":[{"href":"https:\/\/experienciadevida.com.ar\/portalurbano\/wp-json\/wp\/v2\/posts"}],"about":[{"href":"https:\/\/experienciadevida.com.ar\/portalurbano\/wp-json\/wp\/v2\/types\/post"}],"author":[{"embeddable":true,"href":"https:\/\/experienciadevida.com.ar\/portalurbano\/wp-json\/wp\/v2\/users\/1"}],"replies":[{"embeddable":true,"href":"https:\/\/experienciadevida.com.ar\/portalurbano\/wp-json\/wp\/v2\/comments?post=170565"}],"version-history":[{"count":1,"href":"https:\/\/experienciadevida.com.ar\/portalurbano\/wp-json\/wp\/v2\/posts\/170565\/revisions"}],"predecessor-version":[{"id":170567,"href":"https:\/\/experienciadevida.com.ar\/portalurbano\/wp-json\/wp\/v2\/posts\/170565\/revisions\/170567"}],"wp:featuredmedia":[{"embeddable":true,"href":"https:\/\/experienciadevida.com.ar\/portalurbano\/wp-json\/wp\/v2\/media\/170566"}],"wp:attachment":[{"href":"https:\/\/experienciadevida.com.ar\/portalurbano\/wp-json\/wp\/v2\/media?parent=170565"}],"wp:term":[{"taxonomy":"category","embeddable":true,"href":"https:\/\/experienciadevida.com.ar\/portalurbano\/wp-json\/wp\/v2\/categories?post=170565"},{"taxonomy":"post_tag","embeddable":true,"href":"https:\/\/experienciadevida.com.ar\/portalurbano\/wp-json\/wp\/v2\/tags?post=170565"}],"curies":[{"name":"wp","href":"https:\/\/api.w.org\/{rel}","templated":true}]}}