{"id":170561,"date":"2022-07-02T10:33:45","date_gmt":"2022-07-02T13:33:45","guid":{"rendered":"https:\/\/experienciadevida.com.ar\/portalurbano\/?p=170561"},"modified":"2022-07-02T10:36:57","modified_gmt":"2022-07-02T13:36:57","slug":"foro-olavarria-fr-propone-sensibilizar-en-perspectiva-de-genero-para-la-obtencion-de-licencias-de-conducir","status":"publish","type":"post","link":"https:\/\/experienciadevida.com.ar\/portalurbano\/foro-olavarria-fr-propone-sensibilizar-en-perspectiva-de-genero-para-la-obtencion-de-licencias-de-conducir\/","title":{"rendered":"Foro Olavarr\u00eda &#8211; FR propone sensibilizar en perspectiva de g\u00e9nero para la obtenci\u00f3n de licencias de conducir"},"content":{"rendered":"<p><a href=\"https:\/\/www.facebook.com\/Foroolavarria\">Foro Olavarr\u00eda<\/a> &#8211; FR propone sensibilizar en perspectiva de g\u00e9nero para la obtenci\u00f3n de licencias de conducir, el bloque de Concejales del Foro Olavarr\u00eda &#8211; FR plante\u00f3 la necesidad de la formaci\u00f3n en perspectiva de g\u00e9nero tanto para la obtenci\u00f3n como renovaci\u00f3n de licencias de conducir.<\/p>\n<p>El bloque Foro Olavarr\u00eda &#8211; Frente Renovador, en el interbloque Frente de Todos, impulsa un proyecto con el objetivo de contribuir a la erradicaci\u00f3n de la violencia de g\u00e9nero en el tr\u00e1nsito. La medida propone la creaci\u00f3n de un Programa de Perspectiva de G\u00e9nero para la obtenci\u00f3n y\/o renovaci\u00f3n de licencias de conducir.<\/p>\n<p>\u201cProponemos que la formaci\u00f3n en perspectiva de g\u00e9nero sea de car\u00e1cter obligatorio al momento de obtener o renovar la licencia de conducir\u201d, explic\u00f3 la concejala In\u00e9s Creimer. En detalle, el proyecto establece que cada persona que tramite la obtenci\u00f3n o renovaci\u00f3n de su licencia deber\u00e1 formarse en materia de violencia de g\u00e9nero , diversidad y derechos de las mujeres, ni\u00f1os, ni\u00f1as y adolescentes.<\/p>\n<p>Asimismo, se les solicitar\u00e1 a las empresas de transporte p\u00fablico y privado del Partido de Olavarr\u00eda la acreditaci\u00f3n de que sus choferes cumplieron con la formaci\u00f3n detallada anteriormente al momento de solicitar y\/o renovar la<br \/>\nhabilitaci\u00f3n municipal.<\/p>\n<p>La concejala Creimer indic\u00f3 que \u201cdebemos seguir generando herramientas que nos permitan trabajar en una estrategia integral para contribuir a la erradicaci\u00f3n de la violencia por razones de g\u00e9nero\u201d.<\/p>\n","protected":false},"excerpt":{"rendered":"<p>Foro Olavarr\u00eda &#8211; FR propone sensibilizar en perspectiva de g\u00e9nero para la obtenci\u00f3n de licencias&#8230;<\/p>\n","protected":false},"author":1,"featured_media":170562,"comment_status":"closed","ping_status":"closed","sticky":false,"template":"","format":"standard","meta":{"content-type":""},"categories":[27,51],"tags":[],"nelio_content":{"isAutoShareEnabled":false,"autoShareEndMode":"default","automationSources":{"useContentSentences":true,"useSocialTemplates":true,"useCustomSentences":false,"customSentences":[]},"followers":[1],"suggestedReferences":[],"includedReferences":[],"efiUrl":"","efiAlt":"","highlights":[]},"yoast_head":"<!-- This site is optimized with the Yoast SEO plugin v20.7 - https:\/\/yoast.com\/wordpress\/plugins\/seo\/ -->\n<title>Foro Olavarr\u00eda- FR propone sensibilizar en perspectiva de g\u00e9nero<\/title>\n<meta name=\"description\" content=\"Foro Olavarr\u00eda - FR propone sensibilizar en perspectiva de g\u00e9nero para la obtenci\u00f3n de licencias de conducir, el bloque de Concejales\" \/>\n<meta name=\"robots\" content=\"index, follow, max-snippet:-1, max-image-preview:large, max-video-preview:-1\" \/>\n<link rel=\"canonical\" href=\"https:\/\/experienciadevida.com.ar\/portalurbano\/foro-olavarria-fr-propone-sensibilizar-en-perspectiva-de-genero-para-la-obtencion-de-licencias-de-conducir\/\" \/>\n<meta property=\"og:locale\" content=\"es_ES\" \/>\n<meta property=\"og:type\" content=\"article\" \/>\n<meta property=\"og:title\" content=\"Foro Olavarr\u00eda- FR propone sensibilizar en perspectiva de g\u00e9nero\" \/>\n<meta property=\"og:description\" content=\"Foro Olavarr\u00eda - FR propone sensibilizar en perspectiva de g\u00e9nero para la obtenci\u00f3n de licencias de conducir, el bloque de Concejales\" \/>\n<meta property=\"og:url\" content=\"https:\/\/experienciadevida.com.ar\/portalurbano\/foro-olavarria-fr-propone-sensibilizar-en-perspectiva-de-genero-para-la-obtencion-de-licencias-de-conducir\/\" \/>\n<meta property=\"article:publisher\" content=\"https:\/\/www.facebook.com\/Portal-Urbano-171542830093757\/\" \/>\n<meta property=\"article:published_time\" content=\"2022-07-02T13:33:45+00:00\" \/>\n<meta property=\"article:modified_time\" content=\"2022-07-02T13:36:57+00:00\" \/>\n<meta property=\"og:image\" content=\"https:\/\/experienciadevida.com.ar\/portalurbano\/wp-content\/uploads\/2022\/07\/Foro-Olavarria.jpg\" \/>\n\t<meta property=\"og:image:width\" content=\"800\" \/>\n\t<meta property=\"og:image:height\" content=\"500\" \/>\n\t<meta property=\"og:image:type\" content=\"image\/jpeg\" \/>\n<meta name=\"author\" content=\"admpu17wp\" \/>\n<meta name=\"twitter:card\" content=\"summary_large_image\" \/>\n<meta name=\"twitter:creator\" content=\"@portalurbanook\" \/>\n<meta name=\"twitter:site\" content=\"@portalurbanook\" \/>\n<meta name=\"twitter:label1\" content=\"Escrito por\" \/>\n\t<meta name=\"twitter:data1\" content=\"admpu17wp\" \/>\n\t<meta name=\"twitter:label2\" content=\"Tiempo de lectura\" \/>\n\t<meta name=\"twitter:data2\" content=\"2 minutos\" \/>\n<script type=\"application\/ld+json\" class=\"yoast-schema-graph\">{\"@context\":\"https:\/\/schema.org\",\"@graph\":[{\"@type\":\"Article\",\"@id\":\"https:\/\/experienciadevida.com.ar\/portalurbano\/foro-olavarria-fr-propone-sensibilizar-en-perspectiva-de-genero-para-la-obtencion-de-licencias-de-conducir\/#article\",\"isPartOf\":{\"@id\":\"https:\/\/experienciadevida.com.ar\/portalurbano\/foro-olavarria-fr-propone-sensibilizar-en-perspectiva-de-genero-para-la-obtencion-de-licencias-de-conducir\/\"},\"author\":{\"name\":\"admpu17wp\",\"@id\":\"https:\/\/experienciadevida.com.ar\/portalurbano\/#\/schema\/person\/02dd326b1c4b056e9cc972486934a3a7\"},\"headline\":\"Foro Olavarr\u00eda &#8211; FR propone sensibilizar en perspectiva de g\u00e9nero para la obtenci\u00f3n de licencias de conducir\",\"datePublished\":\"2022-07-02T13:33:45+00:00\",\"dateModified\":\"2022-07-02T13:36:57+00:00\",\"mainEntityOfPage\":{\"@id\":\"https:\/\/experienciadevida.com.ar\/portalurbano\/foro-olavarria-fr-propone-sensibilizar-en-perspectiva-de-genero-para-la-obtencion-de-licencias-de-conducir\/\"},\"wordCount\":281,\"publisher\":{\"@id\":\"https:\/\/experienciadevida.com.ar\/portalurbano\/#organization\"},\"articleSection\":[\"Ciudad\",\"Destacadas\"],\"inLanguage\":\"es\"},{\"@type\":\"WebPage\",\"@id\":\"https:\/\/experienciadevida.com.ar\/portalurbano\/foro-olavarria-fr-propone-sensibilizar-en-perspectiva-de-genero-para-la-obtencion-de-licencias-de-conducir\/\",\"url\":\"https:\/\/experienciadevida.com.ar\/portalurbano\/foro-olavarria-fr-propone-sensibilizar-en-perspectiva-de-genero-para-la-obtencion-de-licencias-de-conducir\/\",\"name\":\"Foro Olavarr\u00eda- FR propone sensibilizar en perspectiva de g\u00e9nero\",\"isPartOf\":{\"@id\":\"https:\/\/experienciadevida.com.ar\/portalurbano\/#website\"},\"datePublished\":\"2022-07-02T13:33:45+00:00\",\"dateModified\":\"2022-07-02T13:36:57+00:00\",\"description\":\"Foro Olavarr\u00eda - FR propone sensibilizar en perspectiva de g\u00e9nero para la obtenci\u00f3n de licencias de conducir, el bloque de Concejales\",\"breadcrumb\":{\"@id\":\"https:\/\/experienciadevida.com.ar\/portalurbano\/foro-olavarria-fr-propone-sensibilizar-en-perspectiva-de-genero-para-la-obtencion-de-licencias-de-conducir\/#breadcrumb\"},\"inLanguage\":\"es\",\"potentialAction\":[{\"@type\":\"ReadAction\",\"target\":[\"https:\/\/experienciadevida.com.ar\/portalurbano\/foro-olavarria-fr-propone-sensibilizar-en-perspectiva-de-genero-para-la-obtencion-de-licencias-de-conducir\/\"]}]},{\"@type\":\"BreadcrumbList\",\"@id\":\"https:\/\/experienciadevida.com.ar\/portalurbano\/foro-olavarria-fr-propone-sensibilizar-en-perspectiva-de-genero-para-la-obtencion-de-licencias-de-conducir\/#breadcrumb\",\"itemListElement\":[{\"@type\":\"ListItem\",\"position\":1,\"name\":\"Portada\",\"item\":\"https:\/\/experienciadevida.com.ar\/portalurbano\/\"},{\"@type\":\"ListItem\",\"position\":2,\"name\":\"Foro Olavarr\u00eda &#8211; FR propone sensibilizar en perspectiva de g\u00e9nero para la obtenci\u00f3n de licencias de conducir\"}]},{\"@type\":\"WebSite\",\"@id\":\"https:\/\/experienciadevida.com.ar\/portalurbano\/#website\",\"url\":\"https:\/\/experienciadevida.com.ar\/portalurbano\/\",\"name\":\"\",\"description\":\"\",\"publisher\":{\"@id\":\"https:\/\/experienciadevida.com.ar\/portalurbano\/#organization\"},\"potentialAction\":[{\"@type\":\"SearchAction\",\"target\":{\"@type\":\"EntryPoint\",\"urlTemplate\":\"https:\/\/experienciadevida.com.ar\/portalurbano\/?s={search_term_string}\"},\"query-input\":\"required name=search_term_string\"}],\"inLanguage\":\"es\"},{\"@type\":\"Organization\",\"@id\":\"https:\/\/experienciadevida.com.ar\/portalurbano\/#organization\",\"name\":\"Portal Urbano\",\"url\":\"https:\/\/experienciadevida.com.ar\/portalurbano\/\",\"logo\":{\"@type\":\"ImageObject\",\"inLanguage\":\"es\",\"@id\":\"https:\/\/experienciadevida.com.ar\/portalurbano\/#\/schema\/logo\/image\/\",\"url\":\"https:\/\/experienciadevida.com.ar\/portalurbano\/wp-content\/uploads\/2019\/09\/Logo-Original.png\",\"contentUrl\":\"https:\/\/experienciadevida.com.ar\/portalurbano\/wp-content\/uploads\/2019\/09\/Logo-Original.png\",\"width\":2236,\"height\":1216,\"caption\":\"Portal Urbano\"},\"image\":{\"@id\":\"https:\/\/experienciadevida.com.ar\/portalurbano\/#\/schema\/logo\/image\/\"},\"sameAs\":[\"https:\/\/www.facebook.com\/Portal-Urbano-171542830093757\/\",\"https:\/\/twitter.com\/portalurbanook\",\"https:\/\/www.instagram.com\/_portalurbano\/\",\"https:\/\/www.youtube.com\/channel\/UCXhagIfszH8KxFiOok79zbA?view_as=subscriber\"]},{\"@type\":\"Person\",\"@id\":\"https:\/\/experienciadevida.com.ar\/portalurbano\/#\/schema\/person\/02dd326b1c4b056e9cc972486934a3a7\",\"name\":\"admpu17wp\",\"image\":{\"@type\":\"ImageObject\",\"inLanguage\":\"es\",\"@id\":\"https:\/\/experienciadevida.com.ar\/portalurbano\/#\/schema\/person\/image\/\",\"url\":\"https:\/\/secure.gravatar.com\/avatar\/830d4c57adaae6630765e449a6908047?s=96&d=mm&r=g\",\"contentUrl\":\"https:\/\/secure.gravatar.com\/avatar\/830d4c57adaae6630765e449a6908047?s=96&d=mm&r=g\",\"caption\":\"admpu17wp\"}}]}<\/script>\n<!-- \/ Yoast SEO plugin. -->","yoast_head_json":{"title":"Foro Olavarr\u00eda- FR propone sensibilizar en perspectiva de g\u00e9nero","description":"Foro Olavarr\u00eda - FR propone sensibilizar en perspectiva de g\u00e9nero para la obtenci\u00f3n de licencias de conducir, el bloque de Concejales","robots":{"index":"index","follow":"follow","max-snippet":"max-snippet:-1","max-image-preview":"max-image-preview:large","max-video-preview":"max-video-preview:-1"},"canonical":"https:\/\/experienciadevida.com.ar\/portalurbano\/foro-olavarria-fr-propone-sensibilizar-en-perspectiva-de-genero-para-la-obtencion-de-licencias-de-conducir\/","og_locale":"es_ES","og_type":"article","og_title":"Foro Olavarr\u00eda- FR propone sensibilizar en perspectiva de g\u00e9nero","og_description":"Foro Olavarr\u00eda - FR propone sensibilizar en perspectiva de g\u00e9nero para la obtenci\u00f3n de licencias de conducir, el bloque de Concejales","og_url":"https:\/\/experienciadevida.com.ar\/portalurbano\/foro-olavarria-fr-propone-sensibilizar-en-perspectiva-de-genero-para-la-obtencion-de-licencias-de-conducir\/","article_publisher":"https:\/\/www.facebook.com\/Portal-Urbano-171542830093757\/","article_published_time":"2022-07-02T13:33:45+00:00","article_modified_time":"2022-07-02T13:36:57+00:00","og_image":[{"width":800,"height":500,"url":"https:\/\/experienciadevida.com.ar\/portalurbano\/wp-content\/uploads\/2022\/07\/Foro-Olavarria.jpg","type":"image\/jpeg"}],"author":"admpu17wp","twitter_card":"summary_large_image","twitter_creator":"@portalurbanook","twitter_site":"@portalurbanook","twitter_misc":{"Escrito por":"admpu17wp","Tiempo de lectura":"2 minutos"},"schema":{"@context":"https:\/\/schema.org","@graph":[{"@type":"Article","@id":"https:\/\/experienciadevida.com.ar\/portalurbano\/foro-olavarria-fr-propone-sensibilizar-en-perspectiva-de-genero-para-la-obtencion-de-licencias-de-conducir\/#article","isPartOf":{"@id":"https:\/\/experienciadevida.com.ar\/portalurbano\/foro-olavarria-fr-propone-sensibilizar-en-perspectiva-de-genero-para-la-obtencion-de-licencias-de-conducir\/"},"author":{"name":"admpu17wp","@id":"https:\/\/experienciadevida.com.ar\/portalurbano\/#\/schema\/person\/02dd326b1c4b056e9cc972486934a3a7"},"headline":"Foro Olavarr\u00eda &#8211; FR propone sensibilizar en perspectiva de g\u00e9nero para la obtenci\u00f3n de licencias de conducir","datePublished":"2022-07-02T13:33:45+00:00","dateModified":"2022-07-02T13:36:57+00:00","mainEntityOfPage":{"@id":"https:\/\/experienciadevida.com.ar\/portalurbano\/foro-olavarria-fr-propone-sensibilizar-en-perspectiva-de-genero-para-la-obtencion-de-licencias-de-conducir\/"},"wordCount":281,"publisher":{"@id":"https:\/\/experienciadevida.com.ar\/portalurbano\/#organization"},"articleSection":["Ciudad","Destacadas"],"inLanguage":"es"},{"@type":"WebPage","@id":"https:\/\/experienciadevida.com.ar\/portalurbano\/foro-olavarria-fr-propone-sensibilizar-en-perspectiva-de-genero-para-la-obtencion-de-licencias-de-conducir\/","url":"https:\/\/experienciadevida.com.ar\/portalurbano\/foro-olavarria-fr-propone-sensibilizar-en-perspectiva-de-genero-para-la-obtencion-de-licencias-de-conducir\/","name":"Foro Olavarr\u00eda- FR propone sensibilizar en perspectiva de g\u00e9nero","isPartOf":{"@id":"https:\/\/experienciadevida.com.ar\/portalurbano\/#website"},"datePublished":"2022-07-02T13:33:45+00:00","dateModified":"2022-07-02T13:36:57+00:00","description":"Foro Olavarr\u00eda - FR propone sensibilizar en perspectiva de g\u00e9nero para la obtenci\u00f3n de licencias de conducir, el bloque de Concejales","breadcrumb":{"@id":"https:\/\/experienciadevida.com.ar\/portalurbano\/foro-olavarria-fr-propone-sensibilizar-en-perspectiva-de-genero-para-la-obtencion-de-licencias-de-conducir\/#breadcrumb"},"inLanguage":"es","potentialAction":[{"@type":"ReadAction","target":["https:\/\/experienciadevida.com.ar\/portalurbano\/foro-olavarria-fr-propone-sensibilizar-en-perspectiva-de-genero-para-la-obtencion-de-licencias-de-conducir\/"]}]},{"@type":"BreadcrumbList","@id":"https:\/\/experienciadevida.com.ar\/portalurbano\/foro-olavarria-fr-propone-sensibilizar-en-perspectiva-de-genero-para-la-obtencion-de-licencias-de-conducir\/#breadcrumb","itemListElement":[{"@type":"ListItem","position":1,"name":"Portada","item":"https:\/\/experienciadevida.com.ar\/portalurbano\/"},{"@type":"ListItem","position":2,"name":"Foro Olavarr\u00eda &#8211; FR propone sensibilizar en perspectiva de g\u00e9nero para la obtenci\u00f3n de licencias de conducir"}]},{"@type":"WebSite","@id":"https:\/\/experienciadevida.com.ar\/portalurbano\/#website","url":"https:\/\/experienciadevida.com.ar\/portalurbano\/","name":"","description":"","publisher":{"@id":"https:\/\/experienciadevida.com.ar\/portalurbano\/#organization"},"potentialAction":[{"@type":"SearchAction","target":{"@type":"EntryPoint","urlTemplate":"https:\/\/experienciadevida.com.ar\/portalurbano\/?s={search_term_string}"},"query-input":"required name=search_term_string"}],"inLanguage":"es"},{"@type":"Organization","@id":"https:\/\/experienciadevida.com.ar\/portalurbano\/#organization","name":"Portal Urbano","url":"https:\/\/experienciadevida.com.ar\/portalurbano\/","logo":{"@type":"ImageObject","inLanguage":"es","@id":"https:\/\/experienciadevida.com.ar\/portalurbano\/#\/schema\/logo\/image\/","url":"https:\/\/experienciadevida.com.ar\/portalurbano\/wp-content\/uploads\/2019\/09\/Logo-Original.png","contentUrl":"https:\/\/experienciadevida.com.ar\/portalurbano\/wp-content\/uploads\/2019\/09\/Logo-Original.png","width":2236,"height":1216,"caption":"Portal Urbano"},"image":{"@id":"https:\/\/experienciadevida.com.ar\/portalurbano\/#\/schema\/logo\/image\/"},"sameAs":["https:\/\/www.facebook.com\/Portal-Urbano-171542830093757\/","https:\/\/twitter.com\/portalurbanook","https:\/\/www.instagram.com\/_portalurbano\/","https:\/\/www.youtube.com\/channel\/UCXhagIfszH8KxFiOok79zbA?view_as=subscriber"]},{"@type":"Person","@id":"https:\/\/experienciadevida.com.ar\/portalurbano\/#\/schema\/person\/02dd326b1c4b056e9cc972486934a3a7","name":"admpu17wp","image":{"@type":"ImageObject","inLanguage":"es","@id":"https:\/\/experienciadevida.com.ar\/portalurbano\/#\/schema\/person\/image\/","url":"https:\/\/secure.gravatar.com\/avatar\/830d4c57adaae6630765e449a6908047?s=96&d=mm&r=g","contentUrl":"https:\/\/secure.gravatar.com\/avatar\/830d4c57adaae6630765e449a6908047?s=96&d=mm&r=g","caption":"admpu17wp"}}]}},"featured_image_urls":{"full":["https:\/\/experienciadevida.com.ar\/portalurbano\/wp-content\/uploads\/2022\/07\/Foro-Olavarria.jpg",800,500,false],"thumbnail":["https:\/\/experienciadevida.com.ar\/portalurbano\/wp-content\/uploads\/2022\/07\/Foro-Olavarria-150x150.jpg",150,150,true],"medium":["https:\/\/experienciadevida.com.ar\/portalurbano\/wp-content\/uploads\/2022\/07\/Foro-Olavarria-300x188.jpg",300,188,true],"medium_large":["https:\/\/experienciadevida.com.ar\/portalurbano\/wp-content\/uploads\/2022\/07\/Foro-Olavarria-768x480.jpg",640,400,true],"large":["https:\/\/experienciadevida.com.ar\/portalurbano\/wp-content\/uploads\/2022\/07\/Foro-Olavarria.jpg",640,400,false],"ug_big":["https:\/\/experienciadevida.com.ar\/portalurbano\/wp-content\/uploads\/2022\/07\/Foro-Olavarria-768x480.jpg",768,480,true],"1536x1536":["https:\/\/experienciadevida.com.ar\/portalurbano\/wp-content\/uploads\/2022\/07\/Foro-Olavarria.jpg",800,500,false],"2048x2048":["https:\/\/experienciadevida.com.ar\/portalurbano\/wp-content\/uploads\/2022\/07\/Foro-Olavarria.jpg",800,500,false],"newsever-slider-full":["https:\/\/experienciadevida.com.ar\/portalurbano\/wp-content\/uploads\/2022\/07\/Foro-Olavarria.jpg",800,500,false],"newsever-featured":["https:\/\/experienciadevida.com.ar\/portalurbano\/wp-content\/uploads\/2022\/07\/Foro-Olavarria.jpg",800,500,false],"newsever-medium":["https:\/\/experienciadevida.com.ar\/portalurbano\/wp-content\/uploads\/2022\/07\/Foro-Olavarria.jpg",720,450,false],"web-stories-poster-portrait":["https:\/\/experienciadevida.com.ar\/portalurbano\/wp-content\/uploads\/2022\/07\/Foro-Olavarria.jpg",640,400,false],"web-stories-publisher-logo":["https:\/\/experienciadevida.com.ar\/portalurbano\/wp-content\/uploads\/2022\/07\/Foro-Olavarria.jpg",96,60,false],"web-stories-thumbnail":["https:\/\/experienciadevida.com.ar\/portalurbano\/wp-content\/uploads\/2022\/07\/Foro-Olavarria.jpg",150,94,false]},"author_info":{"display_name":"admpu17wp","author_link":"https:\/\/experienciadevida.com.ar\/portalurbano\/author\/admpu17wp\/"},"category_info":"<a href=\"https:\/\/experienciadevida.com.ar\/portalurbano\/category\/ciudad\/\" rel=\"category tag\">Ciudad<\/a> <a href=\"https:\/\/experienciadevida.com.ar\/portalurbano\/category\/destacadas\/\" rel=\"category tag\">Destacadas<\/a>","tag_info":"Destacadas","comment_count":"0","amp_enabled":true,"_links":{"self":[{"href":"https:\/\/experienciadevida.com.ar\/portalurbano\/wp-json\/wp\/v2\/posts\/170561"}],"collection":[{"href":"https:\/\/experienciadevida.com.ar\/portalurbano\/wp-json\/wp\/v2\/posts"}],"about":[{"href":"https:\/\/experienciadevida.com.ar\/portalurbano\/wp-json\/wp\/v2\/types\/post"}],"author":[{"embeddable":true,"href":"https:\/\/experienciadevida.com.ar\/portalurbano\/wp-json\/wp\/v2\/users\/1"}],"replies":[{"embeddable":true,"href":"https:\/\/experienciadevida.com.ar\/portalurbano\/wp-json\/wp\/v2\/comments?post=170561"}],"version-history":[{"count":2,"href":"https:\/\/experienciadevida.com.ar\/portalurbano\/wp-json\/wp\/v2\/posts\/170561\/revisions"}],"predecessor-version":[{"id":170564,"href":"https:\/\/experienciadevida.com.ar\/portalurbano\/wp-json\/wp\/v2\/posts\/170561\/revisions\/170564"}],"wp:featuredmedia":[{"embeddable":true,"href":"https:\/\/experienciadevida.com.ar\/portalurbano\/wp-json\/wp\/v2\/media\/170562"}],"wp:attachment":[{"href":"https:\/\/experienciadevida.com.ar\/portalurbano\/wp-json\/wp\/v2\/media?parent=170561"}],"wp:term":[{"taxonomy":"category","embeddable":true,"href":"https:\/\/experienciadevida.com.ar\/portalurbano\/wp-json\/wp\/v2\/categories?post=170561"},{"taxonomy":"post_tag","embeddable":true,"href":"https:\/\/experienciadevida.com.ar\/portalurbano\/wp-json\/wp\/v2\/tags?post=170561"}],"curies":[{"name":"wp","href":"https:\/\/api.w.org\/{rel}","templated":true}]}}