{"id":170531,"date":"2022-07-01T12:21:35","date_gmt":"2022-07-01T15:21:35","guid":{"rendered":"https:\/\/experienciadevida.com.ar\/portalurbano\/?p=170531"},"modified":"2022-07-01T12:25:10","modified_gmt":"2022-07-01T15:25:10","slug":"trabajo-conjunto-entre-municipio-y-prestadores-turisticos-para-el-crecimiento-del-sector","status":"publish","type":"post","link":"https:\/\/experienciadevida.com.ar\/portalurbano\/trabajo-conjunto-entre-municipio-y-prestadores-turisticos-para-el-crecimiento-del-sector\/","title":{"rendered":"Trabajo conjunto entre Municipio y prestadores tur\u00edsticos para el crecimiento del sector"},"content":{"rendered":"<div class=\"page-title\">\n<p>Trabajo conjunto entre <a href=\"https:\/\/www.facebook.com\/municipiodeolavarria\">Municipio<\/a> y prestadores tur\u00edsticos para el crecimiento del sector, desde la Direcci\u00f3n de Turismo, dependiente de la Secretar\u00eda de Desarrollo Econ\u00f3mico, se convoc\u00f3 a representantes de alojamientos tur\u00edsticos del Partido, a un encuentro que se llev\u00f3 adelante este jueves. El motivo de la reuni\u00f3n fue informar las novedades sobre las que est\u00e1 trabajando en el equipo de la Direcci\u00f3n para, de esta manera, obtener una retroalimentaci\u00f3n entre las partes.<\/p>\n<p><a href=\"https:\/\/experienciadevida.com.ar\/portalurbano\/trabajo-conjunto-entre-municipio-y-prestadores-turisticos-para-el-crecimiento-del-sector\/trabajo\/\" rel=\"attachment wp-att-170534\"><img decoding=\"async\" class=\"alignnone size-large wp-image-170534\" src=\"https:\/\/experienciadevida.com.ar\/portalurbano\/wp-content\/uploads\/2022\/07\/Trabajo-1024x682.jpg\" alt=\"Trabajo \" width=\"900\" height=\"599\" srcset=\"https:\/\/experienciadevida.com.ar\/portalurbano\/wp-content\/uploads\/2022\/07\/Trabajo-1024x682.jpg 1024w, https:\/\/experienciadevida.com.ar\/portalurbano\/wp-content\/uploads\/2022\/07\/Trabajo-300x200.jpg 300w, https:\/\/experienciadevida.com.ar\/portalurbano\/wp-content\/uploads\/2022\/07\/Trabajo-768x512.jpg 768w, https:\/\/experienciadevida.com.ar\/portalurbano\/wp-content\/uploads\/2022\/07\/Trabajo-1536x1024.jpg 1536w, https:\/\/experienciadevida.com.ar\/portalurbano\/wp-content\/uploads\/2022\/07\/Trabajo.jpg 1772w\" sizes=\"(max-width: 900px) 100vw, 900px\" \/><\/a><\/p>\n<p>Respecto a las acciones que se realizan desde el \u00e1rea, se comunic\u00f3 acerca de estrategias digitales y propuestas tur\u00edsticas que gestiona el \u00e1rea, como por ejemplo el Bus Tur\u00edstico y el Cicloturismo. Se hizo hincapi\u00e9 en todo el contenido que se les facilitar\u00e1 de manera digital para poder ofrecer desde sus seis espacios a los visitantes.<\/p>\n<p>Por \u00faltimo, se estableci\u00f3 un eje de trabajo en pos de la recolecci\u00f3n de datos, con el prop\u00f3sito de realizar un relevamiento en conjunto con los actores econ\u00f3micos, para delinear futuras acciones.<\/p>\n<\/div>\n","protected":false},"excerpt":{"rendered":"<p>Trabajo conjunto entre Municipio y prestadores tur\u00edsticos para el crecimiento del sector, desde la Direcci\u00f3n&#8230;<\/p>\n","protected":false},"author":1,"featured_media":170532,"comment_status":"closed","ping_status":"closed","sticky":false,"template":"","format":"standard","meta":{"content-type":""},"categories":[27,64],"tags":[],"nelio_content":{"isAutoShareEnabled":false,"autoShareEndMode":"default","automationSources":{"useContentSentences":true,"useSocialTemplates":true,"useCustomSentences":false,"customSentences":[]},"followers":[1],"suggestedReferences":[],"includedReferences":[],"efiUrl":"","efiAlt":"","highlights":[]},"yoast_head":"<!-- This site is optimized with the Yoast SEO plugin v20.7 - https:\/\/yoast.com\/wordpress\/plugins\/seo\/ -->\n<title>Trabajo conjunto entre Municipio y prestadores tur\u00edsticos<\/title>\n<meta name=\"description\" content=\"Trabajo conjunto entre Municipio y prestadores tur\u00edsticos para el crecimiento del sector, desde la Direcci\u00f3n de Turismo,\" \/>\n<meta name=\"robots\" content=\"index, follow, max-snippet:-1, max-image-preview:large, max-video-preview:-1\" \/>\n<link rel=\"canonical\" href=\"https:\/\/experienciadevida.com.ar\/portalurbano\/trabajo-conjunto-entre-municipio-y-prestadores-turisticos-para-el-crecimiento-del-sector\/\" \/>\n<meta property=\"og:locale\" content=\"es_ES\" \/>\n<meta property=\"og:type\" content=\"article\" \/>\n<meta property=\"og:title\" content=\"Trabajo conjunto entre Municipio y prestadores tur\u00edsticos\" \/>\n<meta property=\"og:description\" content=\"Trabajo conjunto entre Municipio y prestadores tur\u00edsticos para el crecimiento del sector, desde la Direcci\u00f3n de Turismo,\" \/>\n<meta property=\"og:url\" content=\"https:\/\/experienciadevida.com.ar\/portalurbano\/trabajo-conjunto-entre-municipio-y-prestadores-turisticos-para-el-crecimiento-del-sector\/\" \/>\n<meta property=\"article:publisher\" content=\"https:\/\/www.facebook.com\/Portal-Urbano-171542830093757\/\" \/>\n<meta property=\"article:published_time\" content=\"2022-07-01T15:21:35+00:00\" \/>\n<meta property=\"article:modified_time\" content=\"2022-07-01T15:25:10+00:00\" \/>\n<meta property=\"og:image\" content=\"https:\/\/experienciadevida.com.ar\/portalurbano\/wp-content\/uploads\/2022\/07\/Trabajo-conjunto-entre-Municipio.jpg\" \/>\n\t<meta property=\"og:image:width\" content=\"1772\" \/>\n\t<meta property=\"og:image:height\" content=\"1181\" \/>\n\t<meta property=\"og:image:type\" content=\"image\/jpeg\" \/>\n<meta name=\"author\" content=\"admpu17wp\" \/>\n<meta name=\"twitter:card\" content=\"summary_large_image\" \/>\n<meta name=\"twitter:creator\" content=\"@portalurbanook\" \/>\n<meta name=\"twitter:site\" content=\"@portalurbanook\" \/>\n<meta name=\"twitter:label1\" content=\"Escrito por\" \/>\n\t<meta name=\"twitter:data1\" content=\"admpu17wp\" \/>\n\t<meta name=\"twitter:label2\" content=\"Tiempo de lectura\" \/>\n\t<meta name=\"twitter:data2\" content=\"1 minuto\" \/>\n<script type=\"application\/ld+json\" class=\"yoast-schema-graph\">{\"@context\":\"https:\/\/schema.org\",\"@graph\":[{\"@type\":\"Article\",\"@id\":\"https:\/\/experienciadevida.com.ar\/portalurbano\/trabajo-conjunto-entre-municipio-y-prestadores-turisticos-para-el-crecimiento-del-sector\/#article\",\"isPartOf\":{\"@id\":\"https:\/\/experienciadevida.com.ar\/portalurbano\/trabajo-conjunto-entre-municipio-y-prestadores-turisticos-para-el-crecimiento-del-sector\/\"},\"author\":{\"name\":\"admpu17wp\",\"@id\":\"https:\/\/experienciadevida.com.ar\/portalurbano\/#\/schema\/person\/02dd326b1c4b056e9cc972486934a3a7\"},\"headline\":\"Trabajo conjunto entre Municipio y prestadores tur\u00edsticos para el crecimiento del sector\",\"datePublished\":\"2022-07-01T15:21:35+00:00\",\"dateModified\":\"2022-07-01T15:25:10+00:00\",\"mainEntityOfPage\":{\"@id\":\"https:\/\/experienciadevida.com.ar\/portalurbano\/trabajo-conjunto-entre-municipio-y-prestadores-turisticos-para-el-crecimiento-del-sector\/\"},\"wordCount\":186,\"publisher\":{\"@id\":\"https:\/\/experienciadevida.com.ar\/portalurbano\/#organization\"},\"articleSection\":[\"Ciudad\",\"Destacadas 2\"],\"inLanguage\":\"es\"},{\"@type\":\"WebPage\",\"@id\":\"https:\/\/experienciadevida.com.ar\/portalurbano\/trabajo-conjunto-entre-municipio-y-prestadores-turisticos-para-el-crecimiento-del-sector\/\",\"url\":\"https:\/\/experienciadevida.com.ar\/portalurbano\/trabajo-conjunto-entre-municipio-y-prestadores-turisticos-para-el-crecimiento-del-sector\/\",\"name\":\"Trabajo conjunto entre Municipio y prestadores tur\u00edsticos\",\"isPartOf\":{\"@id\":\"https:\/\/experienciadevida.com.ar\/portalurbano\/#website\"},\"datePublished\":\"2022-07-01T15:21:35+00:00\",\"dateModified\":\"2022-07-01T15:25:10+00:00\",\"description\":\"Trabajo conjunto entre Municipio y prestadores tur\u00edsticos para el crecimiento del sector, desde la Direcci\u00f3n de Turismo,\",\"breadcrumb\":{\"@id\":\"https:\/\/experienciadevida.com.ar\/portalurbano\/trabajo-conjunto-entre-municipio-y-prestadores-turisticos-para-el-crecimiento-del-sector\/#breadcrumb\"},\"inLanguage\":\"es\",\"potentialAction\":[{\"@type\":\"ReadAction\",\"target\":[\"https:\/\/experienciadevida.com.ar\/portalurbano\/trabajo-conjunto-entre-municipio-y-prestadores-turisticos-para-el-crecimiento-del-sector\/\"]}]},{\"@type\":\"BreadcrumbList\",\"@id\":\"https:\/\/experienciadevida.com.ar\/portalurbano\/trabajo-conjunto-entre-municipio-y-prestadores-turisticos-para-el-crecimiento-del-sector\/#breadcrumb\",\"itemListElement\":[{\"@type\":\"ListItem\",\"position\":1,\"name\":\"Portada\",\"item\":\"https:\/\/experienciadevida.com.ar\/portalurbano\/\"},{\"@type\":\"ListItem\",\"position\":2,\"name\":\"Trabajo conjunto entre Municipio y prestadores tur\u00edsticos para el crecimiento del sector\"}]},{\"@type\":\"WebSite\",\"@id\":\"https:\/\/experienciadevida.com.ar\/portalurbano\/#website\",\"url\":\"https:\/\/experienciadevida.com.ar\/portalurbano\/\",\"name\":\"\",\"description\":\"\",\"publisher\":{\"@id\":\"https:\/\/experienciadevida.com.ar\/portalurbano\/#organization\"},\"potentialAction\":[{\"@type\":\"SearchAction\",\"target\":{\"@type\":\"EntryPoint\",\"urlTemplate\":\"https:\/\/experienciadevida.com.ar\/portalurbano\/?s={search_term_string}\"},\"query-input\":\"required name=search_term_string\"}],\"inLanguage\":\"es\"},{\"@type\":\"Organization\",\"@id\":\"https:\/\/experienciadevida.com.ar\/portalurbano\/#organization\",\"name\":\"Portal Urbano\",\"url\":\"https:\/\/experienciadevida.com.ar\/portalurbano\/\",\"logo\":{\"@type\":\"ImageObject\",\"inLanguage\":\"es\",\"@id\":\"https:\/\/experienciadevida.com.ar\/portalurbano\/#\/schema\/logo\/image\/\",\"url\":\"https:\/\/experienciadevida.com.ar\/portalurbano\/wp-content\/uploads\/2019\/09\/Logo-Original.png\",\"contentUrl\":\"https:\/\/experienciadevida.com.ar\/portalurbano\/wp-content\/uploads\/2019\/09\/Logo-Original.png\",\"width\":2236,\"height\":1216,\"caption\":\"Portal Urbano\"},\"image\":{\"@id\":\"https:\/\/experienciadevida.com.ar\/portalurbano\/#\/schema\/logo\/image\/\"},\"sameAs\":[\"https:\/\/www.facebook.com\/Portal-Urbano-171542830093757\/\",\"https:\/\/twitter.com\/portalurbanook\",\"https:\/\/www.instagram.com\/_portalurbano\/\",\"https:\/\/www.youtube.com\/channel\/UCXhagIfszH8KxFiOok79zbA?view_as=subscriber\"]},{\"@type\":\"Person\",\"@id\":\"https:\/\/experienciadevida.com.ar\/portalurbano\/#\/schema\/person\/02dd326b1c4b056e9cc972486934a3a7\",\"name\":\"admpu17wp\",\"image\":{\"@type\":\"ImageObject\",\"inLanguage\":\"es\",\"@id\":\"https:\/\/experienciadevida.com.ar\/portalurbano\/#\/schema\/person\/image\/\",\"url\":\"https:\/\/secure.gravatar.com\/avatar\/830d4c57adaae6630765e449a6908047?s=96&d=mm&r=g\",\"contentUrl\":\"https:\/\/secure.gravatar.com\/avatar\/830d4c57adaae6630765e449a6908047?s=96&d=mm&r=g\",\"caption\":\"admpu17wp\"}}]}<\/script>\n<!-- \/ Yoast SEO plugin. -->","yoast_head_json":{"title":"Trabajo conjunto entre Municipio y prestadores tur\u00edsticos","description":"Trabajo conjunto entre Municipio y prestadores tur\u00edsticos para el crecimiento del sector, desde la Direcci\u00f3n de Turismo,","robots":{"index":"index","follow":"follow","max-snippet":"max-snippet:-1","max-image-preview":"max-image-preview:large","max-video-preview":"max-video-preview:-1"},"canonical":"https:\/\/experienciadevida.com.ar\/portalurbano\/trabajo-conjunto-entre-municipio-y-prestadores-turisticos-para-el-crecimiento-del-sector\/","og_locale":"es_ES","og_type":"article","og_title":"Trabajo conjunto entre Municipio y prestadores tur\u00edsticos","og_description":"Trabajo conjunto entre Municipio y prestadores tur\u00edsticos para el crecimiento del sector, desde la Direcci\u00f3n de Turismo,","og_url":"https:\/\/experienciadevida.com.ar\/portalurbano\/trabajo-conjunto-entre-municipio-y-prestadores-turisticos-para-el-crecimiento-del-sector\/","article_publisher":"https:\/\/www.facebook.com\/Portal-Urbano-171542830093757\/","article_published_time":"2022-07-01T15:21:35+00:00","article_modified_time":"2022-07-01T15:25:10+00:00","og_image":[{"width":1772,"height":1181,"url":"https:\/\/experienciadevida.com.ar\/portalurbano\/wp-content\/uploads\/2022\/07\/Trabajo-conjunto-entre-Municipio.jpg","type":"image\/jpeg"}],"author":"admpu17wp","twitter_card":"summary_large_image","twitter_creator":"@portalurbanook","twitter_site":"@portalurbanook","twitter_misc":{"Escrito por":"admpu17wp","Tiempo de lectura":"1 minuto"},"schema":{"@context":"https:\/\/schema.org","@graph":[{"@type":"Article","@id":"https:\/\/experienciadevida.com.ar\/portalurbano\/trabajo-conjunto-entre-municipio-y-prestadores-turisticos-para-el-crecimiento-del-sector\/#article","isPartOf":{"@id":"https:\/\/experienciadevida.com.ar\/portalurbano\/trabajo-conjunto-entre-municipio-y-prestadores-turisticos-para-el-crecimiento-del-sector\/"},"author":{"name":"admpu17wp","@id":"https:\/\/experienciadevida.com.ar\/portalurbano\/#\/schema\/person\/02dd326b1c4b056e9cc972486934a3a7"},"headline":"Trabajo conjunto entre Municipio y prestadores tur\u00edsticos para el crecimiento del sector","datePublished":"2022-07-01T15:21:35+00:00","dateModified":"2022-07-01T15:25:10+00:00","mainEntityOfPage":{"@id":"https:\/\/experienciadevida.com.ar\/portalurbano\/trabajo-conjunto-entre-municipio-y-prestadores-turisticos-para-el-crecimiento-del-sector\/"},"wordCount":186,"publisher":{"@id":"https:\/\/experienciadevida.com.ar\/portalurbano\/#organization"},"articleSection":["Ciudad","Destacadas 2"],"inLanguage":"es"},{"@type":"WebPage","@id":"https:\/\/experienciadevida.com.ar\/portalurbano\/trabajo-conjunto-entre-municipio-y-prestadores-turisticos-para-el-crecimiento-del-sector\/","url":"https:\/\/experienciadevida.com.ar\/portalurbano\/trabajo-conjunto-entre-municipio-y-prestadores-turisticos-para-el-crecimiento-del-sector\/","name":"Trabajo conjunto entre Municipio y prestadores tur\u00edsticos","isPartOf":{"@id":"https:\/\/experienciadevida.com.ar\/portalurbano\/#website"},"datePublished":"2022-07-01T15:21:35+00:00","dateModified":"2022-07-01T15:25:10+00:00","description":"Trabajo conjunto entre Municipio y prestadores tur\u00edsticos para el crecimiento del sector, desde la Direcci\u00f3n de Turismo,","breadcrumb":{"@id":"https:\/\/experienciadevida.com.ar\/portalurbano\/trabajo-conjunto-entre-municipio-y-prestadores-turisticos-para-el-crecimiento-del-sector\/#breadcrumb"},"inLanguage":"es","potentialAction":[{"@type":"ReadAction","target":["https:\/\/experienciadevida.com.ar\/portalurbano\/trabajo-conjunto-entre-municipio-y-prestadores-turisticos-para-el-crecimiento-del-sector\/"]}]},{"@type":"BreadcrumbList","@id":"https:\/\/experienciadevida.com.ar\/portalurbano\/trabajo-conjunto-entre-municipio-y-prestadores-turisticos-para-el-crecimiento-del-sector\/#breadcrumb","itemListElement":[{"@type":"ListItem","position":1,"name":"Portada","item":"https:\/\/experienciadevida.com.ar\/portalurbano\/"},{"@type":"ListItem","position":2,"name":"Trabajo conjunto entre Municipio y prestadores tur\u00edsticos para el crecimiento del sector"}]},{"@type":"WebSite","@id":"https:\/\/experienciadevida.com.ar\/portalurbano\/#website","url":"https:\/\/experienciadevida.com.ar\/portalurbano\/","name":"","description":"","publisher":{"@id":"https:\/\/experienciadevida.com.ar\/portalurbano\/#organization"},"potentialAction":[{"@type":"SearchAction","target":{"@type":"EntryPoint","urlTemplate":"https:\/\/experienciadevida.com.ar\/portalurbano\/?s={search_term_string}"},"query-input":"required name=search_term_string"}],"inLanguage":"es"},{"@type":"Organization","@id":"https:\/\/experienciadevida.com.ar\/portalurbano\/#organization","name":"Portal Urbano","url":"https:\/\/experienciadevida.com.ar\/portalurbano\/","logo":{"@type":"ImageObject","inLanguage":"es","@id":"https:\/\/experienciadevida.com.ar\/portalurbano\/#\/schema\/logo\/image\/","url":"https:\/\/experienciadevida.com.ar\/portalurbano\/wp-content\/uploads\/2019\/09\/Logo-Original.png","contentUrl":"https:\/\/experienciadevida.com.ar\/portalurbano\/wp-content\/uploads\/2019\/09\/Logo-Original.png","width":2236,"height":1216,"caption":"Portal Urbano"},"image":{"@id":"https:\/\/experienciadevida.com.ar\/portalurbano\/#\/schema\/logo\/image\/"},"sameAs":["https:\/\/www.facebook.com\/Portal-Urbano-171542830093757\/","https:\/\/twitter.com\/portalurbanook","https:\/\/www.instagram.com\/_portalurbano\/","https:\/\/www.youtube.com\/channel\/UCXhagIfszH8KxFiOok79zbA?view_as=subscriber"]},{"@type":"Person","@id":"https:\/\/experienciadevida.com.ar\/portalurbano\/#\/schema\/person\/02dd326b1c4b056e9cc972486934a3a7","name":"admpu17wp","image":{"@type":"ImageObject","inLanguage":"es","@id":"https:\/\/experienciadevida.com.ar\/portalurbano\/#\/schema\/person\/image\/","url":"https:\/\/secure.gravatar.com\/avatar\/830d4c57adaae6630765e449a6908047?s=96&d=mm&r=g","contentUrl":"https:\/\/secure.gravatar.com\/avatar\/830d4c57adaae6630765e449a6908047?s=96&d=mm&r=g","caption":"admpu17wp"}}]}},"featured_image_urls":{"full":["https:\/\/experienciadevida.com.ar\/portalurbano\/wp-content\/uploads\/2022\/07\/Trabajo-conjunto-entre-Municipio.jpg",1772,1181,false],"thumbnail":["https:\/\/experienciadevida.com.ar\/portalurbano\/wp-content\/uploads\/2022\/07\/Trabajo-conjunto-entre-Municipio-150x150.jpg",150,150,true],"medium":["https:\/\/experienciadevida.com.ar\/portalurbano\/wp-content\/uploads\/2022\/07\/Trabajo-conjunto-entre-Municipio-300x200.jpg",300,200,true],"medium_large":["https:\/\/experienciadevida.com.ar\/portalurbano\/wp-content\/uploads\/2022\/07\/Trabajo-conjunto-entre-Municipio-768x512.jpg",640,427,true],"large":["https:\/\/experienciadevida.com.ar\/portalurbano\/wp-content\/uploads\/2022\/07\/Trabajo-conjunto-entre-Municipio-1024x682.jpg",640,426,true],"ug_big":["https:\/\/experienciadevida.com.ar\/portalurbano\/wp-content\/uploads\/2022\/07\/Trabajo-conjunto-entre-Municipio-768x512.jpg",768,512,true],"1536x1536":["https:\/\/experienciadevida.com.ar\/portalurbano\/wp-content\/uploads\/2022\/07\/Trabajo-conjunto-entre-Municipio-1536x1024.jpg",1536,1024,true],"2048x2048":["https:\/\/experienciadevida.com.ar\/portalurbano\/wp-content\/uploads\/2022\/07\/Trabajo-conjunto-entre-Municipio.jpg",1772,1181,false],"newsever-slider-full":["https:\/\/experienciadevida.com.ar\/portalurbano\/wp-content\/uploads\/2022\/07\/Trabajo-conjunto-entre-Municipio.jpg",1268,845,false],"newsever-featured":["https:\/\/experienciadevida.com.ar\/portalurbano\/wp-content\/uploads\/2022\/07\/Trabajo-conjunto-entre-Municipio.jpg",1024,682,false],"newsever-medium":["https:\/\/experienciadevida.com.ar\/portalurbano\/wp-content\/uploads\/2022\/07\/Trabajo-conjunto-entre-Municipio.jpg",713,475,false],"web-stories-poster-portrait":["https:\/\/experienciadevida.com.ar\/portalurbano\/wp-content\/uploads\/2022\/07\/Trabajo-conjunto-entre-Municipio.jpg",640,427,false],"web-stories-publisher-logo":["https:\/\/experienciadevida.com.ar\/portalurbano\/wp-content\/uploads\/2022\/07\/Trabajo-conjunto-entre-Municipio.jpg",96,64,false],"web-stories-thumbnail":["https:\/\/experienciadevida.com.ar\/portalurbano\/wp-content\/uploads\/2022\/07\/Trabajo-conjunto-entre-Municipio.jpg",150,100,false]},"author_info":{"display_name":"admpu17wp","author_link":"https:\/\/experienciadevida.com.ar\/portalurbano\/author\/admpu17wp\/"},"category_info":"<a href=\"https:\/\/experienciadevida.com.ar\/portalurbano\/category\/ciudad\/\" rel=\"category tag\">Ciudad<\/a> <a href=\"https:\/\/experienciadevida.com.ar\/portalurbano\/category\/destacadas-2\/\" rel=\"category tag\">Destacadas 2<\/a>","tag_info":"Destacadas 2","comment_count":"0","amp_enabled":true,"_links":{"self":[{"href":"https:\/\/experienciadevida.com.ar\/portalurbano\/wp-json\/wp\/v2\/posts\/170531"}],"collection":[{"href":"https:\/\/experienciadevida.com.ar\/portalurbano\/wp-json\/wp\/v2\/posts"}],"about":[{"href":"https:\/\/experienciadevida.com.ar\/portalurbano\/wp-json\/wp\/v2\/types\/post"}],"author":[{"embeddable":true,"href":"https:\/\/experienciadevida.com.ar\/portalurbano\/wp-json\/wp\/v2\/users\/1"}],"replies":[{"embeddable":true,"href":"https:\/\/experienciadevida.com.ar\/portalurbano\/wp-json\/wp\/v2\/comments?post=170531"}],"version-history":[{"count":2,"href":"https:\/\/experienciadevida.com.ar\/portalurbano\/wp-json\/wp\/v2\/posts\/170531\/revisions"}],"predecessor-version":[{"id":170535,"href":"https:\/\/experienciadevida.com.ar\/portalurbano\/wp-json\/wp\/v2\/posts\/170531\/revisions\/170535"}],"wp:featuredmedia":[{"embeddable":true,"href":"https:\/\/experienciadevida.com.ar\/portalurbano\/wp-json\/wp\/v2\/media\/170532"}],"wp:attachment":[{"href":"https:\/\/experienciadevida.com.ar\/portalurbano\/wp-json\/wp\/v2\/media?parent=170531"}],"wp:term":[{"taxonomy":"category","embeddable":true,"href":"https:\/\/experienciadevida.com.ar\/portalurbano\/wp-json\/wp\/v2\/categories?post=170531"},{"taxonomy":"post_tag","embeddable":true,"href":"https:\/\/experienciadevida.com.ar\/portalurbano\/wp-json\/wp\/v2\/tags?post=170531"}],"curies":[{"name":"wp","href":"https:\/\/api.w.org\/{rel}","templated":true}]}}