{"id":170526,"date":"2022-07-01T10:50:02","date_gmt":"2022-07-01T13:50:02","guid":{"rendered":"https:\/\/experienciadevida.com.ar\/portalurbano\/?p=170526"},"modified":"2022-07-01T10:50:23","modified_gmt":"2022-07-01T13:50:23","slug":"capacitaciones-semestrales-para-agentes-penitenciarios-del-complejo-centro-zona-sur","status":"publish","type":"post","link":"https:\/\/experienciadevida.com.ar\/portalurbano\/capacitaciones-semestrales-para-agentes-penitenciarios-del-complejo-centro-zona-sur\/","title":{"rendered":"Capacitaciones semestrales para agentes penitenciarios del Complejo Centro Zona Sur"},"content":{"rendered":"<p>Capacitaciones semestrales para agentes penitenciarios del Complejo Centro Zona Sur, este mes comenzaron a dictarse una serie de capacitaciones destinadas a los agentes penitenciarios que prestan funciones en las Unidades N\u00ba 2, 27, 38 y descentralizadas de Sierra Chica, pertenecientes al Complejo Centro Zona Sur.<\/p>\n<p><a href=\"https:\/\/experienciadevida.com.ar\/portalurbano\/capacitaciones-semestrales-para-agentes-penitenciarios-del-complejo-centro-zona-sur\/capacitaciones-2\/\" rel=\"attachment wp-att-170528\"><img decoding=\"async\" class=\"alignnone size-large wp-image-170528\" src=\"https:\/\/experienciadevida.com.ar\/portalurbano\/wp-content\/uploads\/2022\/07\/Capacitaciones-1024x768.jpg\" alt=\"capacitaciones \" width=\"900\" height=\"675\" srcset=\"https:\/\/experienciadevida.com.ar\/portalurbano\/wp-content\/uploads\/2022\/07\/Capacitaciones-1024x768.jpg 1024w, https:\/\/experienciadevida.com.ar\/portalurbano\/wp-content\/uploads\/2022\/07\/Capacitaciones-300x225.jpg 300w, https:\/\/experienciadevida.com.ar\/portalurbano\/wp-content\/uploads\/2022\/07\/Capacitaciones-768x576.jpg 768w, https:\/\/experienciadevida.com.ar\/portalurbano\/wp-content\/uploads\/2022\/07\/Capacitaciones.jpg 1280w\" sizes=\"(max-width: 900px) 100vw, 900px\" \/><\/a><\/p>\n<p>Se trata de una propuesta acad\u00e9mica enmarcada en las pol\u00edticas educativas coordinadas desde la Direcci\u00f3n Provincial de Pol\u00edtica y Gesti\u00f3n Penitenciaria y desde la Direcci\u00f3n de Capacitaci\u00f3n y Planificaci\u00f3n Educativa del Personal Penitenciario, organismos dependientes del Ministerio de Justicia y Derechos Humanos de la provincia de Buenos Aires, en articulaci\u00f3n con la Direcci\u00f3n General de Institutos de Formaci\u00f3n y Capacitaci\u00f3n del Servicio Penitenciario Bonaerense.<\/p>\n<p>La primera de las instrucciones es sobre prevenci\u00f3n de incendios, manejo y uso de extintores y primeros auxilios, ambas a cargo del Alcaide Mayor Vanesa Testa, quien es T\u00e9cnica Superior en Seguridad e Higiene y Control<br \/>\nAmbiental Industrial.<\/p>\n<p>Alrededor de 40 agentes se dan cita cada martes en la Sede Acad\u00e9mica Descentralizada del Complejo \u201cInspector General Fabi\u00e1n Roberto Recofsky\u201d perteneciente al Centro de Capacitaci\u00f3n y Reentrenamiento Permanente del<br \/>\nPersonal Penitenciario.<\/p>\n<p>Los cursos se realizar\u00e1n hasta diciembre con modalidad presencial y se repetir\u00e1n hasta alcanzar a la totalidad de los empleados ya que los conocimientos que se imparten generan mejoras eficaces en las situaciones cotidianas, entornos laborales o ambientales donde aumenta la frecuencia de aparici\u00f3n de accidentes y situaciones de emergencia, motivo por el cual es sumamente importante tener conocimientos previos que permitan saber c\u00f3mo<br \/>\nactuar.<\/p>\n<p>Capacitaciones semestrales para agentes penitenciarios del Complejo Centro Zona Sur, capacitaci\u00f3n b\u00e1sica de prevenci\u00f3n de Incendios, manejo y uso de extintores<\/p>\n<p>El objetivo es capacitar, concientizar y mantener actualizado a los agentes en cuanto a medidas preventivas contra incendios, manejo y uso de extintores. De esta forma podr\u00e1n evitar o minimizar las causas origen de las emergencias, como as\u00ed tambi\u00e9n interpretar y evacuar cada situaci\u00f3n que conlleve un riesgo para las personas, disponiendo y coordinando las acciones de prevenci\u00f3n adecuadas que cada caso en particular requiera. Se trata, asimismo, de desarrollar e incrementar la capacidad operativa de cada establecimiento.<\/p>\n<p>Entre los temas que se abordan se encuentra el concepto de fuego, tipos de combusti\u00f3n y clases de fuego; tipos, usos y componentes de los extintores; medidas preventivas contra incendios; organizaci\u00f3n ante emergencias y evacuaci\u00f3n.<\/p>\n<p>Primeros auxilios:<\/p>\n<p>Capacitaciones semestrales para agentes penitenciarios del Complejo Centro Zona Sur, este programa tiene como prop\u00f3sito el desarrollo de habilidades y capacidades del personal participante, con el fin de formar recursos<br \/>\nhumanos m\u00e1s competentes y h\u00e1biles. La modalidad de la cursada es te\u00f3rica y presencial con un cupo m\u00e1ximo de cuarenta participantes por edici\u00f3n.<\/p>\n<p>Cada participante recibir\u00e1 su certificaci\u00f3n que ser\u00e1 cargada en su legajo virtual por la Direcci\u00f3n de Carrera Penitenciaria. Estos cursos se realizan en el marco del Programa de Naciones Unidas para el Desarrollo ARG21\/002<br \/>\n\u201cTransformaci\u00f3n del Servicio Penitenciario de la Provincia de Buenos Aires\u201d y responde a lo establecido en el \u201cPlan Integral de Capacitaci\u00f3n\u201d, de la Subsecretar\u00eda de Pol\u00edtica Penitenciaria, cuyo objetivo central es garantizar instancias de capacitaci\u00f3n, formaci\u00f3n y\/o actualizaci\u00f3n para los diversos cuadros que conforman el plantel de personal del Servicio Penitenciario Bonaerense.<\/p>\n<p>Fuente y Fotos: Servicio Penitenciario bonaerense<\/p>\n","protected":false},"excerpt":{"rendered":"<p>Capacitaciones semestrales para agentes penitenciarios del Complejo Centro Zona Sur, este mes comenzaron a dictarse&#8230;<\/p>\n","protected":false},"author":1,"featured_media":170527,"comment_status":"closed","ping_status":"closed","sticky":false,"template":"","format":"standard","meta":{"content-type":""},"categories":[27],"tags":[],"nelio_content":{"isAutoShareEnabled":false,"autoShareEndMode":"default","automationSources":{"useContentSentences":true,"useSocialTemplates":true,"useCustomSentences":false,"customSentences":[]},"followers":[1],"suggestedReferences":[],"includedReferences":[],"efiUrl":"","efiAlt":"","highlights":[]},"yoast_head":"<!-- This site is optimized with the Yoast SEO plugin v20.7 - https:\/\/yoast.com\/wordpress\/plugins\/seo\/ -->\n<title>Capacitaciones semestrales para agentes penitenciarios del complejo<\/title>\n<meta name=\"description\" content=\"Capacitaciones semestrales para agentes penitenciarios del Complejo Centro Zona Sur, este mes comenzaron a dictarse una serie\" \/>\n<meta name=\"robots\" content=\"index, follow, max-snippet:-1, max-image-preview:large, max-video-preview:-1\" \/>\n<link rel=\"canonical\" href=\"https:\/\/experienciadevida.com.ar\/portalurbano\/capacitaciones-semestrales-para-agentes-penitenciarios-del-complejo-centro-zona-sur\/\" \/>\n<meta property=\"og:locale\" content=\"es_ES\" \/>\n<meta property=\"og:type\" content=\"article\" \/>\n<meta property=\"og:title\" content=\"Capacitaciones semestrales para agentes penitenciarios del complejo\" \/>\n<meta property=\"og:description\" content=\"Capacitaciones semestrales para agentes penitenciarios del Complejo Centro Zona Sur, este mes comenzaron a dictarse una serie\" \/>\n<meta property=\"og:url\" content=\"https:\/\/experienciadevida.com.ar\/portalurbano\/capacitaciones-semestrales-para-agentes-penitenciarios-del-complejo-centro-zona-sur\/\" \/>\n<meta property=\"article:publisher\" content=\"https:\/\/www.facebook.com\/Portal-Urbano-171542830093757\/\" \/>\n<meta property=\"article:published_time\" content=\"2022-07-01T13:50:02+00:00\" \/>\n<meta property=\"article:modified_time\" content=\"2022-07-01T13:50:23+00:00\" \/>\n<meta property=\"og:image\" content=\"https:\/\/experienciadevida.com.ar\/portalurbano\/wp-content\/uploads\/2022\/07\/Capacitaciones-semestrales-para-agentes.jpeg\" \/>\n\t<meta property=\"og:image:width\" content=\"1280\" \/>\n\t<meta property=\"og:image:height\" content=\"960\" \/>\n\t<meta property=\"og:image:type\" content=\"image\/jpeg\" \/>\n<meta name=\"author\" content=\"admpu17wp\" \/>\n<meta name=\"twitter:card\" content=\"summary_large_image\" \/>\n<meta name=\"twitter:creator\" content=\"@portalurbanook\" \/>\n<meta name=\"twitter:site\" content=\"@portalurbanook\" \/>\n<meta name=\"twitter:label1\" content=\"Escrito por\" \/>\n\t<meta name=\"twitter:data1\" content=\"admpu17wp\" \/>\n\t<meta name=\"twitter:label2\" content=\"Tiempo de lectura\" \/>\n\t<meta name=\"twitter:data2\" content=\"3 minutos\" \/>\n<script type=\"application\/ld+json\" class=\"yoast-schema-graph\">{\"@context\":\"https:\/\/schema.org\",\"@graph\":[{\"@type\":\"Article\",\"@id\":\"https:\/\/experienciadevida.com.ar\/portalurbano\/capacitaciones-semestrales-para-agentes-penitenciarios-del-complejo-centro-zona-sur\/#article\",\"isPartOf\":{\"@id\":\"https:\/\/experienciadevida.com.ar\/portalurbano\/capacitaciones-semestrales-para-agentes-penitenciarios-del-complejo-centro-zona-sur\/\"},\"author\":{\"name\":\"admpu17wp\",\"@id\":\"https:\/\/experienciadevida.com.ar\/portalurbano\/#\/schema\/person\/02dd326b1c4b056e9cc972486934a3a7\"},\"headline\":\"Capacitaciones semestrales para agentes penitenciarios del Complejo Centro Zona Sur\",\"datePublished\":\"2022-07-01T13:50:02+00:00\",\"dateModified\":\"2022-07-01T13:50:23+00:00\",\"mainEntityOfPage\":{\"@id\":\"https:\/\/experienciadevida.com.ar\/portalurbano\/capacitaciones-semestrales-para-agentes-penitenciarios-del-complejo-centro-zona-sur\/\"},\"wordCount\":578,\"publisher\":{\"@id\":\"https:\/\/experienciadevida.com.ar\/portalurbano\/#organization\"},\"articleSection\":[\"Ciudad\"],\"inLanguage\":\"es\"},{\"@type\":\"WebPage\",\"@id\":\"https:\/\/experienciadevida.com.ar\/portalurbano\/capacitaciones-semestrales-para-agentes-penitenciarios-del-complejo-centro-zona-sur\/\",\"url\":\"https:\/\/experienciadevida.com.ar\/portalurbano\/capacitaciones-semestrales-para-agentes-penitenciarios-del-complejo-centro-zona-sur\/\",\"name\":\"Capacitaciones semestrales para agentes penitenciarios del complejo\",\"isPartOf\":{\"@id\":\"https:\/\/experienciadevida.com.ar\/portalurbano\/#website\"},\"datePublished\":\"2022-07-01T13:50:02+00:00\",\"dateModified\":\"2022-07-01T13:50:23+00:00\",\"description\":\"Capacitaciones semestrales para agentes penitenciarios del Complejo Centro Zona Sur, este mes comenzaron a dictarse una serie\",\"breadcrumb\":{\"@id\":\"https:\/\/experienciadevida.com.ar\/portalurbano\/capacitaciones-semestrales-para-agentes-penitenciarios-del-complejo-centro-zona-sur\/#breadcrumb\"},\"inLanguage\":\"es\",\"potentialAction\":[{\"@type\":\"ReadAction\",\"target\":[\"https:\/\/experienciadevida.com.ar\/portalurbano\/capacitaciones-semestrales-para-agentes-penitenciarios-del-complejo-centro-zona-sur\/\"]}]},{\"@type\":\"BreadcrumbList\",\"@id\":\"https:\/\/experienciadevida.com.ar\/portalurbano\/capacitaciones-semestrales-para-agentes-penitenciarios-del-complejo-centro-zona-sur\/#breadcrumb\",\"itemListElement\":[{\"@type\":\"ListItem\",\"position\":1,\"name\":\"Portada\",\"item\":\"https:\/\/experienciadevida.com.ar\/portalurbano\/\"},{\"@type\":\"ListItem\",\"position\":2,\"name\":\"Capacitaciones semestrales para agentes penitenciarios del Complejo Centro Zona Sur\"}]},{\"@type\":\"WebSite\",\"@id\":\"https:\/\/experienciadevida.com.ar\/portalurbano\/#website\",\"url\":\"https:\/\/experienciadevida.com.ar\/portalurbano\/\",\"name\":\"\",\"description\":\"\",\"publisher\":{\"@id\":\"https:\/\/experienciadevida.com.ar\/portalurbano\/#organization\"},\"potentialAction\":[{\"@type\":\"SearchAction\",\"target\":{\"@type\":\"EntryPoint\",\"urlTemplate\":\"https:\/\/experienciadevida.com.ar\/portalurbano\/?s={search_term_string}\"},\"query-input\":\"required name=search_term_string\"}],\"inLanguage\":\"es\"},{\"@type\":\"Organization\",\"@id\":\"https:\/\/experienciadevida.com.ar\/portalurbano\/#organization\",\"name\":\"Portal Urbano\",\"url\":\"https:\/\/experienciadevida.com.ar\/portalurbano\/\",\"logo\":{\"@type\":\"ImageObject\",\"inLanguage\":\"es\",\"@id\":\"https:\/\/experienciadevida.com.ar\/portalurbano\/#\/schema\/logo\/image\/\",\"url\":\"https:\/\/experienciadevida.com.ar\/portalurbano\/wp-content\/uploads\/2019\/09\/Logo-Original.png\",\"contentUrl\":\"https:\/\/experienciadevida.com.ar\/portalurbano\/wp-content\/uploads\/2019\/09\/Logo-Original.png\",\"width\":2236,\"height\":1216,\"caption\":\"Portal Urbano\"},\"image\":{\"@id\":\"https:\/\/experienciadevida.com.ar\/portalurbano\/#\/schema\/logo\/image\/\"},\"sameAs\":[\"https:\/\/www.facebook.com\/Portal-Urbano-171542830093757\/\",\"https:\/\/twitter.com\/portalurbanook\",\"https:\/\/www.instagram.com\/_portalurbano\/\",\"https:\/\/www.youtube.com\/channel\/UCXhagIfszH8KxFiOok79zbA?view_as=subscriber\"]},{\"@type\":\"Person\",\"@id\":\"https:\/\/experienciadevida.com.ar\/portalurbano\/#\/schema\/person\/02dd326b1c4b056e9cc972486934a3a7\",\"name\":\"admpu17wp\",\"image\":{\"@type\":\"ImageObject\",\"inLanguage\":\"es\",\"@id\":\"https:\/\/experienciadevida.com.ar\/portalurbano\/#\/schema\/person\/image\/\",\"url\":\"https:\/\/secure.gravatar.com\/avatar\/830d4c57adaae6630765e449a6908047?s=96&d=mm&r=g\",\"contentUrl\":\"https:\/\/secure.gravatar.com\/avatar\/830d4c57adaae6630765e449a6908047?s=96&d=mm&r=g\",\"caption\":\"admpu17wp\"}}]}<\/script>\n<!-- \/ Yoast SEO plugin. -->","yoast_head_json":{"title":"Capacitaciones semestrales para agentes penitenciarios del complejo","description":"Capacitaciones semestrales para agentes penitenciarios del Complejo Centro Zona Sur, este mes comenzaron a dictarse una serie","robots":{"index":"index","follow":"follow","max-snippet":"max-snippet:-1","max-image-preview":"max-image-preview:large","max-video-preview":"max-video-preview:-1"},"canonical":"https:\/\/experienciadevida.com.ar\/portalurbano\/capacitaciones-semestrales-para-agentes-penitenciarios-del-complejo-centro-zona-sur\/","og_locale":"es_ES","og_type":"article","og_title":"Capacitaciones semestrales para agentes penitenciarios del complejo","og_description":"Capacitaciones semestrales para agentes penitenciarios del Complejo Centro Zona Sur, este mes comenzaron a dictarse una serie","og_url":"https:\/\/experienciadevida.com.ar\/portalurbano\/capacitaciones-semestrales-para-agentes-penitenciarios-del-complejo-centro-zona-sur\/","article_publisher":"https:\/\/www.facebook.com\/Portal-Urbano-171542830093757\/","article_published_time":"2022-07-01T13:50:02+00:00","article_modified_time":"2022-07-01T13:50:23+00:00","og_image":[{"width":1280,"height":960,"url":"https:\/\/experienciadevida.com.ar\/portalurbano\/wp-content\/uploads\/2022\/07\/Capacitaciones-semestrales-para-agentes.jpeg","type":"image\/jpeg"}],"author":"admpu17wp","twitter_card":"summary_large_image","twitter_creator":"@portalurbanook","twitter_site":"@portalurbanook","twitter_misc":{"Escrito por":"admpu17wp","Tiempo de lectura":"3 minutos"},"schema":{"@context":"https:\/\/schema.org","@graph":[{"@type":"Article","@id":"https:\/\/experienciadevida.com.ar\/portalurbano\/capacitaciones-semestrales-para-agentes-penitenciarios-del-complejo-centro-zona-sur\/#article","isPartOf":{"@id":"https:\/\/experienciadevida.com.ar\/portalurbano\/capacitaciones-semestrales-para-agentes-penitenciarios-del-complejo-centro-zona-sur\/"},"author":{"name":"admpu17wp","@id":"https:\/\/experienciadevida.com.ar\/portalurbano\/#\/schema\/person\/02dd326b1c4b056e9cc972486934a3a7"},"headline":"Capacitaciones semestrales para agentes penitenciarios del Complejo Centro Zona Sur","datePublished":"2022-07-01T13:50:02+00:00","dateModified":"2022-07-01T13:50:23+00:00","mainEntityOfPage":{"@id":"https:\/\/experienciadevida.com.ar\/portalurbano\/capacitaciones-semestrales-para-agentes-penitenciarios-del-complejo-centro-zona-sur\/"},"wordCount":578,"publisher":{"@id":"https:\/\/experienciadevida.com.ar\/portalurbano\/#organization"},"articleSection":["Ciudad"],"inLanguage":"es"},{"@type":"WebPage","@id":"https:\/\/experienciadevida.com.ar\/portalurbano\/capacitaciones-semestrales-para-agentes-penitenciarios-del-complejo-centro-zona-sur\/","url":"https:\/\/experienciadevida.com.ar\/portalurbano\/capacitaciones-semestrales-para-agentes-penitenciarios-del-complejo-centro-zona-sur\/","name":"Capacitaciones semestrales para agentes penitenciarios del complejo","isPartOf":{"@id":"https:\/\/experienciadevida.com.ar\/portalurbano\/#website"},"datePublished":"2022-07-01T13:50:02+00:00","dateModified":"2022-07-01T13:50:23+00:00","description":"Capacitaciones semestrales para agentes penitenciarios del Complejo Centro Zona Sur, este mes comenzaron a dictarse una serie","breadcrumb":{"@id":"https:\/\/experienciadevida.com.ar\/portalurbano\/capacitaciones-semestrales-para-agentes-penitenciarios-del-complejo-centro-zona-sur\/#breadcrumb"},"inLanguage":"es","potentialAction":[{"@type":"ReadAction","target":["https:\/\/experienciadevida.com.ar\/portalurbano\/capacitaciones-semestrales-para-agentes-penitenciarios-del-complejo-centro-zona-sur\/"]}]},{"@type":"BreadcrumbList","@id":"https:\/\/experienciadevida.com.ar\/portalurbano\/capacitaciones-semestrales-para-agentes-penitenciarios-del-complejo-centro-zona-sur\/#breadcrumb","itemListElement":[{"@type":"ListItem","position":1,"name":"Portada","item":"https:\/\/experienciadevida.com.ar\/portalurbano\/"},{"@type":"ListItem","position":2,"name":"Capacitaciones semestrales para agentes penitenciarios del Complejo Centro Zona Sur"}]},{"@type":"WebSite","@id":"https:\/\/experienciadevida.com.ar\/portalurbano\/#website","url":"https:\/\/experienciadevida.com.ar\/portalurbano\/","name":"","description":"","publisher":{"@id":"https:\/\/experienciadevida.com.ar\/portalurbano\/#organization"},"potentialAction":[{"@type":"SearchAction","target":{"@type":"EntryPoint","urlTemplate":"https:\/\/experienciadevida.com.ar\/portalurbano\/?s={search_term_string}"},"query-input":"required name=search_term_string"}],"inLanguage":"es"},{"@type":"Organization","@id":"https:\/\/experienciadevida.com.ar\/portalurbano\/#organization","name":"Portal Urbano","url":"https:\/\/experienciadevida.com.ar\/portalurbano\/","logo":{"@type":"ImageObject","inLanguage":"es","@id":"https:\/\/experienciadevida.com.ar\/portalurbano\/#\/schema\/logo\/image\/","url":"https:\/\/experienciadevida.com.ar\/portalurbano\/wp-content\/uploads\/2019\/09\/Logo-Original.png","contentUrl":"https:\/\/experienciadevida.com.ar\/portalurbano\/wp-content\/uploads\/2019\/09\/Logo-Original.png","width":2236,"height":1216,"caption":"Portal Urbano"},"image":{"@id":"https:\/\/experienciadevida.com.ar\/portalurbano\/#\/schema\/logo\/image\/"},"sameAs":["https:\/\/www.facebook.com\/Portal-Urbano-171542830093757\/","https:\/\/twitter.com\/portalurbanook","https:\/\/www.instagram.com\/_portalurbano\/","https:\/\/www.youtube.com\/channel\/UCXhagIfszH8KxFiOok79zbA?view_as=subscriber"]},{"@type":"Person","@id":"https:\/\/experienciadevida.com.ar\/portalurbano\/#\/schema\/person\/02dd326b1c4b056e9cc972486934a3a7","name":"admpu17wp","image":{"@type":"ImageObject","inLanguage":"es","@id":"https:\/\/experienciadevida.com.ar\/portalurbano\/#\/schema\/person\/image\/","url":"https:\/\/secure.gravatar.com\/avatar\/830d4c57adaae6630765e449a6908047?s=96&d=mm&r=g","contentUrl":"https:\/\/secure.gravatar.com\/avatar\/830d4c57adaae6630765e449a6908047?s=96&d=mm&r=g","caption":"admpu17wp"}}]}},"featured_image_urls":{"full":["https:\/\/experienciadevida.com.ar\/portalurbano\/wp-content\/uploads\/2022\/07\/Capacitaciones-semestrales-para-agentes.jpeg",1280,960,false],"thumbnail":["https:\/\/experienciadevida.com.ar\/portalurbano\/wp-content\/uploads\/2022\/07\/Capacitaciones-semestrales-para-agentes-150x150.jpeg",150,150,true],"medium":["https:\/\/experienciadevida.com.ar\/portalurbano\/wp-content\/uploads\/2022\/07\/Capacitaciones-semestrales-para-agentes-300x225.jpeg",300,225,true],"medium_large":["https:\/\/experienciadevida.com.ar\/portalurbano\/wp-content\/uploads\/2022\/07\/Capacitaciones-semestrales-para-agentes-768x576.jpeg",640,480,true],"large":["https:\/\/experienciadevida.com.ar\/portalurbano\/wp-content\/uploads\/2022\/07\/Capacitaciones-semestrales-para-agentes-1024x768.jpeg",640,480,true],"ug_big":["https:\/\/experienciadevida.com.ar\/portalurbano\/wp-content\/uploads\/2022\/07\/Capacitaciones-semestrales-para-agentes-768x576.jpeg",768,576,true],"1536x1536":["https:\/\/experienciadevida.com.ar\/portalurbano\/wp-content\/uploads\/2022\/07\/Capacitaciones-semestrales-para-agentes.jpeg",1280,960,false],"2048x2048":["https:\/\/experienciadevida.com.ar\/portalurbano\/wp-content\/uploads\/2022\/07\/Capacitaciones-semestrales-para-agentes.jpeg",1280,960,false],"newsever-slider-full":["https:\/\/experienciadevida.com.ar\/portalurbano\/wp-content\/uploads\/2022\/07\/Capacitaciones-semestrales-para-agentes.jpeg",1127,845,false],"newsever-featured":["https:\/\/experienciadevida.com.ar\/portalurbano\/wp-content\/uploads\/2022\/07\/Capacitaciones-semestrales-para-agentes.jpeg",1024,768,false],"newsever-medium":["https:\/\/experienciadevida.com.ar\/portalurbano\/wp-content\/uploads\/2022\/07\/Capacitaciones-semestrales-para-agentes.jpeg",633,475,false],"web-stories-poster-portrait":["https:\/\/experienciadevida.com.ar\/portalurbano\/wp-content\/uploads\/2022\/07\/Capacitaciones-semestrales-para-agentes.jpeg",640,480,false],"web-stories-publisher-logo":["https:\/\/experienciadevida.com.ar\/portalurbano\/wp-content\/uploads\/2022\/07\/Capacitaciones-semestrales-para-agentes.jpeg",96,72,false],"web-stories-thumbnail":["https:\/\/experienciadevida.com.ar\/portalurbano\/wp-content\/uploads\/2022\/07\/Capacitaciones-semestrales-para-agentes.jpeg",150,113,false]},"author_info":{"display_name":"admpu17wp","author_link":"https:\/\/experienciadevida.com.ar\/portalurbano\/author\/admpu17wp\/"},"category_info":"<a href=\"https:\/\/experienciadevida.com.ar\/portalurbano\/category\/ciudad\/\" rel=\"category tag\">Ciudad<\/a>","tag_info":"Ciudad","comment_count":"0","amp_enabled":true,"_links":{"self":[{"href":"https:\/\/experienciadevida.com.ar\/portalurbano\/wp-json\/wp\/v2\/posts\/170526"}],"collection":[{"href":"https:\/\/experienciadevida.com.ar\/portalurbano\/wp-json\/wp\/v2\/posts"}],"about":[{"href":"https:\/\/experienciadevida.com.ar\/portalurbano\/wp-json\/wp\/v2\/types\/post"}],"author":[{"embeddable":true,"href":"https:\/\/experienciadevida.com.ar\/portalurbano\/wp-json\/wp\/v2\/users\/1"}],"replies":[{"embeddable":true,"href":"https:\/\/experienciadevida.com.ar\/portalurbano\/wp-json\/wp\/v2\/comments?post=170526"}],"version-history":[{"count":2,"href":"https:\/\/experienciadevida.com.ar\/portalurbano\/wp-json\/wp\/v2\/posts\/170526\/revisions"}],"predecessor-version":[{"id":170530,"href":"https:\/\/experienciadevida.com.ar\/portalurbano\/wp-json\/wp\/v2\/posts\/170526\/revisions\/170530"}],"wp:featuredmedia":[{"embeddable":true,"href":"https:\/\/experienciadevida.com.ar\/portalurbano\/wp-json\/wp\/v2\/media\/170527"}],"wp:attachment":[{"href":"https:\/\/experienciadevida.com.ar\/portalurbano\/wp-json\/wp\/v2\/media?parent=170526"}],"wp:term":[{"taxonomy":"category","embeddable":true,"href":"https:\/\/experienciadevida.com.ar\/portalurbano\/wp-json\/wp\/v2\/categories?post=170526"},{"taxonomy":"post_tag","embeddable":true,"href":"https:\/\/experienciadevida.com.ar\/portalurbano\/wp-json\/wp\/v2\/tags?post=170526"}],"curies":[{"name":"wp","href":"https:\/\/api.w.org\/{rel}","templated":true}]}}