{"id":170512,"date":"2022-07-01T10:29:32","date_gmt":"2022-07-01T13:29:32","guid":{"rendered":"https:\/\/experienciadevida.com.ar\/portalurbano\/?p=170512"},"modified":"2022-07-02T13:11:14","modified_gmt":"2022-07-02T16:11:14","slug":"cerramos-una-paritaria-compleja-por-la-situacion-actual-del-pais","status":"publish","type":"post","link":"https:\/\/experienciadevida.com.ar\/portalurbano\/cerramos-una-paritaria-compleja-por-la-situacion-actual-del-pais\/","title":{"rendered":"&#8220;Cerramos una paritaria compleja por la situaci\u00f3n actual del pa\u00eds&#8221;"},"content":{"rendered":"<p>&#8220;Cerramos una paritaria compleja por la situaci\u00f3n actual del pa\u00eds&#8221;, as\u00ed lo inform\u00f3 el <a href=\"https:\/\/www.facebook.com\/galliezequiel\">Intendente<\/a> Municipal en un audio que se dio a conocer tras finalizar el acuerdo paritario, confirm\u00f3 que llevaron tres meses de di\u00e1logo que nunca se &#8220;cort\u00f3&#8221; y que siempre priorizan a los trabajadores que son el &#8220;alma del Municipio&#8221;.<\/p>\n<p>&#8220;Nosotros arrancamos con un presupuesto de 8 mil 350 millones de pesos\u00a0 y hoy la proyecci\u00f3n a fin de a\u00f1o nos da cerca de 11 mil millones de pesos por lo cual estamos analizando d\u00eda a d\u00eda los n\u00fameros y haciendo proyecciones permanentemente por lo cual fuimos acercando las partes llevamos tres meses de discusiones, di\u00e1logo que nunca se cort\u00f3 esto es lo que yo rescato que el di\u00e1logo nunca se cort\u00f3 y nosotros siempre priorizamos a los trabajadores que son el alma del Municipio que son quienes llevan adelante la tarea diaria, y que merecen y necesitan una recomposici\u00f3n salarial&#8221;.<\/p>\n<p>Por otro lado dijo &#8220;se hace muy dif\u00edcil pensar en equiparar las categor\u00edas m\u00e1s bajas con las categor\u00edas m\u00e1s altas siempre es una discusi\u00f3n muy dif\u00edcil de saldar pero pudimos encontrar un punto de acuerdo donde nosotros hab\u00edamos ofrecido\u00a0 una paritaria con un aumento de un a\u00f1o hasta marzo del 2023, acortamos la diferencia y\u00a0 si la proyecci\u00f3n da que siguen subiendo los ingresos del Municipio a parte del 25% de mayo, el 10% de agosto y el 17% de diciembre podr\u00edamos llegar a dar un 20% m\u00e1s de acuerdo a lo que vaya indicando la realidad de la argentina, en la paritaria trabajamos el aumento de las guardia donde dimos un 100% de aumento asique tambi\u00e9n se trabaj\u00f3 con el sector de los profesionales m\u00e9dicos que hacen guardias en el Hospital y en las localidades&#8221;.<\/p>\n<p>&#8220;Fue una gran paritaria donde pudimos nosotros priorizar el equilibrio econ\u00f3mico y financiero del Municipio y el sindicato poder trabajar sobre la necesidad de los trabajadores&#8221;.<\/p>\n<p>Foto: archivo<\/p>\n<p>Fuente: Radio Olavarr\u00eda<\/p>\n","protected":false},"excerpt":{"rendered":"<p>&#8220;Cerramos una paritaria compleja por la situaci\u00f3n actual del pa\u00eds&#8221;, as\u00ed lo inform\u00f3 el Intendente&#8230;<\/p>\n","protected":false},"author":1,"featured_media":166758,"comment_status":"closed","ping_status":"closed","sticky":false,"template":"","format":"standard","meta":{"content-type":""},"categories":[27,64],"tags":[],"nelio_content":{"isAutoShareEnabled":false,"autoShareEndMode":"default","automationSources":{"useContentSentences":true,"useSocialTemplates":true,"useCustomSentences":false,"customSentences":[]},"followers":[1],"suggestedReferences":[],"includedReferences":[],"efiUrl":"","efiAlt":"","highlights":[]},"yoast_head":"<!-- This site is optimized with the Yoast SEO plugin v20.7 - https:\/\/yoast.com\/wordpress\/plugins\/seo\/ -->\n<title>&quot;Cerramos una paritaria compleja por la situaci\u00f3n actual del pa\u00eds&quot;<\/title>\n<meta name=\"description\" content=\"&quot;Cerramos una paritaria compleja por la situaci\u00f3n actual del pa\u00eds&quot;, as\u00ed lo inform\u00f3 el Intendente Municipal en un audio que se dio a conocer\" \/>\n<meta name=\"robots\" content=\"index, follow, max-snippet:-1, max-image-preview:large, max-video-preview:-1\" \/>\n<link rel=\"canonical\" href=\"https:\/\/experienciadevida.com.ar\/portalurbano\/cerramos-una-paritaria-compleja-por-la-situacion-actual-del-pais\/\" \/>\n<meta property=\"og:locale\" content=\"es_ES\" \/>\n<meta property=\"og:type\" content=\"article\" \/>\n<meta property=\"og:title\" content=\"&quot;Cerramos una paritaria compleja por la situaci\u00f3n actual del pa\u00eds&quot;\" \/>\n<meta property=\"og:description\" content=\"&quot;Cerramos una paritaria compleja por la situaci\u00f3n actual del pa\u00eds&quot;, as\u00ed lo inform\u00f3 el Intendente Municipal en un audio que se dio a conocer\" \/>\n<meta property=\"og:url\" content=\"https:\/\/experienciadevida.com.ar\/portalurbano\/cerramos-una-paritaria-compleja-por-la-situacion-actual-del-pais\/\" \/>\n<meta property=\"article:publisher\" content=\"https:\/\/www.facebook.com\/Portal-Urbano-171542830093757\/\" \/>\n<meta property=\"article:published_time\" content=\"2022-07-01T13:29:32+00:00\" \/>\n<meta property=\"article:modified_time\" content=\"2022-07-02T16:11:14+00:00\" \/>\n<meta property=\"og:image\" content=\"https:\/\/experienciadevida.com.ar\/portalurbano\/wp-content\/uploads\/2022\/04\/Galli.jpg\" \/>\n\t<meta property=\"og:image:width\" content=\"765\" \/>\n\t<meta property=\"og:image:height\" content=\"510\" \/>\n\t<meta property=\"og:image:type\" content=\"image\/jpeg\" \/>\n<meta name=\"author\" content=\"admpu17wp\" \/>\n<meta name=\"twitter:card\" content=\"summary_large_image\" \/>\n<meta name=\"twitter:creator\" content=\"@portalurbanook\" \/>\n<meta name=\"twitter:site\" content=\"@portalurbanook\" \/>\n<meta name=\"twitter:label1\" content=\"Escrito por\" \/>\n\t<meta name=\"twitter:data1\" content=\"admpu17wp\" \/>\n\t<meta name=\"twitter:label2\" content=\"Tiempo de lectura\" \/>\n\t<meta name=\"twitter:data2\" content=\"2 minutos\" \/>\n<script type=\"application\/ld+json\" class=\"yoast-schema-graph\">{\"@context\":\"https:\/\/schema.org\",\"@graph\":[{\"@type\":\"Article\",\"@id\":\"https:\/\/experienciadevida.com.ar\/portalurbano\/cerramos-una-paritaria-compleja-por-la-situacion-actual-del-pais\/#article\",\"isPartOf\":{\"@id\":\"https:\/\/experienciadevida.com.ar\/portalurbano\/cerramos-una-paritaria-compleja-por-la-situacion-actual-del-pais\/\"},\"author\":{\"name\":\"admpu17wp\",\"@id\":\"https:\/\/experienciadevida.com.ar\/portalurbano\/#\/schema\/person\/02dd326b1c4b056e9cc972486934a3a7\"},\"headline\":\"&#8220;Cerramos una paritaria compleja por la situaci\u00f3n actual del pa\u00eds&#8221;\",\"datePublished\":\"2022-07-01T13:29:32+00:00\",\"dateModified\":\"2022-07-02T16:11:14+00:00\",\"mainEntityOfPage\":{\"@id\":\"https:\/\/experienciadevida.com.ar\/portalurbano\/cerramos-una-paritaria-compleja-por-la-situacion-actual-del-pais\/\"},\"wordCount\":351,\"publisher\":{\"@id\":\"https:\/\/experienciadevida.com.ar\/portalurbano\/#organization\"},\"articleSection\":[\"Ciudad\",\"Destacadas 2\"],\"inLanguage\":\"es\"},{\"@type\":\"WebPage\",\"@id\":\"https:\/\/experienciadevida.com.ar\/portalurbano\/cerramos-una-paritaria-compleja-por-la-situacion-actual-del-pais\/\",\"url\":\"https:\/\/experienciadevida.com.ar\/portalurbano\/cerramos-una-paritaria-compleja-por-la-situacion-actual-del-pais\/\",\"name\":\"\\\"Cerramos una paritaria compleja por la situaci\u00f3n actual del pa\u00eds\\\"\",\"isPartOf\":{\"@id\":\"https:\/\/experienciadevida.com.ar\/portalurbano\/#website\"},\"datePublished\":\"2022-07-01T13:29:32+00:00\",\"dateModified\":\"2022-07-02T16:11:14+00:00\",\"description\":\"\\\"Cerramos una paritaria compleja por la situaci\u00f3n actual del pa\u00eds\\\", as\u00ed lo inform\u00f3 el Intendente Municipal en un audio que se dio a conocer\",\"breadcrumb\":{\"@id\":\"https:\/\/experienciadevida.com.ar\/portalurbano\/cerramos-una-paritaria-compleja-por-la-situacion-actual-del-pais\/#breadcrumb\"},\"inLanguage\":\"es\",\"potentialAction\":[{\"@type\":\"ReadAction\",\"target\":[\"https:\/\/experienciadevida.com.ar\/portalurbano\/cerramos-una-paritaria-compleja-por-la-situacion-actual-del-pais\/\"]}]},{\"@type\":\"BreadcrumbList\",\"@id\":\"https:\/\/experienciadevida.com.ar\/portalurbano\/cerramos-una-paritaria-compleja-por-la-situacion-actual-del-pais\/#breadcrumb\",\"itemListElement\":[{\"@type\":\"ListItem\",\"position\":1,\"name\":\"Portada\",\"item\":\"https:\/\/experienciadevida.com.ar\/portalurbano\/\"},{\"@type\":\"ListItem\",\"position\":2,\"name\":\"\u00abCerramos una paritaria compleja por la situaci\u00f3n actual del pa\u00eds\u00bb\"}]},{\"@type\":\"WebSite\",\"@id\":\"https:\/\/experienciadevida.com.ar\/portalurbano\/#website\",\"url\":\"https:\/\/experienciadevida.com.ar\/portalurbano\/\",\"name\":\"\",\"description\":\"\",\"publisher\":{\"@id\":\"https:\/\/experienciadevida.com.ar\/portalurbano\/#organization\"},\"potentialAction\":[{\"@type\":\"SearchAction\",\"target\":{\"@type\":\"EntryPoint\",\"urlTemplate\":\"https:\/\/experienciadevida.com.ar\/portalurbano\/?s={search_term_string}\"},\"query-input\":\"required name=search_term_string\"}],\"inLanguage\":\"es\"},{\"@type\":\"Organization\",\"@id\":\"https:\/\/experienciadevida.com.ar\/portalurbano\/#organization\",\"name\":\"Portal Urbano\",\"url\":\"https:\/\/experienciadevida.com.ar\/portalurbano\/\",\"logo\":{\"@type\":\"ImageObject\",\"inLanguage\":\"es\",\"@id\":\"https:\/\/experienciadevida.com.ar\/portalurbano\/#\/schema\/logo\/image\/\",\"url\":\"https:\/\/experienciadevida.com.ar\/portalurbano\/wp-content\/uploads\/2019\/09\/Logo-Original.png\",\"contentUrl\":\"https:\/\/experienciadevida.com.ar\/portalurbano\/wp-content\/uploads\/2019\/09\/Logo-Original.png\",\"width\":2236,\"height\":1216,\"caption\":\"Portal Urbano\"},\"image\":{\"@id\":\"https:\/\/experienciadevida.com.ar\/portalurbano\/#\/schema\/logo\/image\/\"},\"sameAs\":[\"https:\/\/www.facebook.com\/Portal-Urbano-171542830093757\/\",\"https:\/\/twitter.com\/portalurbanook\",\"https:\/\/www.instagram.com\/_portalurbano\/\",\"https:\/\/www.youtube.com\/channel\/UCXhagIfszH8KxFiOok79zbA?view_as=subscriber\"]},{\"@type\":\"Person\",\"@id\":\"https:\/\/experienciadevida.com.ar\/portalurbano\/#\/schema\/person\/02dd326b1c4b056e9cc972486934a3a7\",\"name\":\"admpu17wp\",\"image\":{\"@type\":\"ImageObject\",\"inLanguage\":\"es\",\"@id\":\"https:\/\/experienciadevida.com.ar\/portalurbano\/#\/schema\/person\/image\/\",\"url\":\"https:\/\/secure.gravatar.com\/avatar\/830d4c57adaae6630765e449a6908047?s=96&d=mm&r=g\",\"contentUrl\":\"https:\/\/secure.gravatar.com\/avatar\/830d4c57adaae6630765e449a6908047?s=96&d=mm&r=g\",\"caption\":\"admpu17wp\"}}]}<\/script>\n<!-- \/ Yoast SEO plugin. -->","yoast_head_json":{"title":"\"Cerramos una paritaria compleja por la situaci\u00f3n actual del pa\u00eds\"","description":"\"Cerramos una paritaria compleja por la situaci\u00f3n actual del pa\u00eds\", as\u00ed lo inform\u00f3 el Intendente Municipal en un audio que se dio a conocer","robots":{"index":"index","follow":"follow","max-snippet":"max-snippet:-1","max-image-preview":"max-image-preview:large","max-video-preview":"max-video-preview:-1"},"canonical":"https:\/\/experienciadevida.com.ar\/portalurbano\/cerramos-una-paritaria-compleja-por-la-situacion-actual-del-pais\/","og_locale":"es_ES","og_type":"article","og_title":"\"Cerramos una paritaria compleja por la situaci\u00f3n actual del pa\u00eds\"","og_description":"\"Cerramos una paritaria compleja por la situaci\u00f3n actual del pa\u00eds\", as\u00ed lo inform\u00f3 el Intendente Municipal en un audio que se dio a conocer","og_url":"https:\/\/experienciadevida.com.ar\/portalurbano\/cerramos-una-paritaria-compleja-por-la-situacion-actual-del-pais\/","article_publisher":"https:\/\/www.facebook.com\/Portal-Urbano-171542830093757\/","article_published_time":"2022-07-01T13:29:32+00:00","article_modified_time":"2022-07-02T16:11:14+00:00","og_image":[{"width":765,"height":510,"url":"https:\/\/experienciadevida.com.ar\/portalurbano\/wp-content\/uploads\/2022\/04\/Galli.jpg","type":"image\/jpeg"}],"author":"admpu17wp","twitter_card":"summary_large_image","twitter_creator":"@portalurbanook","twitter_site":"@portalurbanook","twitter_misc":{"Escrito por":"admpu17wp","Tiempo de lectura":"2 minutos"},"schema":{"@context":"https:\/\/schema.org","@graph":[{"@type":"Article","@id":"https:\/\/experienciadevida.com.ar\/portalurbano\/cerramos-una-paritaria-compleja-por-la-situacion-actual-del-pais\/#article","isPartOf":{"@id":"https:\/\/experienciadevida.com.ar\/portalurbano\/cerramos-una-paritaria-compleja-por-la-situacion-actual-del-pais\/"},"author":{"name":"admpu17wp","@id":"https:\/\/experienciadevida.com.ar\/portalurbano\/#\/schema\/person\/02dd326b1c4b056e9cc972486934a3a7"},"headline":"&#8220;Cerramos una paritaria compleja por la situaci\u00f3n actual del pa\u00eds&#8221;","datePublished":"2022-07-01T13:29:32+00:00","dateModified":"2022-07-02T16:11:14+00:00","mainEntityOfPage":{"@id":"https:\/\/experienciadevida.com.ar\/portalurbano\/cerramos-una-paritaria-compleja-por-la-situacion-actual-del-pais\/"},"wordCount":351,"publisher":{"@id":"https:\/\/experienciadevida.com.ar\/portalurbano\/#organization"},"articleSection":["Ciudad","Destacadas 2"],"inLanguage":"es"},{"@type":"WebPage","@id":"https:\/\/experienciadevida.com.ar\/portalurbano\/cerramos-una-paritaria-compleja-por-la-situacion-actual-del-pais\/","url":"https:\/\/experienciadevida.com.ar\/portalurbano\/cerramos-una-paritaria-compleja-por-la-situacion-actual-del-pais\/","name":"\"Cerramos una paritaria compleja por la situaci\u00f3n actual del pa\u00eds\"","isPartOf":{"@id":"https:\/\/experienciadevida.com.ar\/portalurbano\/#website"},"datePublished":"2022-07-01T13:29:32+00:00","dateModified":"2022-07-02T16:11:14+00:00","description":"\"Cerramos una paritaria compleja por la situaci\u00f3n actual del pa\u00eds\", as\u00ed lo inform\u00f3 el Intendente Municipal en un audio que se dio a conocer","breadcrumb":{"@id":"https:\/\/experienciadevida.com.ar\/portalurbano\/cerramos-una-paritaria-compleja-por-la-situacion-actual-del-pais\/#breadcrumb"},"inLanguage":"es","potentialAction":[{"@type":"ReadAction","target":["https:\/\/experienciadevida.com.ar\/portalurbano\/cerramos-una-paritaria-compleja-por-la-situacion-actual-del-pais\/"]}]},{"@type":"BreadcrumbList","@id":"https:\/\/experienciadevida.com.ar\/portalurbano\/cerramos-una-paritaria-compleja-por-la-situacion-actual-del-pais\/#breadcrumb","itemListElement":[{"@type":"ListItem","position":1,"name":"Portada","item":"https:\/\/experienciadevida.com.ar\/portalurbano\/"},{"@type":"ListItem","position":2,"name":"\u00abCerramos una paritaria compleja por la situaci\u00f3n actual del pa\u00eds\u00bb"}]},{"@type":"WebSite","@id":"https:\/\/experienciadevida.com.ar\/portalurbano\/#website","url":"https:\/\/experienciadevida.com.ar\/portalurbano\/","name":"","description":"","publisher":{"@id":"https:\/\/experienciadevida.com.ar\/portalurbano\/#organization"},"potentialAction":[{"@type":"SearchAction","target":{"@type":"EntryPoint","urlTemplate":"https:\/\/experienciadevida.com.ar\/portalurbano\/?s={search_term_string}"},"query-input":"required name=search_term_string"}],"inLanguage":"es"},{"@type":"Organization","@id":"https:\/\/experienciadevida.com.ar\/portalurbano\/#organization","name":"Portal Urbano","url":"https:\/\/experienciadevida.com.ar\/portalurbano\/","logo":{"@type":"ImageObject","inLanguage":"es","@id":"https:\/\/experienciadevida.com.ar\/portalurbano\/#\/schema\/logo\/image\/","url":"https:\/\/experienciadevida.com.ar\/portalurbano\/wp-content\/uploads\/2019\/09\/Logo-Original.png","contentUrl":"https:\/\/experienciadevida.com.ar\/portalurbano\/wp-content\/uploads\/2019\/09\/Logo-Original.png","width":2236,"height":1216,"caption":"Portal Urbano"},"image":{"@id":"https:\/\/experienciadevida.com.ar\/portalurbano\/#\/schema\/logo\/image\/"},"sameAs":["https:\/\/www.facebook.com\/Portal-Urbano-171542830093757\/","https:\/\/twitter.com\/portalurbanook","https:\/\/www.instagram.com\/_portalurbano\/","https:\/\/www.youtube.com\/channel\/UCXhagIfszH8KxFiOok79zbA?view_as=subscriber"]},{"@type":"Person","@id":"https:\/\/experienciadevida.com.ar\/portalurbano\/#\/schema\/person\/02dd326b1c4b056e9cc972486934a3a7","name":"admpu17wp","image":{"@type":"ImageObject","inLanguage":"es","@id":"https:\/\/experienciadevida.com.ar\/portalurbano\/#\/schema\/person\/image\/","url":"https:\/\/secure.gravatar.com\/avatar\/830d4c57adaae6630765e449a6908047?s=96&d=mm&r=g","contentUrl":"https:\/\/secure.gravatar.com\/avatar\/830d4c57adaae6630765e449a6908047?s=96&d=mm&r=g","caption":"admpu17wp"}}]}},"featured_image_urls":{"full":["https:\/\/experienciadevida.com.ar\/portalurbano\/wp-content\/uploads\/2022\/04\/Galli.jpg",765,510,false],"thumbnail":["https:\/\/experienciadevida.com.ar\/portalurbano\/wp-content\/uploads\/2022\/04\/Galli-150x150.jpg",150,150,true],"medium":["https:\/\/experienciadevida.com.ar\/portalurbano\/wp-content\/uploads\/2022\/04\/Galli-300x200.jpg",300,200,true],"medium_large":["https:\/\/experienciadevida.com.ar\/portalurbano\/wp-content\/uploads\/2022\/04\/Galli.jpg",640,427,false],"large":["https:\/\/experienciadevida.com.ar\/portalurbano\/wp-content\/uploads\/2022\/04\/Galli.jpg",640,427,false],"ug_big":["https:\/\/experienciadevida.com.ar\/portalurbano\/wp-content\/uploads\/2022\/04\/Galli.jpg",765,510,false],"1536x1536":["https:\/\/experienciadevida.com.ar\/portalurbano\/wp-content\/uploads\/2022\/04\/Galli.jpg",765,510,false],"2048x2048":["https:\/\/experienciadevida.com.ar\/portalurbano\/wp-content\/uploads\/2022\/04\/Galli.jpg",765,510,false],"newsever-slider-full":["https:\/\/experienciadevida.com.ar\/portalurbano\/wp-content\/uploads\/2022\/04\/Galli.jpg",765,510,false],"newsever-featured":["https:\/\/experienciadevida.com.ar\/portalurbano\/wp-content\/uploads\/2022\/04\/Galli.jpg",765,510,false],"newsever-medium":["https:\/\/experienciadevida.com.ar\/portalurbano\/wp-content\/uploads\/2022\/04\/Galli.jpg",713,475,false],"web-stories-poster-portrait":["https:\/\/experienciadevida.com.ar\/portalurbano\/wp-content\/uploads\/2022\/04\/Galli.jpg",640,427,false],"web-stories-publisher-logo":["https:\/\/experienciadevida.com.ar\/portalurbano\/wp-content\/uploads\/2022\/04\/Galli.jpg",96,64,false],"web-stories-thumbnail":["https:\/\/experienciadevida.com.ar\/portalurbano\/wp-content\/uploads\/2022\/04\/Galli.jpg",150,100,false]},"author_info":{"display_name":"admpu17wp","author_link":"https:\/\/experienciadevida.com.ar\/portalurbano\/author\/admpu17wp\/"},"category_info":"<a href=\"https:\/\/experienciadevida.com.ar\/portalurbano\/category\/ciudad\/\" rel=\"category tag\">Ciudad<\/a> <a href=\"https:\/\/experienciadevida.com.ar\/portalurbano\/category\/destacadas-2\/\" rel=\"category tag\">Destacadas 2<\/a>","tag_info":"Destacadas 2","comment_count":"0","amp_enabled":true,"_links":{"self":[{"href":"https:\/\/experienciadevida.com.ar\/portalurbano\/wp-json\/wp\/v2\/posts\/170512"}],"collection":[{"href":"https:\/\/experienciadevida.com.ar\/portalurbano\/wp-json\/wp\/v2\/posts"}],"about":[{"href":"https:\/\/experienciadevida.com.ar\/portalurbano\/wp-json\/wp\/v2\/types\/post"}],"author":[{"embeddable":true,"href":"https:\/\/experienciadevida.com.ar\/portalurbano\/wp-json\/wp\/v2\/users\/1"}],"replies":[{"embeddable":true,"href":"https:\/\/experienciadevida.com.ar\/portalurbano\/wp-json\/wp\/v2\/comments?post=170512"}],"version-history":[{"count":4,"href":"https:\/\/experienciadevida.com.ar\/portalurbano\/wp-json\/wp\/v2\/posts\/170512\/revisions"}],"predecessor-version":[{"id":170514,"href":"https:\/\/experienciadevida.com.ar\/portalurbano\/wp-json\/wp\/v2\/posts\/170512\/revisions\/170514"}],"wp:featuredmedia":[{"embeddable":true,"href":"https:\/\/experienciadevida.com.ar\/portalurbano\/wp-json\/wp\/v2\/media\/166758"}],"wp:attachment":[{"href":"https:\/\/experienciadevida.com.ar\/portalurbano\/wp-json\/wp\/v2\/media?parent=170512"}],"wp:term":[{"taxonomy":"category","embeddable":true,"href":"https:\/\/experienciadevida.com.ar\/portalurbano\/wp-json\/wp\/v2\/categories?post=170512"},{"taxonomy":"post_tag","embeddable":true,"href":"https:\/\/experienciadevida.com.ar\/portalurbano\/wp-json\/wp\/v2\/tags?post=170512"}],"curies":[{"name":"wp","href":"https:\/\/api.w.org\/{rel}","templated":true}]}}