{"id":170495,"date":"2022-06-30T21:53:04","date_gmt":"2022-07-01T00:53:04","guid":{"rendered":"https:\/\/experienciadevida.com.ar\/portalurbano\/?p=170495"},"modified":"2022-06-30T21:58:23","modified_gmt":"2022-07-01T00:58:23","slug":"se-llego-a-un-acuerdo-paritario-entre-el-municipio-y-el-sindicato-de-trabajadores-municipales","status":"publish","type":"post","link":"https:\/\/experienciadevida.com.ar\/portalurbano\/se-llego-a-un-acuerdo-paritario-entre-el-municipio-y-el-sindicato-de-trabajadores-municipales\/","title":{"rendered":"Se lleg\u00f3 a un acuerdo paritario entre el Municipio y el Sindicato de trabajadores Municipales"},"content":{"rendered":"<p>Se lleg\u00f3 a un acuerdo paritario entre el Municipio y el Sindicato de trabajadores Municipales, as\u00ed lo dieron a conocer al finalizar la jornada de este mi\u00e9rcoles a trav\u00e9s de las redes sociales de Intendente Municipal.<\/p>\n<p>&#8220;Con el di\u00e1logo como principal herramienta hemos firmado con el Sindicato de Trabajadores Municipales el Acuerdo Paritario 2022.A esta hora, el equipo del Municipio liquidar\u00e1 los sueldos para que se pueda realizar el pago de los haberes de junio + aguinaldo con el aumento acordado (con retroactivo del mes de mayo tambi\u00e9n)&#8221;, afirm\u00f3 el Intendente Ezequiel Galli.<\/p>\n<p>Por otro lado, mencion\u00f3 que &#8220;a partir de ma\u00f1ana, se ir\u00e1n normalizando los servicios de las diferentes \u00e1reas municipales. Con un gran esfuerzo pudimos mejorar el salario de los trabajadores, que son el motor de la Municipalidad&#8221;.<\/p>\n<p>&#8220;Una gran noticia es que \u2013tambi\u00e9n- mejoramos sustancialmente el monto de las guardias m\u00e9dicas, en pos de garantizar un servicio p\u00fablico de calidad. Por el contexto inflacionario que se vive en nuestro pa\u00eds, acordamos reunirnos nuevamente en el mes de noviembre&#8221;.<\/p>\n","protected":false},"excerpt":{"rendered":"<p>Se lleg\u00f3 a un acuerdo paritario entre el Municipio y el Sindicato de trabajadores Municipales,&#8230;<\/p>\n","protected":false},"author":1,"featured_media":170496,"comment_status":"closed","ping_status":"closed","sticky":false,"template":"","format":"standard","meta":{"content-type":""},"categories":[27,64],"tags":[],"nelio_content":{"isAutoShareEnabled":false,"autoShareEndMode":"default","automationSources":{"useContentSentences":true,"useSocialTemplates":true,"useCustomSentences":false,"customSentences":[]},"followers":[1],"suggestedReferences":[],"includedReferences":[],"efiUrl":"","efiAlt":"","highlights":[]},"yoast_head":"<!-- This site is optimized with the Yoast SEO plugin v20.7 - https:\/\/yoast.com\/wordpress\/plugins\/seo\/ -->\n<title>Se lleg\u00f3 a un acuerdo paritario entre el Municipio y el Sindicato<\/title>\n<meta name=\"description\" content=\"Se lleg\u00f3 a un acuerdo paritario entre el Municipio y el Sindicato de trabajadores Municipales, as\u00ed lo dieron a conocer este mi\u00e9rcoles\" \/>\n<meta name=\"robots\" content=\"index, follow, max-snippet:-1, max-image-preview:large, max-video-preview:-1\" \/>\n<link rel=\"canonical\" href=\"https:\/\/experienciadevida.com.ar\/portalurbano\/se-llego-a-un-acuerdo-paritario-entre-el-municipio-y-el-sindicato-de-trabajadores-municipales\/\" \/>\n<meta property=\"og:locale\" content=\"es_ES\" \/>\n<meta property=\"og:type\" content=\"article\" \/>\n<meta property=\"og:title\" content=\"Se lleg\u00f3 a un acuerdo paritario entre el Municipio y el Sindicato\" \/>\n<meta property=\"og:description\" content=\"Se lleg\u00f3 a un acuerdo paritario entre el Municipio y el Sindicato de trabajadores Municipales, as\u00ed lo dieron a conocer este mi\u00e9rcoles\" \/>\n<meta property=\"og:url\" content=\"https:\/\/experienciadevida.com.ar\/portalurbano\/se-llego-a-un-acuerdo-paritario-entre-el-municipio-y-el-sindicato-de-trabajadores-municipales\/\" \/>\n<meta property=\"article:publisher\" content=\"https:\/\/www.facebook.com\/Portal-Urbano-171542830093757\/\" \/>\n<meta property=\"article:published_time\" content=\"2022-07-01T00:53:04+00:00\" \/>\n<meta property=\"article:modified_time\" content=\"2022-07-01T00:58:23+00:00\" \/>\n<meta property=\"og:image\" content=\"https:\/\/experienciadevida.com.ar\/portalurbano\/wp-content\/uploads\/2022\/06\/Se-llego-a-un.jpg\" \/>\n\t<meta property=\"og:image:width\" content=\"1280\" \/>\n\t<meta property=\"og:image:height\" content=\"855\" \/>\n\t<meta property=\"og:image:type\" content=\"image\/jpeg\" \/>\n<meta name=\"author\" content=\"admpu17wp\" \/>\n<meta name=\"twitter:card\" content=\"summary_large_image\" \/>\n<meta name=\"twitter:creator\" content=\"@portalurbanook\" \/>\n<meta name=\"twitter:site\" content=\"@portalurbanook\" \/>\n<meta name=\"twitter:label1\" content=\"Escrito por\" \/>\n\t<meta name=\"twitter:data1\" content=\"admpu17wp\" \/>\n\t<meta name=\"twitter:label2\" content=\"Tiempo de lectura\" \/>\n\t<meta name=\"twitter:data2\" content=\"1 minuto\" \/>\n<script type=\"application\/ld+json\" class=\"yoast-schema-graph\">{\"@context\":\"https:\/\/schema.org\",\"@graph\":[{\"@type\":\"Article\",\"@id\":\"https:\/\/experienciadevida.com.ar\/portalurbano\/se-llego-a-un-acuerdo-paritario-entre-el-municipio-y-el-sindicato-de-trabajadores-municipales\/#article\",\"isPartOf\":{\"@id\":\"https:\/\/experienciadevida.com.ar\/portalurbano\/se-llego-a-un-acuerdo-paritario-entre-el-municipio-y-el-sindicato-de-trabajadores-municipales\/\"},\"author\":{\"name\":\"admpu17wp\",\"@id\":\"https:\/\/experienciadevida.com.ar\/portalurbano\/#\/schema\/person\/02dd326b1c4b056e9cc972486934a3a7\"},\"headline\":\"Se lleg\u00f3 a un acuerdo paritario entre el Municipio y el Sindicato de trabajadores Municipales\",\"datePublished\":\"2022-07-01T00:53:04+00:00\",\"dateModified\":\"2022-07-01T00:58:23+00:00\",\"mainEntityOfPage\":{\"@id\":\"https:\/\/experienciadevida.com.ar\/portalurbano\/se-llego-a-un-acuerdo-paritario-entre-el-municipio-y-el-sindicato-de-trabajadores-municipales\/\"},\"wordCount\":195,\"publisher\":{\"@id\":\"https:\/\/experienciadevida.com.ar\/portalurbano\/#organization\"},\"articleSection\":[\"Ciudad\",\"Destacadas 2\"],\"inLanguage\":\"es\"},{\"@type\":\"WebPage\",\"@id\":\"https:\/\/experienciadevida.com.ar\/portalurbano\/se-llego-a-un-acuerdo-paritario-entre-el-municipio-y-el-sindicato-de-trabajadores-municipales\/\",\"url\":\"https:\/\/experienciadevida.com.ar\/portalurbano\/se-llego-a-un-acuerdo-paritario-entre-el-municipio-y-el-sindicato-de-trabajadores-municipales\/\",\"name\":\"Se lleg\u00f3 a un acuerdo paritario entre el Municipio y el Sindicato\",\"isPartOf\":{\"@id\":\"https:\/\/experienciadevida.com.ar\/portalurbano\/#website\"},\"datePublished\":\"2022-07-01T00:53:04+00:00\",\"dateModified\":\"2022-07-01T00:58:23+00:00\",\"description\":\"Se lleg\u00f3 a un acuerdo paritario entre el Municipio y el Sindicato de trabajadores Municipales, as\u00ed lo dieron a conocer este mi\u00e9rcoles\",\"breadcrumb\":{\"@id\":\"https:\/\/experienciadevida.com.ar\/portalurbano\/se-llego-a-un-acuerdo-paritario-entre-el-municipio-y-el-sindicato-de-trabajadores-municipales\/#breadcrumb\"},\"inLanguage\":\"es\",\"potentialAction\":[{\"@type\":\"ReadAction\",\"target\":[\"https:\/\/experienciadevida.com.ar\/portalurbano\/se-llego-a-un-acuerdo-paritario-entre-el-municipio-y-el-sindicato-de-trabajadores-municipales\/\"]}]},{\"@type\":\"BreadcrumbList\",\"@id\":\"https:\/\/experienciadevida.com.ar\/portalurbano\/se-llego-a-un-acuerdo-paritario-entre-el-municipio-y-el-sindicato-de-trabajadores-municipales\/#breadcrumb\",\"itemListElement\":[{\"@type\":\"ListItem\",\"position\":1,\"name\":\"Portada\",\"item\":\"https:\/\/experienciadevida.com.ar\/portalurbano\/\"},{\"@type\":\"ListItem\",\"position\":2,\"name\":\"Se lleg\u00f3 a un acuerdo paritario entre el Municipio y el Sindicato de trabajadores Municipales\"}]},{\"@type\":\"WebSite\",\"@id\":\"https:\/\/experienciadevida.com.ar\/portalurbano\/#website\",\"url\":\"https:\/\/experienciadevida.com.ar\/portalurbano\/\",\"name\":\"\",\"description\":\"\",\"publisher\":{\"@id\":\"https:\/\/experienciadevida.com.ar\/portalurbano\/#organization\"},\"potentialAction\":[{\"@type\":\"SearchAction\",\"target\":{\"@type\":\"EntryPoint\",\"urlTemplate\":\"https:\/\/experienciadevida.com.ar\/portalurbano\/?s={search_term_string}\"},\"query-input\":\"required name=search_term_string\"}],\"inLanguage\":\"es\"},{\"@type\":\"Organization\",\"@id\":\"https:\/\/experienciadevida.com.ar\/portalurbano\/#organization\",\"name\":\"Portal Urbano\",\"url\":\"https:\/\/experienciadevida.com.ar\/portalurbano\/\",\"logo\":{\"@type\":\"ImageObject\",\"inLanguage\":\"es\",\"@id\":\"https:\/\/experienciadevida.com.ar\/portalurbano\/#\/schema\/logo\/image\/\",\"url\":\"https:\/\/experienciadevida.com.ar\/portalurbano\/wp-content\/uploads\/2019\/09\/Logo-Original.png\",\"contentUrl\":\"https:\/\/experienciadevida.com.ar\/portalurbano\/wp-content\/uploads\/2019\/09\/Logo-Original.png\",\"width\":2236,\"height\":1216,\"caption\":\"Portal Urbano\"},\"image\":{\"@id\":\"https:\/\/experienciadevida.com.ar\/portalurbano\/#\/schema\/logo\/image\/\"},\"sameAs\":[\"https:\/\/www.facebook.com\/Portal-Urbano-171542830093757\/\",\"https:\/\/twitter.com\/portalurbanook\",\"https:\/\/www.instagram.com\/_portalurbano\/\",\"https:\/\/www.youtube.com\/channel\/UCXhagIfszH8KxFiOok79zbA?view_as=subscriber\"]},{\"@type\":\"Person\",\"@id\":\"https:\/\/experienciadevida.com.ar\/portalurbano\/#\/schema\/person\/02dd326b1c4b056e9cc972486934a3a7\",\"name\":\"admpu17wp\",\"image\":{\"@type\":\"ImageObject\",\"inLanguage\":\"es\",\"@id\":\"https:\/\/experienciadevida.com.ar\/portalurbano\/#\/schema\/person\/image\/\",\"url\":\"https:\/\/secure.gravatar.com\/avatar\/830d4c57adaae6630765e449a6908047?s=96&d=mm&r=g\",\"contentUrl\":\"https:\/\/secure.gravatar.com\/avatar\/830d4c57adaae6630765e449a6908047?s=96&d=mm&r=g\",\"caption\":\"admpu17wp\"}}]}<\/script>\n<!-- \/ Yoast SEO plugin. -->","yoast_head_json":{"title":"Se lleg\u00f3 a un acuerdo paritario entre el Municipio y el Sindicato","description":"Se lleg\u00f3 a un acuerdo paritario entre el Municipio y el Sindicato de trabajadores Municipales, as\u00ed lo dieron a conocer este mi\u00e9rcoles","robots":{"index":"index","follow":"follow","max-snippet":"max-snippet:-1","max-image-preview":"max-image-preview:large","max-video-preview":"max-video-preview:-1"},"canonical":"https:\/\/experienciadevida.com.ar\/portalurbano\/se-llego-a-un-acuerdo-paritario-entre-el-municipio-y-el-sindicato-de-trabajadores-municipales\/","og_locale":"es_ES","og_type":"article","og_title":"Se lleg\u00f3 a un acuerdo paritario entre el Municipio y el Sindicato","og_description":"Se lleg\u00f3 a un acuerdo paritario entre el Municipio y el Sindicato de trabajadores Municipales, as\u00ed lo dieron a conocer este mi\u00e9rcoles","og_url":"https:\/\/experienciadevida.com.ar\/portalurbano\/se-llego-a-un-acuerdo-paritario-entre-el-municipio-y-el-sindicato-de-trabajadores-municipales\/","article_publisher":"https:\/\/www.facebook.com\/Portal-Urbano-171542830093757\/","article_published_time":"2022-07-01T00:53:04+00:00","article_modified_time":"2022-07-01T00:58:23+00:00","og_image":[{"width":1280,"height":855,"url":"https:\/\/experienciadevida.com.ar\/portalurbano\/wp-content\/uploads\/2022\/06\/Se-llego-a-un.jpg","type":"image\/jpeg"}],"author":"admpu17wp","twitter_card":"summary_large_image","twitter_creator":"@portalurbanook","twitter_site":"@portalurbanook","twitter_misc":{"Escrito por":"admpu17wp","Tiempo de lectura":"1 minuto"},"schema":{"@context":"https:\/\/schema.org","@graph":[{"@type":"Article","@id":"https:\/\/experienciadevida.com.ar\/portalurbano\/se-llego-a-un-acuerdo-paritario-entre-el-municipio-y-el-sindicato-de-trabajadores-municipales\/#article","isPartOf":{"@id":"https:\/\/experienciadevida.com.ar\/portalurbano\/se-llego-a-un-acuerdo-paritario-entre-el-municipio-y-el-sindicato-de-trabajadores-municipales\/"},"author":{"name":"admpu17wp","@id":"https:\/\/experienciadevida.com.ar\/portalurbano\/#\/schema\/person\/02dd326b1c4b056e9cc972486934a3a7"},"headline":"Se lleg\u00f3 a un acuerdo paritario entre el Municipio y el Sindicato de trabajadores Municipales","datePublished":"2022-07-01T00:53:04+00:00","dateModified":"2022-07-01T00:58:23+00:00","mainEntityOfPage":{"@id":"https:\/\/experienciadevida.com.ar\/portalurbano\/se-llego-a-un-acuerdo-paritario-entre-el-municipio-y-el-sindicato-de-trabajadores-municipales\/"},"wordCount":195,"publisher":{"@id":"https:\/\/experienciadevida.com.ar\/portalurbano\/#organization"},"articleSection":["Ciudad","Destacadas 2"],"inLanguage":"es"},{"@type":"WebPage","@id":"https:\/\/experienciadevida.com.ar\/portalurbano\/se-llego-a-un-acuerdo-paritario-entre-el-municipio-y-el-sindicato-de-trabajadores-municipales\/","url":"https:\/\/experienciadevida.com.ar\/portalurbano\/se-llego-a-un-acuerdo-paritario-entre-el-municipio-y-el-sindicato-de-trabajadores-municipales\/","name":"Se lleg\u00f3 a un acuerdo paritario entre el Municipio y el Sindicato","isPartOf":{"@id":"https:\/\/experienciadevida.com.ar\/portalurbano\/#website"},"datePublished":"2022-07-01T00:53:04+00:00","dateModified":"2022-07-01T00:58:23+00:00","description":"Se lleg\u00f3 a un acuerdo paritario entre el Municipio y el Sindicato de trabajadores Municipales, as\u00ed lo dieron a conocer este mi\u00e9rcoles","breadcrumb":{"@id":"https:\/\/experienciadevida.com.ar\/portalurbano\/se-llego-a-un-acuerdo-paritario-entre-el-municipio-y-el-sindicato-de-trabajadores-municipales\/#breadcrumb"},"inLanguage":"es","potentialAction":[{"@type":"ReadAction","target":["https:\/\/experienciadevida.com.ar\/portalurbano\/se-llego-a-un-acuerdo-paritario-entre-el-municipio-y-el-sindicato-de-trabajadores-municipales\/"]}]},{"@type":"BreadcrumbList","@id":"https:\/\/experienciadevida.com.ar\/portalurbano\/se-llego-a-un-acuerdo-paritario-entre-el-municipio-y-el-sindicato-de-trabajadores-municipales\/#breadcrumb","itemListElement":[{"@type":"ListItem","position":1,"name":"Portada","item":"https:\/\/experienciadevida.com.ar\/portalurbano\/"},{"@type":"ListItem","position":2,"name":"Se lleg\u00f3 a un acuerdo paritario entre el Municipio y el Sindicato de trabajadores Municipales"}]},{"@type":"WebSite","@id":"https:\/\/experienciadevida.com.ar\/portalurbano\/#website","url":"https:\/\/experienciadevida.com.ar\/portalurbano\/","name":"","description":"","publisher":{"@id":"https:\/\/experienciadevida.com.ar\/portalurbano\/#organization"},"potentialAction":[{"@type":"SearchAction","target":{"@type":"EntryPoint","urlTemplate":"https:\/\/experienciadevida.com.ar\/portalurbano\/?s={search_term_string}"},"query-input":"required name=search_term_string"}],"inLanguage":"es"},{"@type":"Organization","@id":"https:\/\/experienciadevida.com.ar\/portalurbano\/#organization","name":"Portal Urbano","url":"https:\/\/experienciadevida.com.ar\/portalurbano\/","logo":{"@type":"ImageObject","inLanguage":"es","@id":"https:\/\/experienciadevida.com.ar\/portalurbano\/#\/schema\/logo\/image\/","url":"https:\/\/experienciadevida.com.ar\/portalurbano\/wp-content\/uploads\/2019\/09\/Logo-Original.png","contentUrl":"https:\/\/experienciadevida.com.ar\/portalurbano\/wp-content\/uploads\/2019\/09\/Logo-Original.png","width":2236,"height":1216,"caption":"Portal Urbano"},"image":{"@id":"https:\/\/experienciadevida.com.ar\/portalurbano\/#\/schema\/logo\/image\/"},"sameAs":["https:\/\/www.facebook.com\/Portal-Urbano-171542830093757\/","https:\/\/twitter.com\/portalurbanook","https:\/\/www.instagram.com\/_portalurbano\/","https:\/\/www.youtube.com\/channel\/UCXhagIfszH8KxFiOok79zbA?view_as=subscriber"]},{"@type":"Person","@id":"https:\/\/experienciadevida.com.ar\/portalurbano\/#\/schema\/person\/02dd326b1c4b056e9cc972486934a3a7","name":"admpu17wp","image":{"@type":"ImageObject","inLanguage":"es","@id":"https:\/\/experienciadevida.com.ar\/portalurbano\/#\/schema\/person\/image\/","url":"https:\/\/secure.gravatar.com\/avatar\/830d4c57adaae6630765e449a6908047?s=96&d=mm&r=g","contentUrl":"https:\/\/secure.gravatar.com\/avatar\/830d4c57adaae6630765e449a6908047?s=96&d=mm&r=g","caption":"admpu17wp"}}]}},"featured_image_urls":{"full":["https:\/\/experienciadevida.com.ar\/portalurbano\/wp-content\/uploads\/2022\/06\/Se-llego-a-un.jpg",1280,855,false],"thumbnail":["https:\/\/experienciadevida.com.ar\/portalurbano\/wp-content\/uploads\/2022\/06\/Se-llego-a-un-150x150.jpg",150,150,true],"medium":["https:\/\/experienciadevida.com.ar\/portalurbano\/wp-content\/uploads\/2022\/06\/Se-llego-a-un-300x200.jpg",300,200,true],"medium_large":["https:\/\/experienciadevida.com.ar\/portalurbano\/wp-content\/uploads\/2022\/06\/Se-llego-a-un-768x513.jpg",640,428,true],"large":["https:\/\/experienciadevida.com.ar\/portalurbano\/wp-content\/uploads\/2022\/06\/Se-llego-a-un-1024x684.jpg",640,428,true],"ug_big":["https:\/\/experienciadevida.com.ar\/portalurbano\/wp-content\/uploads\/2022\/06\/Se-llego-a-un-768x513.jpg",768,513,true],"1536x1536":["https:\/\/experienciadevida.com.ar\/portalurbano\/wp-content\/uploads\/2022\/06\/Se-llego-a-un.jpg",1280,855,false],"2048x2048":["https:\/\/experienciadevida.com.ar\/portalurbano\/wp-content\/uploads\/2022\/06\/Se-llego-a-un.jpg",1280,855,false],"newsever-slider-full":["https:\/\/experienciadevida.com.ar\/portalurbano\/wp-content\/uploads\/2022\/06\/Se-llego-a-un.jpg",1265,845,false],"newsever-featured":["https:\/\/experienciadevida.com.ar\/portalurbano\/wp-content\/uploads\/2022\/06\/Se-llego-a-un.jpg",1024,684,false],"newsever-medium":["https:\/\/experienciadevida.com.ar\/portalurbano\/wp-content\/uploads\/2022\/06\/Se-llego-a-un.jpg",711,475,false],"web-stories-poster-portrait":["https:\/\/experienciadevida.com.ar\/portalurbano\/wp-content\/uploads\/2022\/06\/Se-llego-a-un.jpg",640,428,false],"web-stories-publisher-logo":["https:\/\/experienciadevida.com.ar\/portalurbano\/wp-content\/uploads\/2022\/06\/Se-llego-a-un.jpg",96,64,false],"web-stories-thumbnail":["https:\/\/experienciadevida.com.ar\/portalurbano\/wp-content\/uploads\/2022\/06\/Se-llego-a-un.jpg",150,100,false]},"author_info":{"display_name":"admpu17wp","author_link":"https:\/\/experienciadevida.com.ar\/portalurbano\/author\/admpu17wp\/"},"category_info":"<a href=\"https:\/\/experienciadevida.com.ar\/portalurbano\/category\/ciudad\/\" rel=\"category tag\">Ciudad<\/a> <a href=\"https:\/\/experienciadevida.com.ar\/portalurbano\/category\/destacadas-2\/\" rel=\"category tag\">Destacadas 2<\/a>","tag_info":"Destacadas 2","comment_count":"0","amp_enabled":true,"_links":{"self":[{"href":"https:\/\/experienciadevida.com.ar\/portalurbano\/wp-json\/wp\/v2\/posts\/170495"}],"collection":[{"href":"https:\/\/experienciadevida.com.ar\/portalurbano\/wp-json\/wp\/v2\/posts"}],"about":[{"href":"https:\/\/experienciadevida.com.ar\/portalurbano\/wp-json\/wp\/v2\/types\/post"}],"author":[{"embeddable":true,"href":"https:\/\/experienciadevida.com.ar\/portalurbano\/wp-json\/wp\/v2\/users\/1"}],"replies":[{"embeddable":true,"href":"https:\/\/experienciadevida.com.ar\/portalurbano\/wp-json\/wp\/v2\/comments?post=170495"}],"version-history":[{"count":3,"href":"https:\/\/experienciadevida.com.ar\/portalurbano\/wp-json\/wp\/v2\/posts\/170495\/revisions"}],"predecessor-version":[{"id":170498,"href":"https:\/\/experienciadevida.com.ar\/portalurbano\/wp-json\/wp\/v2\/posts\/170495\/revisions\/170498"}],"wp:featuredmedia":[{"embeddable":true,"href":"https:\/\/experienciadevida.com.ar\/portalurbano\/wp-json\/wp\/v2\/media\/170496"}],"wp:attachment":[{"href":"https:\/\/experienciadevida.com.ar\/portalurbano\/wp-json\/wp\/v2\/media?parent=170495"}],"wp:term":[{"taxonomy":"category","embeddable":true,"href":"https:\/\/experienciadevida.com.ar\/portalurbano\/wp-json\/wp\/v2\/categories?post=170495"},{"taxonomy":"post_tag","embeddable":true,"href":"https:\/\/experienciadevida.com.ar\/portalurbano\/wp-json\/wp\/v2\/tags?post=170495"}],"curies":[{"name":"wp","href":"https:\/\/api.w.org\/{rel}","templated":true}]}}