{"id":170434,"date":"2022-06-29T16:53:43","date_gmt":"2022-06-29T19:53:43","guid":{"rendered":"https:\/\/experienciadevida.com.ar\/portalurbano\/?p=170434"},"modified":"2022-06-29T17:09:10","modified_gmt":"2022-06-29T20:09:10","slug":"obras-de-conservacion-de-pavimento-en-barrio-alberdi","status":"publish","type":"post","link":"https:\/\/experienciadevida.com.ar\/portalurbano\/obras-de-conservacion-de-pavimento-en-barrio-alberdi\/","title":{"rendered":"Obras de conservaci\u00f3n de pavimento en barrio Alberdi"},"content":{"rendered":"<p>Obras de conservaci\u00f3n de pavimento en barrio Alberdi, en la jornada de este mi\u00e9rcoles se iniciaron los trabajos de reconstrucci\u00f3n de cuneta pasante, en el marco del plan de conservaci\u00f3n de pavimento de hormig\u00f3n.<\/p>\n<p>Actualmente las tareas se desarrollan en inmediaciones del Parque Eva Per\u00f3n, en la intersecci\u00f3n de las calles \u00c1lvaro Barros y Pourtal\u00e9.<\/p>\n<p>Se solicita circular con precauci\u00f3n en la zona y respetar la se\u00f1alizaci\u00f3n existente, teniendo en cuenta las normas de seguridad, hasta la finalizaci\u00f3n de las obras, que tendr\u00e1n una duraci\u00f3n de una semana aproximadamente.<\/p>\n<p>Este mantenimiento permite reparar sectores en que los \u00e1rboles levantan las losas, donde los servicios urbanos socavan las losas o donde la dilataci\u00f3n del hormig\u00f3n desnivela losas, como as\u00ed tambi\u00e9n roturas por sobrecarga de veh\u00edculos pesados, entre otros puntos.<\/p>\n<p>Dicho plan de conservaci\u00f3n \u2013que comprende 40 puntos cr\u00edticos- es coordinado por la Secretar\u00eda de Mantenimiento y Obras P\u00fablicas, a trav\u00e9s de personal de la Direcci\u00f3n de Pavimento, quien realiza la supervisi\u00f3n de las tareas de manera permanente.<\/p>\n<p>Los trabajos se ejecutan con recursos propios y los mismos encuentran a cargo de la empresa Atak S.R.L, quien result\u00f3 adjudicataria de la licitaci\u00f3n, que fue realizada en el mes de diciembre de 2021.<\/p>\n","protected":false},"excerpt":{"rendered":"<p>Obras de conservaci\u00f3n de pavimento en barrio Alberdi, en la jornada de este mi\u00e9rcoles se&#8230;<\/p>\n","protected":false},"author":1,"featured_media":170435,"comment_status":"closed","ping_status":"closed","sticky":false,"template":"","format":"standard","meta":{"content-type":""},"categories":[27,64],"tags":[],"nelio_content":{"isAutoShareEnabled":false,"autoShareEndMode":"default","automationSources":{"useContentSentences":true,"useSocialTemplates":true,"useCustomSentences":false,"customSentences":[]},"followers":[1],"suggestedReferences":[],"includedReferences":[],"efiUrl":"","efiAlt":"","highlights":[]},"yoast_head":"<!-- This site is optimized with the Yoast SEO plugin v20.7 - https:\/\/yoast.com\/wordpress\/plugins\/seo\/ -->\n<title>Oras de conservaci\u00f3n de pavimento en barrrio Alberdi<\/title>\n<meta name=\"description\" content=\"Obras de conservaci\u00f3n de pavimento en barrio Alberdi, en la jornada de este mi\u00e9rcoles se iniciaron los trabajos de reconstrucci\u00f3n de cuneta\" \/>\n<meta name=\"robots\" content=\"index, follow, max-snippet:-1, max-image-preview:large, max-video-preview:-1\" \/>\n<link rel=\"canonical\" href=\"https:\/\/experienciadevida.com.ar\/portalurbano\/obras-de-conservacion-de-pavimento-en-barrio-alberdi\/\" \/>\n<meta property=\"og:locale\" content=\"es_ES\" \/>\n<meta property=\"og:type\" content=\"article\" \/>\n<meta property=\"og:title\" content=\"Oras de conservaci\u00f3n de pavimento en barrrio Alberdi\" \/>\n<meta property=\"og:description\" content=\"Obras de conservaci\u00f3n de pavimento en barrio Alberdi, en la jornada de este mi\u00e9rcoles se iniciaron los trabajos de reconstrucci\u00f3n de cuneta\" \/>\n<meta property=\"og:url\" content=\"https:\/\/experienciadevida.com.ar\/portalurbano\/obras-de-conservacion-de-pavimento-en-barrio-alberdi\/\" \/>\n<meta property=\"article:publisher\" content=\"https:\/\/www.facebook.com\/Portal-Urbano-171542830093757\/\" \/>\n<meta property=\"article:published_time\" content=\"2022-06-29T19:53:43+00:00\" \/>\n<meta property=\"article:modified_time\" content=\"2022-06-29T20:09:10+00:00\" \/>\n<meta property=\"og:image\" content=\"https:\/\/experienciadevida.com.ar\/portalurbano\/wp-content\/uploads\/2022\/06\/Obras-de-conservacion-de.jpg\" \/>\n\t<meta property=\"og:image:width\" content=\"1024\" \/>\n\t<meta property=\"og:image:height\" content=\"682\" \/>\n\t<meta property=\"og:image:type\" content=\"image\/jpeg\" \/>\n<meta name=\"author\" content=\"admpu17wp\" \/>\n<meta name=\"twitter:card\" content=\"summary_large_image\" \/>\n<meta name=\"twitter:creator\" content=\"@portalurbanook\" \/>\n<meta name=\"twitter:site\" content=\"@portalurbanook\" \/>\n<meta name=\"twitter:label1\" content=\"Escrito por\" \/>\n\t<meta name=\"twitter:data1\" content=\"admpu17wp\" \/>\n\t<meta name=\"twitter:label2\" content=\"Tiempo de lectura\" \/>\n\t<meta name=\"twitter:data2\" content=\"1 minuto\" \/>\n<script type=\"application\/ld+json\" class=\"yoast-schema-graph\">{\"@context\":\"https:\/\/schema.org\",\"@graph\":[{\"@type\":\"Article\",\"@id\":\"https:\/\/experienciadevida.com.ar\/portalurbano\/obras-de-conservacion-de-pavimento-en-barrio-alberdi\/#article\",\"isPartOf\":{\"@id\":\"https:\/\/experienciadevida.com.ar\/portalurbano\/obras-de-conservacion-de-pavimento-en-barrio-alberdi\/\"},\"author\":{\"name\":\"admpu17wp\",\"@id\":\"https:\/\/experienciadevida.com.ar\/portalurbano\/#\/schema\/person\/02dd326b1c4b056e9cc972486934a3a7\"},\"headline\":\"Obras de conservaci\u00f3n de pavimento en barrio Alberdi\",\"datePublished\":\"2022-06-29T19:53:43+00:00\",\"dateModified\":\"2022-06-29T20:09:10+00:00\",\"mainEntityOfPage\":{\"@id\":\"https:\/\/experienciadevida.com.ar\/portalurbano\/obras-de-conservacion-de-pavimento-en-barrio-alberdi\/\"},\"wordCount\":234,\"publisher\":{\"@id\":\"https:\/\/experienciadevida.com.ar\/portalurbano\/#organization\"},\"articleSection\":[\"Ciudad\",\"Destacadas 2\"],\"inLanguage\":\"es\"},{\"@type\":\"WebPage\",\"@id\":\"https:\/\/experienciadevida.com.ar\/portalurbano\/obras-de-conservacion-de-pavimento-en-barrio-alberdi\/\",\"url\":\"https:\/\/experienciadevida.com.ar\/portalurbano\/obras-de-conservacion-de-pavimento-en-barrio-alberdi\/\",\"name\":\"Oras de conservaci\u00f3n de pavimento en barrrio Alberdi\",\"isPartOf\":{\"@id\":\"https:\/\/experienciadevida.com.ar\/portalurbano\/#website\"},\"datePublished\":\"2022-06-29T19:53:43+00:00\",\"dateModified\":\"2022-06-29T20:09:10+00:00\",\"description\":\"Obras de conservaci\u00f3n de pavimento en barrio Alberdi, en la jornada de este mi\u00e9rcoles se iniciaron los trabajos de reconstrucci\u00f3n de cuneta\",\"breadcrumb\":{\"@id\":\"https:\/\/experienciadevida.com.ar\/portalurbano\/obras-de-conservacion-de-pavimento-en-barrio-alberdi\/#breadcrumb\"},\"inLanguage\":\"es\",\"potentialAction\":[{\"@type\":\"ReadAction\",\"target\":[\"https:\/\/experienciadevida.com.ar\/portalurbano\/obras-de-conservacion-de-pavimento-en-barrio-alberdi\/\"]}]},{\"@type\":\"BreadcrumbList\",\"@id\":\"https:\/\/experienciadevida.com.ar\/portalurbano\/obras-de-conservacion-de-pavimento-en-barrio-alberdi\/#breadcrumb\",\"itemListElement\":[{\"@type\":\"ListItem\",\"position\":1,\"name\":\"Portada\",\"item\":\"https:\/\/experienciadevida.com.ar\/portalurbano\/\"},{\"@type\":\"ListItem\",\"position\":2,\"name\":\"Obras de conservaci\u00f3n de pavimento en barrio Alberdi\"}]},{\"@type\":\"WebSite\",\"@id\":\"https:\/\/experienciadevida.com.ar\/portalurbano\/#website\",\"url\":\"https:\/\/experienciadevida.com.ar\/portalurbano\/\",\"name\":\"\",\"description\":\"\",\"publisher\":{\"@id\":\"https:\/\/experienciadevida.com.ar\/portalurbano\/#organization\"},\"potentialAction\":[{\"@type\":\"SearchAction\",\"target\":{\"@type\":\"EntryPoint\",\"urlTemplate\":\"https:\/\/experienciadevida.com.ar\/portalurbano\/?s={search_term_string}\"},\"query-input\":\"required name=search_term_string\"}],\"inLanguage\":\"es\"},{\"@type\":\"Organization\",\"@id\":\"https:\/\/experienciadevida.com.ar\/portalurbano\/#organization\",\"name\":\"Portal Urbano\",\"url\":\"https:\/\/experienciadevida.com.ar\/portalurbano\/\",\"logo\":{\"@type\":\"ImageObject\",\"inLanguage\":\"es\",\"@id\":\"https:\/\/experienciadevida.com.ar\/portalurbano\/#\/schema\/logo\/image\/\",\"url\":\"https:\/\/experienciadevida.com.ar\/portalurbano\/wp-content\/uploads\/2019\/09\/Logo-Original.png\",\"contentUrl\":\"https:\/\/experienciadevida.com.ar\/portalurbano\/wp-content\/uploads\/2019\/09\/Logo-Original.png\",\"width\":2236,\"height\":1216,\"caption\":\"Portal Urbano\"},\"image\":{\"@id\":\"https:\/\/experienciadevida.com.ar\/portalurbano\/#\/schema\/logo\/image\/\"},\"sameAs\":[\"https:\/\/www.facebook.com\/Portal-Urbano-171542830093757\/\",\"https:\/\/twitter.com\/portalurbanook\",\"https:\/\/www.instagram.com\/_portalurbano\/\",\"https:\/\/www.youtube.com\/channel\/UCXhagIfszH8KxFiOok79zbA?view_as=subscriber\"]},{\"@type\":\"Person\",\"@id\":\"https:\/\/experienciadevida.com.ar\/portalurbano\/#\/schema\/person\/02dd326b1c4b056e9cc972486934a3a7\",\"name\":\"admpu17wp\",\"image\":{\"@type\":\"ImageObject\",\"inLanguage\":\"es\",\"@id\":\"https:\/\/experienciadevida.com.ar\/portalurbano\/#\/schema\/person\/image\/\",\"url\":\"https:\/\/secure.gravatar.com\/avatar\/830d4c57adaae6630765e449a6908047?s=96&d=mm&r=g\",\"contentUrl\":\"https:\/\/secure.gravatar.com\/avatar\/830d4c57adaae6630765e449a6908047?s=96&d=mm&r=g\",\"caption\":\"admpu17wp\"}}]}<\/script>\n<!-- \/ Yoast SEO plugin. -->","yoast_head_json":{"title":"Oras de conservaci\u00f3n de pavimento en barrrio Alberdi","description":"Obras de conservaci\u00f3n de pavimento en barrio Alberdi, en la jornada de este mi\u00e9rcoles se iniciaron los trabajos de reconstrucci\u00f3n de cuneta","robots":{"index":"index","follow":"follow","max-snippet":"max-snippet:-1","max-image-preview":"max-image-preview:large","max-video-preview":"max-video-preview:-1"},"canonical":"https:\/\/experienciadevida.com.ar\/portalurbano\/obras-de-conservacion-de-pavimento-en-barrio-alberdi\/","og_locale":"es_ES","og_type":"article","og_title":"Oras de conservaci\u00f3n de pavimento en barrrio Alberdi","og_description":"Obras de conservaci\u00f3n de pavimento en barrio Alberdi, en la jornada de este mi\u00e9rcoles se iniciaron los trabajos de reconstrucci\u00f3n de cuneta","og_url":"https:\/\/experienciadevida.com.ar\/portalurbano\/obras-de-conservacion-de-pavimento-en-barrio-alberdi\/","article_publisher":"https:\/\/www.facebook.com\/Portal-Urbano-171542830093757\/","article_published_time":"2022-06-29T19:53:43+00:00","article_modified_time":"2022-06-29T20:09:10+00:00","og_image":[{"width":1024,"height":682,"url":"https:\/\/experienciadevida.com.ar\/portalurbano\/wp-content\/uploads\/2022\/06\/Obras-de-conservacion-de.jpg","type":"image\/jpeg"}],"author":"admpu17wp","twitter_card":"summary_large_image","twitter_creator":"@portalurbanook","twitter_site":"@portalurbanook","twitter_misc":{"Escrito por":"admpu17wp","Tiempo de lectura":"1 minuto"},"schema":{"@context":"https:\/\/schema.org","@graph":[{"@type":"Article","@id":"https:\/\/experienciadevida.com.ar\/portalurbano\/obras-de-conservacion-de-pavimento-en-barrio-alberdi\/#article","isPartOf":{"@id":"https:\/\/experienciadevida.com.ar\/portalurbano\/obras-de-conservacion-de-pavimento-en-barrio-alberdi\/"},"author":{"name":"admpu17wp","@id":"https:\/\/experienciadevida.com.ar\/portalurbano\/#\/schema\/person\/02dd326b1c4b056e9cc972486934a3a7"},"headline":"Obras de conservaci\u00f3n de pavimento en barrio Alberdi","datePublished":"2022-06-29T19:53:43+00:00","dateModified":"2022-06-29T20:09:10+00:00","mainEntityOfPage":{"@id":"https:\/\/experienciadevida.com.ar\/portalurbano\/obras-de-conservacion-de-pavimento-en-barrio-alberdi\/"},"wordCount":234,"publisher":{"@id":"https:\/\/experienciadevida.com.ar\/portalurbano\/#organization"},"articleSection":["Ciudad","Destacadas 2"],"inLanguage":"es"},{"@type":"WebPage","@id":"https:\/\/experienciadevida.com.ar\/portalurbano\/obras-de-conservacion-de-pavimento-en-barrio-alberdi\/","url":"https:\/\/experienciadevida.com.ar\/portalurbano\/obras-de-conservacion-de-pavimento-en-barrio-alberdi\/","name":"Oras de conservaci\u00f3n de pavimento en barrrio Alberdi","isPartOf":{"@id":"https:\/\/experienciadevida.com.ar\/portalurbano\/#website"},"datePublished":"2022-06-29T19:53:43+00:00","dateModified":"2022-06-29T20:09:10+00:00","description":"Obras de conservaci\u00f3n de pavimento en barrio Alberdi, en la jornada de este mi\u00e9rcoles se iniciaron los trabajos de reconstrucci\u00f3n de cuneta","breadcrumb":{"@id":"https:\/\/experienciadevida.com.ar\/portalurbano\/obras-de-conservacion-de-pavimento-en-barrio-alberdi\/#breadcrumb"},"inLanguage":"es","potentialAction":[{"@type":"ReadAction","target":["https:\/\/experienciadevida.com.ar\/portalurbano\/obras-de-conservacion-de-pavimento-en-barrio-alberdi\/"]}]},{"@type":"BreadcrumbList","@id":"https:\/\/experienciadevida.com.ar\/portalurbano\/obras-de-conservacion-de-pavimento-en-barrio-alberdi\/#breadcrumb","itemListElement":[{"@type":"ListItem","position":1,"name":"Portada","item":"https:\/\/experienciadevida.com.ar\/portalurbano\/"},{"@type":"ListItem","position":2,"name":"Obras de conservaci\u00f3n de pavimento en barrio Alberdi"}]},{"@type":"WebSite","@id":"https:\/\/experienciadevida.com.ar\/portalurbano\/#website","url":"https:\/\/experienciadevida.com.ar\/portalurbano\/","name":"","description":"","publisher":{"@id":"https:\/\/experienciadevida.com.ar\/portalurbano\/#organization"},"potentialAction":[{"@type":"SearchAction","target":{"@type":"EntryPoint","urlTemplate":"https:\/\/experienciadevida.com.ar\/portalurbano\/?s={search_term_string}"},"query-input":"required name=search_term_string"}],"inLanguage":"es"},{"@type":"Organization","@id":"https:\/\/experienciadevida.com.ar\/portalurbano\/#organization","name":"Portal Urbano","url":"https:\/\/experienciadevida.com.ar\/portalurbano\/","logo":{"@type":"ImageObject","inLanguage":"es","@id":"https:\/\/experienciadevida.com.ar\/portalurbano\/#\/schema\/logo\/image\/","url":"https:\/\/experienciadevida.com.ar\/portalurbano\/wp-content\/uploads\/2019\/09\/Logo-Original.png","contentUrl":"https:\/\/experienciadevida.com.ar\/portalurbano\/wp-content\/uploads\/2019\/09\/Logo-Original.png","width":2236,"height":1216,"caption":"Portal Urbano"},"image":{"@id":"https:\/\/experienciadevida.com.ar\/portalurbano\/#\/schema\/logo\/image\/"},"sameAs":["https:\/\/www.facebook.com\/Portal-Urbano-171542830093757\/","https:\/\/twitter.com\/portalurbanook","https:\/\/www.instagram.com\/_portalurbano\/","https:\/\/www.youtube.com\/channel\/UCXhagIfszH8KxFiOok79zbA?view_as=subscriber"]},{"@type":"Person","@id":"https:\/\/experienciadevida.com.ar\/portalurbano\/#\/schema\/person\/02dd326b1c4b056e9cc972486934a3a7","name":"admpu17wp","image":{"@type":"ImageObject","inLanguage":"es","@id":"https:\/\/experienciadevida.com.ar\/portalurbano\/#\/schema\/person\/image\/","url":"https:\/\/secure.gravatar.com\/avatar\/830d4c57adaae6630765e449a6908047?s=96&d=mm&r=g","contentUrl":"https:\/\/secure.gravatar.com\/avatar\/830d4c57adaae6630765e449a6908047?s=96&d=mm&r=g","caption":"admpu17wp"}}]}},"featured_image_urls":{"full":["https:\/\/experienciadevida.com.ar\/portalurbano\/wp-content\/uploads\/2022\/06\/Obras-de-conservacion-de.jpg",1024,682,false],"thumbnail":["https:\/\/experienciadevida.com.ar\/portalurbano\/wp-content\/uploads\/2022\/06\/Obras-de-conservacion-de-150x150.jpg",150,150,true],"medium":["https:\/\/experienciadevida.com.ar\/portalurbano\/wp-content\/uploads\/2022\/06\/Obras-de-conservacion-de-300x200.jpg",300,200,true],"medium_large":["https:\/\/experienciadevida.com.ar\/portalurbano\/wp-content\/uploads\/2022\/06\/Obras-de-conservacion-de-768x512.jpg",640,427,true],"large":["https:\/\/experienciadevida.com.ar\/portalurbano\/wp-content\/uploads\/2022\/06\/Obras-de-conservacion-de.jpg",640,426,false],"ug_big":["https:\/\/experienciadevida.com.ar\/portalurbano\/wp-content\/uploads\/2022\/06\/Obras-de-conservacion-de-768x512.jpg",768,512,true],"1536x1536":["https:\/\/experienciadevida.com.ar\/portalurbano\/wp-content\/uploads\/2022\/06\/Obras-de-conservacion-de.jpg",1024,682,false],"2048x2048":["https:\/\/experienciadevida.com.ar\/portalurbano\/wp-content\/uploads\/2022\/06\/Obras-de-conservacion-de.jpg",1024,682,false],"newsever-slider-full":["https:\/\/experienciadevida.com.ar\/portalurbano\/wp-content\/uploads\/2022\/06\/Obras-de-conservacion-de.jpg",1024,682,false],"newsever-featured":["https:\/\/experienciadevida.com.ar\/portalurbano\/wp-content\/uploads\/2022\/06\/Obras-de-conservacion-de.jpg",1024,682,false],"newsever-medium":["https:\/\/experienciadevida.com.ar\/portalurbano\/wp-content\/uploads\/2022\/06\/Obras-de-conservacion-de.jpg",713,475,false],"web-stories-poster-portrait":["https:\/\/experienciadevida.com.ar\/portalurbano\/wp-content\/uploads\/2022\/06\/Obras-de-conservacion-de.jpg",640,426,false],"web-stories-publisher-logo":["https:\/\/experienciadevida.com.ar\/portalurbano\/wp-content\/uploads\/2022\/06\/Obras-de-conservacion-de.jpg",96,64,false],"web-stories-thumbnail":["https:\/\/experienciadevida.com.ar\/portalurbano\/wp-content\/uploads\/2022\/06\/Obras-de-conservacion-de.jpg",150,100,false]},"author_info":{"display_name":"admpu17wp","author_link":"https:\/\/experienciadevida.com.ar\/portalurbano\/author\/admpu17wp\/"},"category_info":"<a href=\"https:\/\/experienciadevida.com.ar\/portalurbano\/category\/ciudad\/\" rel=\"category tag\">Ciudad<\/a> <a href=\"https:\/\/experienciadevida.com.ar\/portalurbano\/category\/destacadas-2\/\" rel=\"category tag\">Destacadas 2<\/a>","tag_info":"Destacadas 2","comment_count":"0","amp_enabled":true,"_links":{"self":[{"href":"https:\/\/experienciadevida.com.ar\/portalurbano\/wp-json\/wp\/v2\/posts\/170434"}],"collection":[{"href":"https:\/\/experienciadevida.com.ar\/portalurbano\/wp-json\/wp\/v2\/posts"}],"about":[{"href":"https:\/\/experienciadevida.com.ar\/portalurbano\/wp-json\/wp\/v2\/types\/post"}],"author":[{"embeddable":true,"href":"https:\/\/experienciadevida.com.ar\/portalurbano\/wp-json\/wp\/v2\/users\/1"}],"replies":[{"embeddable":true,"href":"https:\/\/experienciadevida.com.ar\/portalurbano\/wp-json\/wp\/v2\/comments?post=170434"}],"version-history":[{"count":2,"href":"https:\/\/experienciadevida.com.ar\/portalurbano\/wp-json\/wp\/v2\/posts\/170434\/revisions"}],"predecessor-version":[{"id":170437,"href":"https:\/\/experienciadevida.com.ar\/portalurbano\/wp-json\/wp\/v2\/posts\/170434\/revisions\/170437"}],"wp:featuredmedia":[{"embeddable":true,"href":"https:\/\/experienciadevida.com.ar\/portalurbano\/wp-json\/wp\/v2\/media\/170435"}],"wp:attachment":[{"href":"https:\/\/experienciadevida.com.ar\/portalurbano\/wp-json\/wp\/v2\/media?parent=170434"}],"wp:term":[{"taxonomy":"category","embeddable":true,"href":"https:\/\/experienciadevida.com.ar\/portalurbano\/wp-json\/wp\/v2\/categories?post=170434"},{"taxonomy":"post_tag","embeddable":true,"href":"https:\/\/experienciadevida.com.ar\/portalurbano\/wp-json\/wp\/v2\/tags?post=170434"}],"curies":[{"name":"wp","href":"https:\/\/api.w.org\/{rel}","templated":true}]}}