{"id":170413,"date":"2022-06-29T09:47:39","date_gmt":"2022-06-29T12:47:39","guid":{"rendered":"https:\/\/experienciadevida.com.ar\/portalurbano\/?p=170413"},"modified":"2022-06-29T09:51:06","modified_gmt":"2022-06-29T12:51:06","slug":"educacion-vial-campana-informativa-para-estudiantes-de-nivel-inicial-y-primario","status":"publish","type":"post","link":"https:\/\/experienciadevida.com.ar\/portalurbano\/educacion-vial-campana-informativa-para-estudiantes-de-nivel-inicial-y-primario\/","title":{"rendered":"Educaci\u00f3n vial: campa\u00f1a informativa para estudiantes de nivel inicial y primario"},"content":{"rendered":"<p>Educaci\u00f3n vial: campa\u00f1a informativa para estudiantes de nivel inicial y primario, en el marco del Programa de Educaci\u00f3n Vial, se desarrolla la campa\u00f1a de capacitaci\u00f3n destinada a establecimientos educativos del Partido de Olavarr\u00eda, de nivel inicial y primario; con la finalidad reflexionar desde la escuela sobre las pr\u00e1cticas en el tr\u00e1nsito.<\/p>\n<p>En el marco de dicha campa\u00f1a se dise\u00f1\u00f3 un video informativo, el cual se encuentra a disposici\u00f3n en el canal oficial del <a href=\"https:\/\/www.facebook.com\/municipiodeolavarria\">Municipio<\/a>.<\/p>\n<p>Se hace hincapi\u00e9 en las se\u00f1ales de tr\u00e1nsito y en las responsabilidades que tienen cada uno de los actores (peatones, ciclistas y automovilistas). Entre las recomendaciones m\u00e1s fundamentales se insiste en el uso del cintur\u00f3n de seguridad y del casco en todas las edades y adem\u00e1s se brindan consejos sobre el comportamiento en el ingreso y egreso escolar o a la hora de viajar en colectivo.<\/p>\n<p>El proyecto \u201cHerramientas para la obtenci\u00f3n de la licencia de conducir en el marco de la conciencia sobre seguridad vial\u201d tiene como fundamento la creaci\u00f3n de la conciencia ciudadana sobre nuestras responsabilidades y obligaciones como usuarios de la v\u00eda p\u00fablica, as\u00ed como tambi\u00e9n nuestros derechos.<\/p>\n<p>La educaci\u00f3n vial es un tema de educaci\u00f3n c\u00edvica. La base de la convivencia son los derechos y obligaciones de los ciudadanos, y estos deben guiarnos a un compromiso de respeto por parte de todos los usuarios de la v\u00eda. Adem\u00e1s de cada uno de todos los valores que debemos asumir al momento de la circulaci\u00f3n (el respeto de se\u00f1ales y normas, solidaridad, responsabilidad, la percepci\u00f3n del riesgo, tolerancia, libertad, orden, autonom\u00eda personal) tambi\u00e9n tenemos el deber de conocer la reglamentaci\u00f3n y las leyes que regulan todos los aspectos de la seguridad vial. Por ello este proyecto se basa en la educaci\u00f3n vial sustentada sobre las bases de una construcci\u00f3n ciudadana, orientada al conocimiento, la comprensi\u00f3n y apropiaci\u00f3n de normas y la construcci\u00f3n de criterios para la toma de decisiones en la circulaci\u00f3n por la v\u00eda p\u00fablica.<\/p>\n<p>La iniciativa est\u00e1 pensada para desarrollarse en forma de taller\/charlas, en niveles inicial y primer ciclo de primaria, de todas las escuelas y jardines del Partido que est\u00e9n interesadas y disponibles.<\/p>\n<p>Las propuestas incluyen actividades l\u00fadicas orientadas al conocimiento de conceptos b\u00e1sicos de la jerga de la conducci\u00f3n, que a su vez orienten a los futuros solicitantes de la habilitaci\u00f3n para conducir a c\u00f3mo realizar el tr\u00e1mite, que pasos se deben seguir, que clases pueden solicitarse, etc.<\/p>\n<p>Para solicitar las jornadas, las instituciones educativas -de tercera secci\u00f3n de nivel inicial o primer ciclo de primaria- deben coordinar la misma al correo silvana.pilotta@olavarria.gov.ar o al tel\u00e9fono 2284-695804.<\/p>\n","protected":false},"excerpt":{"rendered":"<p>Educaci\u00f3n vial: campa\u00f1a informativa para estudiantes de nivel inicial y primario, en el marco del&#8230;<\/p>\n","protected":false},"author":1,"featured_media":170414,"comment_status":"closed","ping_status":"closed","sticky":false,"template":"","format":"standard","meta":{"content-type":""},"categories":[27,51],"tags":[],"nelio_content":{"isAutoShareEnabled":false,"autoShareEndMode":"default","automationSources":{"useContentSentences":true,"useSocialTemplates":true,"useCustomSentences":false,"customSentences":[]},"followers":[1],"suggestedReferences":[],"includedReferences":[],"efiUrl":"","efiAlt":"","highlights":[]},"yoast_head":"<!-- This site is optimized with the Yoast SEO plugin v20.7 - https:\/\/yoast.com\/wordpress\/plugins\/seo\/ -->\n<title>Educaci\u00f3n vial: Campa\u00f1a informativa para estudiantes de nivel inicial<\/title>\n<meta name=\"description\" content=\"Educaci\u00f3n vial: campa\u00f1a informativa para estudiantes de nivel inicial y primario, en el marco del Programa de Educaci\u00f3n Vial,\" \/>\n<meta name=\"robots\" content=\"index, follow, max-snippet:-1, max-image-preview:large, max-video-preview:-1\" \/>\n<link rel=\"canonical\" href=\"https:\/\/experienciadevida.com.ar\/portalurbano\/educacion-vial-campana-informativa-para-estudiantes-de-nivel-inicial-y-primario\/\" \/>\n<meta property=\"og:locale\" content=\"es_ES\" \/>\n<meta property=\"og:type\" content=\"article\" \/>\n<meta property=\"og:title\" content=\"Educaci\u00f3n vial: Campa\u00f1a informativa para estudiantes de nivel inicial\" \/>\n<meta property=\"og:description\" content=\"Educaci\u00f3n vial: campa\u00f1a informativa para estudiantes de nivel inicial y primario, en el marco del Programa de Educaci\u00f3n Vial,\" \/>\n<meta property=\"og:url\" content=\"https:\/\/experienciadevida.com.ar\/portalurbano\/educacion-vial-campana-informativa-para-estudiantes-de-nivel-inicial-y-primario\/\" \/>\n<meta property=\"article:publisher\" content=\"https:\/\/www.facebook.com\/Portal-Urbano-171542830093757\/\" \/>\n<meta property=\"article:published_time\" content=\"2022-06-29T12:47:39+00:00\" \/>\n<meta property=\"article:modified_time\" content=\"2022-06-29T12:51:06+00:00\" \/>\n<meta property=\"og:image\" content=\"https:\/\/experienciadevida.com.ar\/portalurbano\/wp-content\/uploads\/2022\/06\/Educacion-vial.jpg\" \/>\n\t<meta property=\"og:image:width\" content=\"1024\" \/>\n\t<meta property=\"og:image:height\" content=\"1024\" \/>\n\t<meta property=\"og:image:type\" content=\"image\/jpeg\" \/>\n<meta name=\"author\" content=\"admpu17wp\" \/>\n<meta name=\"twitter:card\" content=\"summary_large_image\" \/>\n<meta name=\"twitter:creator\" content=\"@portalurbanook\" \/>\n<meta name=\"twitter:site\" content=\"@portalurbanook\" \/>\n<meta name=\"twitter:label1\" content=\"Escrito por\" \/>\n\t<meta name=\"twitter:data1\" content=\"admpu17wp\" \/>\n\t<meta name=\"twitter:label2\" content=\"Tiempo de lectura\" \/>\n\t<meta name=\"twitter:data2\" content=\"2 minutos\" \/>\n<script type=\"application\/ld+json\" class=\"yoast-schema-graph\">{\"@context\":\"https:\/\/schema.org\",\"@graph\":[{\"@type\":\"Article\",\"@id\":\"https:\/\/experienciadevida.com.ar\/portalurbano\/educacion-vial-campana-informativa-para-estudiantes-de-nivel-inicial-y-primario\/#article\",\"isPartOf\":{\"@id\":\"https:\/\/experienciadevida.com.ar\/portalurbano\/educacion-vial-campana-informativa-para-estudiantes-de-nivel-inicial-y-primario\/\"},\"author\":{\"name\":\"admpu17wp\",\"@id\":\"https:\/\/experienciadevida.com.ar\/portalurbano\/#\/schema\/person\/02dd326b1c4b056e9cc972486934a3a7\"},\"headline\":\"Educaci\u00f3n vial: campa\u00f1a informativa para estudiantes de nivel inicial y primario\",\"datePublished\":\"2022-06-29T12:47:39+00:00\",\"dateModified\":\"2022-06-29T12:51:06+00:00\",\"mainEntityOfPage\":{\"@id\":\"https:\/\/experienciadevida.com.ar\/portalurbano\/educacion-vial-campana-informativa-para-estudiantes-de-nivel-inicial-y-primario\/\"},\"wordCount\":494,\"publisher\":{\"@id\":\"https:\/\/experienciadevida.com.ar\/portalurbano\/#organization\"},\"articleSection\":[\"Ciudad\",\"Destacadas\"],\"inLanguage\":\"es\"},{\"@type\":\"WebPage\",\"@id\":\"https:\/\/experienciadevida.com.ar\/portalurbano\/educacion-vial-campana-informativa-para-estudiantes-de-nivel-inicial-y-primario\/\",\"url\":\"https:\/\/experienciadevida.com.ar\/portalurbano\/educacion-vial-campana-informativa-para-estudiantes-de-nivel-inicial-y-primario\/\",\"name\":\"Educaci\u00f3n vial: Campa\u00f1a informativa para estudiantes de nivel inicial\",\"isPartOf\":{\"@id\":\"https:\/\/experienciadevida.com.ar\/portalurbano\/#website\"},\"datePublished\":\"2022-06-29T12:47:39+00:00\",\"dateModified\":\"2022-06-29T12:51:06+00:00\",\"description\":\"Educaci\u00f3n vial: campa\u00f1a informativa para estudiantes de nivel inicial y primario, en el marco del Programa de Educaci\u00f3n Vial,\",\"breadcrumb\":{\"@id\":\"https:\/\/experienciadevida.com.ar\/portalurbano\/educacion-vial-campana-informativa-para-estudiantes-de-nivel-inicial-y-primario\/#breadcrumb\"},\"inLanguage\":\"es\",\"potentialAction\":[{\"@type\":\"ReadAction\",\"target\":[\"https:\/\/experienciadevida.com.ar\/portalurbano\/educacion-vial-campana-informativa-para-estudiantes-de-nivel-inicial-y-primario\/\"]}]},{\"@type\":\"BreadcrumbList\",\"@id\":\"https:\/\/experienciadevida.com.ar\/portalurbano\/educacion-vial-campana-informativa-para-estudiantes-de-nivel-inicial-y-primario\/#breadcrumb\",\"itemListElement\":[{\"@type\":\"ListItem\",\"position\":1,\"name\":\"Portada\",\"item\":\"https:\/\/experienciadevida.com.ar\/portalurbano\/\"},{\"@type\":\"ListItem\",\"position\":2,\"name\":\"Educaci\u00f3n vial: campa\u00f1a informativa para estudiantes de nivel inicial y primario\"}]},{\"@type\":\"WebSite\",\"@id\":\"https:\/\/experienciadevida.com.ar\/portalurbano\/#website\",\"url\":\"https:\/\/experienciadevida.com.ar\/portalurbano\/\",\"name\":\"\",\"description\":\"\",\"publisher\":{\"@id\":\"https:\/\/experienciadevida.com.ar\/portalurbano\/#organization\"},\"potentialAction\":[{\"@type\":\"SearchAction\",\"target\":{\"@type\":\"EntryPoint\",\"urlTemplate\":\"https:\/\/experienciadevida.com.ar\/portalurbano\/?s={search_term_string}\"},\"query-input\":\"required name=search_term_string\"}],\"inLanguage\":\"es\"},{\"@type\":\"Organization\",\"@id\":\"https:\/\/experienciadevida.com.ar\/portalurbano\/#organization\",\"name\":\"Portal Urbano\",\"url\":\"https:\/\/experienciadevida.com.ar\/portalurbano\/\",\"logo\":{\"@type\":\"ImageObject\",\"inLanguage\":\"es\",\"@id\":\"https:\/\/experienciadevida.com.ar\/portalurbano\/#\/schema\/logo\/image\/\",\"url\":\"https:\/\/experienciadevida.com.ar\/portalurbano\/wp-content\/uploads\/2019\/09\/Logo-Original.png\",\"contentUrl\":\"https:\/\/experienciadevida.com.ar\/portalurbano\/wp-content\/uploads\/2019\/09\/Logo-Original.png\",\"width\":2236,\"height\":1216,\"caption\":\"Portal Urbano\"},\"image\":{\"@id\":\"https:\/\/experienciadevida.com.ar\/portalurbano\/#\/schema\/logo\/image\/\"},\"sameAs\":[\"https:\/\/www.facebook.com\/Portal-Urbano-171542830093757\/\",\"https:\/\/twitter.com\/portalurbanook\",\"https:\/\/www.instagram.com\/_portalurbano\/\",\"https:\/\/www.youtube.com\/channel\/UCXhagIfszH8KxFiOok79zbA?view_as=subscriber\"]},{\"@type\":\"Person\",\"@id\":\"https:\/\/experienciadevida.com.ar\/portalurbano\/#\/schema\/person\/02dd326b1c4b056e9cc972486934a3a7\",\"name\":\"admpu17wp\",\"image\":{\"@type\":\"ImageObject\",\"inLanguage\":\"es\",\"@id\":\"https:\/\/experienciadevida.com.ar\/portalurbano\/#\/schema\/person\/image\/\",\"url\":\"https:\/\/secure.gravatar.com\/avatar\/830d4c57adaae6630765e449a6908047?s=96&d=mm&r=g\",\"contentUrl\":\"https:\/\/secure.gravatar.com\/avatar\/830d4c57adaae6630765e449a6908047?s=96&d=mm&r=g\",\"caption\":\"admpu17wp\"}}]}<\/script>\n<!-- \/ Yoast SEO plugin. -->","yoast_head_json":{"title":"Educaci\u00f3n vial: Campa\u00f1a informativa para estudiantes de nivel inicial","description":"Educaci\u00f3n vial: campa\u00f1a informativa para estudiantes de nivel inicial y primario, en el marco del Programa de Educaci\u00f3n Vial,","robots":{"index":"index","follow":"follow","max-snippet":"max-snippet:-1","max-image-preview":"max-image-preview:large","max-video-preview":"max-video-preview:-1"},"canonical":"https:\/\/experienciadevida.com.ar\/portalurbano\/educacion-vial-campana-informativa-para-estudiantes-de-nivel-inicial-y-primario\/","og_locale":"es_ES","og_type":"article","og_title":"Educaci\u00f3n vial: Campa\u00f1a informativa para estudiantes de nivel inicial","og_description":"Educaci\u00f3n vial: campa\u00f1a informativa para estudiantes de nivel inicial y primario, en el marco del Programa de Educaci\u00f3n Vial,","og_url":"https:\/\/experienciadevida.com.ar\/portalurbano\/educacion-vial-campana-informativa-para-estudiantes-de-nivel-inicial-y-primario\/","article_publisher":"https:\/\/www.facebook.com\/Portal-Urbano-171542830093757\/","article_published_time":"2022-06-29T12:47:39+00:00","article_modified_time":"2022-06-29T12:51:06+00:00","og_image":[{"width":1024,"height":1024,"url":"https:\/\/experienciadevida.com.ar\/portalurbano\/wp-content\/uploads\/2022\/06\/Educacion-vial.jpg","type":"image\/jpeg"}],"author":"admpu17wp","twitter_card":"summary_large_image","twitter_creator":"@portalurbanook","twitter_site":"@portalurbanook","twitter_misc":{"Escrito por":"admpu17wp","Tiempo de lectura":"2 minutos"},"schema":{"@context":"https:\/\/schema.org","@graph":[{"@type":"Article","@id":"https:\/\/experienciadevida.com.ar\/portalurbano\/educacion-vial-campana-informativa-para-estudiantes-de-nivel-inicial-y-primario\/#article","isPartOf":{"@id":"https:\/\/experienciadevida.com.ar\/portalurbano\/educacion-vial-campana-informativa-para-estudiantes-de-nivel-inicial-y-primario\/"},"author":{"name":"admpu17wp","@id":"https:\/\/experienciadevida.com.ar\/portalurbano\/#\/schema\/person\/02dd326b1c4b056e9cc972486934a3a7"},"headline":"Educaci\u00f3n vial: campa\u00f1a informativa para estudiantes de nivel inicial y primario","datePublished":"2022-06-29T12:47:39+00:00","dateModified":"2022-06-29T12:51:06+00:00","mainEntityOfPage":{"@id":"https:\/\/experienciadevida.com.ar\/portalurbano\/educacion-vial-campana-informativa-para-estudiantes-de-nivel-inicial-y-primario\/"},"wordCount":494,"publisher":{"@id":"https:\/\/experienciadevida.com.ar\/portalurbano\/#organization"},"articleSection":["Ciudad","Destacadas"],"inLanguage":"es"},{"@type":"WebPage","@id":"https:\/\/experienciadevida.com.ar\/portalurbano\/educacion-vial-campana-informativa-para-estudiantes-de-nivel-inicial-y-primario\/","url":"https:\/\/experienciadevida.com.ar\/portalurbano\/educacion-vial-campana-informativa-para-estudiantes-de-nivel-inicial-y-primario\/","name":"Educaci\u00f3n vial: Campa\u00f1a informativa para estudiantes de nivel inicial","isPartOf":{"@id":"https:\/\/experienciadevida.com.ar\/portalurbano\/#website"},"datePublished":"2022-06-29T12:47:39+00:00","dateModified":"2022-06-29T12:51:06+00:00","description":"Educaci\u00f3n vial: campa\u00f1a informativa para estudiantes de nivel inicial y primario, en el marco del Programa de Educaci\u00f3n Vial,","breadcrumb":{"@id":"https:\/\/experienciadevida.com.ar\/portalurbano\/educacion-vial-campana-informativa-para-estudiantes-de-nivel-inicial-y-primario\/#breadcrumb"},"inLanguage":"es","potentialAction":[{"@type":"ReadAction","target":["https:\/\/experienciadevida.com.ar\/portalurbano\/educacion-vial-campana-informativa-para-estudiantes-de-nivel-inicial-y-primario\/"]}]},{"@type":"BreadcrumbList","@id":"https:\/\/experienciadevida.com.ar\/portalurbano\/educacion-vial-campana-informativa-para-estudiantes-de-nivel-inicial-y-primario\/#breadcrumb","itemListElement":[{"@type":"ListItem","position":1,"name":"Portada","item":"https:\/\/experienciadevida.com.ar\/portalurbano\/"},{"@type":"ListItem","position":2,"name":"Educaci\u00f3n vial: campa\u00f1a informativa para estudiantes de nivel inicial y primario"}]},{"@type":"WebSite","@id":"https:\/\/experienciadevida.com.ar\/portalurbano\/#website","url":"https:\/\/experienciadevida.com.ar\/portalurbano\/","name":"","description":"","publisher":{"@id":"https:\/\/experienciadevida.com.ar\/portalurbano\/#organization"},"potentialAction":[{"@type":"SearchAction","target":{"@type":"EntryPoint","urlTemplate":"https:\/\/experienciadevida.com.ar\/portalurbano\/?s={search_term_string}"},"query-input":"required name=search_term_string"}],"inLanguage":"es"},{"@type":"Organization","@id":"https:\/\/experienciadevida.com.ar\/portalurbano\/#organization","name":"Portal Urbano","url":"https:\/\/experienciadevida.com.ar\/portalurbano\/","logo":{"@type":"ImageObject","inLanguage":"es","@id":"https:\/\/experienciadevida.com.ar\/portalurbano\/#\/schema\/logo\/image\/","url":"https:\/\/experienciadevida.com.ar\/portalurbano\/wp-content\/uploads\/2019\/09\/Logo-Original.png","contentUrl":"https:\/\/experienciadevida.com.ar\/portalurbano\/wp-content\/uploads\/2019\/09\/Logo-Original.png","width":2236,"height":1216,"caption":"Portal Urbano"},"image":{"@id":"https:\/\/experienciadevida.com.ar\/portalurbano\/#\/schema\/logo\/image\/"},"sameAs":["https:\/\/www.facebook.com\/Portal-Urbano-171542830093757\/","https:\/\/twitter.com\/portalurbanook","https:\/\/www.instagram.com\/_portalurbano\/","https:\/\/www.youtube.com\/channel\/UCXhagIfszH8KxFiOok79zbA?view_as=subscriber"]},{"@type":"Person","@id":"https:\/\/experienciadevida.com.ar\/portalurbano\/#\/schema\/person\/02dd326b1c4b056e9cc972486934a3a7","name":"admpu17wp","image":{"@type":"ImageObject","inLanguage":"es","@id":"https:\/\/experienciadevida.com.ar\/portalurbano\/#\/schema\/person\/image\/","url":"https:\/\/secure.gravatar.com\/avatar\/830d4c57adaae6630765e449a6908047?s=96&d=mm&r=g","contentUrl":"https:\/\/secure.gravatar.com\/avatar\/830d4c57adaae6630765e449a6908047?s=96&d=mm&r=g","caption":"admpu17wp"}}]}},"featured_image_urls":{"full":["https:\/\/experienciadevida.com.ar\/portalurbano\/wp-content\/uploads\/2022\/06\/Educacion-vial.jpg",1024,1024,false],"thumbnail":["https:\/\/experienciadevida.com.ar\/portalurbano\/wp-content\/uploads\/2022\/06\/Educacion-vial-150x150.jpg",150,150,true],"medium":["https:\/\/experienciadevida.com.ar\/portalurbano\/wp-content\/uploads\/2022\/06\/Educacion-vial-300x300.jpg",300,300,true],"medium_large":["https:\/\/experienciadevida.com.ar\/portalurbano\/wp-content\/uploads\/2022\/06\/Educacion-vial-768x768.jpg",640,640,true],"large":["https:\/\/experienciadevida.com.ar\/portalurbano\/wp-content\/uploads\/2022\/06\/Educacion-vial-1024x1024.jpg",640,640,true],"ug_big":["https:\/\/experienciadevida.com.ar\/portalurbano\/wp-content\/uploads\/2022\/06\/Educacion-vial-768x768.jpg",768,768,true],"1536x1536":["https:\/\/experienciadevida.com.ar\/portalurbano\/wp-content\/uploads\/2022\/06\/Educacion-vial.jpg",1024,1024,false],"2048x2048":["https:\/\/experienciadevida.com.ar\/portalurbano\/wp-content\/uploads\/2022\/06\/Educacion-vial.jpg",1024,1024,false],"newsever-slider-full":["https:\/\/experienciadevida.com.ar\/portalurbano\/wp-content\/uploads\/2022\/06\/Educacion-vial.jpg",845,845,false],"newsever-featured":["https:\/\/experienciadevida.com.ar\/portalurbano\/wp-content\/uploads\/2022\/06\/Educacion-vial.jpg",1024,1024,false],"newsever-medium":["https:\/\/experienciadevida.com.ar\/portalurbano\/wp-content\/uploads\/2022\/06\/Educacion-vial.jpg",475,475,false],"web-stories-poster-portrait":["https:\/\/experienciadevida.com.ar\/portalurbano\/wp-content\/uploads\/2022\/06\/Educacion-vial.jpg",640,640,false],"web-stories-publisher-logo":["https:\/\/experienciadevida.com.ar\/portalurbano\/wp-content\/uploads\/2022\/06\/Educacion-vial.jpg",96,96,false],"web-stories-thumbnail":["https:\/\/experienciadevida.com.ar\/portalurbano\/wp-content\/uploads\/2022\/06\/Educacion-vial.jpg",150,150,false]},"author_info":{"display_name":"admpu17wp","author_link":"https:\/\/experienciadevida.com.ar\/portalurbano\/author\/admpu17wp\/"},"category_info":"<a href=\"https:\/\/experienciadevida.com.ar\/portalurbano\/category\/ciudad\/\" rel=\"category tag\">Ciudad<\/a> <a href=\"https:\/\/experienciadevida.com.ar\/portalurbano\/category\/destacadas\/\" rel=\"category tag\">Destacadas<\/a>","tag_info":"Destacadas","comment_count":"0","amp_enabled":true,"_links":{"self":[{"href":"https:\/\/experienciadevida.com.ar\/portalurbano\/wp-json\/wp\/v2\/posts\/170413"}],"collection":[{"href":"https:\/\/experienciadevida.com.ar\/portalurbano\/wp-json\/wp\/v2\/posts"}],"about":[{"href":"https:\/\/experienciadevida.com.ar\/portalurbano\/wp-json\/wp\/v2\/types\/post"}],"author":[{"embeddable":true,"href":"https:\/\/experienciadevida.com.ar\/portalurbano\/wp-json\/wp\/v2\/users\/1"}],"replies":[{"embeddable":true,"href":"https:\/\/experienciadevida.com.ar\/portalurbano\/wp-json\/wp\/v2\/comments?post=170413"}],"version-history":[{"count":2,"href":"https:\/\/experienciadevida.com.ar\/portalurbano\/wp-json\/wp\/v2\/posts\/170413\/revisions"}],"predecessor-version":[{"id":170416,"href":"https:\/\/experienciadevida.com.ar\/portalurbano\/wp-json\/wp\/v2\/posts\/170413\/revisions\/170416"}],"wp:featuredmedia":[{"embeddable":true,"href":"https:\/\/experienciadevida.com.ar\/portalurbano\/wp-json\/wp\/v2\/media\/170414"}],"wp:attachment":[{"href":"https:\/\/experienciadevida.com.ar\/portalurbano\/wp-json\/wp\/v2\/media?parent=170413"}],"wp:term":[{"taxonomy":"category","embeddable":true,"href":"https:\/\/experienciadevida.com.ar\/portalurbano\/wp-json\/wp\/v2\/categories?post=170413"},{"taxonomy":"post_tag","embeddable":true,"href":"https:\/\/experienciadevida.com.ar\/portalurbano\/wp-json\/wp\/v2\/tags?post=170413"}],"curies":[{"name":"wp","href":"https:\/\/api.w.org\/{rel}","templated":true}]}}