{"id":170399,"date":"2022-06-28T20:47:58","date_gmt":"2022-06-28T23:47:58","guid":{"rendered":"https:\/\/experienciadevida.com.ar\/portalurbano\/?p=170399"},"modified":"2022-06-28T20:49:34","modified_gmt":"2022-06-28T23:49:34","slug":"gran-convocatoria-en-el-taller-bichos-con-mala-fama-de-la-maxima","status":"publish","type":"post","link":"https:\/\/experienciadevida.com.ar\/portalurbano\/gran-convocatoria-en-el-taller-bichos-con-mala-fama-de-la-maxima\/","title":{"rendered":"Gran convocatoria en el taller \u201cBichos con Mala Fama\u201d de La M\u00e1xima"},"content":{"rendered":"<p>Gran convocatoria en el taller \u201cBichos con Mala Fama\u201d de La M\u00e1xima, el domingo se desarroll\u00f3 en el Bioparque <a href=\"https:\/\/www.facebook.com\/municipiodeolavarria\">Municipal<\/a> \u201cLa M\u00e1xima\u201d la primera charla sobre \u201cBichos con Mala Fama\u201d enmarcadas en el ciclo \u201cConocer para Aprender y Educar para Conservar\u201d.<\/p>\n<p><a href=\"https:\/\/experienciadevida.com.ar\/portalurbano\/gran-convocatoria-en-el-taller-bichos-con-mala-fama-de-la-maxima\/gran-4\/\" rel=\"attachment wp-att-170402\"><img decoding=\"async\" class=\"alignnone size-large wp-image-170402\" src=\"https:\/\/experienciadevida.com.ar\/portalurbano\/wp-content\/uploads\/2022\/06\/Gran-1-1024x682.jpg\" alt=\"Gran \" width=\"900\" height=\"599\" srcset=\"https:\/\/experienciadevida.com.ar\/portalurbano\/wp-content\/uploads\/2022\/06\/Gran-1-1024x682.jpg 1024w, https:\/\/experienciadevida.com.ar\/portalurbano\/wp-content\/uploads\/2022\/06\/Gran-1-300x200.jpg 300w, https:\/\/experienciadevida.com.ar\/portalurbano\/wp-content\/uploads\/2022\/06\/Gran-1-768x512.jpg 768w, https:\/\/experienciadevida.com.ar\/portalurbano\/wp-content\/uploads\/2022\/06\/Gran-1-1536x1024.jpg 1536w, https:\/\/experienciadevida.com.ar\/portalurbano\/wp-content\/uploads\/2022\/06\/Gran-1.jpg 1772w\" sizes=\"(max-width: 900px) 100vw, 900px\" \/><\/a><\/p>\n<p>La actividad estuvo coordinada por el Departamento de Educaci\u00f3n Ambiental y el Departamento de Bienestar Animal, a cargo de Adalberto Aquilano.<\/p>\n<p>El manejo de animales fue realizado por V\u00edctor D\u00edaz y la charla educativa la llev\u00f3 adelante Betiana Cotti, con la colaboraci\u00f3n de Iris Arce de educaci\u00f3n ambiental.<\/p>\n<p>El objetivo de estas charlas es fomentar el conocimiento de los reptiles, prevenir accidentes con ofidios, considerando que se producen apariciones de estos animales en la zona serrana. Tambi\u00e9n se abordan tem\u00e1ticas vinculadas a desmitificar las falsas creencias sobre reptiles y se brinda informaci\u00f3n sobre sus caracter\u00edsticas generales: clasificaci\u00f3n de serpientes, culebras y lagartos, tortugas, boas y pitones; aspectos biol\u00f3gicos: tipos y formas de reproducci\u00f3n (ov\u00edparos, viv\u00edparos y ovoviv\u00edparos), alimentaci\u00f3n y regulaci\u00f3n de su temperatura corporal.<\/p>\n<p>\u201cPara nuestro Bioparque Municipal es muy importante desarrollar charlas donde se pueda vivenciar el trabajo que se realiza con los reptiles, observar animales de rescate, y conocer que en Olavarr\u00eda tenemos un programa de alcance nacional de reproducci\u00f3n de Boas constrictor constrictor, y estamos pensando y desarrollando el primer programa nacional de conservaci\u00f3n de boas constrictor occidentalis `boas de las vizcacheras`, junto a al Serpentario de Tigre y el Ecoparque Buenos Aires, entre otras instituciones\u201d; explic\u00f3 el director del Bioparque Flavio Maldonado; profesor de Biolog\u00eda y especialista en Educaci\u00f3n para la Conservaci\u00f3n.<\/p>\n<p>\u201c`La M\u00e1xima` articula y desempe\u00f1a un papel fundamental para la realizaci\u00f3n de tan importante tarea en la conservaci\u00f3n de una especie en extinci\u00f3n\u201d, destaca.<\/p>\n<p>Por \u00faltimo estas charlas se transforman en disparadores de preguntas, como \u00bfhay Reptiles aut\u00f3ctonos? \u00bfCu\u00e1les encontramos en Olavarr\u00eda? \u00bfSon venenosos? \u00bfQu\u00e9 lugar ocupan Redes tr\u00f3ficas y flujo de energ\u00eda? Preguntas que nos permitieron trabajar en los Reptiles del Pastizal Pampeano, para comprender que debemos hacer para conservar y preservar estas especies y sus h\u00e1bitats, \u00bfporque se encuentran amenazadas?<\/p>\n<p>Se generan de esta manera herramientas basadas en la Ciencia Ciudadana, para la identificaci\u00f3n y rescate de especies en Olavarr\u00eda y la regi\u00f3n.<\/p>\n<p>Las escuelas interesadas en recibir \u00e9sta u otras charlas del Bioparque podr\u00e1n comunicarse al mail educacion.lamaxima@olavarria.gov.ar o al Instagram @bioparquelamaxima.<\/p>\n","protected":false},"excerpt":{"rendered":"<p>Gran convocatoria en el taller \u201cBichos con Mala Fama\u201d de La M\u00e1xima, el domingo se&#8230;<\/p>\n","protected":false},"author":1,"featured_media":170400,"comment_status":"closed","ping_status":"closed","sticky":false,"template":"","format":"standard","meta":{"content-type":""},"categories":[27],"tags":[],"nelio_content":{"isAutoShareEnabled":false,"autoShareEndMode":"default","automationSources":{"useContentSentences":true,"useSocialTemplates":true,"useCustomSentences":false,"customSentences":[]},"followers":[1],"suggestedReferences":[],"includedReferences":[],"efiUrl":"","efiAlt":"","highlights":[]},"yoast_head":"<!-- This site is optimized with the Yoast SEO plugin v20.7 - https:\/\/yoast.com\/wordpress\/plugins\/seo\/ -->\n<title>Gran convocatoria en el taller &quot;bichos con mala fama&quot; de la m\u00e1xima<\/title>\n<meta name=\"description\" content=\"Gran convocatoria en el taller \u201cBichos con Mala Fama\u201d de La M\u00e1xima, el domingo se desarroll\u00f3 en el Bioparque Municipal la m\u00e1xima\" \/>\n<meta name=\"robots\" content=\"index, follow, max-snippet:-1, max-image-preview:large, max-video-preview:-1\" \/>\n<link rel=\"canonical\" href=\"https:\/\/experienciadevida.com.ar\/portalurbano\/gran-convocatoria-en-el-taller-bichos-con-mala-fama-de-la-maxima\/\" \/>\n<meta property=\"og:locale\" content=\"es_ES\" \/>\n<meta property=\"og:type\" content=\"article\" \/>\n<meta property=\"og:title\" content=\"Gran convocatoria en el taller &quot;bichos con mala fama&quot; de la m\u00e1xima\" \/>\n<meta property=\"og:description\" content=\"Gran convocatoria en el taller \u201cBichos con Mala Fama\u201d de La M\u00e1xima, el domingo se desarroll\u00f3 en el Bioparque Municipal la m\u00e1xima\" \/>\n<meta property=\"og:url\" content=\"https:\/\/experienciadevida.com.ar\/portalurbano\/gran-convocatoria-en-el-taller-bichos-con-mala-fama-de-la-maxima\/\" \/>\n<meta property=\"article:publisher\" content=\"https:\/\/www.facebook.com\/Portal-Urbano-171542830093757\/\" \/>\n<meta property=\"article:published_time\" content=\"2022-06-28T23:47:58+00:00\" \/>\n<meta property=\"article:modified_time\" content=\"2022-06-28T23:49:34+00:00\" \/>\n<meta property=\"og:image\" content=\"https:\/\/experienciadevida.com.ar\/portalurbano\/wp-content\/uploads\/2022\/06\/Gran-convocatoria-en-el.jpg\" \/>\n\t<meta property=\"og:image:width\" content=\"1772\" \/>\n\t<meta property=\"og:image:height\" content=\"1181\" \/>\n\t<meta property=\"og:image:type\" content=\"image\/jpeg\" \/>\n<meta name=\"author\" content=\"admpu17wp\" \/>\n<meta name=\"twitter:card\" content=\"summary_large_image\" \/>\n<meta name=\"twitter:creator\" content=\"@portalurbanook\" \/>\n<meta name=\"twitter:site\" content=\"@portalurbanook\" \/>\n<meta name=\"twitter:label1\" content=\"Escrito por\" \/>\n\t<meta name=\"twitter:data1\" content=\"admpu17wp\" \/>\n\t<meta name=\"twitter:label2\" content=\"Tiempo de lectura\" \/>\n\t<meta name=\"twitter:data2\" content=\"2 minutos\" \/>\n<script type=\"application\/ld+json\" class=\"yoast-schema-graph\">{\"@context\":\"https:\/\/schema.org\",\"@graph\":[{\"@type\":\"Article\",\"@id\":\"https:\/\/experienciadevida.com.ar\/portalurbano\/gran-convocatoria-en-el-taller-bichos-con-mala-fama-de-la-maxima\/#article\",\"isPartOf\":{\"@id\":\"https:\/\/experienciadevida.com.ar\/portalurbano\/gran-convocatoria-en-el-taller-bichos-con-mala-fama-de-la-maxima\/\"},\"author\":{\"name\":\"admpu17wp\",\"@id\":\"https:\/\/experienciadevida.com.ar\/portalurbano\/#\/schema\/person\/02dd326b1c4b056e9cc972486934a3a7\"},\"headline\":\"Gran convocatoria en el taller \u201cBichos con Mala Fama\u201d de La M\u00e1xima\",\"datePublished\":\"2022-06-28T23:47:58+00:00\",\"dateModified\":\"2022-06-28T23:49:34+00:00\",\"mainEntityOfPage\":{\"@id\":\"https:\/\/experienciadevida.com.ar\/portalurbano\/gran-convocatoria-en-el-taller-bichos-con-mala-fama-de-la-maxima\/\"},\"wordCount\":439,\"publisher\":{\"@id\":\"https:\/\/experienciadevida.com.ar\/portalurbano\/#organization\"},\"articleSection\":[\"Ciudad\"],\"inLanguage\":\"es\"},{\"@type\":\"WebPage\",\"@id\":\"https:\/\/experienciadevida.com.ar\/portalurbano\/gran-convocatoria-en-el-taller-bichos-con-mala-fama-de-la-maxima\/\",\"url\":\"https:\/\/experienciadevida.com.ar\/portalurbano\/gran-convocatoria-en-el-taller-bichos-con-mala-fama-de-la-maxima\/\",\"name\":\"Gran convocatoria en el taller \\\"bichos con mala fama\\\" de la m\u00e1xima\",\"isPartOf\":{\"@id\":\"https:\/\/experienciadevida.com.ar\/portalurbano\/#website\"},\"datePublished\":\"2022-06-28T23:47:58+00:00\",\"dateModified\":\"2022-06-28T23:49:34+00:00\",\"description\":\"Gran convocatoria en el taller \u201cBichos con Mala Fama\u201d de La M\u00e1xima, el domingo se desarroll\u00f3 en el Bioparque Municipal la m\u00e1xima\",\"breadcrumb\":{\"@id\":\"https:\/\/experienciadevida.com.ar\/portalurbano\/gran-convocatoria-en-el-taller-bichos-con-mala-fama-de-la-maxima\/#breadcrumb\"},\"inLanguage\":\"es\",\"potentialAction\":[{\"@type\":\"ReadAction\",\"target\":[\"https:\/\/experienciadevida.com.ar\/portalurbano\/gran-convocatoria-en-el-taller-bichos-con-mala-fama-de-la-maxima\/\"]}]},{\"@type\":\"BreadcrumbList\",\"@id\":\"https:\/\/experienciadevida.com.ar\/portalurbano\/gran-convocatoria-en-el-taller-bichos-con-mala-fama-de-la-maxima\/#breadcrumb\",\"itemListElement\":[{\"@type\":\"ListItem\",\"position\":1,\"name\":\"Portada\",\"item\":\"https:\/\/experienciadevida.com.ar\/portalurbano\/\"},{\"@type\":\"ListItem\",\"position\":2,\"name\":\"Gran convocatoria en el taller \u201cBichos con Mala Fama\u201d de La M\u00e1xima\"}]},{\"@type\":\"WebSite\",\"@id\":\"https:\/\/experienciadevida.com.ar\/portalurbano\/#website\",\"url\":\"https:\/\/experienciadevida.com.ar\/portalurbano\/\",\"name\":\"\",\"description\":\"\",\"publisher\":{\"@id\":\"https:\/\/experienciadevida.com.ar\/portalurbano\/#organization\"},\"potentialAction\":[{\"@type\":\"SearchAction\",\"target\":{\"@type\":\"EntryPoint\",\"urlTemplate\":\"https:\/\/experienciadevida.com.ar\/portalurbano\/?s={search_term_string}\"},\"query-input\":\"required name=search_term_string\"}],\"inLanguage\":\"es\"},{\"@type\":\"Organization\",\"@id\":\"https:\/\/experienciadevida.com.ar\/portalurbano\/#organization\",\"name\":\"Portal Urbano\",\"url\":\"https:\/\/experienciadevida.com.ar\/portalurbano\/\",\"logo\":{\"@type\":\"ImageObject\",\"inLanguage\":\"es\",\"@id\":\"https:\/\/experienciadevida.com.ar\/portalurbano\/#\/schema\/logo\/image\/\",\"url\":\"https:\/\/experienciadevida.com.ar\/portalurbano\/wp-content\/uploads\/2019\/09\/Logo-Original.png\",\"contentUrl\":\"https:\/\/experienciadevida.com.ar\/portalurbano\/wp-content\/uploads\/2019\/09\/Logo-Original.png\",\"width\":2236,\"height\":1216,\"caption\":\"Portal Urbano\"},\"image\":{\"@id\":\"https:\/\/experienciadevida.com.ar\/portalurbano\/#\/schema\/logo\/image\/\"},\"sameAs\":[\"https:\/\/www.facebook.com\/Portal-Urbano-171542830093757\/\",\"https:\/\/twitter.com\/portalurbanook\",\"https:\/\/www.instagram.com\/_portalurbano\/\",\"https:\/\/www.youtube.com\/channel\/UCXhagIfszH8KxFiOok79zbA?view_as=subscriber\"]},{\"@type\":\"Person\",\"@id\":\"https:\/\/experienciadevida.com.ar\/portalurbano\/#\/schema\/person\/02dd326b1c4b056e9cc972486934a3a7\",\"name\":\"admpu17wp\",\"image\":{\"@type\":\"ImageObject\",\"inLanguage\":\"es\",\"@id\":\"https:\/\/experienciadevida.com.ar\/portalurbano\/#\/schema\/person\/image\/\",\"url\":\"https:\/\/secure.gravatar.com\/avatar\/830d4c57adaae6630765e449a6908047?s=96&d=mm&r=g\",\"contentUrl\":\"https:\/\/secure.gravatar.com\/avatar\/830d4c57adaae6630765e449a6908047?s=96&d=mm&r=g\",\"caption\":\"admpu17wp\"}}]}<\/script>\n<!-- \/ Yoast SEO plugin. -->","yoast_head_json":{"title":"Gran convocatoria en el taller \"bichos con mala fama\" de la m\u00e1xima","description":"Gran convocatoria en el taller \u201cBichos con Mala Fama\u201d de La M\u00e1xima, el domingo se desarroll\u00f3 en el Bioparque Municipal la m\u00e1xima","robots":{"index":"index","follow":"follow","max-snippet":"max-snippet:-1","max-image-preview":"max-image-preview:large","max-video-preview":"max-video-preview:-1"},"canonical":"https:\/\/experienciadevida.com.ar\/portalurbano\/gran-convocatoria-en-el-taller-bichos-con-mala-fama-de-la-maxima\/","og_locale":"es_ES","og_type":"article","og_title":"Gran convocatoria en el taller \"bichos con mala fama\" de la m\u00e1xima","og_description":"Gran convocatoria en el taller \u201cBichos con Mala Fama\u201d de La M\u00e1xima, el domingo se desarroll\u00f3 en el Bioparque Municipal la m\u00e1xima","og_url":"https:\/\/experienciadevida.com.ar\/portalurbano\/gran-convocatoria-en-el-taller-bichos-con-mala-fama-de-la-maxima\/","article_publisher":"https:\/\/www.facebook.com\/Portal-Urbano-171542830093757\/","article_published_time":"2022-06-28T23:47:58+00:00","article_modified_time":"2022-06-28T23:49:34+00:00","og_image":[{"width":1772,"height":1181,"url":"https:\/\/experienciadevida.com.ar\/portalurbano\/wp-content\/uploads\/2022\/06\/Gran-convocatoria-en-el.jpg","type":"image\/jpeg"}],"author":"admpu17wp","twitter_card":"summary_large_image","twitter_creator":"@portalurbanook","twitter_site":"@portalurbanook","twitter_misc":{"Escrito por":"admpu17wp","Tiempo de lectura":"2 minutos"},"schema":{"@context":"https:\/\/schema.org","@graph":[{"@type":"Article","@id":"https:\/\/experienciadevida.com.ar\/portalurbano\/gran-convocatoria-en-el-taller-bichos-con-mala-fama-de-la-maxima\/#article","isPartOf":{"@id":"https:\/\/experienciadevida.com.ar\/portalurbano\/gran-convocatoria-en-el-taller-bichos-con-mala-fama-de-la-maxima\/"},"author":{"name":"admpu17wp","@id":"https:\/\/experienciadevida.com.ar\/portalurbano\/#\/schema\/person\/02dd326b1c4b056e9cc972486934a3a7"},"headline":"Gran convocatoria en el taller \u201cBichos con Mala Fama\u201d de La M\u00e1xima","datePublished":"2022-06-28T23:47:58+00:00","dateModified":"2022-06-28T23:49:34+00:00","mainEntityOfPage":{"@id":"https:\/\/experienciadevida.com.ar\/portalurbano\/gran-convocatoria-en-el-taller-bichos-con-mala-fama-de-la-maxima\/"},"wordCount":439,"publisher":{"@id":"https:\/\/experienciadevida.com.ar\/portalurbano\/#organization"},"articleSection":["Ciudad"],"inLanguage":"es"},{"@type":"WebPage","@id":"https:\/\/experienciadevida.com.ar\/portalurbano\/gran-convocatoria-en-el-taller-bichos-con-mala-fama-de-la-maxima\/","url":"https:\/\/experienciadevida.com.ar\/portalurbano\/gran-convocatoria-en-el-taller-bichos-con-mala-fama-de-la-maxima\/","name":"Gran convocatoria en el taller \"bichos con mala fama\" de la m\u00e1xima","isPartOf":{"@id":"https:\/\/experienciadevida.com.ar\/portalurbano\/#website"},"datePublished":"2022-06-28T23:47:58+00:00","dateModified":"2022-06-28T23:49:34+00:00","description":"Gran convocatoria en el taller \u201cBichos con Mala Fama\u201d de La M\u00e1xima, el domingo se desarroll\u00f3 en el Bioparque Municipal la m\u00e1xima","breadcrumb":{"@id":"https:\/\/experienciadevida.com.ar\/portalurbano\/gran-convocatoria-en-el-taller-bichos-con-mala-fama-de-la-maxima\/#breadcrumb"},"inLanguage":"es","potentialAction":[{"@type":"ReadAction","target":["https:\/\/experienciadevida.com.ar\/portalurbano\/gran-convocatoria-en-el-taller-bichos-con-mala-fama-de-la-maxima\/"]}]},{"@type":"BreadcrumbList","@id":"https:\/\/experienciadevida.com.ar\/portalurbano\/gran-convocatoria-en-el-taller-bichos-con-mala-fama-de-la-maxima\/#breadcrumb","itemListElement":[{"@type":"ListItem","position":1,"name":"Portada","item":"https:\/\/experienciadevida.com.ar\/portalurbano\/"},{"@type":"ListItem","position":2,"name":"Gran convocatoria en el taller \u201cBichos con Mala Fama\u201d de La M\u00e1xima"}]},{"@type":"WebSite","@id":"https:\/\/experienciadevida.com.ar\/portalurbano\/#website","url":"https:\/\/experienciadevida.com.ar\/portalurbano\/","name":"","description":"","publisher":{"@id":"https:\/\/experienciadevida.com.ar\/portalurbano\/#organization"},"potentialAction":[{"@type":"SearchAction","target":{"@type":"EntryPoint","urlTemplate":"https:\/\/experienciadevida.com.ar\/portalurbano\/?s={search_term_string}"},"query-input":"required name=search_term_string"}],"inLanguage":"es"},{"@type":"Organization","@id":"https:\/\/experienciadevida.com.ar\/portalurbano\/#organization","name":"Portal Urbano","url":"https:\/\/experienciadevida.com.ar\/portalurbano\/","logo":{"@type":"ImageObject","inLanguage":"es","@id":"https:\/\/experienciadevida.com.ar\/portalurbano\/#\/schema\/logo\/image\/","url":"https:\/\/experienciadevida.com.ar\/portalurbano\/wp-content\/uploads\/2019\/09\/Logo-Original.png","contentUrl":"https:\/\/experienciadevida.com.ar\/portalurbano\/wp-content\/uploads\/2019\/09\/Logo-Original.png","width":2236,"height":1216,"caption":"Portal Urbano"},"image":{"@id":"https:\/\/experienciadevida.com.ar\/portalurbano\/#\/schema\/logo\/image\/"},"sameAs":["https:\/\/www.facebook.com\/Portal-Urbano-171542830093757\/","https:\/\/twitter.com\/portalurbanook","https:\/\/www.instagram.com\/_portalurbano\/","https:\/\/www.youtube.com\/channel\/UCXhagIfszH8KxFiOok79zbA?view_as=subscriber"]},{"@type":"Person","@id":"https:\/\/experienciadevida.com.ar\/portalurbano\/#\/schema\/person\/02dd326b1c4b056e9cc972486934a3a7","name":"admpu17wp","image":{"@type":"ImageObject","inLanguage":"es","@id":"https:\/\/experienciadevida.com.ar\/portalurbano\/#\/schema\/person\/image\/","url":"https:\/\/secure.gravatar.com\/avatar\/830d4c57adaae6630765e449a6908047?s=96&d=mm&r=g","contentUrl":"https:\/\/secure.gravatar.com\/avatar\/830d4c57adaae6630765e449a6908047?s=96&d=mm&r=g","caption":"admpu17wp"}}]}},"featured_image_urls":{"full":["https:\/\/experienciadevida.com.ar\/portalurbano\/wp-content\/uploads\/2022\/06\/Gran-convocatoria-en-el.jpg",1772,1181,false],"thumbnail":["https:\/\/experienciadevida.com.ar\/portalurbano\/wp-content\/uploads\/2022\/06\/Gran-convocatoria-en-el-150x150.jpg",150,150,true],"medium":["https:\/\/experienciadevida.com.ar\/portalurbano\/wp-content\/uploads\/2022\/06\/Gran-convocatoria-en-el-300x200.jpg",300,200,true],"medium_large":["https:\/\/experienciadevida.com.ar\/portalurbano\/wp-content\/uploads\/2022\/06\/Gran-convocatoria-en-el-768x512.jpg",640,427,true],"large":["https:\/\/experienciadevida.com.ar\/portalurbano\/wp-content\/uploads\/2022\/06\/Gran-convocatoria-en-el-1024x682.jpg",640,426,true],"ug_big":["https:\/\/experienciadevida.com.ar\/portalurbano\/wp-content\/uploads\/2022\/06\/Gran-convocatoria-en-el-768x512.jpg",768,512,true],"1536x1536":["https:\/\/experienciadevida.com.ar\/portalurbano\/wp-content\/uploads\/2022\/06\/Gran-convocatoria-en-el-1536x1024.jpg",1536,1024,true],"2048x2048":["https:\/\/experienciadevida.com.ar\/portalurbano\/wp-content\/uploads\/2022\/06\/Gran-convocatoria-en-el.jpg",1772,1181,false],"newsever-slider-full":["https:\/\/experienciadevida.com.ar\/portalurbano\/wp-content\/uploads\/2022\/06\/Gran-convocatoria-en-el.jpg",1268,845,false],"newsever-featured":["https:\/\/experienciadevida.com.ar\/portalurbano\/wp-content\/uploads\/2022\/06\/Gran-convocatoria-en-el.jpg",1024,682,false],"newsever-medium":["https:\/\/experienciadevida.com.ar\/portalurbano\/wp-content\/uploads\/2022\/06\/Gran-convocatoria-en-el.jpg",713,475,false],"web-stories-poster-portrait":["https:\/\/experienciadevida.com.ar\/portalurbano\/wp-content\/uploads\/2022\/06\/Gran-convocatoria-en-el.jpg",640,427,false],"web-stories-publisher-logo":["https:\/\/experienciadevida.com.ar\/portalurbano\/wp-content\/uploads\/2022\/06\/Gran-convocatoria-en-el.jpg",96,64,false],"web-stories-thumbnail":["https:\/\/experienciadevida.com.ar\/portalurbano\/wp-content\/uploads\/2022\/06\/Gran-convocatoria-en-el.jpg",150,100,false]},"author_info":{"display_name":"admpu17wp","author_link":"https:\/\/experienciadevida.com.ar\/portalurbano\/author\/admpu17wp\/"},"category_info":"<a href=\"https:\/\/experienciadevida.com.ar\/portalurbano\/category\/ciudad\/\" rel=\"category tag\">Ciudad<\/a>","tag_info":"Ciudad","comment_count":"0","amp_enabled":true,"_links":{"self":[{"href":"https:\/\/experienciadevida.com.ar\/portalurbano\/wp-json\/wp\/v2\/posts\/170399"}],"collection":[{"href":"https:\/\/experienciadevida.com.ar\/portalurbano\/wp-json\/wp\/v2\/posts"}],"about":[{"href":"https:\/\/experienciadevida.com.ar\/portalurbano\/wp-json\/wp\/v2\/types\/post"}],"author":[{"embeddable":true,"href":"https:\/\/experienciadevida.com.ar\/portalurbano\/wp-json\/wp\/v2\/users\/1"}],"replies":[{"embeddable":true,"href":"https:\/\/experienciadevida.com.ar\/portalurbano\/wp-json\/wp\/v2\/comments?post=170399"}],"version-history":[{"count":2,"href":"https:\/\/experienciadevida.com.ar\/portalurbano\/wp-json\/wp\/v2\/posts\/170399\/revisions"}],"predecessor-version":[{"id":170403,"href":"https:\/\/experienciadevida.com.ar\/portalurbano\/wp-json\/wp\/v2\/posts\/170399\/revisions\/170403"}],"wp:featuredmedia":[{"embeddable":true,"href":"https:\/\/experienciadevida.com.ar\/portalurbano\/wp-json\/wp\/v2\/media\/170400"}],"wp:attachment":[{"href":"https:\/\/experienciadevida.com.ar\/portalurbano\/wp-json\/wp\/v2\/media?parent=170399"}],"wp:term":[{"taxonomy":"category","embeddable":true,"href":"https:\/\/experienciadevida.com.ar\/portalurbano\/wp-json\/wp\/v2\/categories?post=170399"},{"taxonomy":"post_tag","embeddable":true,"href":"https:\/\/experienciadevida.com.ar\/portalurbano\/wp-json\/wp\/v2\/tags?post=170399"}],"curies":[{"name":"wp","href":"https:\/\/api.w.org\/{rel}","templated":true}]}}