{"id":170378,"date":"2022-06-28T16:55:47","date_gmt":"2022-06-28T19:55:47","guid":{"rendered":"https:\/\/experienciadevida.com.ar\/portalurbano\/?p=170378"},"modified":"2022-06-28T16:56:14","modified_gmt":"2022-06-28T19:56:14","slug":"gestionar-entre-lo-correcto-y-lo-necesario","status":"publish","type":"post","link":"https:\/\/experienciadevida.com.ar\/portalurbano\/gestionar-entre-lo-correcto-y-lo-necesario\/","title":{"rendered":"&#8220;Gestionar entre lo correcto y lo necesario&#8221;"},"content":{"rendered":"<p>&#8220;Gestionar entre lo correcto y lo necesario&#8221;, en el marco del Proyecto de Extensi\u00f3n: &#8220;Encuentros comunitarios<br \/>\nparticipativos para una gesti\u00f3n integral de los Bosques Urbanos&#8221;, el jueves 30 de junio se llevar\u00e1 a cabo una charla taller denominada &#8220;Gestionar entre lo correcto y lo necesario&#8221;, a cargo del Ing. Agr. Francisco Bardi.<\/p>\n<p>En la oportunidad, entre otros temas, se abordar\u00e1 la pr\u00e1ctica de manejo del arbolado, dispositivos y estrategias alternativas de aplicaci\u00f3n.<\/p>\n<p>La misma dar\u00e1 comienzo a las 18 hs, con modalidad h\u00edbrida. Tendr\u00e1 lugar en el Sal\u00f3n Auditorio de la Facultad de Agronom\u00eda UNICEN o de forma virtual, v\u00eda zoom a trav\u00e9s del link: https:\/\/us06web.zoom.us\/j\/81283064011&#8230;<br \/>\n&lt;https:\/\/us06web.zoom.us\/j\/81283064011 pwd=cHdzNC9TQkJyRkQwaU84QSt1elJBUT09&amp;fbclid=IwAR2uyRcu3HNPQHeUVPw0MSyCCQnI96E6lnn0TxPMXBMM07T9jwmApkfPSSE&gt;<br \/>\nID de reuni\u00f3n: 812 8306 4011\/ C\u00f3digo de acceso: 304842<\/p>\n","protected":false},"excerpt":{"rendered":"<p>&#8220;Gestionar entre lo correcto y lo necesario&#8221;, en el marco del Proyecto de Extensi\u00f3n: &#8220;Encuentros&#8230;<\/p>\n","protected":false},"author":1,"featured_media":170379,"comment_status":"closed","ping_status":"closed","sticky":false,"template":"","format":"standard","meta":{"content-type":""},"categories":[27],"tags":[],"nelio_content":{"isAutoShareEnabled":false,"autoShareEndMode":"default","automationSources":{"useContentSentences":true,"useSocialTemplates":true,"useCustomSentences":false,"customSentences":[]},"followers":[1],"suggestedReferences":[],"includedReferences":[],"efiUrl":"","efiAlt":"","highlights":[]},"yoast_head":"<!-- This site is optimized with the Yoast SEO plugin v20.7 - https:\/\/yoast.com\/wordpress\/plugins\/seo\/ -->\n<title>&quot;Gestionar entre lo correcto y lo necesario&quot;<\/title>\n<meta name=\"description\" content=\"&quot;Gestionar entre lo correcto y lo necesario&quot;, en el marco del Proyecto de Extensi\u00f3n: &quot;Encuentros comunitarios participativos para una gesti\u00f3n\" \/>\n<meta name=\"robots\" content=\"index, follow, max-snippet:-1, max-image-preview:large, max-video-preview:-1\" \/>\n<link rel=\"canonical\" href=\"https:\/\/experienciadevida.com.ar\/portalurbano\/gestionar-entre-lo-correcto-y-lo-necesario\/\" \/>\n<meta property=\"og:locale\" content=\"es_ES\" \/>\n<meta property=\"og:type\" content=\"article\" \/>\n<meta property=\"og:title\" content=\"&quot;Gestionar entre lo correcto y lo necesario&quot;\" \/>\n<meta property=\"og:description\" content=\"&quot;Gestionar entre lo correcto y lo necesario&quot;, en el marco del Proyecto de Extensi\u00f3n: &quot;Encuentros comunitarios participativos para una gesti\u00f3n\" \/>\n<meta property=\"og:url\" content=\"https:\/\/experienciadevida.com.ar\/portalurbano\/gestionar-entre-lo-correcto-y-lo-necesario\/\" \/>\n<meta property=\"article:publisher\" content=\"https:\/\/www.facebook.com\/Portal-Urbano-171542830093757\/\" \/>\n<meta property=\"article:published_time\" content=\"2022-06-28T19:55:47+00:00\" \/>\n<meta property=\"article:modified_time\" content=\"2022-06-28T19:56:14+00:00\" \/>\n<meta property=\"og:image\" content=\"https:\/\/experienciadevida.com.ar\/portalurbano\/wp-content\/uploads\/2022\/06\/Gestionar-entre-lo-correcto.jpeg\" \/>\n\t<meta property=\"og:image:width\" content=\"1024\" \/>\n\t<meta property=\"og:image:height\" content=\"1280\" \/>\n\t<meta property=\"og:image:type\" content=\"image\/jpeg\" \/>\n<meta name=\"author\" content=\"admpu17wp\" \/>\n<meta name=\"twitter:card\" content=\"summary_large_image\" \/>\n<meta name=\"twitter:creator\" content=\"@portalurbanook\" \/>\n<meta name=\"twitter:site\" content=\"@portalurbanook\" \/>\n<meta name=\"twitter:label1\" content=\"Escrito por\" \/>\n\t<meta name=\"twitter:data1\" content=\"admpu17wp\" \/>\n\t<meta name=\"twitter:label2\" content=\"Tiempo de lectura\" \/>\n\t<meta name=\"twitter:data2\" content=\"1 minuto\" \/>\n<script type=\"application\/ld+json\" class=\"yoast-schema-graph\">{\"@context\":\"https:\/\/schema.org\",\"@graph\":[{\"@type\":\"Article\",\"@id\":\"https:\/\/experienciadevida.com.ar\/portalurbano\/gestionar-entre-lo-correcto-y-lo-necesario\/#article\",\"isPartOf\":{\"@id\":\"https:\/\/experienciadevida.com.ar\/portalurbano\/gestionar-entre-lo-correcto-y-lo-necesario\/\"},\"author\":{\"name\":\"admpu17wp\",\"@id\":\"https:\/\/experienciadevida.com.ar\/portalurbano\/#\/schema\/person\/02dd326b1c4b056e9cc972486934a3a7\"},\"headline\":\"&#8220;Gestionar entre lo correcto y lo necesario&#8221;\",\"datePublished\":\"2022-06-28T19:55:47+00:00\",\"dateModified\":\"2022-06-28T19:56:14+00:00\",\"mainEntityOfPage\":{\"@id\":\"https:\/\/experienciadevida.com.ar\/portalurbano\/gestionar-entre-lo-correcto-y-lo-necesario\/\"},\"wordCount\":157,\"publisher\":{\"@id\":\"https:\/\/experienciadevida.com.ar\/portalurbano\/#organization\"},\"articleSection\":[\"Ciudad\"],\"inLanguage\":\"es\"},{\"@type\":\"WebPage\",\"@id\":\"https:\/\/experienciadevida.com.ar\/portalurbano\/gestionar-entre-lo-correcto-y-lo-necesario\/\",\"url\":\"https:\/\/experienciadevida.com.ar\/portalurbano\/gestionar-entre-lo-correcto-y-lo-necesario\/\",\"name\":\"\\\"Gestionar entre lo correcto y lo necesario\\\"\",\"isPartOf\":{\"@id\":\"https:\/\/experienciadevida.com.ar\/portalurbano\/#website\"},\"datePublished\":\"2022-06-28T19:55:47+00:00\",\"dateModified\":\"2022-06-28T19:56:14+00:00\",\"description\":\"\\\"Gestionar entre lo correcto y lo necesario\\\", en el marco del Proyecto de Extensi\u00f3n: \\\"Encuentros comunitarios participativos para una gesti\u00f3n\",\"breadcrumb\":{\"@id\":\"https:\/\/experienciadevida.com.ar\/portalurbano\/gestionar-entre-lo-correcto-y-lo-necesario\/#breadcrumb\"},\"inLanguage\":\"es\",\"potentialAction\":[{\"@type\":\"ReadAction\",\"target\":[\"https:\/\/experienciadevida.com.ar\/portalurbano\/gestionar-entre-lo-correcto-y-lo-necesario\/\"]}]},{\"@type\":\"BreadcrumbList\",\"@id\":\"https:\/\/experienciadevida.com.ar\/portalurbano\/gestionar-entre-lo-correcto-y-lo-necesario\/#breadcrumb\",\"itemListElement\":[{\"@type\":\"ListItem\",\"position\":1,\"name\":\"Portada\",\"item\":\"https:\/\/experienciadevida.com.ar\/portalurbano\/\"},{\"@type\":\"ListItem\",\"position\":2,\"name\":\"\u00abGestionar entre lo correcto y lo necesario\u00bb\"}]},{\"@type\":\"WebSite\",\"@id\":\"https:\/\/experienciadevida.com.ar\/portalurbano\/#website\",\"url\":\"https:\/\/experienciadevida.com.ar\/portalurbano\/\",\"name\":\"\",\"description\":\"\",\"publisher\":{\"@id\":\"https:\/\/experienciadevida.com.ar\/portalurbano\/#organization\"},\"potentialAction\":[{\"@type\":\"SearchAction\",\"target\":{\"@type\":\"EntryPoint\",\"urlTemplate\":\"https:\/\/experienciadevida.com.ar\/portalurbano\/?s={search_term_string}\"},\"query-input\":\"required name=search_term_string\"}],\"inLanguage\":\"es\"},{\"@type\":\"Organization\",\"@id\":\"https:\/\/experienciadevida.com.ar\/portalurbano\/#organization\",\"name\":\"Portal Urbano\",\"url\":\"https:\/\/experienciadevida.com.ar\/portalurbano\/\",\"logo\":{\"@type\":\"ImageObject\",\"inLanguage\":\"es\",\"@id\":\"https:\/\/experienciadevida.com.ar\/portalurbano\/#\/schema\/logo\/image\/\",\"url\":\"https:\/\/experienciadevida.com.ar\/portalurbano\/wp-content\/uploads\/2019\/09\/Logo-Original.png\",\"contentUrl\":\"https:\/\/experienciadevida.com.ar\/portalurbano\/wp-content\/uploads\/2019\/09\/Logo-Original.png\",\"width\":2236,\"height\":1216,\"caption\":\"Portal Urbano\"},\"image\":{\"@id\":\"https:\/\/experienciadevida.com.ar\/portalurbano\/#\/schema\/logo\/image\/\"},\"sameAs\":[\"https:\/\/www.facebook.com\/Portal-Urbano-171542830093757\/\",\"https:\/\/twitter.com\/portalurbanook\",\"https:\/\/www.instagram.com\/_portalurbano\/\",\"https:\/\/www.youtube.com\/channel\/UCXhagIfszH8KxFiOok79zbA?view_as=subscriber\"]},{\"@type\":\"Person\",\"@id\":\"https:\/\/experienciadevida.com.ar\/portalurbano\/#\/schema\/person\/02dd326b1c4b056e9cc972486934a3a7\",\"name\":\"admpu17wp\",\"image\":{\"@type\":\"ImageObject\",\"inLanguage\":\"es\",\"@id\":\"https:\/\/experienciadevida.com.ar\/portalurbano\/#\/schema\/person\/image\/\",\"url\":\"https:\/\/secure.gravatar.com\/avatar\/830d4c57adaae6630765e449a6908047?s=96&d=mm&r=g\",\"contentUrl\":\"https:\/\/secure.gravatar.com\/avatar\/830d4c57adaae6630765e449a6908047?s=96&d=mm&r=g\",\"caption\":\"admpu17wp\"}}]}<\/script>\n<!-- \/ Yoast SEO plugin. -->","yoast_head_json":{"title":"\"Gestionar entre lo correcto y lo necesario\"","description":"\"Gestionar entre lo correcto y lo necesario\", en el marco del Proyecto de Extensi\u00f3n: \"Encuentros comunitarios participativos para una gesti\u00f3n","robots":{"index":"index","follow":"follow","max-snippet":"max-snippet:-1","max-image-preview":"max-image-preview:large","max-video-preview":"max-video-preview:-1"},"canonical":"https:\/\/experienciadevida.com.ar\/portalurbano\/gestionar-entre-lo-correcto-y-lo-necesario\/","og_locale":"es_ES","og_type":"article","og_title":"\"Gestionar entre lo correcto y lo necesario\"","og_description":"\"Gestionar entre lo correcto y lo necesario\", en el marco del Proyecto de Extensi\u00f3n: \"Encuentros comunitarios participativos para una gesti\u00f3n","og_url":"https:\/\/experienciadevida.com.ar\/portalurbano\/gestionar-entre-lo-correcto-y-lo-necesario\/","article_publisher":"https:\/\/www.facebook.com\/Portal-Urbano-171542830093757\/","article_published_time":"2022-06-28T19:55:47+00:00","article_modified_time":"2022-06-28T19:56:14+00:00","og_image":[{"width":1024,"height":1280,"url":"https:\/\/experienciadevida.com.ar\/portalurbano\/wp-content\/uploads\/2022\/06\/Gestionar-entre-lo-correcto.jpeg","type":"image\/jpeg"}],"author":"admpu17wp","twitter_card":"summary_large_image","twitter_creator":"@portalurbanook","twitter_site":"@portalurbanook","twitter_misc":{"Escrito por":"admpu17wp","Tiempo de lectura":"1 minuto"},"schema":{"@context":"https:\/\/schema.org","@graph":[{"@type":"Article","@id":"https:\/\/experienciadevida.com.ar\/portalurbano\/gestionar-entre-lo-correcto-y-lo-necesario\/#article","isPartOf":{"@id":"https:\/\/experienciadevida.com.ar\/portalurbano\/gestionar-entre-lo-correcto-y-lo-necesario\/"},"author":{"name":"admpu17wp","@id":"https:\/\/experienciadevida.com.ar\/portalurbano\/#\/schema\/person\/02dd326b1c4b056e9cc972486934a3a7"},"headline":"&#8220;Gestionar entre lo correcto y lo necesario&#8221;","datePublished":"2022-06-28T19:55:47+00:00","dateModified":"2022-06-28T19:56:14+00:00","mainEntityOfPage":{"@id":"https:\/\/experienciadevida.com.ar\/portalurbano\/gestionar-entre-lo-correcto-y-lo-necesario\/"},"wordCount":157,"publisher":{"@id":"https:\/\/experienciadevida.com.ar\/portalurbano\/#organization"},"articleSection":["Ciudad"],"inLanguage":"es"},{"@type":"WebPage","@id":"https:\/\/experienciadevida.com.ar\/portalurbano\/gestionar-entre-lo-correcto-y-lo-necesario\/","url":"https:\/\/experienciadevida.com.ar\/portalurbano\/gestionar-entre-lo-correcto-y-lo-necesario\/","name":"\"Gestionar entre lo correcto y lo necesario\"","isPartOf":{"@id":"https:\/\/experienciadevida.com.ar\/portalurbano\/#website"},"datePublished":"2022-06-28T19:55:47+00:00","dateModified":"2022-06-28T19:56:14+00:00","description":"\"Gestionar entre lo correcto y lo necesario\", en el marco del Proyecto de Extensi\u00f3n: \"Encuentros comunitarios participativos para una gesti\u00f3n","breadcrumb":{"@id":"https:\/\/experienciadevida.com.ar\/portalurbano\/gestionar-entre-lo-correcto-y-lo-necesario\/#breadcrumb"},"inLanguage":"es","potentialAction":[{"@type":"ReadAction","target":["https:\/\/experienciadevida.com.ar\/portalurbano\/gestionar-entre-lo-correcto-y-lo-necesario\/"]}]},{"@type":"BreadcrumbList","@id":"https:\/\/experienciadevida.com.ar\/portalurbano\/gestionar-entre-lo-correcto-y-lo-necesario\/#breadcrumb","itemListElement":[{"@type":"ListItem","position":1,"name":"Portada","item":"https:\/\/experienciadevida.com.ar\/portalurbano\/"},{"@type":"ListItem","position":2,"name":"\u00abGestionar entre lo correcto y lo necesario\u00bb"}]},{"@type":"WebSite","@id":"https:\/\/experienciadevida.com.ar\/portalurbano\/#website","url":"https:\/\/experienciadevida.com.ar\/portalurbano\/","name":"","description":"","publisher":{"@id":"https:\/\/experienciadevida.com.ar\/portalurbano\/#organization"},"potentialAction":[{"@type":"SearchAction","target":{"@type":"EntryPoint","urlTemplate":"https:\/\/experienciadevida.com.ar\/portalurbano\/?s={search_term_string}"},"query-input":"required name=search_term_string"}],"inLanguage":"es"},{"@type":"Organization","@id":"https:\/\/experienciadevida.com.ar\/portalurbano\/#organization","name":"Portal Urbano","url":"https:\/\/experienciadevida.com.ar\/portalurbano\/","logo":{"@type":"ImageObject","inLanguage":"es","@id":"https:\/\/experienciadevida.com.ar\/portalurbano\/#\/schema\/logo\/image\/","url":"https:\/\/experienciadevida.com.ar\/portalurbano\/wp-content\/uploads\/2019\/09\/Logo-Original.png","contentUrl":"https:\/\/experienciadevida.com.ar\/portalurbano\/wp-content\/uploads\/2019\/09\/Logo-Original.png","width":2236,"height":1216,"caption":"Portal Urbano"},"image":{"@id":"https:\/\/experienciadevida.com.ar\/portalurbano\/#\/schema\/logo\/image\/"},"sameAs":["https:\/\/www.facebook.com\/Portal-Urbano-171542830093757\/","https:\/\/twitter.com\/portalurbanook","https:\/\/www.instagram.com\/_portalurbano\/","https:\/\/www.youtube.com\/channel\/UCXhagIfszH8KxFiOok79zbA?view_as=subscriber"]},{"@type":"Person","@id":"https:\/\/experienciadevida.com.ar\/portalurbano\/#\/schema\/person\/02dd326b1c4b056e9cc972486934a3a7","name":"admpu17wp","image":{"@type":"ImageObject","inLanguage":"es","@id":"https:\/\/experienciadevida.com.ar\/portalurbano\/#\/schema\/person\/image\/","url":"https:\/\/secure.gravatar.com\/avatar\/830d4c57adaae6630765e449a6908047?s=96&d=mm&r=g","contentUrl":"https:\/\/secure.gravatar.com\/avatar\/830d4c57adaae6630765e449a6908047?s=96&d=mm&r=g","caption":"admpu17wp"}}]}},"featured_image_urls":{"full":["https:\/\/experienciadevida.com.ar\/portalurbano\/wp-content\/uploads\/2022\/06\/Gestionar-entre-lo-correcto.jpeg",1024,1280,false],"thumbnail":["https:\/\/experienciadevida.com.ar\/portalurbano\/wp-content\/uploads\/2022\/06\/Gestionar-entre-lo-correcto-150x150.jpeg",150,150,true],"medium":["https:\/\/experienciadevida.com.ar\/portalurbano\/wp-content\/uploads\/2022\/06\/Gestionar-entre-lo-correcto-240x300.jpeg",240,300,true],"medium_large":["https:\/\/experienciadevida.com.ar\/portalurbano\/wp-content\/uploads\/2022\/06\/Gestionar-entre-lo-correcto-768x960.jpeg",640,800,true],"large":["https:\/\/experienciadevida.com.ar\/portalurbano\/wp-content\/uploads\/2022\/06\/Gestionar-entre-lo-correcto-819x1024.jpeg",640,800,true],"ug_big":["https:\/\/experienciadevida.com.ar\/portalurbano\/wp-content\/uploads\/2022\/06\/Gestionar-entre-lo-correcto-614x768.jpeg",614,768,true],"1536x1536":["https:\/\/experienciadevida.com.ar\/portalurbano\/wp-content\/uploads\/2022\/06\/Gestionar-entre-lo-correcto.jpeg",1024,1280,false],"2048x2048":["https:\/\/experienciadevida.com.ar\/portalurbano\/wp-content\/uploads\/2022\/06\/Gestionar-entre-lo-correcto.jpeg",1024,1280,false],"newsever-slider-full":["https:\/\/experienciadevida.com.ar\/portalurbano\/wp-content\/uploads\/2022\/06\/Gestionar-entre-lo-correcto.jpeg",676,845,false],"newsever-featured":["https:\/\/experienciadevida.com.ar\/portalurbano\/wp-content\/uploads\/2022\/06\/Gestionar-entre-lo-correcto.jpeg",1024,1280,false],"newsever-medium":["https:\/\/experienciadevida.com.ar\/portalurbano\/wp-content\/uploads\/2022\/06\/Gestionar-entre-lo-correcto.jpeg",380,475,false],"web-stories-poster-portrait":["https:\/\/experienciadevida.com.ar\/portalurbano\/wp-content\/uploads\/2022\/06\/Gestionar-entre-lo-correcto.jpeg",640,800,false],"web-stories-publisher-logo":["https:\/\/experienciadevida.com.ar\/portalurbano\/wp-content\/uploads\/2022\/06\/Gestionar-entre-lo-correcto.jpeg",77,96,false],"web-stories-thumbnail":["https:\/\/experienciadevida.com.ar\/portalurbano\/wp-content\/uploads\/2022\/06\/Gestionar-entre-lo-correcto.jpeg",150,188,false]},"author_info":{"display_name":"admpu17wp","author_link":"https:\/\/experienciadevida.com.ar\/portalurbano\/author\/admpu17wp\/"},"category_info":"<a href=\"https:\/\/experienciadevida.com.ar\/portalurbano\/category\/ciudad\/\" rel=\"category tag\">Ciudad<\/a>","tag_info":"Ciudad","comment_count":"0","amp_enabled":true,"_links":{"self":[{"href":"https:\/\/experienciadevida.com.ar\/portalurbano\/wp-json\/wp\/v2\/posts\/170378"}],"collection":[{"href":"https:\/\/experienciadevida.com.ar\/portalurbano\/wp-json\/wp\/v2\/posts"}],"about":[{"href":"https:\/\/experienciadevida.com.ar\/portalurbano\/wp-json\/wp\/v2\/types\/post"}],"author":[{"embeddable":true,"href":"https:\/\/experienciadevida.com.ar\/portalurbano\/wp-json\/wp\/v2\/users\/1"}],"replies":[{"embeddable":true,"href":"https:\/\/experienciadevida.com.ar\/portalurbano\/wp-json\/wp\/v2\/comments?post=170378"}],"version-history":[{"count":1,"href":"https:\/\/experienciadevida.com.ar\/portalurbano\/wp-json\/wp\/v2\/posts\/170378\/revisions"}],"predecessor-version":[{"id":170380,"href":"https:\/\/experienciadevida.com.ar\/portalurbano\/wp-json\/wp\/v2\/posts\/170378\/revisions\/170380"}],"wp:featuredmedia":[{"embeddable":true,"href":"https:\/\/experienciadevida.com.ar\/portalurbano\/wp-json\/wp\/v2\/media\/170379"}],"wp:attachment":[{"href":"https:\/\/experienciadevida.com.ar\/portalurbano\/wp-json\/wp\/v2\/media?parent=170378"}],"wp:term":[{"taxonomy":"category","embeddable":true,"href":"https:\/\/experienciadevida.com.ar\/portalurbano\/wp-json\/wp\/v2\/categories?post=170378"},{"taxonomy":"post_tag","embeddable":true,"href":"https:\/\/experienciadevida.com.ar\/portalurbano\/wp-json\/wp\/v2\/tags?post=170378"}],"curies":[{"name":"wp","href":"https:\/\/api.w.org\/{rel}","templated":true}]}}