{"id":170356,"date":"2022-06-28T15:52:15","date_gmt":"2022-06-28T18:52:15","guid":{"rendered":"https:\/\/experienciadevida.com.ar\/portalurbano\/?p=170356"},"modified":"2022-06-28T15:53:11","modified_gmt":"2022-06-28T18:53:11","slug":"se-izo-la-bandera-del-orgullo-en-el-complejo-universitario-olavarria","status":"publish","type":"post","link":"https:\/\/experienciadevida.com.ar\/portalurbano\/se-izo-la-bandera-del-orgullo-en-el-complejo-universitario-olavarria\/","title":{"rendered":"Se iz\u00f3 la bandera del Orgullo en el Complejo Universitario Olavarr\u00eda"},"content":{"rendered":"<p>Se iz\u00f3 la bandera del Orgullo en el Complejo Universitario Olavarr\u00eda, en el marco del d\u00eda Mundial del Orgullo y el Mes de las Diversidades, un importante grupo de personas particip\u00f3 del encuentro en el que adem\u00e1s se repasaron los 20 a\u00f1os de historia del Programa de Extensi\u00f3n de la <a href=\"https:\/\/www.facebook.com\/facultadcienciassociales.unicen\">Facultad de Ciencias Sociale<\/a>s Chesida, que se cumplen este 28 de junio.<\/p>\n<p><a href=\"https:\/\/experienciadevida.com.ar\/portalurbano\/se-izo-la-bandera-del-orgullo-en-el-complejo-universitario-olavarria\/se-12\/\" rel=\"attachment wp-att-170358\"><img decoding=\"async\" class=\"alignnone size-large wp-image-170358\" src=\"https:\/\/experienciadevida.com.ar\/portalurbano\/wp-content\/uploads\/2022\/06\/Se-1-1024x683.jpg\" alt=\"Se \" width=\"900\" height=\"600\" srcset=\"https:\/\/experienciadevida.com.ar\/portalurbano\/wp-content\/uploads\/2022\/06\/Se-1-1024x683.jpg 1024w, https:\/\/experienciadevida.com.ar\/portalurbano\/wp-content\/uploads\/2022\/06\/Se-1-300x200.jpg 300w, https:\/\/experienciadevida.com.ar\/portalurbano\/wp-content\/uploads\/2022\/06\/Se-1-768x512.jpg 768w, https:\/\/experienciadevida.com.ar\/portalurbano\/wp-content\/uploads\/2022\/06\/Se-1.jpg 1480w\" sizes=\"(max-width: 900px) 100vw, 900px\" \/><\/a><\/p>\n<p>Estudiantes, docentes, activistas, nodocentes y autoridades de distintas unidades acad\u00e9micas del Complejo Universitario Olavarr\u00eda y de otras organizaciones sociales y estatales participaron del izado de la bandera de la Diversidad por el D\u00eda Mundial del Orgullo LGBTINB+. Estuvieron presentes autoridades de la FACSO, de la Escuela Nacional \u201cAdolfo P\u00e9rez Esquivel\u201d, de la Direcci\u00f3n de Pol\u00edticas de G\u00e9nero del Municipio de Olavarr\u00eda, entre otros.<\/p>\n<p>En la oportunidad Carlos Rodr\u00edguez, coordinador del Programa Chesida, record\u00f3 c\u00f3mo se gest\u00f3 el Programa en el seno de la Facultad de Ciencias Sociales, que naci\u00f3 el 28 de junio de 2002 y hoy cumple 20 a\u00f1os. Rodr\u00edguez destac\u00f3 el trabajo realizado al interior de la unidad acad\u00e9mica y en contacto permanente con organizaciones sociales y del Estado, que fueron llevadas adelante con di\u00e1logo y respeto para promover acciones, intervenciones y mensajes que abordan el VIH\/sida, las sexualidades y los cuidados del cuerpo en la educaci\u00f3n y salud p\u00fablica.<\/p>\n<p>Asimismo, agradeci\u00f3 a quienes formaron parte de Chesida a lo largo de estas dos d\u00e9cadas y defini\u00f3 que \u201cel Programa Chesida celebra la diversidad\u201d. Tambi\u00e9n dio cuenta de la importancia de que se conozcan las necesidades y derechos de las personas que viven con VIH, por lo que solicit\u00f3 que el pr\u00f3ximo jueves la C\u00e1mara de Senadores de la Naci\u00f3n apruebe y promulgue el proyecto de la nueva ley de VIH, Hepatitis virales, ITS y TBC, que fue elaborado por m\u00e1s de 40 organizaciones a nivel federal con la participaci\u00f3n de Chesida.<\/p>\n<p>Posteriormente, Carla Di Francesco, integrante de Chesida y de la C\u00e1tedra Libre, ley\u00f3 un cap\u00edtulo del libro \u201cUn departamento en Urano\u201d, del escritor y fil\u00f3sofo Paul Preciado. Finalmente, luego del izado de la bandera del Orgullo, activistas reflexionaron acerca de la situaci\u00f3n del Colectivo de las Diversidades en Olavarr\u00eda y de la necesidad de pol\u00edticas p\u00fablicas en distintas \u00e1reas a trav\u00e9s de las que se garanticen sus derechos.<\/p>\n<p>Dos d\u00e9cadas de Chesida<\/p>\n<p>En el Mes de las Diversidades, la Facultad de Ciencias Sociales junto con el Programa de Extensi\u00f3n Chesida y la C\u00e1tedra Libre: \u201cSexualidades, G\u00e9neros y Derechos Humanos\u201d, celebra la media sanci\u00f3n lograda en la C\u00e1mara de Diputados de la Naci\u00f3n de la nueva ley de VIH, Hepatitis virales, ITS y TBC; y exige que el proyecto sea sancionado por la C\u00e1mara de Senadores de la Naci\u00f3n en la sesi\u00f3n del pr\u00f3ximo jueves.<\/p>\n<p>La radicaci\u00f3n en la Facultad de Ciencias Sociales de la UNICEN en el a\u00f1o 2002 del Programa Chesida propici\u00f3 la articulaci\u00f3n y el trabajo con diferentes programas, estudiantes y becarios\/as de las carreras de la FACSO, instituciones educativas de los diferentes niveles de la ciudad y la regi\u00f3n, instituciones de la salud, activistas, Organizaciones de Sociedad Civil y Base Comunitaria, movimientos sociales, feministas, disidentes y de diversidad LGBTINB+. Es por ello que, desde el inicio de Chesida se promovieron acciones, intervenciones y mensajes que abordan el VIH\/sida, las sexualidades y los cuidados del cuerpo en dos campos espec\u00edficos como: educaci\u00f3n y salud p\u00fablica.<\/p>\n<p>A trav\u00e9s del di\u00e1logo y la articulaci\u00f3n se lograron acciones y acuerdos con diferentes sectores, organizaciones e instituciones, que permitieron el desarrollo de intervenciones puntuales. Esto permiti\u00f3 construir colectivamente, dise\u00f1ar, planificar, investigar y promover diferentes tipos de acciones e intervenciones que permitieron comprender y dar cuenta de las complejidades socioculturales relacionadas con la salud integral de las personas en general y de quienes viven con VIH en particular.<\/p>\n<p>De esta forma, el Programa Chesida logr\u00f3 instalar en la agenda p\u00fablica diferentes tem\u00e1ticas relacionadas a Salud Sexual como el VIH\/sida, Infecciones de Transmisi\u00f3n Sexual (ITS), Derechos Sexuales, Educaci\u00f3n Sexual Integral (ESI) y Comunidad LGBTINB+. Logr\u00f3 incidir pol\u00edticamente en el Honorable Concejo Deliberante, en organismos municipales, en la Mesa Local contra la Violencia Familiar y de G\u00e9nero, la Direcci\u00f3n Provincial de VIH, ITS, HV, y TBC, Regi\u00f3n Sanitaria IX, Comisi\u00f3n Provincial por la Memoria, Defensor\u00eda P\u00fablica, Instituto Nacional contra la Discriminaci\u00f3n, la Xenofobia y el Racismo (INADI), entre otros.<\/p>\n<p><a href=\"https:\/\/experienciadevida.com.ar\/portalurbano\/se-izo-la-bandera-del-orgullo-en-el-complejo-universitario-olavarria\/izo\/\" rel=\"attachment wp-att-170359\"><img decoding=\"async\" class=\"alignnone size-large wp-image-170359\" src=\"https:\/\/experienciadevida.com.ar\/portalurbano\/wp-content\/uploads\/2022\/06\/izo-1024x683.jpg\" alt=\"iz\u00f3\" width=\"900\" height=\"600\" srcset=\"https:\/\/experienciadevida.com.ar\/portalurbano\/wp-content\/uploads\/2022\/06\/izo-1024x683.jpg 1024w, https:\/\/experienciadevida.com.ar\/portalurbano\/wp-content\/uploads\/2022\/06\/izo-300x200.jpg 300w, https:\/\/experienciadevida.com.ar\/portalurbano\/wp-content\/uploads\/2022\/06\/izo-768x512.jpg 768w, https:\/\/experienciadevida.com.ar\/portalurbano\/wp-content\/uploads\/2022\/06\/izo.jpg 1480w\" sizes=\"(max-width: 900px) 100vw, 900px\" \/><\/a><\/p>\n","protected":false},"excerpt":{"rendered":"<p>Se iz\u00f3 la bandera del Orgullo en el Complejo Universitario Olavarr\u00eda, en el marco del&#8230;<\/p>\n","protected":false},"author":1,"featured_media":170357,"comment_status":"closed","ping_status":"closed","sticky":false,"template":"","format":"standard","meta":{"content-type":""},"categories":[27],"tags":[],"nelio_content":{"isAutoShareEnabled":false,"autoShareEndMode":"default","automationSources":{"useContentSentences":true,"useSocialTemplates":true,"useCustomSentences":false,"customSentences":[]},"followers":[1],"suggestedReferences":[],"includedReferences":[],"efiUrl":"","efiAlt":"","highlights":[]},"yoast_head":"<!-- This site is optimized with the Yoast SEO plugin v20.7 - https:\/\/yoast.com\/wordpress\/plugins\/seo\/ -->\n<title>Se iz\u00f3 la bandera del orgullo en el Complejo Universitario Olavarr\u00eda<\/title>\n<meta name=\"description\" content=\"Se iz\u00f3 la bandera del Orgullo en el Complejo Universitario Olavarr\u00eda, en el marco del d\u00eda Mundial del Orgullo y el Mes de las Diversidades,\" \/>\n<meta name=\"robots\" content=\"index, follow, max-snippet:-1, max-image-preview:large, max-video-preview:-1\" \/>\n<link rel=\"canonical\" href=\"https:\/\/experienciadevida.com.ar\/portalurbano\/se-izo-la-bandera-del-orgullo-en-el-complejo-universitario-olavarria\/\" \/>\n<meta property=\"og:locale\" content=\"es_ES\" \/>\n<meta property=\"og:type\" content=\"article\" \/>\n<meta property=\"og:title\" content=\"Se iz\u00f3 la bandera del orgullo en el Complejo Universitario Olavarr\u00eda\" \/>\n<meta property=\"og:description\" content=\"Se iz\u00f3 la bandera del Orgullo en el Complejo Universitario Olavarr\u00eda, en el marco del d\u00eda Mundial del Orgullo y el Mes de las Diversidades,\" \/>\n<meta property=\"og:url\" content=\"https:\/\/experienciadevida.com.ar\/portalurbano\/se-izo-la-bandera-del-orgullo-en-el-complejo-universitario-olavarria\/\" \/>\n<meta property=\"article:publisher\" content=\"https:\/\/www.facebook.com\/Portal-Urbano-171542830093757\/\" \/>\n<meta property=\"article:published_time\" content=\"2022-06-28T18:52:15+00:00\" \/>\n<meta property=\"article:modified_time\" content=\"2022-06-28T18:53:11+00:00\" \/>\n<meta property=\"og:image\" content=\"https:\/\/experienciadevida.com.ar\/portalurbano\/wp-content\/uploads\/2022\/06\/Se-izo-la-bandera.jpg\" \/>\n\t<meta property=\"og:image:width\" content=\"1441\" \/>\n\t<meta property=\"og:image:height\" content=\"904\" \/>\n\t<meta property=\"og:image:type\" content=\"image\/jpeg\" \/>\n<meta name=\"author\" content=\"admpu17wp\" \/>\n<meta name=\"twitter:card\" content=\"summary_large_image\" \/>\n<meta name=\"twitter:creator\" content=\"@portalurbanook\" \/>\n<meta name=\"twitter:site\" content=\"@portalurbanook\" \/>\n<meta name=\"twitter:label1\" content=\"Escrito por\" \/>\n\t<meta name=\"twitter:data1\" content=\"admpu17wp\" \/>\n\t<meta name=\"twitter:label2\" content=\"Tiempo de lectura\" \/>\n\t<meta name=\"twitter:data2\" content=\"4 minutos\" \/>\n<script type=\"application\/ld+json\" class=\"yoast-schema-graph\">{\"@context\":\"https:\/\/schema.org\",\"@graph\":[{\"@type\":\"Article\",\"@id\":\"https:\/\/experienciadevida.com.ar\/portalurbano\/se-izo-la-bandera-del-orgullo-en-el-complejo-universitario-olavarria\/#article\",\"isPartOf\":{\"@id\":\"https:\/\/experienciadevida.com.ar\/portalurbano\/se-izo-la-bandera-del-orgullo-en-el-complejo-universitario-olavarria\/\"},\"author\":{\"name\":\"admpu17wp\",\"@id\":\"https:\/\/experienciadevida.com.ar\/portalurbano\/#\/schema\/person\/02dd326b1c4b056e9cc972486934a3a7\"},\"headline\":\"Se iz\u00f3 la bandera del Orgullo en el Complejo Universitario Olavarr\u00eda\",\"datePublished\":\"2022-06-28T18:52:15+00:00\",\"dateModified\":\"2022-06-28T18:53:11+00:00\",\"mainEntityOfPage\":{\"@id\":\"https:\/\/experienciadevida.com.ar\/portalurbano\/se-izo-la-bandera-del-orgullo-en-el-complejo-universitario-olavarria\/\"},\"wordCount\":789,\"publisher\":{\"@id\":\"https:\/\/experienciadevida.com.ar\/portalurbano\/#organization\"},\"articleSection\":[\"Ciudad\"],\"inLanguage\":\"es\"},{\"@type\":\"WebPage\",\"@id\":\"https:\/\/experienciadevida.com.ar\/portalurbano\/se-izo-la-bandera-del-orgullo-en-el-complejo-universitario-olavarria\/\",\"url\":\"https:\/\/experienciadevida.com.ar\/portalurbano\/se-izo-la-bandera-del-orgullo-en-el-complejo-universitario-olavarria\/\",\"name\":\"Se iz\u00f3 la bandera del orgullo en el Complejo Universitario Olavarr\u00eda\",\"isPartOf\":{\"@id\":\"https:\/\/experienciadevida.com.ar\/portalurbano\/#website\"},\"datePublished\":\"2022-06-28T18:52:15+00:00\",\"dateModified\":\"2022-06-28T18:53:11+00:00\",\"description\":\"Se iz\u00f3 la bandera del Orgullo en el Complejo Universitario Olavarr\u00eda, en el marco del d\u00eda Mundial del Orgullo y el Mes de las Diversidades,\",\"breadcrumb\":{\"@id\":\"https:\/\/experienciadevida.com.ar\/portalurbano\/se-izo-la-bandera-del-orgullo-en-el-complejo-universitario-olavarria\/#breadcrumb\"},\"inLanguage\":\"es\",\"potentialAction\":[{\"@type\":\"ReadAction\",\"target\":[\"https:\/\/experienciadevida.com.ar\/portalurbano\/se-izo-la-bandera-del-orgullo-en-el-complejo-universitario-olavarria\/\"]}]},{\"@type\":\"BreadcrumbList\",\"@id\":\"https:\/\/experienciadevida.com.ar\/portalurbano\/se-izo-la-bandera-del-orgullo-en-el-complejo-universitario-olavarria\/#breadcrumb\",\"itemListElement\":[{\"@type\":\"ListItem\",\"position\":1,\"name\":\"Portada\",\"item\":\"https:\/\/experienciadevida.com.ar\/portalurbano\/\"},{\"@type\":\"ListItem\",\"position\":2,\"name\":\"Se iz\u00f3 la bandera del Orgullo en el Complejo Universitario Olavarr\u00eda\"}]},{\"@type\":\"WebSite\",\"@id\":\"https:\/\/experienciadevida.com.ar\/portalurbano\/#website\",\"url\":\"https:\/\/experienciadevida.com.ar\/portalurbano\/\",\"name\":\"\",\"description\":\"\",\"publisher\":{\"@id\":\"https:\/\/experienciadevida.com.ar\/portalurbano\/#organization\"},\"potentialAction\":[{\"@type\":\"SearchAction\",\"target\":{\"@type\":\"EntryPoint\",\"urlTemplate\":\"https:\/\/experienciadevida.com.ar\/portalurbano\/?s={search_term_string}\"},\"query-input\":\"required name=search_term_string\"}],\"inLanguage\":\"es\"},{\"@type\":\"Organization\",\"@id\":\"https:\/\/experienciadevida.com.ar\/portalurbano\/#organization\",\"name\":\"Portal Urbano\",\"url\":\"https:\/\/experienciadevida.com.ar\/portalurbano\/\",\"logo\":{\"@type\":\"ImageObject\",\"inLanguage\":\"es\",\"@id\":\"https:\/\/experienciadevida.com.ar\/portalurbano\/#\/schema\/logo\/image\/\",\"url\":\"https:\/\/experienciadevida.com.ar\/portalurbano\/wp-content\/uploads\/2019\/09\/Logo-Original.png\",\"contentUrl\":\"https:\/\/experienciadevida.com.ar\/portalurbano\/wp-content\/uploads\/2019\/09\/Logo-Original.png\",\"width\":2236,\"height\":1216,\"caption\":\"Portal Urbano\"},\"image\":{\"@id\":\"https:\/\/experienciadevida.com.ar\/portalurbano\/#\/schema\/logo\/image\/\"},\"sameAs\":[\"https:\/\/www.facebook.com\/Portal-Urbano-171542830093757\/\",\"https:\/\/twitter.com\/portalurbanook\",\"https:\/\/www.instagram.com\/_portalurbano\/\",\"https:\/\/www.youtube.com\/channel\/UCXhagIfszH8KxFiOok79zbA?view_as=subscriber\"]},{\"@type\":\"Person\",\"@id\":\"https:\/\/experienciadevida.com.ar\/portalurbano\/#\/schema\/person\/02dd326b1c4b056e9cc972486934a3a7\",\"name\":\"admpu17wp\",\"image\":{\"@type\":\"ImageObject\",\"inLanguage\":\"es\",\"@id\":\"https:\/\/experienciadevida.com.ar\/portalurbano\/#\/schema\/person\/image\/\",\"url\":\"https:\/\/secure.gravatar.com\/avatar\/830d4c57adaae6630765e449a6908047?s=96&d=mm&r=g\",\"contentUrl\":\"https:\/\/secure.gravatar.com\/avatar\/830d4c57adaae6630765e449a6908047?s=96&d=mm&r=g\",\"caption\":\"admpu17wp\"}}]}<\/script>\n<!-- \/ Yoast SEO plugin. -->","yoast_head_json":{"title":"Se iz\u00f3 la bandera del orgullo en el Complejo Universitario Olavarr\u00eda","description":"Se iz\u00f3 la bandera del Orgullo en el Complejo Universitario Olavarr\u00eda, en el marco del d\u00eda Mundial del Orgullo y el Mes de las Diversidades,","robots":{"index":"index","follow":"follow","max-snippet":"max-snippet:-1","max-image-preview":"max-image-preview:large","max-video-preview":"max-video-preview:-1"},"canonical":"https:\/\/experienciadevida.com.ar\/portalurbano\/se-izo-la-bandera-del-orgullo-en-el-complejo-universitario-olavarria\/","og_locale":"es_ES","og_type":"article","og_title":"Se iz\u00f3 la bandera del orgullo en el Complejo Universitario Olavarr\u00eda","og_description":"Se iz\u00f3 la bandera del Orgullo en el Complejo Universitario Olavarr\u00eda, en el marco del d\u00eda Mundial del Orgullo y el Mes de las Diversidades,","og_url":"https:\/\/experienciadevida.com.ar\/portalurbano\/se-izo-la-bandera-del-orgullo-en-el-complejo-universitario-olavarria\/","article_publisher":"https:\/\/www.facebook.com\/Portal-Urbano-171542830093757\/","article_published_time":"2022-06-28T18:52:15+00:00","article_modified_time":"2022-06-28T18:53:11+00:00","og_image":[{"width":1441,"height":904,"url":"https:\/\/experienciadevida.com.ar\/portalurbano\/wp-content\/uploads\/2022\/06\/Se-izo-la-bandera.jpg","type":"image\/jpeg"}],"author":"admpu17wp","twitter_card":"summary_large_image","twitter_creator":"@portalurbanook","twitter_site":"@portalurbanook","twitter_misc":{"Escrito por":"admpu17wp","Tiempo de lectura":"4 minutos"},"schema":{"@context":"https:\/\/schema.org","@graph":[{"@type":"Article","@id":"https:\/\/experienciadevida.com.ar\/portalurbano\/se-izo-la-bandera-del-orgullo-en-el-complejo-universitario-olavarria\/#article","isPartOf":{"@id":"https:\/\/experienciadevida.com.ar\/portalurbano\/se-izo-la-bandera-del-orgullo-en-el-complejo-universitario-olavarria\/"},"author":{"name":"admpu17wp","@id":"https:\/\/experienciadevida.com.ar\/portalurbano\/#\/schema\/person\/02dd326b1c4b056e9cc972486934a3a7"},"headline":"Se iz\u00f3 la bandera del Orgullo en el Complejo Universitario Olavarr\u00eda","datePublished":"2022-06-28T18:52:15+00:00","dateModified":"2022-06-28T18:53:11+00:00","mainEntityOfPage":{"@id":"https:\/\/experienciadevida.com.ar\/portalurbano\/se-izo-la-bandera-del-orgullo-en-el-complejo-universitario-olavarria\/"},"wordCount":789,"publisher":{"@id":"https:\/\/experienciadevida.com.ar\/portalurbano\/#organization"},"articleSection":["Ciudad"],"inLanguage":"es"},{"@type":"WebPage","@id":"https:\/\/experienciadevida.com.ar\/portalurbano\/se-izo-la-bandera-del-orgullo-en-el-complejo-universitario-olavarria\/","url":"https:\/\/experienciadevida.com.ar\/portalurbano\/se-izo-la-bandera-del-orgullo-en-el-complejo-universitario-olavarria\/","name":"Se iz\u00f3 la bandera del orgullo en el Complejo Universitario Olavarr\u00eda","isPartOf":{"@id":"https:\/\/experienciadevida.com.ar\/portalurbano\/#website"},"datePublished":"2022-06-28T18:52:15+00:00","dateModified":"2022-06-28T18:53:11+00:00","description":"Se iz\u00f3 la bandera del Orgullo en el Complejo Universitario Olavarr\u00eda, en el marco del d\u00eda Mundial del Orgullo y el Mes de las Diversidades,","breadcrumb":{"@id":"https:\/\/experienciadevida.com.ar\/portalurbano\/se-izo-la-bandera-del-orgullo-en-el-complejo-universitario-olavarria\/#breadcrumb"},"inLanguage":"es","potentialAction":[{"@type":"ReadAction","target":["https:\/\/experienciadevida.com.ar\/portalurbano\/se-izo-la-bandera-del-orgullo-en-el-complejo-universitario-olavarria\/"]}]},{"@type":"BreadcrumbList","@id":"https:\/\/experienciadevida.com.ar\/portalurbano\/se-izo-la-bandera-del-orgullo-en-el-complejo-universitario-olavarria\/#breadcrumb","itemListElement":[{"@type":"ListItem","position":1,"name":"Portada","item":"https:\/\/experienciadevida.com.ar\/portalurbano\/"},{"@type":"ListItem","position":2,"name":"Se iz\u00f3 la bandera del Orgullo en el Complejo Universitario Olavarr\u00eda"}]},{"@type":"WebSite","@id":"https:\/\/experienciadevida.com.ar\/portalurbano\/#website","url":"https:\/\/experienciadevida.com.ar\/portalurbano\/","name":"","description":"","publisher":{"@id":"https:\/\/experienciadevida.com.ar\/portalurbano\/#organization"},"potentialAction":[{"@type":"SearchAction","target":{"@type":"EntryPoint","urlTemplate":"https:\/\/experienciadevida.com.ar\/portalurbano\/?s={search_term_string}"},"query-input":"required name=search_term_string"}],"inLanguage":"es"},{"@type":"Organization","@id":"https:\/\/experienciadevida.com.ar\/portalurbano\/#organization","name":"Portal Urbano","url":"https:\/\/experienciadevida.com.ar\/portalurbano\/","logo":{"@type":"ImageObject","inLanguage":"es","@id":"https:\/\/experienciadevida.com.ar\/portalurbano\/#\/schema\/logo\/image\/","url":"https:\/\/experienciadevida.com.ar\/portalurbano\/wp-content\/uploads\/2019\/09\/Logo-Original.png","contentUrl":"https:\/\/experienciadevida.com.ar\/portalurbano\/wp-content\/uploads\/2019\/09\/Logo-Original.png","width":2236,"height":1216,"caption":"Portal Urbano"},"image":{"@id":"https:\/\/experienciadevida.com.ar\/portalurbano\/#\/schema\/logo\/image\/"},"sameAs":["https:\/\/www.facebook.com\/Portal-Urbano-171542830093757\/","https:\/\/twitter.com\/portalurbanook","https:\/\/www.instagram.com\/_portalurbano\/","https:\/\/www.youtube.com\/channel\/UCXhagIfszH8KxFiOok79zbA?view_as=subscriber"]},{"@type":"Person","@id":"https:\/\/experienciadevida.com.ar\/portalurbano\/#\/schema\/person\/02dd326b1c4b056e9cc972486934a3a7","name":"admpu17wp","image":{"@type":"ImageObject","inLanguage":"es","@id":"https:\/\/experienciadevida.com.ar\/portalurbano\/#\/schema\/person\/image\/","url":"https:\/\/secure.gravatar.com\/avatar\/830d4c57adaae6630765e449a6908047?s=96&d=mm&r=g","contentUrl":"https:\/\/secure.gravatar.com\/avatar\/830d4c57adaae6630765e449a6908047?s=96&d=mm&r=g","caption":"admpu17wp"}}]}},"featured_image_urls":{"full":["https:\/\/experienciadevida.com.ar\/portalurbano\/wp-content\/uploads\/2022\/06\/Se-izo-la-bandera.jpg",1441,904,false],"thumbnail":["https:\/\/experienciadevida.com.ar\/portalurbano\/wp-content\/uploads\/2022\/06\/Se-izo-la-bandera-150x150.jpg",150,150,true],"medium":["https:\/\/experienciadevida.com.ar\/portalurbano\/wp-content\/uploads\/2022\/06\/Se-izo-la-bandera-300x188.jpg",300,188,true],"medium_large":["https:\/\/experienciadevida.com.ar\/portalurbano\/wp-content\/uploads\/2022\/06\/Se-izo-la-bandera-768x482.jpg",640,402,true],"large":["https:\/\/experienciadevida.com.ar\/portalurbano\/wp-content\/uploads\/2022\/06\/Se-izo-la-bandera-1024x642.jpg",640,401,true],"ug_big":["https:\/\/experienciadevida.com.ar\/portalurbano\/wp-content\/uploads\/2022\/06\/Se-izo-la-bandera-768x482.jpg",768,482,true],"1536x1536":["https:\/\/experienciadevida.com.ar\/portalurbano\/wp-content\/uploads\/2022\/06\/Se-izo-la-bandera.jpg",1441,904,false],"2048x2048":["https:\/\/experienciadevida.com.ar\/portalurbano\/wp-content\/uploads\/2022\/06\/Se-izo-la-bandera.jpg",1441,904,false],"newsever-slider-full":["https:\/\/experienciadevida.com.ar\/portalurbano\/wp-content\/uploads\/2022\/06\/Se-izo-la-bandera.jpg",1280,803,false],"newsever-featured":["https:\/\/experienciadevida.com.ar\/portalurbano\/wp-content\/uploads\/2022\/06\/Se-izo-la-bandera.jpg",1024,642,false],"newsever-medium":["https:\/\/experienciadevida.com.ar\/portalurbano\/wp-content\/uploads\/2022\/06\/Se-izo-la-bandera.jpg",720,452,false],"web-stories-poster-portrait":["https:\/\/experienciadevida.com.ar\/portalurbano\/wp-content\/uploads\/2022\/06\/Se-izo-la-bandera.jpg",640,401,false],"web-stories-publisher-logo":["https:\/\/experienciadevida.com.ar\/portalurbano\/wp-content\/uploads\/2022\/06\/Se-izo-la-bandera.jpg",96,60,false],"web-stories-thumbnail":["https:\/\/experienciadevida.com.ar\/portalurbano\/wp-content\/uploads\/2022\/06\/Se-izo-la-bandera.jpg",150,94,false]},"author_info":{"display_name":"admpu17wp","author_link":"https:\/\/experienciadevida.com.ar\/portalurbano\/author\/admpu17wp\/"},"category_info":"<a href=\"https:\/\/experienciadevida.com.ar\/portalurbano\/category\/ciudad\/\" rel=\"category tag\">Ciudad<\/a>","tag_info":"Ciudad","comment_count":"0","amp_enabled":true,"_links":{"self":[{"href":"https:\/\/experienciadevida.com.ar\/portalurbano\/wp-json\/wp\/v2\/posts\/170356"}],"collection":[{"href":"https:\/\/experienciadevida.com.ar\/portalurbano\/wp-json\/wp\/v2\/posts"}],"about":[{"href":"https:\/\/experienciadevida.com.ar\/portalurbano\/wp-json\/wp\/v2\/types\/post"}],"author":[{"embeddable":true,"href":"https:\/\/experienciadevida.com.ar\/portalurbano\/wp-json\/wp\/v2\/users\/1"}],"replies":[{"embeddable":true,"href":"https:\/\/experienciadevida.com.ar\/portalurbano\/wp-json\/wp\/v2\/comments?post=170356"}],"version-history":[{"count":2,"href":"https:\/\/experienciadevida.com.ar\/portalurbano\/wp-json\/wp\/v2\/posts\/170356\/revisions"}],"predecessor-version":[{"id":170361,"href":"https:\/\/experienciadevida.com.ar\/portalurbano\/wp-json\/wp\/v2\/posts\/170356\/revisions\/170361"}],"wp:featuredmedia":[{"embeddable":true,"href":"https:\/\/experienciadevida.com.ar\/portalurbano\/wp-json\/wp\/v2\/media\/170357"}],"wp:attachment":[{"href":"https:\/\/experienciadevida.com.ar\/portalurbano\/wp-json\/wp\/v2\/media?parent=170356"}],"wp:term":[{"taxonomy":"category","embeddable":true,"href":"https:\/\/experienciadevida.com.ar\/portalurbano\/wp-json\/wp\/v2\/categories?post=170356"},{"taxonomy":"post_tag","embeddable":true,"href":"https:\/\/experienciadevida.com.ar\/portalurbano\/wp-json\/wp\/v2\/tags?post=170356"}],"curies":[{"name":"wp","href":"https:\/\/api.w.org\/{rel}","templated":true}]}}