{"id":170334,"date":"2022-06-28T10:08:25","date_gmt":"2022-06-28T13:08:25","guid":{"rendered":"https:\/\/experienciadevida.com.ar\/portalurbano\/?p=170334"},"modified":"2022-06-28T10:14:45","modified_gmt":"2022-06-28T13:14:45","slug":"trabajos-de-mantenimiento-en-sierras-bayas-y-loma-negra","status":"publish","type":"post","link":"https:\/\/experienciadevida.com.ar\/portalurbano\/trabajos-de-mantenimiento-en-sierras-bayas-y-loma-negra\/","title":{"rendered":"Trabajos de mantenimiento en Sierras Bayas y Loma Negra"},"content":{"rendered":"<p>Trabajos de mantenimiento en Sierras Bayas y Loma Negra, el Gobierno <a href=\"https:\/\/www.facebook.com\/municipiodeolavarria\">Municipal<\/a>, a trav\u00e9s de la Subsecretar\u00eda de Gobierno, inform\u00f3 que se realizaron trabajos de mantenimiento e infraestructura en las localidades de Loma Negra y Sierras Bayas.<\/p>\n<p><a href=\"https:\/\/experienciadevida.com.ar\/portalurbano\/trabajos-de-mantenimiento-en-sierras-bayas-y-loma-negra\/trabajos-8\/\" rel=\"attachment wp-att-170337\"><img decoding=\"async\" class=\"alignnone size-large wp-image-170337\" src=\"https:\/\/experienciadevida.com.ar\/portalurbano\/wp-content\/uploads\/2022\/06\/Trabajos-1024x768.jpeg\" alt=\"Trabajos\" width=\"900\" height=\"675\" srcset=\"https:\/\/experienciadevida.com.ar\/portalurbano\/wp-content\/uploads\/2022\/06\/Trabajos-1024x768.jpeg 1024w, https:\/\/experienciadevida.com.ar\/portalurbano\/wp-content\/uploads\/2022\/06\/Trabajos-300x225.jpeg 300w, https:\/\/experienciadevida.com.ar\/portalurbano\/wp-content\/uploads\/2022\/06\/Trabajos-768x576.jpeg 768w, https:\/\/experienciadevida.com.ar\/portalurbano\/wp-content\/uploads\/2022\/06\/Trabajos.jpeg 1152w\" sizes=\"(max-width: 900px) 100vw, 900px\" \/><\/a><\/p>\n<p>En este sentido, desde el la Subsecretar\u00eda de Gobierno indicaron que en Sierras Bayas se llev\u00f3 a cabo un trabajo de mantenimiento en el cementerio y se realiz\u00f3 una limpieza de canal que beneficia a los vecinos del barrio Qu\u00edmico y zonas aleda\u00f1as.<\/p>\n<p>Asimismo, detallaron que en la localidad de Loma Negra se llev\u00f3 a cabo la limpieza del canal que est\u00e1 ubicado entre la Ruta Provincial N\u00ba 51 y la calle 9 de Julio, que va desde la Escuela N\u00ba 12 hasta la avenida de los Inmigrantes.<\/p>\n<p>Al respecto, el Subsecretario de Gobierno Emilio Vitale dijo: \u00abseguimos ejecutando los trabajos planificados para este a\u00f1o para las localidades con el objetivo de dar respuesta a la demanda de los vecinos\u00bb.<\/p>\n<p>\u00abVamos a seguir por este camino del trabajo con proyecci\u00f3n y articulaci\u00f3n de distintas \u00e1reas del Gobierno Municipal. Elaboramos un plan de trabajo y escuchamos las necesidades de los vecinos para avanzar con las obras en las localidades del Partido\u00bb, concluy\u00f3 el propio Vitale.<\/p>\n<p><a href=\"https:\/\/experienciadevida.com.ar\/portalurbano\/trabajos-de-mantenimiento-en-sierras-bayas-y-loma-negra\/mantenimiento-8\/\" rel=\"attachment wp-att-170341\"><img decoding=\"async\" class=\"alignnone size-large wp-image-170341\" src=\"https:\/\/experienciadevida.com.ar\/portalurbano\/wp-content\/uploads\/2022\/06\/mantenimiento-1024x768.jpeg\" alt=\"mantenimiento \" width=\"900\" height=\"675\" srcset=\"https:\/\/experienciadevida.com.ar\/portalurbano\/wp-content\/uploads\/2022\/06\/mantenimiento-1024x768.jpeg 1024w, https:\/\/experienciadevida.com.ar\/portalurbano\/wp-content\/uploads\/2022\/06\/mantenimiento-300x225.jpeg 300w, https:\/\/experienciadevida.com.ar\/portalurbano\/wp-content\/uploads\/2022\/06\/mantenimiento-768x576.jpeg 768w, https:\/\/experienciadevida.com.ar\/portalurbano\/wp-content\/uploads\/2022\/06\/mantenimiento-1536x1153.jpeg 1536w, https:\/\/experienciadevida.com.ar\/portalurbano\/wp-content\/uploads\/2022\/06\/mantenimiento.jpeg 1599w\" sizes=\"(max-width: 900px) 100vw, 900px\" \/><\/a><\/p>\n<p><a href=\"https:\/\/experienciadevida.com.ar\/portalurbano\/trabajos-de-mantenimiento-en-sierras-bayas-y-loma-negra\/en-15\/\" rel=\"attachment wp-att-170343\"><img decoding=\"async\" class=\"alignnone size-large wp-image-170343\" src=\"https:\/\/experienciadevida.com.ar\/portalurbano\/wp-content\/uploads\/2022\/06\/en-1024x768.jpeg\" alt=\"en \" width=\"900\" height=\"675\" srcset=\"https:\/\/experienciadevida.com.ar\/portalurbano\/wp-content\/uploads\/2022\/06\/en-1024x768.jpeg 1024w, https:\/\/experienciadevida.com.ar\/portalurbano\/wp-content\/uploads\/2022\/06\/en-300x225.jpeg 300w, https:\/\/experienciadevida.com.ar\/portalurbano\/wp-content\/uploads\/2022\/06\/en-768x576.jpeg 768w, https:\/\/experienciadevida.com.ar\/portalurbano\/wp-content\/uploads\/2022\/06\/en-1536x1153.jpeg 1536w, https:\/\/experienciadevida.com.ar\/portalurbano\/wp-content\/uploads\/2022\/06\/en.jpeg 1599w\" sizes=\"(max-width: 900px) 100vw, 900px\" \/><\/a><\/p>\n","protected":false},"excerpt":{"rendered":"<p>Trabajos de mantenimiento en Sierras Bayas y Loma Negra, el Gobierno Municipal, a trav\u00e9s de&#8230;<\/p>\n","protected":false},"author":1,"featured_media":170335,"comment_status":"closed","ping_status":"closed","sticky":false,"template":"","format":"standard","meta":{"content-type":""},"categories":[27,64],"tags":[],"nelio_content":{"isAutoShareEnabled":false,"autoShareEndMode":"default","automationSources":{"useContentSentences":true,"useSocialTemplates":true,"useCustomSentences":false,"customSentences":[]},"followers":[1],"suggestedReferences":[],"includedReferences":[],"efiUrl":"","efiAlt":"","highlights":[]},"yoast_head":"<!-- This site is optimized with the Yoast SEO plugin v20.7 - https:\/\/yoast.com\/wordpress\/plugins\/seo\/ -->\n<title>Trabajos de mantenimiento en Sierras Bayas y Loma Negra<\/title>\n<meta name=\"description\" content=\"Trabajos de mantenimiento en Sierras Bayas y Loma Negra, el Gobierno Municipal, a trav\u00e9s de la Subsecretar\u00eda de Gobierno,\" \/>\n<meta name=\"robots\" content=\"index, follow, max-snippet:-1, max-image-preview:large, max-video-preview:-1\" \/>\n<link rel=\"canonical\" href=\"https:\/\/experienciadevida.com.ar\/portalurbano\/trabajos-de-mantenimiento-en-sierras-bayas-y-loma-negra\/\" \/>\n<meta property=\"og:locale\" content=\"es_ES\" \/>\n<meta property=\"og:type\" content=\"article\" \/>\n<meta property=\"og:title\" content=\"Trabajos de mantenimiento en Sierras Bayas y Loma Negra\" \/>\n<meta property=\"og:description\" content=\"Trabajos de mantenimiento en Sierras Bayas y Loma Negra, el Gobierno Municipal, a trav\u00e9s de la Subsecretar\u00eda de Gobierno,\" \/>\n<meta property=\"og:url\" content=\"https:\/\/experienciadevida.com.ar\/portalurbano\/trabajos-de-mantenimiento-en-sierras-bayas-y-loma-negra\/\" \/>\n<meta property=\"article:publisher\" content=\"https:\/\/www.facebook.com\/Portal-Urbano-171542830093757\/\" \/>\n<meta property=\"article:published_time\" content=\"2022-06-28T13:08:25+00:00\" \/>\n<meta property=\"article:modified_time\" content=\"2022-06-28T13:14:45+00:00\" \/>\n<meta property=\"og:image\" content=\"https:\/\/experienciadevida.com.ar\/portalurbano\/wp-content\/uploads\/2022\/06\/Trabajos-de-mantenimiento-en.jpeg\" \/>\n\t<meta property=\"og:image:width\" content=\"1280\" \/>\n\t<meta property=\"og:image:height\" content=\"562\" \/>\n\t<meta property=\"og:image:type\" content=\"image\/jpeg\" \/>\n<meta name=\"author\" content=\"admpu17wp\" \/>\n<meta name=\"twitter:card\" content=\"summary_large_image\" \/>\n<meta name=\"twitter:creator\" content=\"@portalurbanook\" \/>\n<meta name=\"twitter:site\" content=\"@portalurbanook\" \/>\n<meta name=\"twitter:label1\" content=\"Escrito por\" \/>\n\t<meta name=\"twitter:data1\" content=\"admpu17wp\" \/>\n\t<meta name=\"twitter:label2\" content=\"Tiempo de lectura\" \/>\n\t<meta name=\"twitter:data2\" content=\"2 minutos\" \/>\n<script type=\"application\/ld+json\" class=\"yoast-schema-graph\">{\"@context\":\"https:\/\/schema.org\",\"@graph\":[{\"@type\":\"Article\",\"@id\":\"https:\/\/experienciadevida.com.ar\/portalurbano\/trabajos-de-mantenimiento-en-sierras-bayas-y-loma-negra\/#article\",\"isPartOf\":{\"@id\":\"https:\/\/experienciadevida.com.ar\/portalurbano\/trabajos-de-mantenimiento-en-sierras-bayas-y-loma-negra\/\"},\"author\":{\"name\":\"admpu17wp\",\"@id\":\"https:\/\/experienciadevida.com.ar\/portalurbano\/#\/schema\/person\/02dd326b1c4b056e9cc972486934a3a7\"},\"headline\":\"Trabajos de mantenimiento en Sierras Bayas y Loma Negra\",\"datePublished\":\"2022-06-28T13:08:25+00:00\",\"dateModified\":\"2022-06-28T13:14:45+00:00\",\"mainEntityOfPage\":{\"@id\":\"https:\/\/experienciadevida.com.ar\/portalurbano\/trabajos-de-mantenimiento-en-sierras-bayas-y-loma-negra\/\"},\"wordCount\":215,\"publisher\":{\"@id\":\"https:\/\/experienciadevida.com.ar\/portalurbano\/#organization\"},\"articleSection\":[\"Ciudad\",\"Destacadas 2\"],\"inLanguage\":\"es\"},{\"@type\":\"WebPage\",\"@id\":\"https:\/\/experienciadevida.com.ar\/portalurbano\/trabajos-de-mantenimiento-en-sierras-bayas-y-loma-negra\/\",\"url\":\"https:\/\/experienciadevida.com.ar\/portalurbano\/trabajos-de-mantenimiento-en-sierras-bayas-y-loma-negra\/\",\"name\":\"Trabajos de mantenimiento en Sierras Bayas y Loma Negra\",\"isPartOf\":{\"@id\":\"https:\/\/experienciadevida.com.ar\/portalurbano\/#website\"},\"datePublished\":\"2022-06-28T13:08:25+00:00\",\"dateModified\":\"2022-06-28T13:14:45+00:00\",\"description\":\"Trabajos de mantenimiento en Sierras Bayas y Loma Negra, el Gobierno Municipal, a trav\u00e9s de la Subsecretar\u00eda de Gobierno,\",\"breadcrumb\":{\"@id\":\"https:\/\/experienciadevida.com.ar\/portalurbano\/trabajos-de-mantenimiento-en-sierras-bayas-y-loma-negra\/#breadcrumb\"},\"inLanguage\":\"es\",\"potentialAction\":[{\"@type\":\"ReadAction\",\"target\":[\"https:\/\/experienciadevida.com.ar\/portalurbano\/trabajos-de-mantenimiento-en-sierras-bayas-y-loma-negra\/\"]}]},{\"@type\":\"BreadcrumbList\",\"@id\":\"https:\/\/experienciadevida.com.ar\/portalurbano\/trabajos-de-mantenimiento-en-sierras-bayas-y-loma-negra\/#breadcrumb\",\"itemListElement\":[{\"@type\":\"ListItem\",\"position\":1,\"name\":\"Portada\",\"item\":\"https:\/\/experienciadevida.com.ar\/portalurbano\/\"},{\"@type\":\"ListItem\",\"position\":2,\"name\":\"Trabajos de mantenimiento en Sierras Bayas y Loma Negra\"}]},{\"@type\":\"WebSite\",\"@id\":\"https:\/\/experienciadevida.com.ar\/portalurbano\/#website\",\"url\":\"https:\/\/experienciadevida.com.ar\/portalurbano\/\",\"name\":\"\",\"description\":\"\",\"publisher\":{\"@id\":\"https:\/\/experienciadevida.com.ar\/portalurbano\/#organization\"},\"potentialAction\":[{\"@type\":\"SearchAction\",\"target\":{\"@type\":\"EntryPoint\",\"urlTemplate\":\"https:\/\/experienciadevida.com.ar\/portalurbano\/?s={search_term_string}\"},\"query-input\":\"required name=search_term_string\"}],\"inLanguage\":\"es\"},{\"@type\":\"Organization\",\"@id\":\"https:\/\/experienciadevida.com.ar\/portalurbano\/#organization\",\"name\":\"Portal Urbano\",\"url\":\"https:\/\/experienciadevida.com.ar\/portalurbano\/\",\"logo\":{\"@type\":\"ImageObject\",\"inLanguage\":\"es\",\"@id\":\"https:\/\/experienciadevida.com.ar\/portalurbano\/#\/schema\/logo\/image\/\",\"url\":\"https:\/\/experienciadevida.com.ar\/portalurbano\/wp-content\/uploads\/2019\/09\/Logo-Original.png\",\"contentUrl\":\"https:\/\/experienciadevida.com.ar\/portalurbano\/wp-content\/uploads\/2019\/09\/Logo-Original.png\",\"width\":2236,\"height\":1216,\"caption\":\"Portal Urbano\"},\"image\":{\"@id\":\"https:\/\/experienciadevida.com.ar\/portalurbano\/#\/schema\/logo\/image\/\"},\"sameAs\":[\"https:\/\/www.facebook.com\/Portal-Urbano-171542830093757\/\",\"https:\/\/twitter.com\/portalurbanook\",\"https:\/\/www.instagram.com\/_portalurbano\/\",\"https:\/\/www.youtube.com\/channel\/UCXhagIfszH8KxFiOok79zbA?view_as=subscriber\"]},{\"@type\":\"Person\",\"@id\":\"https:\/\/experienciadevida.com.ar\/portalurbano\/#\/schema\/person\/02dd326b1c4b056e9cc972486934a3a7\",\"name\":\"admpu17wp\",\"image\":{\"@type\":\"ImageObject\",\"inLanguage\":\"es\",\"@id\":\"https:\/\/experienciadevida.com.ar\/portalurbano\/#\/schema\/person\/image\/\",\"url\":\"https:\/\/secure.gravatar.com\/avatar\/830d4c57adaae6630765e449a6908047?s=96&d=mm&r=g\",\"contentUrl\":\"https:\/\/secure.gravatar.com\/avatar\/830d4c57adaae6630765e449a6908047?s=96&d=mm&r=g\",\"caption\":\"admpu17wp\"}}]}<\/script>\n<!-- \/ Yoast SEO plugin. -->","yoast_head_json":{"title":"Trabajos de mantenimiento en Sierras Bayas y Loma Negra","description":"Trabajos de mantenimiento en Sierras Bayas y Loma Negra, el Gobierno Municipal, a trav\u00e9s de la Subsecretar\u00eda de Gobierno,","robots":{"index":"index","follow":"follow","max-snippet":"max-snippet:-1","max-image-preview":"max-image-preview:large","max-video-preview":"max-video-preview:-1"},"canonical":"https:\/\/experienciadevida.com.ar\/portalurbano\/trabajos-de-mantenimiento-en-sierras-bayas-y-loma-negra\/","og_locale":"es_ES","og_type":"article","og_title":"Trabajos de mantenimiento en Sierras Bayas y Loma Negra","og_description":"Trabajos de mantenimiento en Sierras Bayas y Loma Negra, el Gobierno Municipal, a trav\u00e9s de la Subsecretar\u00eda de Gobierno,","og_url":"https:\/\/experienciadevida.com.ar\/portalurbano\/trabajos-de-mantenimiento-en-sierras-bayas-y-loma-negra\/","article_publisher":"https:\/\/www.facebook.com\/Portal-Urbano-171542830093757\/","article_published_time":"2022-06-28T13:08:25+00:00","article_modified_time":"2022-06-28T13:14:45+00:00","og_image":[{"width":1280,"height":562,"url":"https:\/\/experienciadevida.com.ar\/portalurbano\/wp-content\/uploads\/2022\/06\/Trabajos-de-mantenimiento-en.jpeg","type":"image\/jpeg"}],"author":"admpu17wp","twitter_card":"summary_large_image","twitter_creator":"@portalurbanook","twitter_site":"@portalurbanook","twitter_misc":{"Escrito por":"admpu17wp","Tiempo de lectura":"2 minutos"},"schema":{"@context":"https:\/\/schema.org","@graph":[{"@type":"Article","@id":"https:\/\/experienciadevida.com.ar\/portalurbano\/trabajos-de-mantenimiento-en-sierras-bayas-y-loma-negra\/#article","isPartOf":{"@id":"https:\/\/experienciadevida.com.ar\/portalurbano\/trabajos-de-mantenimiento-en-sierras-bayas-y-loma-negra\/"},"author":{"name":"admpu17wp","@id":"https:\/\/experienciadevida.com.ar\/portalurbano\/#\/schema\/person\/02dd326b1c4b056e9cc972486934a3a7"},"headline":"Trabajos de mantenimiento en Sierras Bayas y Loma Negra","datePublished":"2022-06-28T13:08:25+00:00","dateModified":"2022-06-28T13:14:45+00:00","mainEntityOfPage":{"@id":"https:\/\/experienciadevida.com.ar\/portalurbano\/trabajos-de-mantenimiento-en-sierras-bayas-y-loma-negra\/"},"wordCount":215,"publisher":{"@id":"https:\/\/experienciadevida.com.ar\/portalurbano\/#organization"},"articleSection":["Ciudad","Destacadas 2"],"inLanguage":"es"},{"@type":"WebPage","@id":"https:\/\/experienciadevida.com.ar\/portalurbano\/trabajos-de-mantenimiento-en-sierras-bayas-y-loma-negra\/","url":"https:\/\/experienciadevida.com.ar\/portalurbano\/trabajos-de-mantenimiento-en-sierras-bayas-y-loma-negra\/","name":"Trabajos de mantenimiento en Sierras Bayas y Loma Negra","isPartOf":{"@id":"https:\/\/experienciadevida.com.ar\/portalurbano\/#website"},"datePublished":"2022-06-28T13:08:25+00:00","dateModified":"2022-06-28T13:14:45+00:00","description":"Trabajos de mantenimiento en Sierras Bayas y Loma Negra, el Gobierno Municipal, a trav\u00e9s de la Subsecretar\u00eda de Gobierno,","breadcrumb":{"@id":"https:\/\/experienciadevida.com.ar\/portalurbano\/trabajos-de-mantenimiento-en-sierras-bayas-y-loma-negra\/#breadcrumb"},"inLanguage":"es","potentialAction":[{"@type":"ReadAction","target":["https:\/\/experienciadevida.com.ar\/portalurbano\/trabajos-de-mantenimiento-en-sierras-bayas-y-loma-negra\/"]}]},{"@type":"BreadcrumbList","@id":"https:\/\/experienciadevida.com.ar\/portalurbano\/trabajos-de-mantenimiento-en-sierras-bayas-y-loma-negra\/#breadcrumb","itemListElement":[{"@type":"ListItem","position":1,"name":"Portada","item":"https:\/\/experienciadevida.com.ar\/portalurbano\/"},{"@type":"ListItem","position":2,"name":"Trabajos de mantenimiento en Sierras Bayas y Loma Negra"}]},{"@type":"WebSite","@id":"https:\/\/experienciadevida.com.ar\/portalurbano\/#website","url":"https:\/\/experienciadevida.com.ar\/portalurbano\/","name":"","description":"","publisher":{"@id":"https:\/\/experienciadevida.com.ar\/portalurbano\/#organization"},"potentialAction":[{"@type":"SearchAction","target":{"@type":"EntryPoint","urlTemplate":"https:\/\/experienciadevida.com.ar\/portalurbano\/?s={search_term_string}"},"query-input":"required name=search_term_string"}],"inLanguage":"es"},{"@type":"Organization","@id":"https:\/\/experienciadevida.com.ar\/portalurbano\/#organization","name":"Portal Urbano","url":"https:\/\/experienciadevida.com.ar\/portalurbano\/","logo":{"@type":"ImageObject","inLanguage":"es","@id":"https:\/\/experienciadevida.com.ar\/portalurbano\/#\/schema\/logo\/image\/","url":"https:\/\/experienciadevida.com.ar\/portalurbano\/wp-content\/uploads\/2019\/09\/Logo-Original.png","contentUrl":"https:\/\/experienciadevida.com.ar\/portalurbano\/wp-content\/uploads\/2019\/09\/Logo-Original.png","width":2236,"height":1216,"caption":"Portal Urbano"},"image":{"@id":"https:\/\/experienciadevida.com.ar\/portalurbano\/#\/schema\/logo\/image\/"},"sameAs":["https:\/\/www.facebook.com\/Portal-Urbano-171542830093757\/","https:\/\/twitter.com\/portalurbanook","https:\/\/www.instagram.com\/_portalurbano\/","https:\/\/www.youtube.com\/channel\/UCXhagIfszH8KxFiOok79zbA?view_as=subscriber"]},{"@type":"Person","@id":"https:\/\/experienciadevida.com.ar\/portalurbano\/#\/schema\/person\/02dd326b1c4b056e9cc972486934a3a7","name":"admpu17wp","image":{"@type":"ImageObject","inLanguage":"es","@id":"https:\/\/experienciadevida.com.ar\/portalurbano\/#\/schema\/person\/image\/","url":"https:\/\/secure.gravatar.com\/avatar\/830d4c57adaae6630765e449a6908047?s=96&d=mm&r=g","contentUrl":"https:\/\/secure.gravatar.com\/avatar\/830d4c57adaae6630765e449a6908047?s=96&d=mm&r=g","caption":"admpu17wp"}}]}},"featured_image_urls":{"full":["https:\/\/experienciadevida.com.ar\/portalurbano\/wp-content\/uploads\/2022\/06\/Trabajos-de-mantenimiento-en.jpeg",1280,562,false],"thumbnail":["https:\/\/experienciadevida.com.ar\/portalurbano\/wp-content\/uploads\/2022\/06\/Trabajos-de-mantenimiento-en-150x150.jpeg",150,150,true],"medium":["https:\/\/experienciadevida.com.ar\/portalurbano\/wp-content\/uploads\/2022\/06\/Trabajos-de-mantenimiento-en-300x132.jpeg",300,132,true],"medium_large":["https:\/\/experienciadevida.com.ar\/portalurbano\/wp-content\/uploads\/2022\/06\/Trabajos-de-mantenimiento-en-768x337.jpeg",640,281,true],"large":["https:\/\/experienciadevida.com.ar\/portalurbano\/wp-content\/uploads\/2022\/06\/Trabajos-de-mantenimiento-en-1024x450.jpeg",640,281,true],"ug_big":["https:\/\/experienciadevida.com.ar\/portalurbano\/wp-content\/uploads\/2022\/06\/Trabajos-de-mantenimiento-en-768x337.jpeg",768,337,true],"1536x1536":["https:\/\/experienciadevida.com.ar\/portalurbano\/wp-content\/uploads\/2022\/06\/Trabajos-de-mantenimiento-en.jpeg",1280,562,false],"2048x2048":["https:\/\/experienciadevida.com.ar\/portalurbano\/wp-content\/uploads\/2022\/06\/Trabajos-de-mantenimiento-en.jpeg",1280,562,false],"newsever-slider-full":["https:\/\/experienciadevida.com.ar\/portalurbano\/wp-content\/uploads\/2022\/06\/Trabajos-de-mantenimiento-en.jpeg",1280,562,false],"newsever-featured":["https:\/\/experienciadevida.com.ar\/portalurbano\/wp-content\/uploads\/2022\/06\/Trabajos-de-mantenimiento-en.jpeg",1024,450,false],"newsever-medium":["https:\/\/experienciadevida.com.ar\/portalurbano\/wp-content\/uploads\/2022\/06\/Trabajos-de-mantenimiento-en.jpeg",720,316,false],"web-stories-poster-portrait":["https:\/\/experienciadevida.com.ar\/portalurbano\/wp-content\/uploads\/2022\/06\/Trabajos-de-mantenimiento-en.jpeg",640,281,false],"web-stories-publisher-logo":["https:\/\/experienciadevida.com.ar\/portalurbano\/wp-content\/uploads\/2022\/06\/Trabajos-de-mantenimiento-en.jpeg",96,42,false],"web-stories-thumbnail":["https:\/\/experienciadevida.com.ar\/portalurbano\/wp-content\/uploads\/2022\/06\/Trabajos-de-mantenimiento-en.jpeg",150,66,false]},"author_info":{"display_name":"admpu17wp","author_link":"https:\/\/experienciadevida.com.ar\/portalurbano\/author\/admpu17wp\/"},"category_info":"<a href=\"https:\/\/experienciadevida.com.ar\/portalurbano\/category\/ciudad\/\" rel=\"category tag\">Ciudad<\/a> <a href=\"https:\/\/experienciadevida.com.ar\/portalurbano\/category\/destacadas-2\/\" rel=\"category tag\">Destacadas 2<\/a>","tag_info":"Destacadas 2","comment_count":"0","amp_enabled":true,"_links":{"self":[{"href":"https:\/\/experienciadevida.com.ar\/portalurbano\/wp-json\/wp\/v2\/posts\/170334"}],"collection":[{"href":"https:\/\/experienciadevida.com.ar\/portalurbano\/wp-json\/wp\/v2\/posts"}],"about":[{"href":"https:\/\/experienciadevida.com.ar\/portalurbano\/wp-json\/wp\/v2\/types\/post"}],"author":[{"embeddable":true,"href":"https:\/\/experienciadevida.com.ar\/portalurbano\/wp-json\/wp\/v2\/users\/1"}],"replies":[{"embeddable":true,"href":"https:\/\/experienciadevida.com.ar\/portalurbano\/wp-json\/wp\/v2\/comments?post=170334"}],"version-history":[{"count":6,"href":"https:\/\/experienciadevida.com.ar\/portalurbano\/wp-json\/wp\/v2\/posts\/170334\/revisions"}],"predecessor-version":[{"id":170344,"href":"https:\/\/experienciadevida.com.ar\/portalurbano\/wp-json\/wp\/v2\/posts\/170334\/revisions\/170344"}],"wp:featuredmedia":[{"embeddable":true,"href":"https:\/\/experienciadevida.com.ar\/portalurbano\/wp-json\/wp\/v2\/media\/170335"}],"wp:attachment":[{"href":"https:\/\/experienciadevida.com.ar\/portalurbano\/wp-json\/wp\/v2\/media?parent=170334"}],"wp:term":[{"taxonomy":"category","embeddable":true,"href":"https:\/\/experienciadevida.com.ar\/portalurbano\/wp-json\/wp\/v2\/categories?post=170334"},{"taxonomy":"post_tag","embeddable":true,"href":"https:\/\/experienciadevida.com.ar\/portalurbano\/wp-json\/wp\/v2\/tags?post=170334"}],"curies":[{"name":"wp","href":"https:\/\/api.w.org\/{rel}","templated":true}]}}