{"id":170331,"date":"2022-06-28T10:00:36","date_gmt":"2022-06-28T13:00:36","guid":{"rendered":"https:\/\/experienciadevida.com.ar\/portalurbano\/?p=170331"},"modified":"2022-06-28T10:03:47","modified_gmt":"2022-06-28T13:03:47","slug":"vergel-sigue-sumando-adhesiones-para-el-proyecto-de-presupuesto-deportivo","status":"publish","type":"post","link":"https:\/\/experienciadevida.com.ar\/portalurbano\/vergel-sigue-sumando-adhesiones-para-el-proyecto-de-presupuesto-deportivo\/","title":{"rendered":"Vergel sigue sumando adhesiones para el proyecto de presupuesto deportivo"},"content":{"rendered":"<p>Vergel sigue sumando adhesiones para el proyecto de presupuesto deportivo, la concejal Bel\u00e9n Vergel fue recibida este martes por Federico Z\u00e1mora, presidente del Club San Mart\u00edn de Sierras Bayas. El encuentro sirvi\u00f3 para<br \/>\nque la concejal conozca en detalle la actualidad de la instituci\u00f3n y para compartir en detalle el esp\u00edritu del proyecto.<\/p>\n<p>Vergel contin\u00faa sumando acompa\u00f1amiento a la iniciativa que desde hace un tiempo se viene impulsando desde la Uni\u00f3n C\u00edvica Radical de Olavarr\u00eda. Luego de una positiva presentaci\u00f3n ante la Uni\u00f3n de Clubes y otras instituciones deportivas, sigue haciendo lo propio con las entidades que no se encontraban presentes en el encuentro o que no forman parte de la organizaci\u00f3n. Seg\u00fan se inform\u00f3, se busca que todas las instituciones que ser\u00edan alcanzadas por esta iniciativa puedan conocer y nutrirla para que se concrete con el aporte de todos.<\/p>\n<p>Adem\u00e1s, Zamora brind\u00f3 un detalle de la actualidad del club, que en los pr\u00f3ximos d\u00edas estar\u00e1 realizando una importante cl\u00ednica de b\u00e1squet con la presencia del ex NBA Walter Herrmann. Detall\u00f3 el trabajo de la subcomisi\u00f3n<br \/>\nde f\u00fatbol en arreglos de la cancha e incrementando las categor\u00edas, como tambi\u00e9n las diferentes disciplinas que se practican y las actividades que se aproximan.<\/p>\n<p>Vergel expres\u00f3 que &#8221; valoramos el trabajo que desarrollan diariamente y por ello queremos acompa\u00f1arlos. El club contiene a ni\u00f1os y j\u00f3venes, y el sentido de pertenencia e identidad con sus banderas nunca lo generar\u00e1 otro<br \/>\nespacio. Por eso seguiremos recorriendo para que este proyecto salga&#8221;.<\/p>\n","protected":false},"excerpt":{"rendered":"<p>Vergel sigue sumando adhesiones para el proyecto de presupuesto deportivo, la concejal Bel\u00e9n Vergel fue&#8230;<\/p>\n","protected":false},"author":1,"featured_media":170332,"comment_status":"closed","ping_status":"closed","sticky":false,"template":"","format":"standard","meta":{"content-type":""},"categories":[27,51],"tags":[],"nelio_content":{"isAutoShareEnabled":false,"autoShareEndMode":"default","automationSources":{"useContentSentences":true,"useSocialTemplates":true,"useCustomSentences":false,"customSentences":[]},"followers":[1],"suggestedReferences":[],"includedReferences":[],"efiUrl":"","efiAlt":"","highlights":[]},"yoast_head":"<!-- This site is optimized with the Yoast SEO plugin v20.7 - https:\/\/yoast.com\/wordpress\/plugins\/seo\/ -->\n<title>Vergel sigue sumando adhesiones para el proyecto de presupuesto<\/title>\n<meta name=\"description\" content=\"Vergel sigue sumando adhesiones para el proyecto de presupuesto deportivo, la concejal Bel\u00e9n Vergel fue recibida este martes por Federico,\" \/>\n<meta name=\"robots\" content=\"index, follow, max-snippet:-1, max-image-preview:large, max-video-preview:-1\" \/>\n<link rel=\"canonical\" href=\"https:\/\/experienciadevida.com.ar\/portalurbano\/vergel-sigue-sumando-adhesiones-para-el-proyecto-de-presupuesto-deportivo\/\" \/>\n<meta property=\"og:locale\" content=\"es_ES\" \/>\n<meta property=\"og:type\" content=\"article\" \/>\n<meta property=\"og:title\" content=\"Vergel sigue sumando adhesiones para el proyecto de presupuesto\" \/>\n<meta property=\"og:description\" content=\"Vergel sigue sumando adhesiones para el proyecto de presupuesto deportivo, la concejal Bel\u00e9n Vergel fue recibida este martes por Federico,\" \/>\n<meta property=\"og:url\" content=\"https:\/\/experienciadevida.com.ar\/portalurbano\/vergel-sigue-sumando-adhesiones-para-el-proyecto-de-presupuesto-deportivo\/\" \/>\n<meta property=\"article:publisher\" content=\"https:\/\/www.facebook.com\/Portal-Urbano-171542830093757\/\" \/>\n<meta property=\"article:published_time\" content=\"2022-06-28T13:00:36+00:00\" \/>\n<meta property=\"article:modified_time\" content=\"2022-06-28T13:03:47+00:00\" \/>\n<meta property=\"og:image\" content=\"https:\/\/experienciadevida.com.ar\/portalurbano\/wp-content\/uploads\/2022\/06\/Vergel-sigue-sumando-adhesiones.jpeg\" \/>\n\t<meta property=\"og:image:width\" content=\"1280\" \/>\n\t<meta property=\"og:image:height\" content=\"576\" \/>\n\t<meta property=\"og:image:type\" content=\"image\/jpeg\" \/>\n<meta name=\"author\" content=\"admpu17wp\" \/>\n<meta name=\"twitter:card\" content=\"summary_large_image\" \/>\n<meta name=\"twitter:creator\" content=\"@portalurbanook\" \/>\n<meta name=\"twitter:site\" content=\"@portalurbanook\" \/>\n<meta name=\"twitter:label1\" content=\"Escrito por\" \/>\n\t<meta name=\"twitter:data1\" content=\"admpu17wp\" \/>\n\t<meta name=\"twitter:label2\" content=\"Tiempo de lectura\" \/>\n\t<meta name=\"twitter:data2\" content=\"2 minutos\" \/>\n<script type=\"application\/ld+json\" class=\"yoast-schema-graph\">{\"@context\":\"https:\/\/schema.org\",\"@graph\":[{\"@type\":\"Article\",\"@id\":\"https:\/\/experienciadevida.com.ar\/portalurbano\/vergel-sigue-sumando-adhesiones-para-el-proyecto-de-presupuesto-deportivo\/#article\",\"isPartOf\":{\"@id\":\"https:\/\/experienciadevida.com.ar\/portalurbano\/vergel-sigue-sumando-adhesiones-para-el-proyecto-de-presupuesto-deportivo\/\"},\"author\":{\"name\":\"admpu17wp\",\"@id\":\"https:\/\/experienciadevida.com.ar\/portalurbano\/#\/schema\/person\/02dd326b1c4b056e9cc972486934a3a7\"},\"headline\":\"Vergel sigue sumando adhesiones para el proyecto de presupuesto deportivo\",\"datePublished\":\"2022-06-28T13:00:36+00:00\",\"dateModified\":\"2022-06-28T13:03:47+00:00\",\"mainEntityOfPage\":{\"@id\":\"https:\/\/experienciadevida.com.ar\/portalurbano\/vergel-sigue-sumando-adhesiones-para-el-proyecto-de-presupuesto-deportivo\/\"},\"wordCount\":283,\"publisher\":{\"@id\":\"https:\/\/experienciadevida.com.ar\/portalurbano\/#organization\"},\"articleSection\":[\"Ciudad\",\"Destacadas\"],\"inLanguage\":\"es\"},{\"@type\":\"WebPage\",\"@id\":\"https:\/\/experienciadevida.com.ar\/portalurbano\/vergel-sigue-sumando-adhesiones-para-el-proyecto-de-presupuesto-deportivo\/\",\"url\":\"https:\/\/experienciadevida.com.ar\/portalurbano\/vergel-sigue-sumando-adhesiones-para-el-proyecto-de-presupuesto-deportivo\/\",\"name\":\"Vergel sigue sumando adhesiones para el proyecto de presupuesto\",\"isPartOf\":{\"@id\":\"https:\/\/experienciadevida.com.ar\/portalurbano\/#website\"},\"datePublished\":\"2022-06-28T13:00:36+00:00\",\"dateModified\":\"2022-06-28T13:03:47+00:00\",\"description\":\"Vergel sigue sumando adhesiones para el proyecto de presupuesto deportivo, la concejal Bel\u00e9n Vergel fue recibida este martes por Federico,\",\"breadcrumb\":{\"@id\":\"https:\/\/experienciadevida.com.ar\/portalurbano\/vergel-sigue-sumando-adhesiones-para-el-proyecto-de-presupuesto-deportivo\/#breadcrumb\"},\"inLanguage\":\"es\",\"potentialAction\":[{\"@type\":\"ReadAction\",\"target\":[\"https:\/\/experienciadevida.com.ar\/portalurbano\/vergel-sigue-sumando-adhesiones-para-el-proyecto-de-presupuesto-deportivo\/\"]}]},{\"@type\":\"BreadcrumbList\",\"@id\":\"https:\/\/experienciadevida.com.ar\/portalurbano\/vergel-sigue-sumando-adhesiones-para-el-proyecto-de-presupuesto-deportivo\/#breadcrumb\",\"itemListElement\":[{\"@type\":\"ListItem\",\"position\":1,\"name\":\"Portada\",\"item\":\"https:\/\/experienciadevida.com.ar\/portalurbano\/\"},{\"@type\":\"ListItem\",\"position\":2,\"name\":\"Vergel sigue sumando adhesiones para el proyecto de presupuesto deportivo\"}]},{\"@type\":\"WebSite\",\"@id\":\"https:\/\/experienciadevida.com.ar\/portalurbano\/#website\",\"url\":\"https:\/\/experienciadevida.com.ar\/portalurbano\/\",\"name\":\"\",\"description\":\"\",\"publisher\":{\"@id\":\"https:\/\/experienciadevida.com.ar\/portalurbano\/#organization\"},\"potentialAction\":[{\"@type\":\"SearchAction\",\"target\":{\"@type\":\"EntryPoint\",\"urlTemplate\":\"https:\/\/experienciadevida.com.ar\/portalurbano\/?s={search_term_string}\"},\"query-input\":\"required name=search_term_string\"}],\"inLanguage\":\"es\"},{\"@type\":\"Organization\",\"@id\":\"https:\/\/experienciadevida.com.ar\/portalurbano\/#organization\",\"name\":\"Portal Urbano\",\"url\":\"https:\/\/experienciadevida.com.ar\/portalurbano\/\",\"logo\":{\"@type\":\"ImageObject\",\"inLanguage\":\"es\",\"@id\":\"https:\/\/experienciadevida.com.ar\/portalurbano\/#\/schema\/logo\/image\/\",\"url\":\"https:\/\/experienciadevida.com.ar\/portalurbano\/wp-content\/uploads\/2019\/09\/Logo-Original.png\",\"contentUrl\":\"https:\/\/experienciadevida.com.ar\/portalurbano\/wp-content\/uploads\/2019\/09\/Logo-Original.png\",\"width\":2236,\"height\":1216,\"caption\":\"Portal Urbano\"},\"image\":{\"@id\":\"https:\/\/experienciadevida.com.ar\/portalurbano\/#\/schema\/logo\/image\/\"},\"sameAs\":[\"https:\/\/www.facebook.com\/Portal-Urbano-171542830093757\/\",\"https:\/\/twitter.com\/portalurbanook\",\"https:\/\/www.instagram.com\/_portalurbano\/\",\"https:\/\/www.youtube.com\/channel\/UCXhagIfszH8KxFiOok79zbA?view_as=subscriber\"]},{\"@type\":\"Person\",\"@id\":\"https:\/\/experienciadevida.com.ar\/portalurbano\/#\/schema\/person\/02dd326b1c4b056e9cc972486934a3a7\",\"name\":\"admpu17wp\",\"image\":{\"@type\":\"ImageObject\",\"inLanguage\":\"es\",\"@id\":\"https:\/\/experienciadevida.com.ar\/portalurbano\/#\/schema\/person\/image\/\",\"url\":\"https:\/\/secure.gravatar.com\/avatar\/830d4c57adaae6630765e449a6908047?s=96&d=mm&r=g\",\"contentUrl\":\"https:\/\/secure.gravatar.com\/avatar\/830d4c57adaae6630765e449a6908047?s=96&d=mm&r=g\",\"caption\":\"admpu17wp\"}}]}<\/script>\n<!-- \/ Yoast SEO plugin. -->","yoast_head_json":{"title":"Vergel sigue sumando adhesiones para el proyecto de presupuesto","description":"Vergel sigue sumando adhesiones para el proyecto de presupuesto deportivo, la concejal Bel\u00e9n Vergel fue recibida este martes por Federico,","robots":{"index":"index","follow":"follow","max-snippet":"max-snippet:-1","max-image-preview":"max-image-preview:large","max-video-preview":"max-video-preview:-1"},"canonical":"https:\/\/experienciadevida.com.ar\/portalurbano\/vergel-sigue-sumando-adhesiones-para-el-proyecto-de-presupuesto-deportivo\/","og_locale":"es_ES","og_type":"article","og_title":"Vergel sigue sumando adhesiones para el proyecto de presupuesto","og_description":"Vergel sigue sumando adhesiones para el proyecto de presupuesto deportivo, la concejal Bel\u00e9n Vergel fue recibida este martes por Federico,","og_url":"https:\/\/experienciadevida.com.ar\/portalurbano\/vergel-sigue-sumando-adhesiones-para-el-proyecto-de-presupuesto-deportivo\/","article_publisher":"https:\/\/www.facebook.com\/Portal-Urbano-171542830093757\/","article_published_time":"2022-06-28T13:00:36+00:00","article_modified_time":"2022-06-28T13:03:47+00:00","og_image":[{"width":1280,"height":576,"url":"https:\/\/experienciadevida.com.ar\/portalurbano\/wp-content\/uploads\/2022\/06\/Vergel-sigue-sumando-adhesiones.jpeg","type":"image\/jpeg"}],"author":"admpu17wp","twitter_card":"summary_large_image","twitter_creator":"@portalurbanook","twitter_site":"@portalurbanook","twitter_misc":{"Escrito por":"admpu17wp","Tiempo de lectura":"2 minutos"},"schema":{"@context":"https:\/\/schema.org","@graph":[{"@type":"Article","@id":"https:\/\/experienciadevida.com.ar\/portalurbano\/vergel-sigue-sumando-adhesiones-para-el-proyecto-de-presupuesto-deportivo\/#article","isPartOf":{"@id":"https:\/\/experienciadevida.com.ar\/portalurbano\/vergel-sigue-sumando-adhesiones-para-el-proyecto-de-presupuesto-deportivo\/"},"author":{"name":"admpu17wp","@id":"https:\/\/experienciadevida.com.ar\/portalurbano\/#\/schema\/person\/02dd326b1c4b056e9cc972486934a3a7"},"headline":"Vergel sigue sumando adhesiones para el proyecto de presupuesto deportivo","datePublished":"2022-06-28T13:00:36+00:00","dateModified":"2022-06-28T13:03:47+00:00","mainEntityOfPage":{"@id":"https:\/\/experienciadevida.com.ar\/portalurbano\/vergel-sigue-sumando-adhesiones-para-el-proyecto-de-presupuesto-deportivo\/"},"wordCount":283,"publisher":{"@id":"https:\/\/experienciadevida.com.ar\/portalurbano\/#organization"},"articleSection":["Ciudad","Destacadas"],"inLanguage":"es"},{"@type":"WebPage","@id":"https:\/\/experienciadevida.com.ar\/portalurbano\/vergel-sigue-sumando-adhesiones-para-el-proyecto-de-presupuesto-deportivo\/","url":"https:\/\/experienciadevida.com.ar\/portalurbano\/vergel-sigue-sumando-adhesiones-para-el-proyecto-de-presupuesto-deportivo\/","name":"Vergel sigue sumando adhesiones para el proyecto de presupuesto","isPartOf":{"@id":"https:\/\/experienciadevida.com.ar\/portalurbano\/#website"},"datePublished":"2022-06-28T13:00:36+00:00","dateModified":"2022-06-28T13:03:47+00:00","description":"Vergel sigue sumando adhesiones para el proyecto de presupuesto deportivo, la concejal Bel\u00e9n Vergel fue recibida este martes por Federico,","breadcrumb":{"@id":"https:\/\/experienciadevida.com.ar\/portalurbano\/vergel-sigue-sumando-adhesiones-para-el-proyecto-de-presupuesto-deportivo\/#breadcrumb"},"inLanguage":"es","potentialAction":[{"@type":"ReadAction","target":["https:\/\/experienciadevida.com.ar\/portalurbano\/vergel-sigue-sumando-adhesiones-para-el-proyecto-de-presupuesto-deportivo\/"]}]},{"@type":"BreadcrumbList","@id":"https:\/\/experienciadevida.com.ar\/portalurbano\/vergel-sigue-sumando-adhesiones-para-el-proyecto-de-presupuesto-deportivo\/#breadcrumb","itemListElement":[{"@type":"ListItem","position":1,"name":"Portada","item":"https:\/\/experienciadevida.com.ar\/portalurbano\/"},{"@type":"ListItem","position":2,"name":"Vergel sigue sumando adhesiones para el proyecto de presupuesto deportivo"}]},{"@type":"WebSite","@id":"https:\/\/experienciadevida.com.ar\/portalurbano\/#website","url":"https:\/\/experienciadevida.com.ar\/portalurbano\/","name":"","description":"","publisher":{"@id":"https:\/\/experienciadevida.com.ar\/portalurbano\/#organization"},"potentialAction":[{"@type":"SearchAction","target":{"@type":"EntryPoint","urlTemplate":"https:\/\/experienciadevida.com.ar\/portalurbano\/?s={search_term_string}"},"query-input":"required name=search_term_string"}],"inLanguage":"es"},{"@type":"Organization","@id":"https:\/\/experienciadevida.com.ar\/portalurbano\/#organization","name":"Portal Urbano","url":"https:\/\/experienciadevida.com.ar\/portalurbano\/","logo":{"@type":"ImageObject","inLanguage":"es","@id":"https:\/\/experienciadevida.com.ar\/portalurbano\/#\/schema\/logo\/image\/","url":"https:\/\/experienciadevida.com.ar\/portalurbano\/wp-content\/uploads\/2019\/09\/Logo-Original.png","contentUrl":"https:\/\/experienciadevida.com.ar\/portalurbano\/wp-content\/uploads\/2019\/09\/Logo-Original.png","width":2236,"height":1216,"caption":"Portal Urbano"},"image":{"@id":"https:\/\/experienciadevida.com.ar\/portalurbano\/#\/schema\/logo\/image\/"},"sameAs":["https:\/\/www.facebook.com\/Portal-Urbano-171542830093757\/","https:\/\/twitter.com\/portalurbanook","https:\/\/www.instagram.com\/_portalurbano\/","https:\/\/www.youtube.com\/channel\/UCXhagIfszH8KxFiOok79zbA?view_as=subscriber"]},{"@type":"Person","@id":"https:\/\/experienciadevida.com.ar\/portalurbano\/#\/schema\/person\/02dd326b1c4b056e9cc972486934a3a7","name":"admpu17wp","image":{"@type":"ImageObject","inLanguage":"es","@id":"https:\/\/experienciadevida.com.ar\/portalurbano\/#\/schema\/person\/image\/","url":"https:\/\/secure.gravatar.com\/avatar\/830d4c57adaae6630765e449a6908047?s=96&d=mm&r=g","contentUrl":"https:\/\/secure.gravatar.com\/avatar\/830d4c57adaae6630765e449a6908047?s=96&d=mm&r=g","caption":"admpu17wp"}}]}},"featured_image_urls":{"full":["https:\/\/experienciadevida.com.ar\/portalurbano\/wp-content\/uploads\/2022\/06\/Vergel-sigue-sumando-adhesiones.jpeg",1280,576,false],"thumbnail":["https:\/\/experienciadevida.com.ar\/portalurbano\/wp-content\/uploads\/2022\/06\/Vergel-sigue-sumando-adhesiones-150x150.jpeg",150,150,true],"medium":["https:\/\/experienciadevida.com.ar\/portalurbano\/wp-content\/uploads\/2022\/06\/Vergel-sigue-sumando-adhesiones-300x135.jpeg",300,135,true],"medium_large":["https:\/\/experienciadevida.com.ar\/portalurbano\/wp-content\/uploads\/2022\/06\/Vergel-sigue-sumando-adhesiones-768x346.jpeg",640,288,true],"large":["https:\/\/experienciadevida.com.ar\/portalurbano\/wp-content\/uploads\/2022\/06\/Vergel-sigue-sumando-adhesiones-1024x461.jpeg",640,288,true],"ug_big":["https:\/\/experienciadevida.com.ar\/portalurbano\/wp-content\/uploads\/2022\/06\/Vergel-sigue-sumando-adhesiones-768x346.jpeg",768,346,true],"1536x1536":["https:\/\/experienciadevida.com.ar\/portalurbano\/wp-content\/uploads\/2022\/06\/Vergel-sigue-sumando-adhesiones.jpeg",1280,576,false],"2048x2048":["https:\/\/experienciadevida.com.ar\/portalurbano\/wp-content\/uploads\/2022\/06\/Vergel-sigue-sumando-adhesiones.jpeg",1280,576,false],"newsever-slider-full":["https:\/\/experienciadevida.com.ar\/portalurbano\/wp-content\/uploads\/2022\/06\/Vergel-sigue-sumando-adhesiones.jpeg",1280,576,false],"newsever-featured":["https:\/\/experienciadevida.com.ar\/portalurbano\/wp-content\/uploads\/2022\/06\/Vergel-sigue-sumando-adhesiones.jpeg",1024,461,false],"newsever-medium":["https:\/\/experienciadevida.com.ar\/portalurbano\/wp-content\/uploads\/2022\/06\/Vergel-sigue-sumando-adhesiones.jpeg",720,324,false],"web-stories-poster-portrait":["https:\/\/experienciadevida.com.ar\/portalurbano\/wp-content\/uploads\/2022\/06\/Vergel-sigue-sumando-adhesiones.jpeg",640,288,false],"web-stories-publisher-logo":["https:\/\/experienciadevida.com.ar\/portalurbano\/wp-content\/uploads\/2022\/06\/Vergel-sigue-sumando-adhesiones.jpeg",96,43,false],"web-stories-thumbnail":["https:\/\/experienciadevida.com.ar\/portalurbano\/wp-content\/uploads\/2022\/06\/Vergel-sigue-sumando-adhesiones.jpeg",150,68,false]},"author_info":{"display_name":"admpu17wp","author_link":"https:\/\/experienciadevida.com.ar\/portalurbano\/author\/admpu17wp\/"},"category_info":"<a href=\"https:\/\/experienciadevida.com.ar\/portalurbano\/category\/ciudad\/\" rel=\"category tag\">Ciudad<\/a> <a href=\"https:\/\/experienciadevida.com.ar\/portalurbano\/category\/destacadas\/\" rel=\"category tag\">Destacadas<\/a>","tag_info":"Destacadas","comment_count":"0","amp_enabled":true,"_links":{"self":[{"href":"https:\/\/experienciadevida.com.ar\/portalurbano\/wp-json\/wp\/v2\/posts\/170331"}],"collection":[{"href":"https:\/\/experienciadevida.com.ar\/portalurbano\/wp-json\/wp\/v2\/posts"}],"about":[{"href":"https:\/\/experienciadevida.com.ar\/portalurbano\/wp-json\/wp\/v2\/types\/post"}],"author":[{"embeddable":true,"href":"https:\/\/experienciadevida.com.ar\/portalurbano\/wp-json\/wp\/v2\/users\/1"}],"replies":[{"embeddable":true,"href":"https:\/\/experienciadevida.com.ar\/portalurbano\/wp-json\/wp\/v2\/comments?post=170331"}],"version-history":[{"count":1,"href":"https:\/\/experienciadevida.com.ar\/portalurbano\/wp-json\/wp\/v2\/posts\/170331\/revisions"}],"predecessor-version":[{"id":170333,"href":"https:\/\/experienciadevida.com.ar\/portalurbano\/wp-json\/wp\/v2\/posts\/170331\/revisions\/170333"}],"wp:featuredmedia":[{"embeddable":true,"href":"https:\/\/experienciadevida.com.ar\/portalurbano\/wp-json\/wp\/v2\/media\/170332"}],"wp:attachment":[{"href":"https:\/\/experienciadevida.com.ar\/portalurbano\/wp-json\/wp\/v2\/media?parent=170331"}],"wp:term":[{"taxonomy":"category","embeddable":true,"href":"https:\/\/experienciadevida.com.ar\/portalurbano\/wp-json\/wp\/v2\/categories?post=170331"},{"taxonomy":"post_tag","embeddable":true,"href":"https:\/\/experienciadevida.com.ar\/portalurbano\/wp-json\/wp\/v2\/tags?post=170331"}],"curies":[{"name":"wp","href":"https:\/\/api.w.org\/{rel}","templated":true}]}}