{"id":170320,"date":"2022-06-27T21:02:33","date_gmt":"2022-06-28T00:02:33","guid":{"rendered":"https:\/\/experienciadevida.com.ar\/portalurbano\/?p=170320"},"modified":"2022-06-27T21:02:33","modified_gmt":"2022-06-28T00:02:33","slug":"desarrollo-economico-visito-un-nuevo-emprendimiento-local","status":"publish","type":"post","link":"https:\/\/experienciadevida.com.ar\/portalurbano\/desarrollo-economico-visito-un-nuevo-emprendimiento-local\/","title":{"rendered":"Desarrollo Econ\u00f3mico visit\u00f3 un nuevo emprendimiento local"},"content":{"rendered":"<p>D\u00edas atr\u00e1s, el Secretario de Desarrollo Econ\u00f3mico, Julio Valetutto, junto a integrantes de la Secretar\u00eda de Desarrollo Econ\u00f3mico visitaron Berita, una nueva e innovadora propuesta gastron\u00f3mica en la ciudad.<\/p>\n<p>El local, que est\u00e1 ubicado en la calle Gral. Paz 2782, fue inaugurado hace mes y medio y ha logrado una gran aceptaci\u00f3n del p\u00fablico. El nombre \u201cBerita\u201d, cont\u00f3 la due\u00f1a del comercio Berenice Fern\u00e1ndez, deriva de su nombre y agreg\u00f3 que siempre so\u00f1\u00f3 con tener su propio local de pasteler\u00eda, rubro en el que viene trabajando con anterioridad.<\/p>\n<p>\u201cBerita\u201d se dedica a la elaboraci\u00f3n de postres premium, y la due\u00f1a refiri\u00f3 que no tienen una carta fija de postres, sino que todos los d\u00edas elaboran distintas propuestas mayormente con insumos de proveedores locales. El comercio, con modalidad take away, se encuentra abierto los d\u00edas mi\u00e9rcoles, jueves y viernes de 16:30 a 20:30 horas, s\u00e1bados de 16:30 a 20:30 horas y domingos de 10 a 12:30 horas.<\/p>\n<p>Cabe destacar que, desde las distintas \u00e1reas que integran la Secretar\u00eda de Desarrollo Econ\u00f3mico del Municipio, se acompa\u00f1a a cada peque\u00f1o, mediano y gran empresario mediante diferentes servicios, tales como l\u00edneas de empleo, cr\u00e9ditos y gestiones y asesoramiento en general. El acompa\u00f1amiento se efect\u00faa de forma personalizada e incluye visitas peri\u00f3dicas a referentes de comercios, emprendimientos e industrias locales, a los fines de dialogar, responder inquietudes y brindar informaci\u00f3n acerca de las distintas l\u00edneas de servicio.<\/p>\n","protected":false},"excerpt":{"rendered":"<p>D\u00edas atr\u00e1s, el Secretario de Desarrollo Econ\u00f3mico, Julio Valetutto, junto a integrantes de la Secretar\u00eda&#8230;<\/p>\n","protected":false},"author":1,"featured_media":170321,"comment_status":"closed","ping_status":"closed","sticky":false,"template":"","format":"standard","meta":{"content-type":""},"categories":[27],"tags":[],"nelio_content":{"isAutoShareEnabled":false,"autoShareEndMode":"default","automationSources":{"useContentSentences":true,"useSocialTemplates":true,"useCustomSentences":false,"customSentences":[]},"followers":[1],"suggestedReferences":[],"includedReferences":[],"efiUrl":"","efiAlt":"","highlights":[]},"yoast_head":"<!-- This site is optimized with the Yoast SEO plugin v20.7 - https:\/\/yoast.com\/wordpress\/plugins\/seo\/ -->\n<title>Desarrollo Econ\u00f3mico visit\u00f3 un nuevo emprendimiento local -<\/title>\n<meta name=\"robots\" content=\"index, follow, max-snippet:-1, max-image-preview:large, max-video-preview:-1\" \/>\n<link rel=\"canonical\" href=\"https:\/\/experienciadevida.com.ar\/portalurbano\/desarrollo-economico-visito-un-nuevo-emprendimiento-local\/\" \/>\n<meta property=\"og:locale\" content=\"es_ES\" \/>\n<meta property=\"og:type\" content=\"article\" \/>\n<meta property=\"og:title\" content=\"Desarrollo Econ\u00f3mico visit\u00f3 un nuevo emprendimiento local -\" \/>\n<meta property=\"og:description\" content=\"D\u00edas atr\u00e1s, el Secretario de Desarrollo Econ\u00f3mico, Julio Valetutto, junto a integrantes de la Secretar\u00eda...\" \/>\n<meta property=\"og:url\" content=\"https:\/\/experienciadevida.com.ar\/portalurbano\/desarrollo-economico-visito-un-nuevo-emprendimiento-local\/\" \/>\n<meta property=\"article:publisher\" content=\"https:\/\/www.facebook.com\/Portal-Urbano-171542830093757\/\" \/>\n<meta property=\"article:published_time\" content=\"2022-06-28T00:02:33+00:00\" \/>\n<meta property=\"og:image\" content=\"https:\/\/experienciadevida.com.ar\/portalurbano\/wp-content\/uploads\/2022\/06\/DE-Visita-Berita-Pasteleria-1024x682-1-e1656374542551.jpg\" \/>\n\t<meta property=\"og:image:width\" content=\"800\" \/>\n\t<meta property=\"og:image:height\" content=\"533\" \/>\n\t<meta property=\"og:image:type\" content=\"image\/jpeg\" \/>\n<meta name=\"author\" content=\"admpu17wp\" \/>\n<meta name=\"twitter:card\" content=\"summary_large_image\" \/>\n<meta name=\"twitter:creator\" content=\"@portalurbanook\" \/>\n<meta name=\"twitter:site\" content=\"@portalurbanook\" \/>\n<meta name=\"twitter:label1\" content=\"Escrito por\" \/>\n\t<meta name=\"twitter:data1\" content=\"admpu17wp\" \/>\n\t<meta name=\"twitter:label2\" content=\"Tiempo de lectura\" \/>\n\t<meta name=\"twitter:data2\" content=\"2 minutos\" \/>\n<script type=\"application\/ld+json\" class=\"yoast-schema-graph\">{\"@context\":\"https:\/\/schema.org\",\"@graph\":[{\"@type\":\"Article\",\"@id\":\"https:\/\/experienciadevida.com.ar\/portalurbano\/desarrollo-economico-visito-un-nuevo-emprendimiento-local\/#article\",\"isPartOf\":{\"@id\":\"https:\/\/experienciadevida.com.ar\/portalurbano\/desarrollo-economico-visito-un-nuevo-emprendimiento-local\/\"},\"author\":{\"name\":\"admpu17wp\",\"@id\":\"https:\/\/experienciadevida.com.ar\/portalurbano\/#\/schema\/person\/02dd326b1c4b056e9cc972486934a3a7\"},\"headline\":\"Desarrollo Econ\u00f3mico visit\u00f3 un nuevo emprendimiento local\",\"datePublished\":\"2022-06-28T00:02:33+00:00\",\"dateModified\":\"2022-06-28T00:02:33+00:00\",\"mainEntityOfPage\":{\"@id\":\"https:\/\/experienciadevida.com.ar\/portalurbano\/desarrollo-economico-visito-un-nuevo-emprendimiento-local\/\"},\"wordCount\":261,\"publisher\":{\"@id\":\"https:\/\/experienciadevida.com.ar\/portalurbano\/#organization\"},\"articleSection\":[\"Ciudad\"],\"inLanguage\":\"es\"},{\"@type\":\"WebPage\",\"@id\":\"https:\/\/experienciadevida.com.ar\/portalurbano\/desarrollo-economico-visito-un-nuevo-emprendimiento-local\/\",\"url\":\"https:\/\/experienciadevida.com.ar\/portalurbano\/desarrollo-economico-visito-un-nuevo-emprendimiento-local\/\",\"name\":\"Desarrollo Econ\u00f3mico visit\u00f3 un nuevo emprendimiento local -\",\"isPartOf\":{\"@id\":\"https:\/\/experienciadevida.com.ar\/portalurbano\/#website\"},\"datePublished\":\"2022-06-28T00:02:33+00:00\",\"dateModified\":\"2022-06-28T00:02:33+00:00\",\"breadcrumb\":{\"@id\":\"https:\/\/experienciadevida.com.ar\/portalurbano\/desarrollo-economico-visito-un-nuevo-emprendimiento-local\/#breadcrumb\"},\"inLanguage\":\"es\",\"potentialAction\":[{\"@type\":\"ReadAction\",\"target\":[\"https:\/\/experienciadevida.com.ar\/portalurbano\/desarrollo-economico-visito-un-nuevo-emprendimiento-local\/\"]}]},{\"@type\":\"BreadcrumbList\",\"@id\":\"https:\/\/experienciadevida.com.ar\/portalurbano\/desarrollo-economico-visito-un-nuevo-emprendimiento-local\/#breadcrumb\",\"itemListElement\":[{\"@type\":\"ListItem\",\"position\":1,\"name\":\"Portada\",\"item\":\"https:\/\/experienciadevida.com.ar\/portalurbano\/\"},{\"@type\":\"ListItem\",\"position\":2,\"name\":\"Desarrollo Econ\u00f3mico visit\u00f3 un nuevo emprendimiento local\"}]},{\"@type\":\"WebSite\",\"@id\":\"https:\/\/experienciadevida.com.ar\/portalurbano\/#website\",\"url\":\"https:\/\/experienciadevida.com.ar\/portalurbano\/\",\"name\":\"\",\"description\":\"\",\"publisher\":{\"@id\":\"https:\/\/experienciadevida.com.ar\/portalurbano\/#organization\"},\"potentialAction\":[{\"@type\":\"SearchAction\",\"target\":{\"@type\":\"EntryPoint\",\"urlTemplate\":\"https:\/\/experienciadevida.com.ar\/portalurbano\/?s={search_term_string}\"},\"query-input\":\"required name=search_term_string\"}],\"inLanguage\":\"es\"},{\"@type\":\"Organization\",\"@id\":\"https:\/\/experienciadevida.com.ar\/portalurbano\/#organization\",\"name\":\"Portal Urbano\",\"url\":\"https:\/\/experienciadevida.com.ar\/portalurbano\/\",\"logo\":{\"@type\":\"ImageObject\",\"inLanguage\":\"es\",\"@id\":\"https:\/\/experienciadevida.com.ar\/portalurbano\/#\/schema\/logo\/image\/\",\"url\":\"https:\/\/experienciadevida.com.ar\/portalurbano\/wp-content\/uploads\/2019\/09\/Logo-Original.png\",\"contentUrl\":\"https:\/\/experienciadevida.com.ar\/portalurbano\/wp-content\/uploads\/2019\/09\/Logo-Original.png\",\"width\":2236,\"height\":1216,\"caption\":\"Portal Urbano\"},\"image\":{\"@id\":\"https:\/\/experienciadevida.com.ar\/portalurbano\/#\/schema\/logo\/image\/\"},\"sameAs\":[\"https:\/\/www.facebook.com\/Portal-Urbano-171542830093757\/\",\"https:\/\/twitter.com\/portalurbanook\",\"https:\/\/www.instagram.com\/_portalurbano\/\",\"https:\/\/www.youtube.com\/channel\/UCXhagIfszH8KxFiOok79zbA?view_as=subscriber\"]},{\"@type\":\"Person\",\"@id\":\"https:\/\/experienciadevida.com.ar\/portalurbano\/#\/schema\/person\/02dd326b1c4b056e9cc972486934a3a7\",\"name\":\"admpu17wp\",\"image\":{\"@type\":\"ImageObject\",\"inLanguage\":\"es\",\"@id\":\"https:\/\/experienciadevida.com.ar\/portalurbano\/#\/schema\/person\/image\/\",\"url\":\"https:\/\/secure.gravatar.com\/avatar\/830d4c57adaae6630765e449a6908047?s=96&d=mm&r=g\",\"contentUrl\":\"https:\/\/secure.gravatar.com\/avatar\/830d4c57adaae6630765e449a6908047?s=96&d=mm&r=g\",\"caption\":\"admpu17wp\"}}]}<\/script>\n<!-- \/ Yoast SEO plugin. -->","yoast_head_json":{"title":"Desarrollo Econ\u00f3mico visit\u00f3 un nuevo emprendimiento local -","robots":{"index":"index","follow":"follow","max-snippet":"max-snippet:-1","max-image-preview":"max-image-preview:large","max-video-preview":"max-video-preview:-1"},"canonical":"https:\/\/experienciadevida.com.ar\/portalurbano\/desarrollo-economico-visito-un-nuevo-emprendimiento-local\/","og_locale":"es_ES","og_type":"article","og_title":"Desarrollo Econ\u00f3mico visit\u00f3 un nuevo emprendimiento local -","og_description":"D\u00edas atr\u00e1s, el Secretario de Desarrollo Econ\u00f3mico, Julio Valetutto, junto a integrantes de la Secretar\u00eda...","og_url":"https:\/\/experienciadevida.com.ar\/portalurbano\/desarrollo-economico-visito-un-nuevo-emprendimiento-local\/","article_publisher":"https:\/\/www.facebook.com\/Portal-Urbano-171542830093757\/","article_published_time":"2022-06-28T00:02:33+00:00","og_image":[{"width":800,"height":533,"url":"https:\/\/experienciadevida.com.ar\/portalurbano\/wp-content\/uploads\/2022\/06\/DE-Visita-Berita-Pasteleria-1024x682-1-e1656374542551.jpg","type":"image\/jpeg"}],"author":"admpu17wp","twitter_card":"summary_large_image","twitter_creator":"@portalurbanook","twitter_site":"@portalurbanook","twitter_misc":{"Escrito por":"admpu17wp","Tiempo de lectura":"2 minutos"},"schema":{"@context":"https:\/\/schema.org","@graph":[{"@type":"Article","@id":"https:\/\/experienciadevida.com.ar\/portalurbano\/desarrollo-economico-visito-un-nuevo-emprendimiento-local\/#article","isPartOf":{"@id":"https:\/\/experienciadevida.com.ar\/portalurbano\/desarrollo-economico-visito-un-nuevo-emprendimiento-local\/"},"author":{"name":"admpu17wp","@id":"https:\/\/experienciadevida.com.ar\/portalurbano\/#\/schema\/person\/02dd326b1c4b056e9cc972486934a3a7"},"headline":"Desarrollo Econ\u00f3mico visit\u00f3 un nuevo emprendimiento local","datePublished":"2022-06-28T00:02:33+00:00","dateModified":"2022-06-28T00:02:33+00:00","mainEntityOfPage":{"@id":"https:\/\/experienciadevida.com.ar\/portalurbano\/desarrollo-economico-visito-un-nuevo-emprendimiento-local\/"},"wordCount":261,"publisher":{"@id":"https:\/\/experienciadevida.com.ar\/portalurbano\/#organization"},"articleSection":["Ciudad"],"inLanguage":"es"},{"@type":"WebPage","@id":"https:\/\/experienciadevida.com.ar\/portalurbano\/desarrollo-economico-visito-un-nuevo-emprendimiento-local\/","url":"https:\/\/experienciadevida.com.ar\/portalurbano\/desarrollo-economico-visito-un-nuevo-emprendimiento-local\/","name":"Desarrollo Econ\u00f3mico visit\u00f3 un nuevo emprendimiento local -","isPartOf":{"@id":"https:\/\/experienciadevida.com.ar\/portalurbano\/#website"},"datePublished":"2022-06-28T00:02:33+00:00","dateModified":"2022-06-28T00:02:33+00:00","breadcrumb":{"@id":"https:\/\/experienciadevida.com.ar\/portalurbano\/desarrollo-economico-visito-un-nuevo-emprendimiento-local\/#breadcrumb"},"inLanguage":"es","potentialAction":[{"@type":"ReadAction","target":["https:\/\/experienciadevida.com.ar\/portalurbano\/desarrollo-economico-visito-un-nuevo-emprendimiento-local\/"]}]},{"@type":"BreadcrumbList","@id":"https:\/\/experienciadevida.com.ar\/portalurbano\/desarrollo-economico-visito-un-nuevo-emprendimiento-local\/#breadcrumb","itemListElement":[{"@type":"ListItem","position":1,"name":"Portada","item":"https:\/\/experienciadevida.com.ar\/portalurbano\/"},{"@type":"ListItem","position":2,"name":"Desarrollo Econ\u00f3mico visit\u00f3 un nuevo emprendimiento local"}]},{"@type":"WebSite","@id":"https:\/\/experienciadevida.com.ar\/portalurbano\/#website","url":"https:\/\/experienciadevida.com.ar\/portalurbano\/","name":"","description":"","publisher":{"@id":"https:\/\/experienciadevida.com.ar\/portalurbano\/#organization"},"potentialAction":[{"@type":"SearchAction","target":{"@type":"EntryPoint","urlTemplate":"https:\/\/experienciadevida.com.ar\/portalurbano\/?s={search_term_string}"},"query-input":"required name=search_term_string"}],"inLanguage":"es"},{"@type":"Organization","@id":"https:\/\/experienciadevida.com.ar\/portalurbano\/#organization","name":"Portal Urbano","url":"https:\/\/experienciadevida.com.ar\/portalurbano\/","logo":{"@type":"ImageObject","inLanguage":"es","@id":"https:\/\/experienciadevida.com.ar\/portalurbano\/#\/schema\/logo\/image\/","url":"https:\/\/experienciadevida.com.ar\/portalurbano\/wp-content\/uploads\/2019\/09\/Logo-Original.png","contentUrl":"https:\/\/experienciadevida.com.ar\/portalurbano\/wp-content\/uploads\/2019\/09\/Logo-Original.png","width":2236,"height":1216,"caption":"Portal Urbano"},"image":{"@id":"https:\/\/experienciadevida.com.ar\/portalurbano\/#\/schema\/logo\/image\/"},"sameAs":["https:\/\/www.facebook.com\/Portal-Urbano-171542830093757\/","https:\/\/twitter.com\/portalurbanook","https:\/\/www.instagram.com\/_portalurbano\/","https:\/\/www.youtube.com\/channel\/UCXhagIfszH8KxFiOok79zbA?view_as=subscriber"]},{"@type":"Person","@id":"https:\/\/experienciadevida.com.ar\/portalurbano\/#\/schema\/person\/02dd326b1c4b056e9cc972486934a3a7","name":"admpu17wp","image":{"@type":"ImageObject","inLanguage":"es","@id":"https:\/\/experienciadevida.com.ar\/portalurbano\/#\/schema\/person\/image\/","url":"https:\/\/secure.gravatar.com\/avatar\/830d4c57adaae6630765e449a6908047?s=96&d=mm&r=g","contentUrl":"https:\/\/secure.gravatar.com\/avatar\/830d4c57adaae6630765e449a6908047?s=96&d=mm&r=g","caption":"admpu17wp"}}]}},"featured_image_urls":{"full":["https:\/\/experienciadevida.com.ar\/portalurbano\/wp-content\/uploads\/2022\/06\/DE-Visita-Berita-Pasteleria-1024x682-1-e1656374542551.jpg",800,533,false],"thumbnail":["https:\/\/experienciadevida.com.ar\/portalurbano\/wp-content\/uploads\/2022\/06\/DE-Visita-Berita-Pasteleria-1024x682-1-e1656374542551-150x150.jpg",150,150,true],"medium":["https:\/\/experienciadevida.com.ar\/portalurbano\/wp-content\/uploads\/2022\/06\/DE-Visita-Berita-Pasteleria-1024x682-1-e1656374542551-300x200.jpg",300,200,true],"medium_large":["https:\/\/experienciadevida.com.ar\/portalurbano\/wp-content\/uploads\/2022\/06\/DE-Visita-Berita-Pasteleria-1024x682-1-e1656374542551-768x512.jpg",640,427,true],"large":["https:\/\/experienciadevida.com.ar\/portalurbano\/wp-content\/uploads\/2022\/06\/DE-Visita-Berita-Pasteleria-1024x682-1-e1656374542551.jpg",640,426,false],"ug_big":["https:\/\/experienciadevida.com.ar\/portalurbano\/wp-content\/uploads\/2022\/06\/DE-Visita-Berita-Pasteleria-1024x682-1-e1656374542551-768x512.jpg",768,512,true],"1536x1536":["https:\/\/experienciadevida.com.ar\/portalurbano\/wp-content\/uploads\/2022\/06\/DE-Visita-Berita-Pasteleria-1024x682-1-e1656374542551.jpg",800,533,false],"2048x2048":["https:\/\/experienciadevida.com.ar\/portalurbano\/wp-content\/uploads\/2022\/06\/DE-Visita-Berita-Pasteleria-1024x682-1-e1656374542551.jpg",800,533,false],"newsever-slider-full":["https:\/\/experienciadevida.com.ar\/portalurbano\/wp-content\/uploads\/2022\/06\/DE-Visita-Berita-Pasteleria-1024x682-1-e1656374542551.jpg",800,533,false],"newsever-featured":["https:\/\/experienciadevida.com.ar\/portalurbano\/wp-content\/uploads\/2022\/06\/DE-Visita-Berita-Pasteleria-1024x682-1-e1656374542551.jpg",800,533,false],"newsever-medium":["https:\/\/experienciadevida.com.ar\/portalurbano\/wp-content\/uploads\/2022\/06\/DE-Visita-Berita-Pasteleria-1024x682-1-e1656374542551.jpg",713,475,false],"web-stories-poster-portrait":["https:\/\/experienciadevida.com.ar\/portalurbano\/wp-content\/uploads\/2022\/06\/DE-Visita-Berita-Pasteleria-1024x682-1-e1656374542551.jpg",640,426,false],"web-stories-publisher-logo":["https:\/\/experienciadevida.com.ar\/portalurbano\/wp-content\/uploads\/2022\/06\/DE-Visita-Berita-Pasteleria-1024x682-1-e1656374542551.jpg",96,64,false],"web-stories-thumbnail":["https:\/\/experienciadevida.com.ar\/portalurbano\/wp-content\/uploads\/2022\/06\/DE-Visita-Berita-Pasteleria-1024x682-1-e1656374542551.jpg",150,100,false]},"author_info":{"display_name":"admpu17wp","author_link":"https:\/\/experienciadevida.com.ar\/portalurbano\/author\/admpu17wp\/"},"category_info":"<a href=\"https:\/\/experienciadevida.com.ar\/portalurbano\/category\/ciudad\/\" rel=\"category tag\">Ciudad<\/a>","tag_info":"Ciudad","comment_count":"0","amp_enabled":true,"_links":{"self":[{"href":"https:\/\/experienciadevida.com.ar\/portalurbano\/wp-json\/wp\/v2\/posts\/170320"}],"collection":[{"href":"https:\/\/experienciadevida.com.ar\/portalurbano\/wp-json\/wp\/v2\/posts"}],"about":[{"href":"https:\/\/experienciadevida.com.ar\/portalurbano\/wp-json\/wp\/v2\/types\/post"}],"author":[{"embeddable":true,"href":"https:\/\/experienciadevida.com.ar\/portalurbano\/wp-json\/wp\/v2\/users\/1"}],"replies":[{"embeddable":true,"href":"https:\/\/experienciadevida.com.ar\/portalurbano\/wp-json\/wp\/v2\/comments?post=170320"}],"version-history":[{"count":1,"href":"https:\/\/experienciadevida.com.ar\/portalurbano\/wp-json\/wp\/v2\/posts\/170320\/revisions"}],"predecessor-version":[{"id":170322,"href":"https:\/\/experienciadevida.com.ar\/portalurbano\/wp-json\/wp\/v2\/posts\/170320\/revisions\/170322"}],"wp:featuredmedia":[{"embeddable":true,"href":"https:\/\/experienciadevida.com.ar\/portalurbano\/wp-json\/wp\/v2\/media\/170321"}],"wp:attachment":[{"href":"https:\/\/experienciadevida.com.ar\/portalurbano\/wp-json\/wp\/v2\/media?parent=170320"}],"wp:term":[{"taxonomy":"category","embeddable":true,"href":"https:\/\/experienciadevida.com.ar\/portalurbano\/wp-json\/wp\/v2\/categories?post=170320"},{"taxonomy":"post_tag","embeddable":true,"href":"https:\/\/experienciadevida.com.ar\/portalurbano\/wp-json\/wp\/v2\/tags?post=170320"}],"curies":[{"name":"wp","href":"https:\/\/api.w.org\/{rel}","templated":true}]}}