{"id":170301,"date":"2022-06-27T20:50:19","date_gmt":"2022-06-27T23:50:19","guid":{"rendered":"https:\/\/experienciadevida.com.ar\/portalurbano\/?p=170301"},"modified":"2022-06-27T21:02:59","modified_gmt":"2022-06-28T00:02:59","slug":"ezequiel-galli-participo-de-la-licitacion-para-la-ampliacion-del-sector-de-internacion-del-hospital","status":"publish","type":"post","link":"https:\/\/experienciadevida.com.ar\/portalurbano\/ezequiel-galli-participo-de-la-licitacion-para-la-ampliacion-del-sector-de-internacion-del-hospital\/","title":{"rendered":"Ezequiel Galli particip\u00f3 de la licitaci\u00f3n para la ampliaci\u00f3n del sector de internaci\u00f3n del Hospital"},"content":{"rendered":"<p>Ezequiel Galli particip\u00f3 de la licitaci\u00f3n para la ampliaci\u00f3n del sector de internaci\u00f3n del Hospital, el Intendente Ezequiel <a href=\"https:\/\/www.facebook.com\/galliezequiel\">Galli<\/a> encabez\u00f3 -en la ma\u00f1ana de este lunes- el acto de apertura de la licitaci\u00f3n p\u00fablica para la ampliaci\u00f3n del sector internaci\u00f3n del Hospital Municipal \u201cDr. H\u00e9ctor M. Cura\u201d, con un presupuesto oficial de $100.352.177.<\/p>\n<p>El mismo tuvo lugar en la sede del Sal\u00f3n Blanco de la Municipalidad y cont\u00f3 adem\u00e1s con la presencia de los secretarios de Salud Germ\u00e1n Caputo, de Mantenimiento y Obras P\u00fablicas Julio Ferraro, la directora de Licitaciones Pilar Ciardelli y los representantes de las empresas oferentes.<\/p>\n<p>En la oportunidad se presentaron dos ofertas econ\u00f3micas: en primer lugar, Visan Ingenier\u00eda S.A. cotiz\u00f3 la suma de $108.576.005,27 y en segundo t\u00e9rmino, la firma Delta Constructora S.A. estim\u00f3 una suma de $96.692.592,37.<\/p>\n<p>\u201cNos queda poco tiempo para inaugurar el nuevo sector del Hospital y hoy licitamos una nueva ampliaci\u00f3n para que nuestro sistema de salud siga estando a la altura de las circunstancias\u201d, dijo Galli.<\/p>\n<p>Adem\u00e1s, el Intendente manifest\u00f3 que \u201ctenemos un enorme desaf\u00edo porque Olavarr\u00eda crece d\u00eda a d\u00eda y nosotros trabajamos en consecuencia, con planificaci\u00f3n y responsabilidad\u201d.<\/p>\n<p>Cabe destacar que el Hospital Municipal funciona como un centro asistencial de alta complejidad, es modelo en la regi\u00f3n, es el principal efector de salud y cuenta con un equipo de profesionales de trayectoria en las distintas especialidades, sumado al proceso de inversi\u00f3n permanente en equipamiento de \u00faltima generaci\u00f3n, la capacitaci\u00f3n constante del personal y la formaci\u00f3n de residentes.<\/p>\n<p>En primer lugar, en el marco de una primera etapa de obras, la gesti\u00f3n municipal llev\u00f3 adelante la construcci\u00f3n de un edificio totalmente nuevo de unos 1.200 metros cuadrados cubiertos, distribuidos en tres niveles: en planta baja se ubicar\u00e1 el sector de quir\u00f3fano de gastroenterolog\u00eda y sala de espera, administraci\u00f3n, informes, accesos a internaci\u00f3n. Mientras que en el primer y segundo piso, pasar\u00e1 a funcionar el sector de internaci\u00f3n, enfermer\u00eda y cocina.<\/p>\n<p>El nuevo nivel del edificio \u2013que se licit\u00f3 oportunamente- tendr\u00e1 aproximadamente unos 500 m2 cubiertos y ser\u00e1 ejecutado con mamposter\u00eda tradicional, cubierta de chapa, tabiques interiores en construcci\u00f3n en seco e instalaciones b\u00e1sicas y las m\u00e9dico-sanitarias, necesarias para el sector.<\/p>\n<p>Esta nueva construcci\u00f3n permitir\u00e1 ampliar al servicio en 20 camas, distribuidas en habitaciones de tres, dos y un paciente, con ba\u00f1os totalmente equipados, incluso para personas con discapacidad.<\/p>\n<p>La obra tambi\u00e9n comprende sectores de apoyo para enfermer\u00eda, jefe de sector y sala de reuniones para las charlas grupales con m\u00e9dicos residentes.<\/p>\n<p>La intenci\u00f3n del proyecto en esta segunda etapa de ejecuci\u00f3n es mejorar las condiciones de atenci\u00f3n en el sector de internaci\u00f3n m\u00e9dica y quir\u00fargica, adem\u00e1s del aumento de su capacidad.<\/p>\n<p>Este nuevo nivel se vincular\u00e1 con el edificio de cl\u00ednica m\u00e9dica y cl\u00ednica quir\u00fargica por medio de un puente, al igual que en las plantas baja y primera, que posibilitar\u00e1 una mejor circulaci\u00f3n del personal a interviniente en el sector y el descongestionamiento del pasillo central del Hospital.<\/p>\n","protected":false},"excerpt":{"rendered":"<p>Ezequiel Galli particip\u00f3 de la licitaci\u00f3n para la ampliaci\u00f3n del sector de internaci\u00f3n del Hospital,&#8230;<\/p>\n","protected":false},"author":1,"featured_media":170304,"comment_status":"closed","ping_status":"closed","sticky":false,"template":"","format":"standard","meta":{"content-type":""},"categories":[27,51],"tags":[],"nelio_content":{"isAutoShareEnabled":false,"autoShareEndMode":"default","automationSources":{"useContentSentences":true,"useSocialTemplates":true,"useCustomSentences":false,"customSentences":[]},"followers":[1],"suggestedReferences":[],"includedReferences":[],"efiUrl":"","efiAlt":"","highlights":[]},"yoast_head":"<!-- This site is optimized with the Yoast SEO plugin v20.7 - https:\/\/yoast.com\/wordpress\/plugins\/seo\/ -->\n<title>Ezequiel Galli particip\u00f3 de la licitaci\u00f3n para la ampliaci\u00f3n del Hospital<\/title>\n<meta name=\"description\" content=\"Ezequiel Galli particip\u00f3 de la licitaci\u00f3n para la ampliaci\u00f3n del sector de internaci\u00f3n del Hospital, el Intendente encabez\u00f3 el acto\" \/>\n<meta name=\"robots\" content=\"index, follow, max-snippet:-1, max-image-preview:large, max-video-preview:-1\" \/>\n<link rel=\"canonical\" href=\"https:\/\/experienciadevida.com.ar\/portalurbano\/ezequiel-galli-participo-de-la-licitacion-para-la-ampliacion-del-sector-de-internacion-del-hospital\/\" \/>\n<meta property=\"og:locale\" content=\"es_ES\" \/>\n<meta property=\"og:type\" content=\"article\" \/>\n<meta property=\"og:title\" content=\"Ezequiel Galli particip\u00f3 de la licitaci\u00f3n para la ampliaci\u00f3n del Hospital\" \/>\n<meta property=\"og:description\" content=\"Ezequiel Galli particip\u00f3 de la licitaci\u00f3n para la ampliaci\u00f3n del sector de internaci\u00f3n del Hospital, el Intendente encabez\u00f3 el acto\" \/>\n<meta property=\"og:url\" content=\"https:\/\/experienciadevida.com.ar\/portalurbano\/ezequiel-galli-participo-de-la-licitacion-para-la-ampliacion-del-sector-de-internacion-del-hospital\/\" \/>\n<meta property=\"article:publisher\" content=\"https:\/\/www.facebook.com\/Portal-Urbano-171542830093757\/\" \/>\n<meta property=\"article:published_time\" content=\"2022-06-27T23:50:19+00:00\" \/>\n<meta property=\"article:modified_time\" content=\"2022-06-28T00:02:59+00:00\" \/>\n<meta property=\"og:image\" content=\"https:\/\/experienciadevida.com.ar\/portalurbano\/wp-content\/uploads\/2022\/06\/Ezequiel-Galli-participo-de.jpg\" \/>\n\t<meta property=\"og:image:width\" content=\"1024\" \/>\n\t<meta property=\"og:image:height\" content=\"685\" \/>\n\t<meta property=\"og:image:type\" content=\"image\/jpeg\" \/>\n<meta name=\"author\" content=\"admpu17wp\" \/>\n<meta name=\"twitter:card\" content=\"summary_large_image\" \/>\n<meta name=\"twitter:creator\" content=\"@portalurbanook\" \/>\n<meta name=\"twitter:site\" content=\"@portalurbanook\" \/>\n<meta name=\"twitter:label1\" content=\"Escrito por\" \/>\n\t<meta name=\"twitter:data1\" content=\"admpu17wp\" \/>\n\t<meta name=\"twitter:label2\" content=\"Tiempo de lectura\" \/>\n\t<meta name=\"twitter:data2\" content=\"3 minutos\" \/>\n<script type=\"application\/ld+json\" class=\"yoast-schema-graph\">{\"@context\":\"https:\/\/schema.org\",\"@graph\":[{\"@type\":\"Article\",\"@id\":\"https:\/\/experienciadevida.com.ar\/portalurbano\/ezequiel-galli-participo-de-la-licitacion-para-la-ampliacion-del-sector-de-internacion-del-hospital\/#article\",\"isPartOf\":{\"@id\":\"https:\/\/experienciadevida.com.ar\/portalurbano\/ezequiel-galli-participo-de-la-licitacion-para-la-ampliacion-del-sector-de-internacion-del-hospital\/\"},\"author\":{\"name\":\"admpu17wp\",\"@id\":\"https:\/\/experienciadevida.com.ar\/portalurbano\/#\/schema\/person\/02dd326b1c4b056e9cc972486934a3a7\"},\"headline\":\"Ezequiel Galli particip\u00f3 de la licitaci\u00f3n para la ampliaci\u00f3n del sector de internaci\u00f3n del Hospital\",\"datePublished\":\"2022-06-27T23:50:19+00:00\",\"dateModified\":\"2022-06-28T00:02:59+00:00\",\"mainEntityOfPage\":{\"@id\":\"https:\/\/experienciadevida.com.ar\/portalurbano\/ezequiel-galli-participo-de-la-licitacion-para-la-ampliacion-del-sector-de-internacion-del-hospital\/\"},\"wordCount\":560,\"publisher\":{\"@id\":\"https:\/\/experienciadevida.com.ar\/portalurbano\/#organization\"},\"articleSection\":[\"Ciudad\",\"Destacadas\"],\"inLanguage\":\"es\"},{\"@type\":\"WebPage\",\"@id\":\"https:\/\/experienciadevida.com.ar\/portalurbano\/ezequiel-galli-participo-de-la-licitacion-para-la-ampliacion-del-sector-de-internacion-del-hospital\/\",\"url\":\"https:\/\/experienciadevida.com.ar\/portalurbano\/ezequiel-galli-participo-de-la-licitacion-para-la-ampliacion-del-sector-de-internacion-del-hospital\/\",\"name\":\"Ezequiel Galli particip\u00f3 de la licitaci\u00f3n para la ampliaci\u00f3n del Hospital\",\"isPartOf\":{\"@id\":\"https:\/\/experienciadevida.com.ar\/portalurbano\/#website\"},\"datePublished\":\"2022-06-27T23:50:19+00:00\",\"dateModified\":\"2022-06-28T00:02:59+00:00\",\"description\":\"Ezequiel Galli particip\u00f3 de la licitaci\u00f3n para la ampliaci\u00f3n del sector de internaci\u00f3n del Hospital, el Intendente encabez\u00f3 el acto\",\"breadcrumb\":{\"@id\":\"https:\/\/experienciadevida.com.ar\/portalurbano\/ezequiel-galli-participo-de-la-licitacion-para-la-ampliacion-del-sector-de-internacion-del-hospital\/#breadcrumb\"},\"inLanguage\":\"es\",\"potentialAction\":[{\"@type\":\"ReadAction\",\"target\":[\"https:\/\/experienciadevida.com.ar\/portalurbano\/ezequiel-galli-participo-de-la-licitacion-para-la-ampliacion-del-sector-de-internacion-del-hospital\/\"]}]},{\"@type\":\"BreadcrumbList\",\"@id\":\"https:\/\/experienciadevida.com.ar\/portalurbano\/ezequiel-galli-participo-de-la-licitacion-para-la-ampliacion-del-sector-de-internacion-del-hospital\/#breadcrumb\",\"itemListElement\":[{\"@type\":\"ListItem\",\"position\":1,\"name\":\"Portada\",\"item\":\"https:\/\/experienciadevida.com.ar\/portalurbano\/\"},{\"@type\":\"ListItem\",\"position\":2,\"name\":\"Ezequiel Galli particip\u00f3 de la licitaci\u00f3n para la ampliaci\u00f3n del sector de internaci\u00f3n del Hospital\"}]},{\"@type\":\"WebSite\",\"@id\":\"https:\/\/experienciadevida.com.ar\/portalurbano\/#website\",\"url\":\"https:\/\/experienciadevida.com.ar\/portalurbano\/\",\"name\":\"\",\"description\":\"\",\"publisher\":{\"@id\":\"https:\/\/experienciadevida.com.ar\/portalurbano\/#organization\"},\"potentialAction\":[{\"@type\":\"SearchAction\",\"target\":{\"@type\":\"EntryPoint\",\"urlTemplate\":\"https:\/\/experienciadevida.com.ar\/portalurbano\/?s={search_term_string}\"},\"query-input\":\"required name=search_term_string\"}],\"inLanguage\":\"es\"},{\"@type\":\"Organization\",\"@id\":\"https:\/\/experienciadevida.com.ar\/portalurbano\/#organization\",\"name\":\"Portal Urbano\",\"url\":\"https:\/\/experienciadevida.com.ar\/portalurbano\/\",\"logo\":{\"@type\":\"ImageObject\",\"inLanguage\":\"es\",\"@id\":\"https:\/\/experienciadevida.com.ar\/portalurbano\/#\/schema\/logo\/image\/\",\"url\":\"https:\/\/experienciadevida.com.ar\/portalurbano\/wp-content\/uploads\/2019\/09\/Logo-Original.png\",\"contentUrl\":\"https:\/\/experienciadevida.com.ar\/portalurbano\/wp-content\/uploads\/2019\/09\/Logo-Original.png\",\"width\":2236,\"height\":1216,\"caption\":\"Portal Urbano\"},\"image\":{\"@id\":\"https:\/\/experienciadevida.com.ar\/portalurbano\/#\/schema\/logo\/image\/\"},\"sameAs\":[\"https:\/\/www.facebook.com\/Portal-Urbano-171542830093757\/\",\"https:\/\/twitter.com\/portalurbanook\",\"https:\/\/www.instagram.com\/_portalurbano\/\",\"https:\/\/www.youtube.com\/channel\/UCXhagIfszH8KxFiOok79zbA?view_as=subscriber\"]},{\"@type\":\"Person\",\"@id\":\"https:\/\/experienciadevida.com.ar\/portalurbano\/#\/schema\/person\/02dd326b1c4b056e9cc972486934a3a7\",\"name\":\"admpu17wp\",\"image\":{\"@type\":\"ImageObject\",\"inLanguage\":\"es\",\"@id\":\"https:\/\/experienciadevida.com.ar\/portalurbano\/#\/schema\/person\/image\/\",\"url\":\"https:\/\/secure.gravatar.com\/avatar\/830d4c57adaae6630765e449a6908047?s=96&d=mm&r=g\",\"contentUrl\":\"https:\/\/secure.gravatar.com\/avatar\/830d4c57adaae6630765e449a6908047?s=96&d=mm&r=g\",\"caption\":\"admpu17wp\"}}]}<\/script>\n<!-- \/ Yoast SEO plugin. -->","yoast_head_json":{"title":"Ezequiel Galli particip\u00f3 de la licitaci\u00f3n para la ampliaci\u00f3n del Hospital","description":"Ezequiel Galli particip\u00f3 de la licitaci\u00f3n para la ampliaci\u00f3n del sector de internaci\u00f3n del Hospital, el Intendente encabez\u00f3 el acto","robots":{"index":"index","follow":"follow","max-snippet":"max-snippet:-1","max-image-preview":"max-image-preview:large","max-video-preview":"max-video-preview:-1"},"canonical":"https:\/\/experienciadevida.com.ar\/portalurbano\/ezequiel-galli-participo-de-la-licitacion-para-la-ampliacion-del-sector-de-internacion-del-hospital\/","og_locale":"es_ES","og_type":"article","og_title":"Ezequiel Galli particip\u00f3 de la licitaci\u00f3n para la ampliaci\u00f3n del Hospital","og_description":"Ezequiel Galli particip\u00f3 de la licitaci\u00f3n para la ampliaci\u00f3n del sector de internaci\u00f3n del Hospital, el Intendente encabez\u00f3 el acto","og_url":"https:\/\/experienciadevida.com.ar\/portalurbano\/ezequiel-galli-participo-de-la-licitacion-para-la-ampliacion-del-sector-de-internacion-del-hospital\/","article_publisher":"https:\/\/www.facebook.com\/Portal-Urbano-171542830093757\/","article_published_time":"2022-06-27T23:50:19+00:00","article_modified_time":"2022-06-28T00:02:59+00:00","og_image":[{"width":1024,"height":685,"url":"https:\/\/experienciadevida.com.ar\/portalurbano\/wp-content\/uploads\/2022\/06\/Ezequiel-Galli-participo-de.jpg","type":"image\/jpeg"}],"author":"admpu17wp","twitter_card":"summary_large_image","twitter_creator":"@portalurbanook","twitter_site":"@portalurbanook","twitter_misc":{"Escrito por":"admpu17wp","Tiempo de lectura":"3 minutos"},"schema":{"@context":"https:\/\/schema.org","@graph":[{"@type":"Article","@id":"https:\/\/experienciadevida.com.ar\/portalurbano\/ezequiel-galli-participo-de-la-licitacion-para-la-ampliacion-del-sector-de-internacion-del-hospital\/#article","isPartOf":{"@id":"https:\/\/experienciadevida.com.ar\/portalurbano\/ezequiel-galli-participo-de-la-licitacion-para-la-ampliacion-del-sector-de-internacion-del-hospital\/"},"author":{"name":"admpu17wp","@id":"https:\/\/experienciadevida.com.ar\/portalurbano\/#\/schema\/person\/02dd326b1c4b056e9cc972486934a3a7"},"headline":"Ezequiel Galli particip\u00f3 de la licitaci\u00f3n para la ampliaci\u00f3n del sector de internaci\u00f3n del Hospital","datePublished":"2022-06-27T23:50:19+00:00","dateModified":"2022-06-28T00:02:59+00:00","mainEntityOfPage":{"@id":"https:\/\/experienciadevida.com.ar\/portalurbano\/ezequiel-galli-participo-de-la-licitacion-para-la-ampliacion-del-sector-de-internacion-del-hospital\/"},"wordCount":560,"publisher":{"@id":"https:\/\/experienciadevida.com.ar\/portalurbano\/#organization"},"articleSection":["Ciudad","Destacadas"],"inLanguage":"es"},{"@type":"WebPage","@id":"https:\/\/experienciadevida.com.ar\/portalurbano\/ezequiel-galli-participo-de-la-licitacion-para-la-ampliacion-del-sector-de-internacion-del-hospital\/","url":"https:\/\/experienciadevida.com.ar\/portalurbano\/ezequiel-galli-participo-de-la-licitacion-para-la-ampliacion-del-sector-de-internacion-del-hospital\/","name":"Ezequiel Galli particip\u00f3 de la licitaci\u00f3n para la ampliaci\u00f3n del Hospital","isPartOf":{"@id":"https:\/\/experienciadevida.com.ar\/portalurbano\/#website"},"datePublished":"2022-06-27T23:50:19+00:00","dateModified":"2022-06-28T00:02:59+00:00","description":"Ezequiel Galli particip\u00f3 de la licitaci\u00f3n para la ampliaci\u00f3n del sector de internaci\u00f3n del Hospital, el Intendente encabez\u00f3 el acto","breadcrumb":{"@id":"https:\/\/experienciadevida.com.ar\/portalurbano\/ezequiel-galli-participo-de-la-licitacion-para-la-ampliacion-del-sector-de-internacion-del-hospital\/#breadcrumb"},"inLanguage":"es","potentialAction":[{"@type":"ReadAction","target":["https:\/\/experienciadevida.com.ar\/portalurbano\/ezequiel-galli-participo-de-la-licitacion-para-la-ampliacion-del-sector-de-internacion-del-hospital\/"]}]},{"@type":"BreadcrumbList","@id":"https:\/\/experienciadevida.com.ar\/portalurbano\/ezequiel-galli-participo-de-la-licitacion-para-la-ampliacion-del-sector-de-internacion-del-hospital\/#breadcrumb","itemListElement":[{"@type":"ListItem","position":1,"name":"Portada","item":"https:\/\/experienciadevida.com.ar\/portalurbano\/"},{"@type":"ListItem","position":2,"name":"Ezequiel Galli particip\u00f3 de la licitaci\u00f3n para la ampliaci\u00f3n del sector de internaci\u00f3n del Hospital"}]},{"@type":"WebSite","@id":"https:\/\/experienciadevida.com.ar\/portalurbano\/#website","url":"https:\/\/experienciadevida.com.ar\/portalurbano\/","name":"","description":"","publisher":{"@id":"https:\/\/experienciadevida.com.ar\/portalurbano\/#organization"},"potentialAction":[{"@type":"SearchAction","target":{"@type":"EntryPoint","urlTemplate":"https:\/\/experienciadevida.com.ar\/portalurbano\/?s={search_term_string}"},"query-input":"required name=search_term_string"}],"inLanguage":"es"},{"@type":"Organization","@id":"https:\/\/experienciadevida.com.ar\/portalurbano\/#organization","name":"Portal Urbano","url":"https:\/\/experienciadevida.com.ar\/portalurbano\/","logo":{"@type":"ImageObject","inLanguage":"es","@id":"https:\/\/experienciadevida.com.ar\/portalurbano\/#\/schema\/logo\/image\/","url":"https:\/\/experienciadevida.com.ar\/portalurbano\/wp-content\/uploads\/2019\/09\/Logo-Original.png","contentUrl":"https:\/\/experienciadevida.com.ar\/portalurbano\/wp-content\/uploads\/2019\/09\/Logo-Original.png","width":2236,"height":1216,"caption":"Portal Urbano"},"image":{"@id":"https:\/\/experienciadevida.com.ar\/portalurbano\/#\/schema\/logo\/image\/"},"sameAs":["https:\/\/www.facebook.com\/Portal-Urbano-171542830093757\/","https:\/\/twitter.com\/portalurbanook","https:\/\/www.instagram.com\/_portalurbano\/","https:\/\/www.youtube.com\/channel\/UCXhagIfszH8KxFiOok79zbA?view_as=subscriber"]},{"@type":"Person","@id":"https:\/\/experienciadevida.com.ar\/portalurbano\/#\/schema\/person\/02dd326b1c4b056e9cc972486934a3a7","name":"admpu17wp","image":{"@type":"ImageObject","inLanguage":"es","@id":"https:\/\/experienciadevida.com.ar\/portalurbano\/#\/schema\/person\/image\/","url":"https:\/\/secure.gravatar.com\/avatar\/830d4c57adaae6630765e449a6908047?s=96&d=mm&r=g","contentUrl":"https:\/\/secure.gravatar.com\/avatar\/830d4c57adaae6630765e449a6908047?s=96&d=mm&r=g","caption":"admpu17wp"}}]}},"featured_image_urls":{"full":["https:\/\/experienciadevida.com.ar\/portalurbano\/wp-content\/uploads\/2022\/06\/Ezequiel-Galli-participo-de.jpg",1024,685,false],"thumbnail":["https:\/\/experienciadevida.com.ar\/portalurbano\/wp-content\/uploads\/2022\/06\/Ezequiel-Galli-participo-de-150x150.jpg",150,150,true],"medium":["https:\/\/experienciadevida.com.ar\/portalurbano\/wp-content\/uploads\/2022\/06\/Ezequiel-Galli-participo-de-300x201.jpg",300,201,true],"medium_large":["https:\/\/experienciadevida.com.ar\/portalurbano\/wp-content\/uploads\/2022\/06\/Ezequiel-Galli-participo-de-768x514.jpg",640,428,true],"large":["https:\/\/experienciadevida.com.ar\/portalurbano\/wp-content\/uploads\/2022\/06\/Ezequiel-Galli-participo-de.jpg",640,428,false],"ug_big":["https:\/\/experienciadevida.com.ar\/portalurbano\/wp-content\/uploads\/2022\/06\/Ezequiel-Galli-participo-de-768x514.jpg",768,514,true],"1536x1536":["https:\/\/experienciadevida.com.ar\/portalurbano\/wp-content\/uploads\/2022\/06\/Ezequiel-Galli-participo-de.jpg",1024,685,false],"2048x2048":["https:\/\/experienciadevida.com.ar\/portalurbano\/wp-content\/uploads\/2022\/06\/Ezequiel-Galli-participo-de.jpg",1024,685,false],"newsever-slider-full":["https:\/\/experienciadevida.com.ar\/portalurbano\/wp-content\/uploads\/2022\/06\/Ezequiel-Galli-participo-de.jpg",1024,685,false],"newsever-featured":["https:\/\/experienciadevida.com.ar\/portalurbano\/wp-content\/uploads\/2022\/06\/Ezequiel-Galli-participo-de.jpg",1024,685,false],"newsever-medium":["https:\/\/experienciadevida.com.ar\/portalurbano\/wp-content\/uploads\/2022\/06\/Ezequiel-Galli-participo-de.jpg",710,475,false],"web-stories-poster-portrait":["https:\/\/experienciadevida.com.ar\/portalurbano\/wp-content\/uploads\/2022\/06\/Ezequiel-Galli-participo-de.jpg",640,428,false],"web-stories-publisher-logo":["https:\/\/experienciadevida.com.ar\/portalurbano\/wp-content\/uploads\/2022\/06\/Ezequiel-Galli-participo-de.jpg",96,64,false],"web-stories-thumbnail":["https:\/\/experienciadevida.com.ar\/portalurbano\/wp-content\/uploads\/2022\/06\/Ezequiel-Galli-participo-de.jpg",150,100,false]},"author_info":{"display_name":"admpu17wp","author_link":"https:\/\/experienciadevida.com.ar\/portalurbano\/author\/admpu17wp\/"},"category_info":"<a href=\"https:\/\/experienciadevida.com.ar\/portalurbano\/category\/ciudad\/\" rel=\"category tag\">Ciudad<\/a> <a href=\"https:\/\/experienciadevida.com.ar\/portalurbano\/category\/destacadas\/\" rel=\"category tag\">Destacadas<\/a>","tag_info":"Destacadas","comment_count":"0","amp_enabled":true,"_links":{"self":[{"href":"https:\/\/experienciadevida.com.ar\/portalurbano\/wp-json\/wp\/v2\/posts\/170301"}],"collection":[{"href":"https:\/\/experienciadevida.com.ar\/portalurbano\/wp-json\/wp\/v2\/posts"}],"about":[{"href":"https:\/\/experienciadevida.com.ar\/portalurbano\/wp-json\/wp\/v2\/types\/post"}],"author":[{"embeddable":true,"href":"https:\/\/experienciadevida.com.ar\/portalurbano\/wp-json\/wp\/v2\/users\/1"}],"replies":[{"embeddable":true,"href":"https:\/\/experienciadevida.com.ar\/portalurbano\/wp-json\/wp\/v2\/comments?post=170301"}],"version-history":[{"count":2,"href":"https:\/\/experienciadevida.com.ar\/portalurbano\/wp-json\/wp\/v2\/posts\/170301\/revisions"}],"predecessor-version":[{"id":170311,"href":"https:\/\/experienciadevida.com.ar\/portalurbano\/wp-json\/wp\/v2\/posts\/170301\/revisions\/170311"}],"wp:featuredmedia":[{"embeddable":true,"href":"https:\/\/experienciadevida.com.ar\/portalurbano\/wp-json\/wp\/v2\/media\/170304"}],"wp:attachment":[{"href":"https:\/\/experienciadevida.com.ar\/portalurbano\/wp-json\/wp\/v2\/media?parent=170301"}],"wp:term":[{"taxonomy":"category","embeddable":true,"href":"https:\/\/experienciadevida.com.ar\/portalurbano\/wp-json\/wp\/v2\/categories?post=170301"},{"taxonomy":"post_tag","embeddable":true,"href":"https:\/\/experienciadevida.com.ar\/portalurbano\/wp-json\/wp\/v2\/tags?post=170301"}],"curies":[{"name":"wp","href":"https:\/\/api.w.org\/{rel}","templated":true}]}}