{"id":170284,"date":"2022-06-27T20:43:36","date_gmt":"2022-06-27T23:43:36","guid":{"rendered":"https:\/\/experienciadevida.com.ar\/portalurbano\/?p=170284"},"modified":"2022-06-27T20:46:20","modified_gmt":"2022-06-27T23:46:20","slug":"se-pavimentara-el-acceso-a-la-escuela-de-policia-y-al-cerro-fortabat-en-loma-negra","status":"publish","type":"post","link":"https:\/\/experienciadevida.com.ar\/portalurbano\/se-pavimentara-el-acceso-a-la-escuela-de-policia-y-al-cerro-fortabat-en-loma-negra\/","title":{"rendered":"Se pavimentar\u00e1 el acceso a la Escuela de Polic\u00eda y al Cerro Fortabat en Loma Negra"},"content":{"rendered":"<p>Se pavimentar\u00e1 el acceso a la Escuela de Polic\u00eda y al Cerro Fortabat en Loma Negra, en el mes de julio se abrir\u00e1 la licitaci\u00f3n p\u00fablica para llevar adelante la obra de pavimentaci\u00f3n del acceso a la Escuela de Polic\u00eda \u201cJuan Vucetich\u201d y al cerro Fortabat en la localidad de Loma Negra.<\/p>\n<p>El presupuesto oficial para la ejecuci\u00f3n de la obra es de 41.600.000 pesos. La apertura de propuestas econ\u00f3micas de la licitaci\u00f3n ser\u00e1 el d\u00eda 20 de julio a las 10 horas, en el Palacio San Mart\u00edn.<\/p>\n<p>Los pliegos de bases y condiciones se podr\u00e1n consultar en la Direcci\u00f3n de Licitaciones o en la p\u00e1gina web del <a href=\"https:\/\/www.facebook.com\/search\/top?q=municipio%20partido%20de%20olavarr%C3%ADa\">Municipio<\/a> www.olavarria.gov.ar . Los mismos estar\u00e1n a la venta hasta el 15 de julio.<\/p>\n<p>La obra permitir\u00e1 mejorar el acceso al establecimiento educativo que depende del Ministerio de Seguridad de la provincia de Buenos Aires, como as\u00ed tambi\u00e9n un ingreso m\u00e1s seguro desde el punto de vista vial a un sector de la localidad de Loma Negra, que es utilizado por toda la comunidad como punto de recreaci\u00f3n y turismo.<\/p>\n<p>El acceso se encuentra actualmente con un pavimento asf\u00e1ltico totalmente vencido y en estado de deterioro, que hace muy dificultosa la circulaci\u00f3n vehicular.<\/p>\n<p>El paquete estructural del pavimento estar\u00e1 compuesto por una base de tosca de 0,20 metros de espesor, con un pavimento de hormig\u00f3n simple tipo H30 de 15 cent\u00edmetros de espesor. El ancho de la calzada ser\u00e1 de 6,00 metros.<\/p>\n","protected":false},"excerpt":{"rendered":"<p>Se pavimentar\u00e1 el acceso a la Escuela de Polic\u00eda y al Cerro Fortabat en Loma&#8230;<\/p>\n","protected":false},"author":1,"featured_media":170292,"comment_status":"closed","ping_status":"closed","sticky":false,"template":"","format":"standard","meta":{"content-type":""},"categories":[27,64],"tags":[],"nelio_content":{"isAutoShareEnabled":false,"autoShareEndMode":"default","automationSources":{"useContentSentences":true,"useSocialTemplates":true,"useCustomSentences":false,"customSentences":[]},"followers":[1],"suggestedReferences":[],"includedReferences":[],"efiUrl":"","efiAlt":"","highlights":[]},"yoast_head":"<!-- This site is optimized with the Yoast SEO plugin v20.7 - https:\/\/yoast.com\/wordpress\/plugins\/seo\/ -->\n<title>Se pavimentar\u00e1 el acceso a la escuela de polic\u00eda y al cerro fortabat<\/title>\n<meta name=\"description\" content=\"Se pavimentar\u00e1 el acceso a la Escuela de Polic\u00eda y al Cerro Fortabat en Loma Negra, en el mes de julio se abrir\u00e1 la licitaci\u00f3n p\u00fablica\" \/>\n<meta name=\"robots\" content=\"index, follow, max-snippet:-1, max-image-preview:large, max-video-preview:-1\" \/>\n<link rel=\"canonical\" href=\"https:\/\/experienciadevida.com.ar\/portalurbano\/se-pavimentara-el-acceso-a-la-escuela-de-policia-y-al-cerro-fortabat-en-loma-negra\/\" \/>\n<meta property=\"og:locale\" content=\"es_ES\" \/>\n<meta property=\"og:type\" content=\"article\" \/>\n<meta property=\"og:title\" content=\"Se pavimentar\u00e1 el acceso a la escuela de polic\u00eda y al cerro fortabat\" \/>\n<meta property=\"og:description\" content=\"Se pavimentar\u00e1 el acceso a la Escuela de Polic\u00eda y al Cerro Fortabat en Loma Negra, en el mes de julio se abrir\u00e1 la licitaci\u00f3n p\u00fablica\" \/>\n<meta property=\"og:url\" content=\"https:\/\/experienciadevida.com.ar\/portalurbano\/se-pavimentara-el-acceso-a-la-escuela-de-policia-y-al-cerro-fortabat-en-loma-negra\/\" \/>\n<meta property=\"article:publisher\" content=\"https:\/\/www.facebook.com\/Portal-Urbano-171542830093757\/\" \/>\n<meta property=\"article:published_time\" content=\"2022-06-27T23:43:36+00:00\" \/>\n<meta property=\"article:modified_time\" content=\"2022-06-27T23:46:20+00:00\" \/>\n<meta property=\"og:image\" content=\"https:\/\/experienciadevida.com.ar\/portalurbano\/wp-content\/uploads\/2022\/06\/Se-pavimentara-el-acceso.jpg\" \/>\n\t<meta property=\"og:image:width\" content=\"1024\" \/>\n\t<meta property=\"og:image:height\" content=\"768\" \/>\n\t<meta property=\"og:image:type\" content=\"image\/jpeg\" \/>\n<meta name=\"author\" content=\"admpu17wp\" \/>\n<meta name=\"twitter:card\" content=\"summary_large_image\" \/>\n<meta name=\"twitter:creator\" content=\"@portalurbanook\" \/>\n<meta name=\"twitter:site\" content=\"@portalurbanook\" \/>\n<meta name=\"twitter:label1\" content=\"Escrito por\" \/>\n\t<meta name=\"twitter:data1\" content=\"admpu17wp\" \/>\n\t<meta name=\"twitter:label2\" content=\"Tiempo de lectura\" \/>\n\t<meta name=\"twitter:data2\" content=\"2 minutos\" \/>\n<script type=\"application\/ld+json\" class=\"yoast-schema-graph\">{\"@context\":\"https:\/\/schema.org\",\"@graph\":[{\"@type\":\"Article\",\"@id\":\"https:\/\/experienciadevida.com.ar\/portalurbano\/se-pavimentara-el-acceso-a-la-escuela-de-policia-y-al-cerro-fortabat-en-loma-negra\/#article\",\"isPartOf\":{\"@id\":\"https:\/\/experienciadevida.com.ar\/portalurbano\/se-pavimentara-el-acceso-a-la-escuela-de-policia-y-al-cerro-fortabat-en-loma-negra\/\"},\"author\":{\"name\":\"admpu17wp\",\"@id\":\"https:\/\/experienciadevida.com.ar\/portalurbano\/#\/schema\/person\/02dd326b1c4b056e9cc972486934a3a7\"},\"headline\":\"Se pavimentar\u00e1 el acceso a la Escuela de Polic\u00eda y al Cerro Fortabat en Loma Negra\",\"datePublished\":\"2022-06-27T23:43:36+00:00\",\"dateModified\":\"2022-06-27T23:46:20+00:00\",\"mainEntityOfPage\":{\"@id\":\"https:\/\/experienciadevida.com.ar\/portalurbano\/se-pavimentara-el-acceso-a-la-escuela-de-policia-y-al-cerro-fortabat-en-loma-negra\/\"},\"wordCount\":273,\"publisher\":{\"@id\":\"https:\/\/experienciadevida.com.ar\/portalurbano\/#organization\"},\"articleSection\":[\"Ciudad\",\"Destacadas 2\"],\"inLanguage\":\"es\"},{\"@type\":\"WebPage\",\"@id\":\"https:\/\/experienciadevida.com.ar\/portalurbano\/se-pavimentara-el-acceso-a-la-escuela-de-policia-y-al-cerro-fortabat-en-loma-negra\/\",\"url\":\"https:\/\/experienciadevida.com.ar\/portalurbano\/se-pavimentara-el-acceso-a-la-escuela-de-policia-y-al-cerro-fortabat-en-loma-negra\/\",\"name\":\"Se pavimentar\u00e1 el acceso a la escuela de polic\u00eda y al cerro fortabat\",\"isPartOf\":{\"@id\":\"https:\/\/experienciadevida.com.ar\/portalurbano\/#website\"},\"datePublished\":\"2022-06-27T23:43:36+00:00\",\"dateModified\":\"2022-06-27T23:46:20+00:00\",\"description\":\"Se pavimentar\u00e1 el acceso a la Escuela de Polic\u00eda y al Cerro Fortabat en Loma Negra, en el mes de julio se abrir\u00e1 la licitaci\u00f3n p\u00fablica\",\"breadcrumb\":{\"@id\":\"https:\/\/experienciadevida.com.ar\/portalurbano\/se-pavimentara-el-acceso-a-la-escuela-de-policia-y-al-cerro-fortabat-en-loma-negra\/#breadcrumb\"},\"inLanguage\":\"es\",\"potentialAction\":[{\"@type\":\"ReadAction\",\"target\":[\"https:\/\/experienciadevida.com.ar\/portalurbano\/se-pavimentara-el-acceso-a-la-escuela-de-policia-y-al-cerro-fortabat-en-loma-negra\/\"]}]},{\"@type\":\"BreadcrumbList\",\"@id\":\"https:\/\/experienciadevida.com.ar\/portalurbano\/se-pavimentara-el-acceso-a-la-escuela-de-policia-y-al-cerro-fortabat-en-loma-negra\/#breadcrumb\",\"itemListElement\":[{\"@type\":\"ListItem\",\"position\":1,\"name\":\"Portada\",\"item\":\"https:\/\/experienciadevida.com.ar\/portalurbano\/\"},{\"@type\":\"ListItem\",\"position\":2,\"name\":\"Se pavimentar\u00e1 el acceso a la Escuela de Polic\u00eda y al Cerro Fortabat en Loma Negra\"}]},{\"@type\":\"WebSite\",\"@id\":\"https:\/\/experienciadevida.com.ar\/portalurbano\/#website\",\"url\":\"https:\/\/experienciadevida.com.ar\/portalurbano\/\",\"name\":\"\",\"description\":\"\",\"publisher\":{\"@id\":\"https:\/\/experienciadevida.com.ar\/portalurbano\/#organization\"},\"potentialAction\":[{\"@type\":\"SearchAction\",\"target\":{\"@type\":\"EntryPoint\",\"urlTemplate\":\"https:\/\/experienciadevida.com.ar\/portalurbano\/?s={search_term_string}\"},\"query-input\":\"required name=search_term_string\"}],\"inLanguage\":\"es\"},{\"@type\":\"Organization\",\"@id\":\"https:\/\/experienciadevida.com.ar\/portalurbano\/#organization\",\"name\":\"Portal Urbano\",\"url\":\"https:\/\/experienciadevida.com.ar\/portalurbano\/\",\"logo\":{\"@type\":\"ImageObject\",\"inLanguage\":\"es\",\"@id\":\"https:\/\/experienciadevida.com.ar\/portalurbano\/#\/schema\/logo\/image\/\",\"url\":\"https:\/\/experienciadevida.com.ar\/portalurbano\/wp-content\/uploads\/2019\/09\/Logo-Original.png\",\"contentUrl\":\"https:\/\/experienciadevida.com.ar\/portalurbano\/wp-content\/uploads\/2019\/09\/Logo-Original.png\",\"width\":2236,\"height\":1216,\"caption\":\"Portal Urbano\"},\"image\":{\"@id\":\"https:\/\/experienciadevida.com.ar\/portalurbano\/#\/schema\/logo\/image\/\"},\"sameAs\":[\"https:\/\/www.facebook.com\/Portal-Urbano-171542830093757\/\",\"https:\/\/twitter.com\/portalurbanook\",\"https:\/\/www.instagram.com\/_portalurbano\/\",\"https:\/\/www.youtube.com\/channel\/UCXhagIfszH8KxFiOok79zbA?view_as=subscriber\"]},{\"@type\":\"Person\",\"@id\":\"https:\/\/experienciadevida.com.ar\/portalurbano\/#\/schema\/person\/02dd326b1c4b056e9cc972486934a3a7\",\"name\":\"admpu17wp\",\"image\":{\"@type\":\"ImageObject\",\"inLanguage\":\"es\",\"@id\":\"https:\/\/experienciadevida.com.ar\/portalurbano\/#\/schema\/person\/image\/\",\"url\":\"https:\/\/secure.gravatar.com\/avatar\/830d4c57adaae6630765e449a6908047?s=96&d=mm&r=g\",\"contentUrl\":\"https:\/\/secure.gravatar.com\/avatar\/830d4c57adaae6630765e449a6908047?s=96&d=mm&r=g\",\"caption\":\"admpu17wp\"}}]}<\/script>\n<!-- \/ Yoast SEO plugin. -->","yoast_head_json":{"title":"Se pavimentar\u00e1 el acceso a la escuela de polic\u00eda y al cerro fortabat","description":"Se pavimentar\u00e1 el acceso a la Escuela de Polic\u00eda y al Cerro Fortabat en Loma Negra, en el mes de julio se abrir\u00e1 la licitaci\u00f3n p\u00fablica","robots":{"index":"index","follow":"follow","max-snippet":"max-snippet:-1","max-image-preview":"max-image-preview:large","max-video-preview":"max-video-preview:-1"},"canonical":"https:\/\/experienciadevida.com.ar\/portalurbano\/se-pavimentara-el-acceso-a-la-escuela-de-policia-y-al-cerro-fortabat-en-loma-negra\/","og_locale":"es_ES","og_type":"article","og_title":"Se pavimentar\u00e1 el acceso a la escuela de polic\u00eda y al cerro fortabat","og_description":"Se pavimentar\u00e1 el acceso a la Escuela de Polic\u00eda y al Cerro Fortabat en Loma Negra, en el mes de julio se abrir\u00e1 la licitaci\u00f3n p\u00fablica","og_url":"https:\/\/experienciadevida.com.ar\/portalurbano\/se-pavimentara-el-acceso-a-la-escuela-de-policia-y-al-cerro-fortabat-en-loma-negra\/","article_publisher":"https:\/\/www.facebook.com\/Portal-Urbano-171542830093757\/","article_published_time":"2022-06-27T23:43:36+00:00","article_modified_time":"2022-06-27T23:46:20+00:00","og_image":[{"width":1024,"height":768,"url":"https:\/\/experienciadevida.com.ar\/portalurbano\/wp-content\/uploads\/2022\/06\/Se-pavimentara-el-acceso.jpg","type":"image\/jpeg"}],"author":"admpu17wp","twitter_card":"summary_large_image","twitter_creator":"@portalurbanook","twitter_site":"@portalurbanook","twitter_misc":{"Escrito por":"admpu17wp","Tiempo de lectura":"2 minutos"},"schema":{"@context":"https:\/\/schema.org","@graph":[{"@type":"Article","@id":"https:\/\/experienciadevida.com.ar\/portalurbano\/se-pavimentara-el-acceso-a-la-escuela-de-policia-y-al-cerro-fortabat-en-loma-negra\/#article","isPartOf":{"@id":"https:\/\/experienciadevida.com.ar\/portalurbano\/se-pavimentara-el-acceso-a-la-escuela-de-policia-y-al-cerro-fortabat-en-loma-negra\/"},"author":{"name":"admpu17wp","@id":"https:\/\/experienciadevida.com.ar\/portalurbano\/#\/schema\/person\/02dd326b1c4b056e9cc972486934a3a7"},"headline":"Se pavimentar\u00e1 el acceso a la Escuela de Polic\u00eda y al Cerro Fortabat en Loma Negra","datePublished":"2022-06-27T23:43:36+00:00","dateModified":"2022-06-27T23:46:20+00:00","mainEntityOfPage":{"@id":"https:\/\/experienciadevida.com.ar\/portalurbano\/se-pavimentara-el-acceso-a-la-escuela-de-policia-y-al-cerro-fortabat-en-loma-negra\/"},"wordCount":273,"publisher":{"@id":"https:\/\/experienciadevida.com.ar\/portalurbano\/#organization"},"articleSection":["Ciudad","Destacadas 2"],"inLanguage":"es"},{"@type":"WebPage","@id":"https:\/\/experienciadevida.com.ar\/portalurbano\/se-pavimentara-el-acceso-a-la-escuela-de-policia-y-al-cerro-fortabat-en-loma-negra\/","url":"https:\/\/experienciadevida.com.ar\/portalurbano\/se-pavimentara-el-acceso-a-la-escuela-de-policia-y-al-cerro-fortabat-en-loma-negra\/","name":"Se pavimentar\u00e1 el acceso a la escuela de polic\u00eda y al cerro fortabat","isPartOf":{"@id":"https:\/\/experienciadevida.com.ar\/portalurbano\/#website"},"datePublished":"2022-06-27T23:43:36+00:00","dateModified":"2022-06-27T23:46:20+00:00","description":"Se pavimentar\u00e1 el acceso a la Escuela de Polic\u00eda y al Cerro Fortabat en Loma Negra, en el mes de julio se abrir\u00e1 la licitaci\u00f3n p\u00fablica","breadcrumb":{"@id":"https:\/\/experienciadevida.com.ar\/portalurbano\/se-pavimentara-el-acceso-a-la-escuela-de-policia-y-al-cerro-fortabat-en-loma-negra\/#breadcrumb"},"inLanguage":"es","potentialAction":[{"@type":"ReadAction","target":["https:\/\/experienciadevida.com.ar\/portalurbano\/se-pavimentara-el-acceso-a-la-escuela-de-policia-y-al-cerro-fortabat-en-loma-negra\/"]}]},{"@type":"BreadcrumbList","@id":"https:\/\/experienciadevida.com.ar\/portalurbano\/se-pavimentara-el-acceso-a-la-escuela-de-policia-y-al-cerro-fortabat-en-loma-negra\/#breadcrumb","itemListElement":[{"@type":"ListItem","position":1,"name":"Portada","item":"https:\/\/experienciadevida.com.ar\/portalurbano\/"},{"@type":"ListItem","position":2,"name":"Se pavimentar\u00e1 el acceso a la Escuela de Polic\u00eda y al Cerro Fortabat en Loma Negra"}]},{"@type":"WebSite","@id":"https:\/\/experienciadevida.com.ar\/portalurbano\/#website","url":"https:\/\/experienciadevida.com.ar\/portalurbano\/","name":"","description":"","publisher":{"@id":"https:\/\/experienciadevida.com.ar\/portalurbano\/#organization"},"potentialAction":[{"@type":"SearchAction","target":{"@type":"EntryPoint","urlTemplate":"https:\/\/experienciadevida.com.ar\/portalurbano\/?s={search_term_string}"},"query-input":"required name=search_term_string"}],"inLanguage":"es"},{"@type":"Organization","@id":"https:\/\/experienciadevida.com.ar\/portalurbano\/#organization","name":"Portal Urbano","url":"https:\/\/experienciadevida.com.ar\/portalurbano\/","logo":{"@type":"ImageObject","inLanguage":"es","@id":"https:\/\/experienciadevida.com.ar\/portalurbano\/#\/schema\/logo\/image\/","url":"https:\/\/experienciadevida.com.ar\/portalurbano\/wp-content\/uploads\/2019\/09\/Logo-Original.png","contentUrl":"https:\/\/experienciadevida.com.ar\/portalurbano\/wp-content\/uploads\/2019\/09\/Logo-Original.png","width":2236,"height":1216,"caption":"Portal Urbano"},"image":{"@id":"https:\/\/experienciadevida.com.ar\/portalurbano\/#\/schema\/logo\/image\/"},"sameAs":["https:\/\/www.facebook.com\/Portal-Urbano-171542830093757\/","https:\/\/twitter.com\/portalurbanook","https:\/\/www.instagram.com\/_portalurbano\/","https:\/\/www.youtube.com\/channel\/UCXhagIfszH8KxFiOok79zbA?view_as=subscriber"]},{"@type":"Person","@id":"https:\/\/experienciadevida.com.ar\/portalurbano\/#\/schema\/person\/02dd326b1c4b056e9cc972486934a3a7","name":"admpu17wp","image":{"@type":"ImageObject","inLanguage":"es","@id":"https:\/\/experienciadevida.com.ar\/portalurbano\/#\/schema\/person\/image\/","url":"https:\/\/secure.gravatar.com\/avatar\/830d4c57adaae6630765e449a6908047?s=96&d=mm&r=g","contentUrl":"https:\/\/secure.gravatar.com\/avatar\/830d4c57adaae6630765e449a6908047?s=96&d=mm&r=g","caption":"admpu17wp"}}]}},"featured_image_urls":{"full":["https:\/\/experienciadevida.com.ar\/portalurbano\/wp-content\/uploads\/2022\/06\/Se-pavimentara-el-acceso.jpg",1024,768,false],"thumbnail":["https:\/\/experienciadevida.com.ar\/portalurbano\/wp-content\/uploads\/2022\/06\/Se-pavimentara-el-acceso-150x150.jpg",150,150,true],"medium":["https:\/\/experienciadevida.com.ar\/portalurbano\/wp-content\/uploads\/2022\/06\/Se-pavimentara-el-acceso-300x225.jpg",300,225,true],"medium_large":["https:\/\/experienciadevida.com.ar\/portalurbano\/wp-content\/uploads\/2022\/06\/Se-pavimentara-el-acceso-768x576.jpg",640,480,true],"large":["https:\/\/experienciadevida.com.ar\/portalurbano\/wp-content\/uploads\/2022\/06\/Se-pavimentara-el-acceso.jpg",640,480,false],"ug_big":["https:\/\/experienciadevida.com.ar\/portalurbano\/wp-content\/uploads\/2022\/06\/Se-pavimentara-el-acceso-768x576.jpg",768,576,true],"1536x1536":["https:\/\/experienciadevida.com.ar\/portalurbano\/wp-content\/uploads\/2022\/06\/Se-pavimentara-el-acceso.jpg",1024,768,false],"2048x2048":["https:\/\/experienciadevida.com.ar\/portalurbano\/wp-content\/uploads\/2022\/06\/Se-pavimentara-el-acceso.jpg",1024,768,false],"newsever-slider-full":["https:\/\/experienciadevida.com.ar\/portalurbano\/wp-content\/uploads\/2022\/06\/Se-pavimentara-el-acceso.jpg",1024,768,false],"newsever-featured":["https:\/\/experienciadevida.com.ar\/portalurbano\/wp-content\/uploads\/2022\/06\/Se-pavimentara-el-acceso.jpg",1024,768,false],"newsever-medium":["https:\/\/experienciadevida.com.ar\/portalurbano\/wp-content\/uploads\/2022\/06\/Se-pavimentara-el-acceso.jpg",633,475,false],"web-stories-poster-portrait":["https:\/\/experienciadevida.com.ar\/portalurbano\/wp-content\/uploads\/2022\/06\/Se-pavimentara-el-acceso.jpg",640,480,false],"web-stories-publisher-logo":["https:\/\/experienciadevida.com.ar\/portalurbano\/wp-content\/uploads\/2022\/06\/Se-pavimentara-el-acceso.jpg",96,72,false],"web-stories-thumbnail":["https:\/\/experienciadevida.com.ar\/portalurbano\/wp-content\/uploads\/2022\/06\/Se-pavimentara-el-acceso.jpg",150,113,false]},"author_info":{"display_name":"admpu17wp","author_link":"https:\/\/experienciadevida.com.ar\/portalurbano\/author\/admpu17wp\/"},"category_info":"<a href=\"https:\/\/experienciadevida.com.ar\/portalurbano\/category\/ciudad\/\" rel=\"category tag\">Ciudad<\/a> <a href=\"https:\/\/experienciadevida.com.ar\/portalurbano\/category\/destacadas-2\/\" rel=\"category tag\">Destacadas 2<\/a>","tag_info":"Destacadas 2","comment_count":"0","amp_enabled":true,"_links":{"self":[{"href":"https:\/\/experienciadevida.com.ar\/portalurbano\/wp-json\/wp\/v2\/posts\/170284"}],"collection":[{"href":"https:\/\/experienciadevida.com.ar\/portalurbano\/wp-json\/wp\/v2\/posts"}],"about":[{"href":"https:\/\/experienciadevida.com.ar\/portalurbano\/wp-json\/wp\/v2\/types\/post"}],"author":[{"embeddable":true,"href":"https:\/\/experienciadevida.com.ar\/portalurbano\/wp-json\/wp\/v2\/users\/1"}],"replies":[{"embeddable":true,"href":"https:\/\/experienciadevida.com.ar\/portalurbano\/wp-json\/wp\/v2\/comments?post=170284"}],"version-history":[{"count":2,"href":"https:\/\/experienciadevida.com.ar\/portalurbano\/wp-json\/wp\/v2\/posts\/170284\/revisions"}],"predecessor-version":[{"id":170298,"href":"https:\/\/experienciadevida.com.ar\/portalurbano\/wp-json\/wp\/v2\/posts\/170284\/revisions\/170298"}],"wp:featuredmedia":[{"embeddable":true,"href":"https:\/\/experienciadevida.com.ar\/portalurbano\/wp-json\/wp\/v2\/media\/170292"}],"wp:attachment":[{"href":"https:\/\/experienciadevida.com.ar\/portalurbano\/wp-json\/wp\/v2\/media?parent=170284"}],"wp:term":[{"taxonomy":"category","embeddable":true,"href":"https:\/\/experienciadevida.com.ar\/portalurbano\/wp-json\/wp\/v2\/categories?post=170284"},{"taxonomy":"post_tag","embeddable":true,"href":"https:\/\/experienciadevida.com.ar\/portalurbano\/wp-json\/wp\/v2\/tags?post=170284"}],"curies":[{"name":"wp","href":"https:\/\/api.w.org\/{rel}","templated":true}]}}